{"id":95337,"date":"2026-09-05T05:55:43","date_gmt":"2026-09-05T03:55:43","guid":{"rendered":"https:\/\/vosgesinfo.fr\/gerardmerinfo\/?p=95337"},"modified":"2026-09-02T12:17:53","modified_gmt":"2026-09-02T10:17:53","slug":"theatre-forum-pour-les-parents-et-les-enfants","status":"publish","type":"post","link":"https:\/\/vosgesinfo.fr\/gerardmerinfo\/2026\/09\/theatre-forum-pour-les-parents-et-les-enfants\/","title":{"rendered":"Th\u00e9\u00e2tre &#8211; Forum pour les parents et les enfants"},"content":{"rendered":"<h3><\/h3>\n<h3><a href=\"https:\/\/vosgesinfo.fr\/app\/uploads\/sites\/6\/2026\/09\/spectacle.png\"><img decoding=\"async\" class=\"aligncenter wp-image-95338 size-full\" src=\"https:\/\/vosgesinfo.fr\/app\/uploads\/sites\/6\/2026\/09\/spectacle.png\" alt=\"\" width=\"908\" height=\"323\" srcset=\"https:\/\/vosgesinfo.fr\/app\/uploads\/sites\/6\/2026\/09\/spectacle.png 908w, https:\/\/vosgesinfo.fr\/app\/uploads\/sites\/6\/2026\/09\/spectacle-300x107.png 300w, https:\/\/vosgesinfo.fr\/app\/uploads\/sites\/6\/2026\/09\/spectacle-768x273.png 768w\" sizes=\"(max-width: 908px) 100vw, 908px\" \/><\/a><\/h3>\n<h3><\/h3>\n<h3><\/h3>\n<h3>La compagnie \u00ab Les aveugles et l\u2019\u00e9l\u00e9phant \u00bb pr\u00e9sente \u00ab Une barri\u00e8re entre nous \u00bb, un spectacle suivi d\u2019un temps d\u2019\u00e9change pour accompagner au mieux son enfant dans son passage \u00e0 l\u2019\u00e9cole.<\/h3>\n<p>&nbsp;<\/p>\n<p>Samedi 19 septembre 2026<\/p>\n<p>De 14h30 \u00e0 17h00<\/p>\n<p>\u00c9cole \u00e9l\u00e9mentaire Jean Mac\u00e9 \u2013 6 rue Jean Mac\u00e9<\/p>\n<p>&nbsp;<\/p>\n<p>Une belle occasion de r\u00e9fl\u00e9chir ensemble, parents et enfants, autour des changements li\u00e9s \u00e0 l\u2019entr\u00e9e dans une nouvelle \u00e9tape scolaire.<\/p>\n<p>R\u00e9servation possible<\/p>\n<p>Carole : 06 07 88 07 73 \/ St\u00e9phanie : 07 86 16 36 94<\/p>\n<p>educationjeunesse@mairie-gerdarmer.com<\/p>\n<p>Un rendez-vous convivial et participatif \u00e0 ne pas manquer !<\/p>\n","protected":false},"excerpt":{"rendered":"<p>La compagnie \u00ab Les aveugles et l\u2019\u00e9l\u00e9phant \u00bb pr\u00e9sente \u00ab Une barri\u00e8re entre nous \u00bb, un spectacle suivi d\u2019un temps [&hellip;]<\/p>\n","protected":false},"author":391,"featured_media":95338,"comment_status":"open","ping_status":"open","sticky":false,"template":"","format":"standard","meta":{"footnotes":""},"categories":[20,6,25,5647],"tags":[9621,9620],"class_list":["post-95337","post","type-post","status-publish","format-standard","has-post-thumbnail","hentry","category-a-la-une","category-education","category-gerardmer","category-gerardmer-autres-sites","tag-les-aveugles-et-lelephant","tag-une-barriere-entre-nous"],"acf":[],"yoast_head":"<!-- This site is optimized with the Yoast SEO plugin v22.5 - https:\/\/yoast.com\/wordpress\/plugins\/seo\/ -->\n<title>Th\u00e9\u00e2tre - Forum pour les parents et les enfants - Gerardmer Info<\/title>\n<meta name=\"robots\" content=\"index, follow, max-snippet:-1, max-image-preview:large, max-video-preview:-1\" \/>\n<link rel=\"canonical\" href=\"https:\/\/vosgesinfo.fr\/gerardmerinfo\/2026\/09\/theatre-forum-pour-les-parents-et-les-enfants\/\" \/>\n<meta name=\"twitter:card\" content=\"summary_large_image\" \/>\n<meta name=\"twitter:title\" content=\"Th\u00e9\u00e2tre - Forum pour les parents et les enfants - Gerardmer Info\" \/>\n<meta name=\"twitter:description\" content=\"La compagnie \u00ab Les aveugles et l\u2019\u00e9l\u00e9phant \u00bb pr\u00e9sente \u00ab Une barri\u00e8re entre nous \u00bb, un spectacle suivi d\u2019un temps [&hellip;]\" \/>\n<meta name=\"twitter:image\" content=\"https:\/\/vosgesinfo.fr\/app\/uploads\/sites\/6\/2026\/09\/spectacle.png\" \/>\n<meta name=\"twitter:creator\" content=\"@VosgesInfo88\" \/>\n<meta name=\"twitter:site\" content=\"@VosgesInfo88\" \/>\n<meta name=\"twitter:label1\" content=\"\u00c9crit par\" \/>\n\t<meta name=\"twitter:data1\" content=\"La redaction\" \/>\n<script type=\"application\/ld+json\" class=\"yoast-schema-graph\">{\"@context\":\"https:\/\/schema.org\",\"@graph\":[{\"@type\":\"Article\",\"@id\":\"https:\/\/vosgesinfo.fr\/gerardmerinfo\/2026\/09\/theatre-forum-pour-les-parents-et-les-enfants\/#article\",\"isPartOf\":{\"@id\":\"https:\/\/vosgesinfo.fr\/gerardmerinfo\/2026\/09\/theatre-forum-pour-les-parents-et-les-enfants\/\"},\"author\":{\"name\":\"La redaction\",\"@id\":\"https:\/\/vosgesinfo.fr\/gerardmerinfo\/#\/schema\/person\/27a3695b06db98895b354c0765cdfc31\"},\"headline\":\"Th\u00e9\u00e2tre &#8211; Forum pour les parents et les enfants\",\"datePublished\":\"2026-09-05T03:55:43+00:00\",\"dateModified\":\"2026-09-02T10:17:53+00:00\",\"mainEntityOfPage\":{\"@id\":\"https:\/\/vosgesinfo.fr\/gerardmerinfo\/2026\/09\/theatre-forum-pour-les-parents-et-les-enfants\/\"},\"wordCount\":100,\"commentCount\":0,\"publisher\":{\"@id\":\"https:\/\/vosgesinfo.fr\/gerardmerinfo\/#organization\"},\"image\":{\"@id\":\"https:\/\/vosgesinfo.fr\/gerardmerinfo\/2026\/09\/theatre-forum-pour-les-parents-et-les-enfants\/#primaryimage\"},\"thumbnailUrl\":\"https:\/\/vosgesinfo.fr\/app\/uploads\/sites\/6\/2026\/09\/spectacle.png\",\"keywords\":[\"Les aveugles et l\u2019\u00e9l\u00e9phant\",\"Une barri\u00e8re entre nous\"],\"articleSection\":[\"A la une\",\"\u00c9ducation\",\"G\u00e9rardmer\",\"Gerardmer\"],\"inLanguage\":\"fr-FR\",\"potentialAction\":[{\"@type\":\"CommentAction\",\"name\":\"Comment\",\"target\":[\"https:\/\/vosgesinfo.fr\/gerardmerinfo\/2026\/09\/theatre-forum-pour-les-parents-et-les-enfants\/#respond\"]}]},{\"@type\":\"WebPage\",\"@id\":\"https:\/\/vosgesinfo.fr\/gerardmerinfo\/2026\/09\/theatre-forum-pour-les-parents-et-les-enfants\/\",\"url\":\"https:\/\/vosgesinfo.fr\/gerardmerinfo\/2026\/09\/theatre-forum-pour-les-parents-et-les-enfants\/\",\"name\":\"Th\u00e9\u00e2tre - Forum pour les parents et les enfants - Gerardmer Info\",\"isPartOf\":{\"@id\":\"https:\/\/vosgesinfo.fr\/gerardmerinfo\/#website\"},\"primaryImageOfPage\":{\"@id\":\"https:\/\/vosgesinfo.fr\/gerardmerinfo\/2026\/09\/theatre-forum-pour-les-parents-et-les-enfants\/#primaryimage\"},\"image\":{\"@id\":\"https:\/\/vosgesinfo.fr\/gerardmerinfo\/2026\/09\/theatre-forum-pour-les-parents-et-les-enfants\/#primaryimage\"},\"thumbnailUrl\":\"https:\/\/vosgesinfo.fr\/app\/uploads\/sites\/6\/2026\/09\/spectacle.png\",\"datePublished\":\"2026-09-05T03:55:43+00:00\",\"dateModified\":\"2026-09-02T10:17:53+00:00\",\"breadcrumb\":{\"@id\":\"https:\/\/vosgesinfo.fr\/gerardmerinfo\/2026\/09\/theatre-forum-pour-les-parents-et-les-enfants\/#breadcrumb\"},\"inLanguage\":\"fr-FR\",\"potentialAction\":[{\"@type\":\"ReadAction\",\"target\":[\"https:\/\/vosgesinfo.fr\/gerardmerinfo\/2026\/09\/theatre-forum-pour-les-parents-et-les-enfants\/\"]}]},{\"@type\":\"ImageObject\",\"inLanguage\":\"fr-FR\",\"@id\":\"https:\/\/vosgesinfo.fr\/gerardmerinfo\/2026\/09\/theatre-forum-pour-les-parents-et-les-enfants\/#primaryimage\",\"url\":\"https:\/\/vosgesinfo.fr\/app\/uploads\/sites\/6\/2026\/09\/spectacle.png\",\"contentUrl\":\"https:\/\/vosgesinfo.fr\/app\/uploads\/sites\/6\/2026\/09\/spectacle.png\",\"width\":908,\"height\":323},{\"@type\":\"BreadcrumbList\",\"@id\":\"https:\/\/vosgesinfo.fr\/gerardmerinfo\/2026\/09\/theatre-forum-pour-les-parents-et-les-enfants\/#breadcrumb\",\"itemListElement\":[{\"@type\":\"ListItem\",\"position\":1,\"name\":\"Home\",\"item\":\"https:\/\/vosgesinfo.fr\/gerardmerinfo\/\"},{\"@type\":\"ListItem\",\"position\":2,\"name\":\"Th\u00e9\u00e2tre &#8211; Forum pour les parents et les enfants\"}]},{\"@type\":\"WebSite\",\"@id\":\"https:\/\/vosgesinfo.fr\/gerardmerinfo\/#website\",\"url\":\"https:\/\/vosgesinfo.fr\/gerardmerinfo\/\",\"name\":\"Gerardmer Info\",\"description\":\"Toute l&#039;actualit\u00e9 de G\u00e9rardmer\",\"publisher\":{\"@id\":\"https:\/\/vosgesinfo.fr\/gerardmerinfo\/#organization\"},\"alternateName\":\"Toute l'actualit\u00e9 de G\u00e9rardmer\",\"potentialAction\":[{\"@type\":\"SearchAction\",\"target\":{\"@type\":\"EntryPoint\",\"urlTemplate\":\"https:\/\/vosgesinfo.fr\/gerardmerinfo\/?s={search_term_string}\"},\"query-input\":\"required name=search_term_string\"}],\"inLanguage\":\"fr-FR\"},{\"@type\":\"Organization\",\"@id\":\"https:\/\/vosgesinfo.fr\/gerardmerinfo\/#organization\",\"name\":\"Gerardmer Info\",\"url\":\"https:\/\/vosgesinfo.fr\/gerardmerinfo\/\",\"logo\":{\"@type\":\"ImageObject\",\"inLanguage\":\"fr-FR\",\"@id\":\"https:\/\/vosgesinfo.fr\/gerardmerinfo\/#\/schema\/logo\/image\/\",\"url\":\"https:\/\/vosgesinfo.fr\/app\/uploads\/sites\/6\/2023\/08\/favicon-gerardmerinfo.png\",\"contentUrl\":\"https:\/\/vosgesinfo.fr\/app\/uploads\/sites\/6\/2023\/08\/favicon-gerardmerinfo.png\",\"width\":512,\"height\":512,\"caption\":\"Gerardmer Info\"},\"image\":{\"@id\":\"https:\/\/vosgesinfo.fr\/gerardmerinfo\/#\/schema\/logo\/image\/\"},\"sameAs\":[\"https:\/\/www.facebook.com\/profile.php?id=100049475262660\",\"https:\/\/x.com\/VosgesInfo88\",\"https:\/\/www.youtube.com\/@vosgesinfo\"]},{\"@type\":\"Person\",\"@id\":\"https:\/\/vosgesinfo.fr\/gerardmerinfo\/#\/schema\/person\/27a3695b06db98895b354c0765cdfc31\",\"name\":\"La redaction\",\"image\":{\"@type\":\"ImageObject\",\"inLanguage\":\"fr-FR\",\"@id\":\"https:\/\/vosgesinfo.fr\/gerardmerinfo\/#\/schema\/person\/image\/\",\"url\":\"https:\/\/secure.gravatar.com\/avatar\/64c76a78e501cedee55736f43f332df901e1896ae9cd8fad269ae2236dd0e8b6?s=96&d=mm&r=g\",\"contentUrl\":\"https:\/\/secure.gravatar.com\/avatar\/64c76a78e501cedee55736f43f332df901e1896ae9cd8fad269ae2236dd0e8b6?s=96&d=mm&r=g\",\"caption\":\"La redaction\"},\"url\":\"https:\/\/vosgesinfo.fr\/gerardmerinfo\/author\/la-redaction\/\"}]}<\/script>\n<!-- \/ Yoast SEO plugin. -->","yoast_head_json":{"title":"Th\u00e9\u00e2tre - Forum pour les parents et les enfants - Gerardmer Info","robots":{"index":"index","follow":"follow","max-snippet":"max-snippet:-1","max-image-preview":"max-image-preview:large","max-video-preview":"max-video-preview:-1"},"canonical":"https:\/\/vosgesinfo.fr\/gerardmerinfo\/2026\/09\/theatre-forum-pour-les-parents-et-les-enfants\/","twitter_card":"summary_large_image","twitter_title":"Th\u00e9\u00e2tre - Forum pour les parents et les enfants - Gerardmer Info","twitter_description":"La compagnie \u00ab Les aveugles et l\u2019\u00e9l\u00e9phant \u00bb pr\u00e9sente \u00ab Une barri\u00e8re entre nous \u00bb, un spectacle suivi d\u2019un temps [&hellip;]","twitter_image":"https:\/\/vosgesinfo.fr\/app\/uploads\/sites\/6\/2026\/09\/spectacle.png","twitter_creator":"@VosgesInfo88","twitter_site":"@VosgesInfo88","twitter_misc":{"\u00c9crit par":"La redaction"},"schema":{"@context":"https:\/\/schema.org","@graph":[{"@type":"Article","@id":"https:\/\/vosgesinfo.fr\/gerardmerinfo\/2026\/09\/theatre-forum-pour-les-parents-et-les-enfants\/#article","isPartOf":{"@id":"https:\/\/vosgesinfo.fr\/gerardmerinfo\/2026\/09\/theatre-forum-pour-les-parents-et-les-enfants\/"},"author":{"name":"La redaction","@id":"https:\/\/vosgesinfo.fr\/gerardmerinfo\/#\/schema\/person\/27a3695b06db98895b354c0765cdfc31"},"headline":"Th\u00e9\u00e2tre &#8211; Forum pour les parents et les enfants","datePublished":"2026-09-05T03:55:43+00:00","dateModified":"2026-09-02T10:17:53+00:00","mainEntityOfPage":{"@id":"https:\/\/vosgesinfo.fr\/gerardmerinfo\/2026\/09\/theatre-forum-pour-les-parents-et-les-enfants\/"},"wordCount":100,"commentCount":0,"publisher":{"@id":"https:\/\/vosgesinfo.fr\/gerardmerinfo\/#organization"},"image":{"@id":"https:\/\/vosgesinfo.fr\/gerardmerinfo\/2026\/09\/theatre-forum-pour-les-parents-et-les-enfants\/#primaryimage"},"thumbnailUrl":"https:\/\/vosgesinfo.fr\/app\/uploads\/sites\/6\/2026\/09\/spectacle.png","keywords":["Les aveugles et l\u2019\u00e9l\u00e9phant","Une barri\u00e8re entre nous"],"articleSection":["A la une","\u00c9ducation","G\u00e9rardmer","Gerardmer"],"inLanguage":"fr-FR","potentialAction":[{"@type":"CommentAction","name":"Comment","target":["https:\/\/vosgesinfo.fr\/gerardmerinfo\/2026\/09\/theatre-forum-pour-les-parents-et-les-enfants\/#respond"]}]},{"@type":"WebPage","@id":"https:\/\/vosgesinfo.fr\/gerardmerinfo\/2026\/09\/theatre-forum-pour-les-parents-et-les-enfants\/","url":"https:\/\/vosgesinfo.fr\/gerardmerinfo\/2026\/09\/theatre-forum-pour-les-parents-et-les-enfants\/","name":"Th\u00e9\u00e2tre - Forum pour les parents et les enfants - Gerardmer Info","isPartOf":{"@id":"https:\/\/vosgesinfo.fr\/gerardmerinfo\/#website"},"primaryImageOfPage":{"@id":"https:\/\/vosgesinfo.fr\/gerardmerinfo\/2026\/09\/theatre-forum-pour-les-parents-et-les-enfants\/#primaryimage"},"image":{"@id":"https:\/\/vosgesinfo.fr\/gerardmerinfo\/2026\/09\/theatre-forum-pour-les-parents-et-les-enfants\/#primaryimage"},"thumbnailUrl":"https:\/\/vosgesinfo.fr\/app\/uploads\/sites\/6\/2026\/09\/spectacle.png","datePublished":"2026-09-05T03:55:43+00:00","dateModified":"2026-09-02T10:17:53+00:00","breadcrumb":{"@id":"https:\/\/vosgesinfo.fr\/gerardmerinfo\/2026\/09\/theatre-forum-pour-les-parents-et-les-enfants\/#breadcrumb"},"inLanguage":"fr-FR","potentialAction":[{"@type":"ReadAction","target":["https:\/\/vosgesinfo.fr\/gerardmerinfo\/2026\/09\/theatre-forum-pour-les-parents-et-les-enfants\/"]}]},{"@type":"ImageObject","inLanguage":"fr-FR","@id":"https:\/\/vosgesinfo.fr\/gerardmerinfo\/2026\/09\/theatre-forum-pour-les-parents-et-les-enfants\/#primaryimage","url":"https:\/\/vosgesinfo.fr\/app\/uploads\/sites\/6\/2026\/09\/spectacle.png","contentUrl":"https:\/\/vosgesinfo.fr\/app\/uploads\/sites\/6\/2026\/09\/spectacle.png","width":908,"height":323},{"@type":"BreadcrumbList","@id":"https:\/\/vosgesinfo.fr\/gerardmerinfo\/2026\/09\/theatre-forum-pour-les-parents-et-les-enfants\/#breadcrumb","itemListElement":[{"@type":"ListItem","position":1,"name":"Home","item":"https:\/\/vosgesinfo.fr\/gerardmerinfo\/"},{"@type":"ListItem","position":2,"name":"Th\u00e9\u00e2tre &#8211; Forum pour les parents et les enfants"}]},{"@type":"WebSite","@id":"https:\/\/vosgesinfo.fr\/gerardmerinfo\/#website","url":"https:\/\/vosgesinfo.fr\/gerardmerinfo\/","name":"Gerardmer Info","description":"Toute l&#039;actualit\u00e9 de G\u00e9rardmer","publisher":{"@id":"https:\/\/vosgesinfo.fr\/gerardmerinfo\/#organization"},"alternateName":"Toute l'actualit\u00e9 de G\u00e9rardmer","potentialAction":[{"@type":"SearchAction","target":{"@type":"EntryPoint","urlTemplate":"https:\/\/vosgesinfo.fr\/gerardmerinfo\/?s={search_term_string}"},"query-input":"required name=search_term_string"}],"inLanguage":"fr-FR"},{"@type":"Organization","@id":"https:\/\/vosgesinfo.fr\/gerardmerinfo\/#organization","name":"Gerardmer Info","url":"https:\/\/vosgesinfo.fr\/gerardmerinfo\/","logo":{"@type":"ImageObject","inLanguage":"fr-FR","@id":"https:\/\/vosgesinfo.fr\/gerardmerinfo\/#\/schema\/logo\/image\/","url":"https:\/\/vosgesinfo.fr\/app\/uploads\/sites\/6\/2023\/08\/favicon-gerardmerinfo.png","contentUrl":"https:\/\/vosgesinfo.fr\/app\/uploads\/sites\/6\/2023\/08\/favicon-gerardmerinfo.png","width":512,"height":512,"caption":"Gerardmer Info"},"image":{"@id":"https:\/\/vosgesinfo.fr\/gerardmerinfo\/#\/schema\/logo\/image\/"},"sameAs":["https:\/\/www.facebook.com\/profile.php?id=100049475262660","https:\/\/x.com\/VosgesInfo88","https:\/\/www.youtube.com\/@vosgesinfo"]},{"@type":"Person","@id":"https:\/\/vosgesinfo.fr\/gerardmerinfo\/#\/schema\/person\/27a3695b06db98895b354c0765cdfc31","name":"La redaction","image":{"@type":"ImageObject","inLanguage":"fr-FR","@id":"https:\/\/vosgesinfo.fr\/gerardmerinfo\/#\/schema\/person\/image\/","url":"https:\/\/secure.gravatar.com\/avatar\/64c76a78e501cedee55736f43f332df901e1896ae9cd8fad269ae2236dd0e8b6?s=96&d=mm&r=g","contentUrl":"https:\/\/secure.gravatar.com\/avatar\/64c76a78e501cedee55736f43f332df901e1896ae9cd8fad269ae2236dd0e8b6?s=96&d=mm&r=g","caption":"La redaction"},"url":"https:\/\/vosgesinfo.fr\/gerardmerinfo\/author\/la-redaction\/"}]}},"_links":{"self":[{"href":"https:\/\/vosgesinfo.fr\/gerardmerinfo\/wp-json\/wp\/v2\/posts\/95337","targetHints":{"allow":["GET"]}}],"collection":[{"href":"https:\/\/vosgesinfo.fr\/gerardmerinfo\/wp-json\/wp\/v2\/posts"}],"about":[{"href":"https:\/\/vosgesinfo.fr\/gerardmerinfo\/wp-json\/wp\/v2\/types\/post"}],"author":[{"embeddable":true,"href":"https:\/\/vosgesinfo.fr\/gerardmerinfo\/wp-json\/wp\/v2\/users\/391"}],"replies":[{"embeddable":true,"href":"https:\/\/vosgesinfo.fr\/gerardmerinfo\/wp-json\/wp\/v2\/comments?post=95337"}],"version-history":[{"count":1,"href":"https:\/\/vosgesinfo.fr\/gerardmerinfo\/wp-json\/wp\/v2\/posts\/95337\/revisions"}],"predecessor-version":[{"id":95339,"href":"https:\/\/vosgesinfo.fr\/gerardmerinfo\/wp-json\/wp\/v2\/posts\/95337\/revisions\/95339"}],"wp:featuredmedia":[{"embeddable":true,"href":"https:\/\/vosgesinfo.fr\/gerardmerinfo\/wp-json\/wp\/v2\/media\/95338"}],"wp:attachment":[{"href":"https:\/\/vosgesinfo.fr\/gerardmerinfo\/wp-json\/wp\/v2\/media?parent=95337"}],"wp:term":[{"taxonomy":"category","embeddable":true,"href":"https:\/\/vosgesinfo.fr\/gerardmerinfo\/wp-json\/wp\/v2\/categories?post=95337"},{"taxonomy":"post_tag","embeddable":true,"href":"https:\/\/vosgesinfo.fr\/gerardmerinfo\/wp-json\/wp\/v2\/tags?post=95337"}],"curies":[{"name":"wp","href":"https:\/\/api.w.org\/{rel}","templated":true}]}}