{"id":95350,"date":"2026-09-04T05:52:46","date_gmt":"2026-09-04T03:52:46","guid":{"rendered":"https:\/\/vosgesinfo.fr\/gerardmerinfo\/?p=95350"},"modified":"2026-09-02T17:43:10","modified_gmt":"2026-09-02T15:43:10","slug":"le-velo-sport-geromois-le-kit-bmx-pour-essai-a-gerardmer-fete-sa-rentree","status":"publish","type":"post","link":"https:\/\/vosgesinfo.fr\/gerardmerinfo\/2026\/09\/le-velo-sport-geromois-le-kit-bmx-pour-essai-a-gerardmer-fete-sa-rentree\/","title":{"rendered":"Le V\u00e9lo Sport G\u00e9romois le kit BMX pour essai \u00e0 \u00ab\u00a0GERARDMER F\u00eate sa rentr\u00e9e\u00a0\u00bb"},"content":{"rendered":"<p><span data-olk-copy-source=\"MessageBody\">Le V\u00e9lo Sport G\u00e9romois sera pr\u00e9sent lors de la journ\u00e9e \u00ab\u00a0GERARDMER F\u00eate sa rentr\u00e9e\u00a0\u00bb le samedi 12 septembre 2026 de 14h00 \u00e0 18h00 au centre aquatique et bien-\u00eatre. Le club proposera aux enfants le kit BMX pour essai.\u00a0<\/span><\/p>\n<p><a href=\"https:\/\/vosgesinfo.fr\/app\/uploads\/sites\/6\/2026\/09\/composition1-page-0001.jpg\"><img decoding=\"async\" class=\"aligncenter size-large wp-image-95351\" src=\"https:\/\/vosgesinfo.fr\/app\/uploads\/sites\/6\/2026\/09\/composition1-page-0001-724x1024.jpg\" alt=\"\" width=\"724\" height=\"1024\" srcset=\"https:\/\/vosgesinfo.fr\/app\/uploads\/sites\/6\/2026\/09\/composition1-page-0001-724x1024.jpg 724w, https:\/\/vosgesinfo.fr\/app\/uploads\/sites\/6\/2026\/09\/composition1-page-0001-212x300.jpg 212w, https:\/\/vosgesinfo.fr\/app\/uploads\/sites\/6\/2026\/09\/composition1-page-0001-768x1086.jpg 768w, https:\/\/vosgesinfo.fr\/app\/uploads\/sites\/6\/2026\/09\/composition1-page-0001-1086x1536.jpg 1086w, https:\/\/vosgesinfo.fr\/app\/uploads\/sites\/6\/2026\/09\/composition1-page-0001.jpg 1241w\" sizes=\"(max-width: 724px) 100vw, 724px\" \/><\/a><\/p>\n","protected":false},"excerpt":{"rendered":"<p>Le V\u00e9lo Sport G\u00e9romois sera pr\u00e9sent lors de la journ\u00e9e \u00ab\u00a0GERARDMER F\u00eate sa rentr\u00e9e\u00a0\u00bb le samedi 12 septembre 2026 de [&hellip;]<\/p>\n","protected":false},"author":391,"featured_media":95351,"comment_status":"open","ping_status":"open","sticky":false,"template":"","format":"standard","meta":{"footnotes":""},"categories":[20,5647,14,17],"tags":[9628,82],"class_list":["post-95350","post","type-post","status-publish","format-standard","has-post-thumbnail","hentry","category-a-la-une","category-gerardmer-autres-sites","category-sport","category-vie-associative","tag-kit-bmx","tag-vsg"],"acf":[],"yoast_head":"<!-- This site is optimized with the Yoast SEO plugin v22.5 - https:\/\/yoast.com\/wordpress\/plugins\/seo\/ -->\n<title>Le V\u00e9lo Sport G\u00e9romois le kit BMX pour essai \u00e0 &quot;GERARDMER F\u00eate sa rentr\u00e9e&quot; - Gerardmer Info<\/title>\n<meta name=\"robots\" content=\"index, follow, max-snippet:-1, max-image-preview:large, max-video-preview:-1\" \/>\n<link rel=\"canonical\" href=\"https:\/\/vosgesinfo.fr\/gerardmerinfo\/2026\/09\/le-velo-sport-geromois-le-kit-bmx-pour-essai-a-gerardmer-fete-sa-rentree\/\" \/>\n<meta name=\"twitter:card\" content=\"summary_large_image\" \/>\n<meta name=\"twitter:title\" content=\"Le V\u00e9lo Sport G\u00e9romois le kit BMX pour essai \u00e0 &quot;GERARDMER F\u00eate sa rentr\u00e9e&quot; - Gerardmer Info\" \/>\n<meta name=\"twitter:description\" content=\"Le V\u00e9lo Sport G\u00e9romois sera pr\u00e9sent lors de la journ\u00e9e \u00ab\u00a0GERARDMER F\u00eate sa rentr\u00e9e\u00a0\u00bb le samedi 12 septembre 2026 de [&hellip;]\" \/>\n<meta name=\"twitter:image\" content=\"https:\/\/vosgesinfo.fr\/app\/uploads\/sites\/6\/2026\/09\/composition1-page-0001.jpg\" \/>\n<meta name=\"twitter:creator\" content=\"@VosgesInfo88\" \/>\n<meta name=\"twitter:site\" content=\"@VosgesInfo88\" \/>\n<meta name=\"twitter:label1\" content=\"\u00c9crit par\" \/>\n\t<meta name=\"twitter:data1\" content=\"La redaction\" \/>\n<script type=\"application\/ld+json\" class=\"yoast-schema-graph\">{\"@context\":\"https:\/\/schema.org\",\"@graph\":[{\"@type\":\"Article\",\"@id\":\"https:\/\/vosgesinfo.fr\/gerardmerinfo\/2026\/09\/le-velo-sport-geromois-le-kit-bmx-pour-essai-a-gerardmer-fete-sa-rentree\/#article\",\"isPartOf\":{\"@id\":\"https:\/\/vosgesinfo.fr\/gerardmerinfo\/2026\/09\/le-velo-sport-geromois-le-kit-bmx-pour-essai-a-gerardmer-fete-sa-rentree\/\"},\"author\":{\"name\":\"La redaction\",\"@id\":\"https:\/\/vosgesinfo.fr\/gerardmerinfo\/#\/schema\/person\/27a3695b06db98895b354c0765cdfc31\"},\"headline\":\"Le V\u00e9lo Sport G\u00e9romois le kit BMX pour essai \u00e0 \u00ab\u00a0GERARDMER F\u00eate sa rentr\u00e9e\u00a0\u00bb\",\"datePublished\":\"2026-09-04T03:52:46+00:00\",\"dateModified\":\"2026-09-02T15:43:10+00:00\",\"mainEntityOfPage\":{\"@id\":\"https:\/\/vosgesinfo.fr\/gerardmerinfo\/2026\/09\/le-velo-sport-geromois-le-kit-bmx-pour-essai-a-gerardmer-fete-sa-rentree\/\"},\"wordCount\":59,\"commentCount\":0,\"publisher\":{\"@id\":\"https:\/\/vosgesinfo.fr\/gerardmerinfo\/#organization\"},\"image\":{\"@id\":\"https:\/\/vosgesinfo.fr\/gerardmerinfo\/2026\/09\/le-velo-sport-geromois-le-kit-bmx-pour-essai-a-gerardmer-fete-sa-rentree\/#primaryimage\"},\"thumbnailUrl\":\"https:\/\/vosgesinfo.fr\/app\/uploads\/sites\/6\/2026\/09\/composition1-page-0001.jpg\",\"keywords\":[\"kit bmx\",\"VSG\"],\"articleSection\":[\"A la une\",\"Gerardmer\",\"Sport\",\"Vie Associative\"],\"inLanguage\":\"fr-FR\",\"potentialAction\":[{\"@type\":\"CommentAction\",\"name\":\"Comment\",\"target\":[\"https:\/\/vosgesinfo.fr\/gerardmerinfo\/2026\/09\/le-velo-sport-geromois-le-kit-bmx-pour-essai-a-gerardmer-fete-sa-rentree\/#respond\"]}]},{\"@type\":\"WebPage\",\"@id\":\"https:\/\/vosgesinfo.fr\/gerardmerinfo\/2026\/09\/le-velo-sport-geromois-le-kit-bmx-pour-essai-a-gerardmer-fete-sa-rentree\/\",\"url\":\"https:\/\/vosgesinfo.fr\/gerardmerinfo\/2026\/09\/le-velo-sport-geromois-le-kit-bmx-pour-essai-a-gerardmer-fete-sa-rentree\/\",\"name\":\"Le V\u00e9lo Sport G\u00e9romois le kit BMX pour essai \u00e0 \\\"GERARDMER F\u00eate sa rentr\u00e9e\\\" - Gerardmer Info\",\"isPartOf\":{\"@id\":\"https:\/\/vosgesinfo.fr\/gerardmerinfo\/#website\"},\"primaryImageOfPage\":{\"@id\":\"https:\/\/vosgesinfo.fr\/gerardmerinfo\/2026\/09\/le-velo-sport-geromois-le-kit-bmx-pour-essai-a-gerardmer-fete-sa-rentree\/#primaryimage\"},\"image\":{\"@id\":\"https:\/\/vosgesinfo.fr\/gerardmerinfo\/2026\/09\/le-velo-sport-geromois-le-kit-bmx-pour-essai-a-gerardmer-fete-sa-rentree\/#primaryimage\"},\"thumbnailUrl\":\"https:\/\/vosgesinfo.fr\/app\/uploads\/sites\/6\/2026\/09\/composition1-page-0001.jpg\",\"datePublished\":\"2026-09-04T03:52:46+00:00\",\"dateModified\":\"2026-09-02T15:43:10+00:00\",\"breadcrumb\":{\"@id\":\"https:\/\/vosgesinfo.fr\/gerardmerinfo\/2026\/09\/le-velo-sport-geromois-le-kit-bmx-pour-essai-a-gerardmer-fete-sa-rentree\/#breadcrumb\"},\"inLanguage\":\"fr-FR\",\"potentialAction\":[{\"@type\":\"ReadAction\",\"target\":[\"https:\/\/vosgesinfo.fr\/gerardmerinfo\/2026\/09\/le-velo-sport-geromois-le-kit-bmx-pour-essai-a-gerardmer-fete-sa-rentree\/\"]}]},{\"@type\":\"ImageObject\",\"inLanguage\":\"fr-FR\",\"@id\":\"https:\/\/vosgesinfo.fr\/gerardmerinfo\/2026\/09\/le-velo-sport-geromois-le-kit-bmx-pour-essai-a-gerardmer-fete-sa-rentree\/#primaryimage\",\"url\":\"https:\/\/vosgesinfo.fr\/app\/uploads\/sites\/6\/2026\/09\/composition1-page-0001.jpg\",\"contentUrl\":\"https:\/\/vosgesinfo.fr\/app\/uploads\/sites\/6\/2026\/09\/composition1-page-0001.jpg\",\"width\":1241,\"height\":1755},{\"@type\":\"BreadcrumbList\",\"@id\":\"https:\/\/vosgesinfo.fr\/gerardmerinfo\/2026\/09\/le-velo-sport-geromois-le-kit-bmx-pour-essai-a-gerardmer-fete-sa-rentree\/#breadcrumb\",\"itemListElement\":[{\"@type\":\"ListItem\",\"position\":1,\"name\":\"Home\",\"item\":\"https:\/\/vosgesinfo.fr\/gerardmerinfo\/\"},{\"@type\":\"ListItem\",\"position\":2,\"name\":\"Le V\u00e9lo Sport G\u00e9romois le kit BMX pour essai \u00e0 \u00ab\u00a0GERARDMER F\u00eate sa rentr\u00e9e\u00a0\u00bb\"}]},{\"@type\":\"WebSite\",\"@id\":\"https:\/\/vosgesinfo.fr\/gerardmerinfo\/#website\",\"url\":\"https:\/\/vosgesinfo.fr\/gerardmerinfo\/\",\"name\":\"Gerardmer Info\",\"description\":\"Toute l&#039;actualit\u00e9 de G\u00e9rardmer\",\"publisher\":{\"@id\":\"https:\/\/vosgesinfo.fr\/gerardmerinfo\/#organization\"},\"alternateName\":\"Toute l'actualit\u00e9 de G\u00e9rardmer\",\"potentialAction\":[{\"@type\":\"SearchAction\",\"target\":{\"@type\":\"EntryPoint\",\"urlTemplate\":\"https:\/\/vosgesinfo.fr\/gerardmerinfo\/?s={search_term_string}\"},\"query-input\":\"required name=search_term_string\"}],\"inLanguage\":\"fr-FR\"},{\"@type\":\"Organization\",\"@id\":\"https:\/\/vosgesinfo.fr\/gerardmerinfo\/#organization\",\"name\":\"Gerardmer Info\",\"url\":\"https:\/\/vosgesinfo.fr\/gerardmerinfo\/\",\"logo\":{\"@type\":\"ImageObject\",\"inLanguage\":\"fr-FR\",\"@id\":\"https:\/\/vosgesinfo.fr\/gerardmerinfo\/#\/schema\/logo\/image\/\",\"url\":\"https:\/\/vosgesinfo.fr\/app\/uploads\/sites\/6\/2023\/08\/favicon-gerardmerinfo.png\",\"contentUrl\":\"https:\/\/vosgesinfo.fr\/app\/uploads\/sites\/6\/2023\/08\/favicon-gerardmerinfo.png\",\"width\":512,\"height\":512,\"caption\":\"Gerardmer Info\"},\"image\":{\"@id\":\"https:\/\/vosgesinfo.fr\/gerardmerinfo\/#\/schema\/logo\/image\/\"},\"sameAs\":[\"https:\/\/www.facebook.com\/profile.php?id=100049475262660\",\"https:\/\/x.com\/VosgesInfo88\",\"https:\/\/www.youtube.com\/@vosgesinfo\"]},{\"@type\":\"Person\",\"@id\":\"https:\/\/vosgesinfo.fr\/gerardmerinfo\/#\/schema\/person\/27a3695b06db98895b354c0765cdfc31\",\"name\":\"La redaction\",\"image\":{\"@type\":\"ImageObject\",\"inLanguage\":\"fr-FR\",\"@id\":\"https:\/\/vosgesinfo.fr\/gerardmerinfo\/#\/schema\/person\/image\/\",\"url\":\"https:\/\/secure.gravatar.com\/avatar\/64c76a78e501cedee55736f43f332df901e1896ae9cd8fad269ae2236dd0e8b6?s=96&d=mm&r=g\",\"contentUrl\":\"https:\/\/secure.gravatar.com\/avatar\/64c76a78e501cedee55736f43f332df901e1896ae9cd8fad269ae2236dd0e8b6?s=96&d=mm&r=g\",\"caption\":\"La redaction\"},\"url\":\"https:\/\/vosgesinfo.fr\/gerardmerinfo\/author\/la-redaction\/\"}]}<\/script>\n<!-- \/ Yoast SEO plugin. -->","yoast_head_json":{"title":"Le V\u00e9lo Sport G\u00e9romois le kit BMX pour essai \u00e0 \"GERARDMER F\u00eate sa rentr\u00e9e\" - Gerardmer Info","robots":{"index":"index","follow":"follow","max-snippet":"max-snippet:-1","max-image-preview":"max-image-preview:large","max-video-preview":"max-video-preview:-1"},"canonical":"https:\/\/vosgesinfo.fr\/gerardmerinfo\/2026\/09\/le-velo-sport-geromois-le-kit-bmx-pour-essai-a-gerardmer-fete-sa-rentree\/","twitter_card":"summary_large_image","twitter_title":"Le V\u00e9lo Sport G\u00e9romois le kit BMX pour essai \u00e0 \"GERARDMER F\u00eate sa rentr\u00e9e\" - Gerardmer Info","twitter_description":"Le V\u00e9lo Sport G\u00e9romois sera pr\u00e9sent lors de la journ\u00e9e \u00ab\u00a0GERARDMER F\u00eate sa rentr\u00e9e\u00a0\u00bb le samedi 12 septembre 2026 de [&hellip;]","twitter_image":"https:\/\/vosgesinfo.fr\/app\/uploads\/sites\/6\/2026\/09\/composition1-page-0001.jpg","twitter_creator":"@VosgesInfo88","twitter_site":"@VosgesInfo88","twitter_misc":{"\u00c9crit par":"La redaction"},"schema":{"@context":"https:\/\/schema.org","@graph":[{"@type":"Article","@id":"https:\/\/vosgesinfo.fr\/gerardmerinfo\/2026\/09\/le-velo-sport-geromois-le-kit-bmx-pour-essai-a-gerardmer-fete-sa-rentree\/#article","isPartOf":{"@id":"https:\/\/vosgesinfo.fr\/gerardmerinfo\/2026\/09\/le-velo-sport-geromois-le-kit-bmx-pour-essai-a-gerardmer-fete-sa-rentree\/"},"author":{"name":"La redaction","@id":"https:\/\/vosgesinfo.fr\/gerardmerinfo\/#\/schema\/person\/27a3695b06db98895b354c0765cdfc31"},"headline":"Le V\u00e9lo Sport G\u00e9romois le kit BMX pour essai \u00e0 \u00ab\u00a0GERARDMER F\u00eate sa rentr\u00e9e\u00a0\u00bb","datePublished":"2026-09-04T03:52:46+00:00","dateModified":"2026-09-02T15:43:10+00:00","mainEntityOfPage":{"@id":"https:\/\/vosgesinfo.fr\/gerardmerinfo\/2026\/09\/le-velo-sport-geromois-le-kit-bmx-pour-essai-a-gerardmer-fete-sa-rentree\/"},"wordCount":59,"commentCount":0,"publisher":{"@id":"https:\/\/vosgesinfo.fr\/gerardmerinfo\/#organization"},"image":{"@id":"https:\/\/vosgesinfo.fr\/gerardmerinfo\/2026\/09\/le-velo-sport-geromois-le-kit-bmx-pour-essai-a-gerardmer-fete-sa-rentree\/#primaryimage"},"thumbnailUrl":"https:\/\/vosgesinfo.fr\/app\/uploads\/sites\/6\/2026\/09\/composition1-page-0001.jpg","keywords":["kit bmx","VSG"],"articleSection":["A la une","Gerardmer","Sport","Vie Associative"],"inLanguage":"fr-FR","potentialAction":[{"@type":"CommentAction","name":"Comment","target":["https:\/\/vosgesinfo.fr\/gerardmerinfo\/2026\/09\/le-velo-sport-geromois-le-kit-bmx-pour-essai-a-gerardmer-fete-sa-rentree\/#respond"]}]},{"@type":"WebPage","@id":"https:\/\/vosgesinfo.fr\/gerardmerinfo\/2026\/09\/le-velo-sport-geromois-le-kit-bmx-pour-essai-a-gerardmer-fete-sa-rentree\/","url":"https:\/\/vosgesinfo.fr\/gerardmerinfo\/2026\/09\/le-velo-sport-geromois-le-kit-bmx-pour-essai-a-gerardmer-fete-sa-rentree\/","name":"Le V\u00e9lo Sport G\u00e9romois le kit BMX pour essai \u00e0 \"GERARDMER F\u00eate sa rentr\u00e9e\" - Gerardmer Info","isPartOf":{"@id":"https:\/\/vosgesinfo.fr\/gerardmerinfo\/#website"},"primaryImageOfPage":{"@id":"https:\/\/vosgesinfo.fr\/gerardmerinfo\/2026\/09\/le-velo-sport-geromois-le-kit-bmx-pour-essai-a-gerardmer-fete-sa-rentree\/#primaryimage"},"image":{"@id":"https:\/\/vosgesinfo.fr\/gerardmerinfo\/2026\/09\/le-velo-sport-geromois-le-kit-bmx-pour-essai-a-gerardmer-fete-sa-rentree\/#primaryimage"},"thumbnailUrl":"https:\/\/vosgesinfo.fr\/app\/uploads\/sites\/6\/2026\/09\/composition1-page-0001.jpg","datePublished":"2026-09-04T03:52:46+00:00","dateModified":"2026-09-02T15:43:10+00:00","breadcrumb":{"@id":"https:\/\/vosgesinfo.fr\/gerardmerinfo\/2026\/09\/le-velo-sport-geromois-le-kit-bmx-pour-essai-a-gerardmer-fete-sa-rentree\/#breadcrumb"},"inLanguage":"fr-FR","potentialAction":[{"@type":"ReadAction","target":["https:\/\/vosgesinfo.fr\/gerardmerinfo\/2026\/09\/le-velo-sport-geromois-le-kit-bmx-pour-essai-a-gerardmer-fete-sa-rentree\/"]}]},{"@type":"ImageObject","inLanguage":"fr-FR","@id":"https:\/\/vosgesinfo.fr\/gerardmerinfo\/2026\/09\/le-velo-sport-geromois-le-kit-bmx-pour-essai-a-gerardmer-fete-sa-rentree\/#primaryimage","url":"https:\/\/vosgesinfo.fr\/app\/uploads\/sites\/6\/2026\/09\/composition1-page-0001.jpg","contentUrl":"https:\/\/vosgesinfo.fr\/app\/uploads\/sites\/6\/2026\/09\/composition1-page-0001.jpg","width":1241,"height":1755},{"@type":"BreadcrumbList","@id":"https:\/\/vosgesinfo.fr\/gerardmerinfo\/2026\/09\/le-velo-sport-geromois-le-kit-bmx-pour-essai-a-gerardmer-fete-sa-rentree\/#breadcrumb","itemListElement":[{"@type":"ListItem","position":1,"name":"Home","item":"https:\/\/vosgesinfo.fr\/gerardmerinfo\/"},{"@type":"ListItem","position":2,"name":"Le V\u00e9lo Sport G\u00e9romois le kit BMX pour essai \u00e0 \u00ab\u00a0GERARDMER F\u00eate sa rentr\u00e9e\u00a0\u00bb"}]},{"@type":"WebSite","@id":"https:\/\/vosgesinfo.fr\/gerardmerinfo\/#website","url":"https:\/\/vosgesinfo.fr\/gerardmerinfo\/","name":"Gerardmer Info","description":"Toute l&#039;actualit\u00e9 de G\u00e9rardmer","publisher":{"@id":"https:\/\/vosgesinfo.fr\/gerardmerinfo\/#organization"},"alternateName":"Toute l'actualit\u00e9 de G\u00e9rardmer","potentialAction":[{"@type":"SearchAction","target":{"@type":"EntryPoint","urlTemplate":"https:\/\/vosgesinfo.fr\/gerardmerinfo\/?s={search_term_string}"},"query-input":"required name=search_term_string"}],"inLanguage":"fr-FR"},{"@type":"Organization","@id":"https:\/\/vosgesinfo.fr\/gerardmerinfo\/#organization","name":"Gerardmer Info","url":"https:\/\/vosgesinfo.fr\/gerardmerinfo\/","logo":{"@type":"ImageObject","inLanguage":"fr-FR","@id":"https:\/\/vosgesinfo.fr\/gerardmerinfo\/#\/schema\/logo\/image\/","url":"https:\/\/vosgesinfo.fr\/app\/uploads\/sites\/6\/2023\/08\/favicon-gerardmerinfo.png","contentUrl":"https:\/\/vosgesinfo.fr\/app\/uploads\/sites\/6\/2023\/08\/favicon-gerardmerinfo.png","width":512,"height":512,"caption":"Gerardmer Info"},"image":{"@id":"https:\/\/vosgesinfo.fr\/gerardmerinfo\/#\/schema\/logo\/image\/"},"sameAs":["https:\/\/www.facebook.com\/profile.php?id=100049475262660","https:\/\/x.com\/VosgesInfo88","https:\/\/www.youtube.com\/@vosgesinfo"]},{"@type":"Person","@id":"https:\/\/vosgesinfo.fr\/gerardmerinfo\/#\/schema\/person\/27a3695b06db98895b354c0765cdfc31","name":"La redaction","image":{"@type":"ImageObject","inLanguage":"fr-FR","@id":"https:\/\/vosgesinfo.fr\/gerardmerinfo\/#\/schema\/person\/image\/","url":"https:\/\/secure.gravatar.com\/avatar\/64c76a78e501cedee55736f43f332df901e1896ae9cd8fad269ae2236dd0e8b6?s=96&d=mm&r=g","contentUrl":"https:\/\/secure.gravatar.com\/avatar\/64c76a78e501cedee55736f43f332df901e1896ae9cd8fad269ae2236dd0e8b6?s=96&d=mm&r=g","caption":"La redaction"},"url":"https:\/\/vosgesinfo.fr\/gerardmerinfo\/author\/la-redaction\/"}]}},"_links":{"self":[{"href":"https:\/\/vosgesinfo.fr\/gerardmerinfo\/wp-json\/wp\/v2\/posts\/95350","targetHints":{"allow":["GET"]}}],"collection":[{"href":"https:\/\/vosgesinfo.fr\/gerardmerinfo\/wp-json\/wp\/v2\/posts"}],"about":[{"href":"https:\/\/vosgesinfo.fr\/gerardmerinfo\/wp-json\/wp\/v2\/types\/post"}],"author":[{"embeddable":true,"href":"https:\/\/vosgesinfo.fr\/gerardmerinfo\/wp-json\/wp\/v2\/users\/391"}],"replies":[{"embeddable":true,"href":"https:\/\/vosgesinfo.fr\/gerardmerinfo\/wp-json\/wp\/v2\/comments?post=95350"}],"version-history":[{"count":1,"href":"https:\/\/vosgesinfo.fr\/gerardmerinfo\/wp-json\/wp\/v2\/posts\/95350\/revisions"}],"predecessor-version":[{"id":95352,"href":"https:\/\/vosgesinfo.fr\/gerardmerinfo\/wp-json\/wp\/v2\/posts\/95350\/revisions\/95352"}],"wp:featuredmedia":[{"embeddable":true,"href":"https:\/\/vosgesinfo.fr\/gerardmerinfo\/wp-json\/wp\/v2\/media\/95351"}],"wp:attachment":[{"href":"https:\/\/vosgesinfo.fr\/gerardmerinfo\/wp-json\/wp\/v2\/media?parent=95350"}],"wp:term":[{"taxonomy":"category","embeddable":true,"href":"https:\/\/vosgesinfo.fr\/gerardmerinfo\/wp-json\/wp\/v2\/categories?post=95350"},{"taxonomy":"post_tag","embeddable":true,"href":"https:\/\/vosgesinfo.fr\/gerardmerinfo\/wp-json\/wp\/v2\/tags?post=95350"}],"curies":[{"name":"wp","href":"https:\/\/api.w.org\/{rel}","templated":true}]}}