{"id":95356,"date":"2026-09-02T18:31:34","date_gmt":"2026-09-02T16:31:34","guid":{"rendered":"https:\/\/vosgesinfo.fr\/gerardmerinfo\/?p=95356"},"modified":"2026-09-02T18:31:34","modified_gmt":"2026-09-02T16:31:34","slug":"yvan-bernard-nous-a-quittes","status":"publish","type":"post","link":"https:\/\/vosgesinfo.fr\/gerardmerinfo\/2026\/09\/yvan-bernard-nous-a-quittes\/","title":{"rendered":"Yvan Bernard nous a quitt\u00e9s"},"content":{"rendered":"<div id=\"attachment_95357\" style=\"width: 263px\" class=\"wp-caption aligncenter\"><a href=\"https:\/\/vosgesinfo.fr\/app\/uploads\/sites\/6\/2026\/09\/img-20260831-wa0001.jpg\"><img decoding=\"async\" aria-describedby=\"caption-attachment-95357\" class=\"size-medium wp-image-95357\" src=\"https:\/\/vosgesinfo.fr\/app\/uploads\/sites\/6\/2026\/09\/img-20260831-wa0001-253x300.jpg\" alt=\"\" width=\"253\" height=\"300\" srcset=\"https:\/\/vosgesinfo.fr\/app\/uploads\/sites\/6\/2026\/09\/img-20260831-wa0001-253x300.jpg 253w, https:\/\/vosgesinfo.fr\/app\/uploads\/sites\/6\/2026\/09\/img-20260831-wa0001.jpg 693w\" sizes=\"(max-width: 253px) 100vw, 253px\" \/><\/a><p id=\"caption-attachment-95357\" class=\"wp-caption-text\"><span style=\"color: #000080;\">Un homme bon, gentil et souriant, une cr\u00e8me diront certains proches : ce sont les qualit\u00e9s qui le caract\u00e9risaient ,<\/span><br \/><span style=\"color: #000080;\">Un papa aimant, toujours \u00e0 l\u2019\u00e9coute de ses enfants Sandrine, Emmanuel et Fran\u00e7ois et un papy qui adorait ses deux petits-fils Tom et Eliott, Son visage s\u2019illuminait d\u00e9s qu\u2019il les voyait.<\/span><\/p><\/div>\n<p>&nbsp;<\/p>\n<p>N\u00e9 en 1938 \u00e0 G\u00e9rardmer, o\u00f9 il aura pass\u00e9 la majeure partie de sa vie, il est le second d\u2019une fratrie de cinq enfants, avec trois s\u0153urs et un petit fr\u00e8re qu\u2019il aura la douleur de perdre quand ce dernier avait onze ans. Un papa cheminot, une maman qui s\u2019occupe de cette grande famille, une vie simple \u2026<br \/>\nIl \u00e9voquait de temps \u00e0 autre la fin de la guerre et la lib\u00e9ration de la Ville avec l\u2019arriv\u00e9 des GI am\u00e9ricains qui leur avaient fait d\u00e9couvrir les chewing gum . Apr\u00e8s la guerre, il est envoy\u00e9 comme bon nombre d\u2019enfants de l\u2019\u00e9poque dans une famille Suisse pour qu\u2019il b\u00e9n\u00e9ficie du bon air et qu\u2019il se fortifie ; Ces papy et mamie de coeur se prennent d\u2019affection pour ce petit gar\u00e7on de six ans au point qu\u2019ils auraient voulu l\u2019adopter !<br \/>\nLes ann\u00e9es passent et apr\u00e8s avoir obtenu son certificat d\u2019\u00e9tudes, il commence \u00e0 travailler \u00e0 l\u2019\u00e2ge de 14 ans, devenant tour \u00e0 tour livreur de journaux, plongeur dans un restaurant&#8230;Il rate de peu le concours pour entrer \u00e0 la poste et s\u2019oriente vers le chemin de fer, comme son p\u00e8re : il attelait et pr\u00e9parait des trains. Il m\u00e8ne la vie des jeunes des ann\u00e9es 60, entre bals mont\u00e9s, balades en mobylette et les sorties entre copains et avec ses s\u0153urs.<br \/>\nLa guerre d\u2019Alg\u00e9rie pointe son nez et il est envoy\u00e9 loin des siens pour la premi\u00e8re fois pendant trois ans. Il perdra des amis proches l\u00e0-bas. La vie reprend son cours et il rencontre dans un bus reliant G\u00e9rardmer \u00e0 Colmar Liliane, qui deviendra son \u00e9pouse et la maman de ses enfants . Le couple emm\u00e9nage \u00e0 Colmar et \u00e0 la joie d\u2019accueillir Sandrine, leur premier enfant juste avant No\u00ebl en 1971 .<br \/>\nYvan fait le choix de la gare de Belfort pour son affectation et d\u00e9marre une longue carri\u00e8re \u00e0 la gare de Belfort, o\u00f9 il restera jusqu\u2019\u00e0 sa retraite \u00e0 55 ans . Deux gar\u00e7ons naissent en 1973 et 1977 : Emmanuel et Fran\u00e7ois ce qui comble de bonheur leurs parents.<br \/>\nLa petite famille est install\u00e9e comme de nombreuses familles de cheminots dans la c\u00e9l\u00e8bre Loco et ses grands appartements . A P\u00e2ques et en \u00e9t\u00e9, la petite famille partait, heureuse \u00e0 G\u00e9rardmer, v\u00e9ritable berceau familial, que tous les cinq adoraient.<br \/>\nLes enfants grandissent mais la famille fait face \u00e0 une grande \u00e9preuve quand Yvan est victime d\u2019un grave accident de travail en 1982 . S\u2019en suivra une longue p\u00e9riode \u00e9prouvante entre de multiples op\u00e9rations et p\u00e9riodes de convalescence en centre de r\u00e9\u00e9ducation et un handicap au pied droit, qui ne l\u2019emp\u00eachera pas de marcher tr\u00e8s vite plus tard. Il reviendra travailler ensuite \u00e0 la gare de Belfort sur un poste adapt\u00e9. Son fils Emmanuel prend la m\u00eame direction professionnelle en devenant cheminot \u00e0 son tour, ce qui le rendra tr\u00e8s fier ; Ils aimaient \u00e9changer sur le chemin de fer, ses \u00e9volutions\u2026<br \/>\nApr\u00e8s une s\u00e9paration, Yvan s\u2019installe \u00e0 nouveau \u00e0 G\u00e9rardmer au quartier Kl\u00e9ber, pr\u00e8s du lac, o\u00f9 il vivra jusqu\u2019\u00e0 l\u2019\u00e2ge de 84 ans, aupr\u00e8s de sa famille Vosgienne et en recevant tr\u00e8s souvent ses enfants et les petits enfants arriv\u00e9s en 2002 et 2004. Son plus jeune fils Fran\u00e7ois s\u2019installe \u00e0 Paris, ce qui lui permettra de visiter la Ville avec plaisir au cours de ces ann\u00e9es ainsi que l\u2019Alsace et Strasbourg, o\u00f9 s\u2019est install\u00e9 son autre fils Emmanuel . Des souvenirs par dizaines \u00e0 G\u00e9rardmer avec sa fille et ses petits enfants : il a jou\u00e9 son r\u00f4le de grand-p\u00e8re avec joie les accompagnant au lac, au parc d\u2019attractions Fraispertuis, dans les mus\u00e9es, au parc ou en d\u00e9gustant un bon go\u00fbter aux Rives du Lac avec son incontournable Grand Cr\u00e8me. Les G\u00e9romois ont pu le voir se balader dans sa ville et pr\u00e8s de son cher lac pendant des ann\u00e9es, accompagn\u00e9 parfois de ses s\u0153urs Marcelle et Nicole. Il aura la douleur de perdre sa s\u0153ur a\u00een\u00e9e Yvette puis Marcelle.<br \/>\nIl a f\u00eat\u00e9 ses 80 ans entour\u00e9 de ses filleule et neveux, cousins, enfants et petits enfants \u00e0 l\u2019auberge du lac.<br \/>\nLe grand \u00e2ge venant, il a du quitter son appartement et ses enfants lui ont trouv\u00e9 le lieu id\u00e9al pour terminer sa vie ; il a int\u00e9gr\u00e9 la Maison \u00e2ge et Vie de Montreux Ch\u00e2teau, o\u00f9 l\u2019attendait un dernier cadeau de la vie : sa rencontre avec celle qui allait illuminer ses quatre derni\u00e8res ann\u00e9es : la douce Cathy. Ils ont men\u00e9 ensemble une vie paisible, entour\u00e9s de l\u2019affection de leurs proches qui venaient souvent leur rendre visite et les autres r\u00e9sidents et le personnel de la maison, auquel il s\u2019est attach\u00e9.<br \/>\nYvan s\u2019est \u00e9teint samedi 29 ao\u00fbt aupr\u00e8s des siens \u00e0 Montreux Ch\u00e2teau \u00e0 l\u2019\u00e2ge de 88 ans. Il nous manquera beaucoup \u00e0 tous et toutes. Ses obs\u00e8ques se d\u00e9roulent \u00e0 Belfort le jeudi 3 septembre \u00e0 14H30 en l\u2019\u00e9glise des R\u00e9sidences Ste Jeanne d\u2019Antides \u00e0 Belfort.<\/p>\n","protected":false},"excerpt":{"rendered":"<p>&nbsp; N\u00e9 en 1938 \u00e0 G\u00e9rardmer, o\u00f9 il aura pass\u00e9 la majeure partie de sa vie, il est le second [&hellip;]<\/p>\n","protected":false},"author":42,"featured_media":95357,"comment_status":"open","ping_status":"open","sticky":false,"template":"","format":"standard","meta":{"footnotes":""},"categories":[20,25,5647,9,43],"tags":[],"class_list":["post-95356","post","type-post","status-publish","format-standard","has-post-thumbnail","hentry","category-a-la-une","category-gerardmer","category-gerardmer-autres-sites","category-necro","category-necrologie"],"acf":[],"yoast_head":"<!-- This site is optimized with the Yoast SEO plugin v22.5 - https:\/\/yoast.com\/wordpress\/plugins\/seo\/ -->\n<title>Yvan Bernard nous a quitt\u00e9s - Gerardmer Info<\/title>\n<meta name=\"robots\" content=\"index, follow, max-snippet:-1, max-image-preview:large, max-video-preview:-1\" \/>\n<link rel=\"canonical\" href=\"https:\/\/vosgesinfo.fr\/gerardmerinfo\/?p=95356\" \/>\n<meta name=\"twitter:card\" content=\"summary_large_image\" \/>\n<meta name=\"twitter:title\" content=\"Yvan Bernard nous a quitt\u00e9s - Gerardmer Info\" \/>\n<meta name=\"twitter:description\" content=\"&nbsp; N\u00e9 en 1938 \u00e0 G\u00e9rardmer, o\u00f9 il aura pass\u00e9 la majeure partie de sa vie, il est le second [&hellip;]\" \/>\n<meta name=\"twitter:image\" content=\"https:\/\/vosgesinfo.fr\/app\/uploads\/sites\/6\/2026\/09\/img-20260831-wa0001-253x300.jpg\" \/>\n<meta name=\"twitter:creator\" content=\"@VosgesInfo88\" \/>\n<meta name=\"twitter:site\" content=\"@VosgesInfo88\" \/>\n<meta name=\"twitter:label1\" content=\"\u00c9crit par\" \/>\n\t<meta name=\"twitter:data1\" content=\"QG\" \/>\n\t<meta name=\"twitter:label2\" content=\"Dur\u00e9e de lecture estim\u00e9e\" \/>\n\t<meta name=\"twitter:data2\" content=\"5 minutes\" \/>\n<script type=\"application\/ld+json\" class=\"yoast-schema-graph\">{\"@context\":\"https:\/\/schema.org\",\"@graph\":[{\"@type\":\"Article\",\"@id\":\"https:\/\/vosgesinfo.fr\/gerardmerinfo\/?p=95356#article\",\"isPartOf\":{\"@id\":\"https:\/\/vosgesinfo.fr\/gerardmerinfo\/?p=95356\"},\"author\":{\"name\":\"QG\",\"@id\":\"https:\/\/vosgesinfo.fr\/gerardmerinfo\/#\/schema\/person\/db5605779a843dad16b5368f3e7613a5\"},\"headline\":\"Yvan Bernard nous a quitt\u00e9s\",\"datePublished\":\"2026-09-02T16:31:34+00:00\",\"dateModified\":\"2026-09-02T16:31:34+00:00\",\"mainEntityOfPage\":{\"@id\":\"https:\/\/vosgesinfo.fr\/gerardmerinfo\/?p=95356\"},\"wordCount\":941,\"commentCount\":0,\"publisher\":{\"@id\":\"https:\/\/vosgesinfo.fr\/gerardmerinfo\/#organization\"},\"image\":{\"@id\":\"https:\/\/vosgesinfo.fr\/gerardmerinfo\/?p=95356#primaryimage\"},\"thumbnailUrl\":\"https:\/\/vosgesinfo.fr\/app\/uploads\/sites\/6\/2026\/09\/img-20260831-wa0001.jpg\",\"articleSection\":[\"A la une\",\"G\u00e9rardmer\",\"Gerardmer\",\"N\u00e9cro\",\"N\u00e9crologie\"],\"inLanguage\":\"fr-FR\",\"potentialAction\":[{\"@type\":\"CommentAction\",\"name\":\"Comment\",\"target\":[\"https:\/\/vosgesinfo.fr\/gerardmerinfo\/?p=95356#respond\"]}]},{\"@type\":\"WebPage\",\"@id\":\"https:\/\/vosgesinfo.fr\/gerardmerinfo\/?p=95356\",\"url\":\"https:\/\/vosgesinfo.fr\/gerardmerinfo\/?p=95356\",\"name\":\"Yvan Bernard nous a quitt\u00e9s - Gerardmer Info\",\"isPartOf\":{\"@id\":\"https:\/\/vosgesinfo.fr\/gerardmerinfo\/#website\"},\"primaryImageOfPage\":{\"@id\":\"https:\/\/vosgesinfo.fr\/gerardmerinfo\/?p=95356#primaryimage\"},\"image\":{\"@id\":\"https:\/\/vosgesinfo.fr\/gerardmerinfo\/?p=95356#primaryimage\"},\"thumbnailUrl\":\"https:\/\/vosgesinfo.fr\/app\/uploads\/sites\/6\/2026\/09\/img-20260831-wa0001.jpg\",\"datePublished\":\"2026-09-02T16:31:34+00:00\",\"dateModified\":\"2026-09-02T16:31:34+00:00\",\"breadcrumb\":{\"@id\":\"https:\/\/vosgesinfo.fr\/gerardmerinfo\/?p=95356#breadcrumb\"},\"inLanguage\":\"fr-FR\",\"potentialAction\":[{\"@type\":\"ReadAction\",\"target\":[\"https:\/\/vosgesinfo.fr\/gerardmerinfo\/?p=95356\"]}]},{\"@type\":\"ImageObject\",\"inLanguage\":\"fr-FR\",\"@id\":\"https:\/\/vosgesinfo.fr\/gerardmerinfo\/?p=95356#primaryimage\",\"url\":\"https:\/\/vosgesinfo.fr\/app\/uploads\/sites\/6\/2026\/09\/img-20260831-wa0001.jpg\",\"contentUrl\":\"https:\/\/vosgesinfo.fr\/app\/uploads\/sites\/6\/2026\/09\/img-20260831-wa0001.jpg\",\"width\":693,\"height\":822,\"caption\":\"Un homme bon, gentil et souriant, une cr\u00e8me diront certains proches : ce sont les qualit\u00e9s qui le caract\u00e9risaient , Un papa aimant, toujours \u00e0 l\u2019\u00e9coute de ses enfants Sandrine, Emmanuel et Fran\u00e7ois et un papy qui adorait ses deux petits-fils Tom et Eliott, Son visage s\u2019illuminait d\u00e9s qu\u2019il les voyait.\"},{\"@type\":\"BreadcrumbList\",\"@id\":\"https:\/\/vosgesinfo.fr\/gerardmerinfo\/?p=95356#breadcrumb\",\"itemListElement\":[{\"@type\":\"ListItem\",\"position\":1,\"name\":\"Home\",\"item\":\"https:\/\/vosgesinfo.fr\/gerardmerinfo\/\"},{\"@type\":\"ListItem\",\"position\":2,\"name\":\"Yvan Bernard nous a quitt\u00e9s\"}]},{\"@type\":\"WebSite\",\"@id\":\"https:\/\/vosgesinfo.fr\/gerardmerinfo\/#website\",\"url\":\"https:\/\/vosgesinfo.fr\/gerardmerinfo\/\",\"name\":\"Gerardmer Info\",\"description\":\"Toute l&#039;actualit\u00e9 de G\u00e9rardmer\",\"publisher\":{\"@id\":\"https:\/\/vosgesinfo.fr\/gerardmerinfo\/#organization\"},\"alternateName\":\"Toute l'actualit\u00e9 de G\u00e9rardmer\",\"potentialAction\":[{\"@type\":\"SearchAction\",\"target\":{\"@type\":\"EntryPoint\",\"urlTemplate\":\"https:\/\/vosgesinfo.fr\/gerardmerinfo\/?s={search_term_string}\"},\"query-input\":\"required name=search_term_string\"}],\"inLanguage\":\"fr-FR\"},{\"@type\":\"Organization\",\"@id\":\"https:\/\/vosgesinfo.fr\/gerardmerinfo\/#organization\",\"name\":\"Gerardmer Info\",\"url\":\"https:\/\/vosgesinfo.fr\/gerardmerinfo\/\",\"logo\":{\"@type\":\"ImageObject\",\"inLanguage\":\"fr-FR\",\"@id\":\"https:\/\/vosgesinfo.fr\/gerardmerinfo\/#\/schema\/logo\/image\/\",\"url\":\"https:\/\/vosgesinfo.fr\/app\/uploads\/sites\/6\/2023\/08\/favicon-gerardmerinfo.png\",\"contentUrl\":\"https:\/\/vosgesinfo.fr\/app\/uploads\/sites\/6\/2023\/08\/favicon-gerardmerinfo.png\",\"width\":512,\"height\":512,\"caption\":\"Gerardmer Info\"},\"image\":{\"@id\":\"https:\/\/vosgesinfo.fr\/gerardmerinfo\/#\/schema\/logo\/image\/\"},\"sameAs\":[\"https:\/\/www.facebook.com\/profile.php?id=100049475262660\",\"https:\/\/x.com\/VosgesInfo88\",\"https:\/\/www.youtube.com\/@vosgesinfo\"]},{\"@type\":\"Person\",\"@id\":\"https:\/\/vosgesinfo.fr\/gerardmerinfo\/#\/schema\/person\/db5605779a843dad16b5368f3e7613a5\",\"name\":\"QG\",\"image\":{\"@type\":\"ImageObject\",\"inLanguage\":\"fr-FR\",\"@id\":\"https:\/\/vosgesinfo.fr\/gerardmerinfo\/#\/schema\/person\/image\/\",\"url\":\"https:\/\/secure.gravatar.com\/avatar\/ea80c42c204b534408512832fde52504ecabb9706bcb6151cf6175e5b64e6793?s=96&d=mm&r=g\",\"contentUrl\":\"https:\/\/secure.gravatar.com\/avatar\/ea80c42c204b534408512832fde52504ecabb9706bcb6151cf6175e5b64e6793?s=96&d=mm&r=g\",\"caption\":\"QG\"},\"url\":\"https:\/\/vosgesinfo.fr\/gerardmerinfo\/author\/quentin88\/\"}]}<\/script>\n<!-- \/ Yoast SEO plugin. -->","yoast_head_json":{"title":"Yvan Bernard nous a quitt\u00e9s - Gerardmer Info","robots":{"index":"index","follow":"follow","max-snippet":"max-snippet:-1","max-image-preview":"max-image-preview:large","max-video-preview":"max-video-preview:-1"},"canonical":"https:\/\/vosgesinfo.fr\/gerardmerinfo\/?p=95356","twitter_card":"summary_large_image","twitter_title":"Yvan Bernard nous a quitt\u00e9s - Gerardmer Info","twitter_description":"&nbsp; N\u00e9 en 1938 \u00e0 G\u00e9rardmer, o\u00f9 il aura pass\u00e9 la majeure partie de sa vie, il est le second [&hellip;]","twitter_image":"https:\/\/vosgesinfo.fr\/app\/uploads\/sites\/6\/2026\/09\/img-20260831-wa0001-253x300.jpg","twitter_creator":"@VosgesInfo88","twitter_site":"@VosgesInfo88","twitter_misc":{"\u00c9crit par":"QG","Dur\u00e9e de lecture estim\u00e9e":"5 minutes"},"schema":{"@context":"https:\/\/schema.org","@graph":[{"@type":"Article","@id":"https:\/\/vosgesinfo.fr\/gerardmerinfo\/?p=95356#article","isPartOf":{"@id":"https:\/\/vosgesinfo.fr\/gerardmerinfo\/?p=95356"},"author":{"name":"QG","@id":"https:\/\/vosgesinfo.fr\/gerardmerinfo\/#\/schema\/person\/db5605779a843dad16b5368f3e7613a5"},"headline":"Yvan Bernard nous a quitt\u00e9s","datePublished":"2026-09-02T16:31:34+00:00","dateModified":"2026-09-02T16:31:34+00:00","mainEntityOfPage":{"@id":"https:\/\/vosgesinfo.fr\/gerardmerinfo\/?p=95356"},"wordCount":941,"commentCount":0,"publisher":{"@id":"https:\/\/vosgesinfo.fr\/gerardmerinfo\/#organization"},"image":{"@id":"https:\/\/vosgesinfo.fr\/gerardmerinfo\/?p=95356#primaryimage"},"thumbnailUrl":"https:\/\/vosgesinfo.fr\/app\/uploads\/sites\/6\/2026\/09\/img-20260831-wa0001.jpg","articleSection":["A la une","G\u00e9rardmer","Gerardmer","N\u00e9cro","N\u00e9crologie"],"inLanguage":"fr-FR","potentialAction":[{"@type":"CommentAction","name":"Comment","target":["https:\/\/vosgesinfo.fr\/gerardmerinfo\/?p=95356#respond"]}]},{"@type":"WebPage","@id":"https:\/\/vosgesinfo.fr\/gerardmerinfo\/?p=95356","url":"https:\/\/vosgesinfo.fr\/gerardmerinfo\/?p=95356","name":"Yvan Bernard nous a quitt\u00e9s - Gerardmer Info","isPartOf":{"@id":"https:\/\/vosgesinfo.fr\/gerardmerinfo\/#website"},"primaryImageOfPage":{"@id":"https:\/\/vosgesinfo.fr\/gerardmerinfo\/?p=95356#primaryimage"},"image":{"@id":"https:\/\/vosgesinfo.fr\/gerardmerinfo\/?p=95356#primaryimage"},"thumbnailUrl":"https:\/\/vosgesinfo.fr\/app\/uploads\/sites\/6\/2026\/09\/img-20260831-wa0001.jpg","datePublished":"2026-09-02T16:31:34+00:00","dateModified":"2026-09-02T16:31:34+00:00","breadcrumb":{"@id":"https:\/\/vosgesinfo.fr\/gerardmerinfo\/?p=95356#breadcrumb"},"inLanguage":"fr-FR","potentialAction":[{"@type":"ReadAction","target":["https:\/\/vosgesinfo.fr\/gerardmerinfo\/?p=95356"]}]},{"@type":"ImageObject","inLanguage":"fr-FR","@id":"https:\/\/vosgesinfo.fr\/gerardmerinfo\/?p=95356#primaryimage","url":"https:\/\/vosgesinfo.fr\/app\/uploads\/sites\/6\/2026\/09\/img-20260831-wa0001.jpg","contentUrl":"https:\/\/vosgesinfo.fr\/app\/uploads\/sites\/6\/2026\/09\/img-20260831-wa0001.jpg","width":693,"height":822,"caption":"Un homme bon, gentil et souriant, une cr\u00e8me diront certains proches : ce sont les qualit\u00e9s qui le caract\u00e9risaient , Un papa aimant, toujours \u00e0 l\u2019\u00e9coute de ses enfants Sandrine, Emmanuel et Fran\u00e7ois et un papy qui adorait ses deux petits-fils Tom et Eliott, Son visage s\u2019illuminait d\u00e9s qu\u2019il les voyait."},{"@type":"BreadcrumbList","@id":"https:\/\/vosgesinfo.fr\/gerardmerinfo\/?p=95356#breadcrumb","itemListElement":[{"@type":"ListItem","position":1,"name":"Home","item":"https:\/\/vosgesinfo.fr\/gerardmerinfo\/"},{"@type":"ListItem","position":2,"name":"Yvan Bernard nous a quitt\u00e9s"}]},{"@type":"WebSite","@id":"https:\/\/vosgesinfo.fr\/gerardmerinfo\/#website","url":"https:\/\/vosgesinfo.fr\/gerardmerinfo\/","name":"Gerardmer Info","description":"Toute l&#039;actualit\u00e9 de G\u00e9rardmer","publisher":{"@id":"https:\/\/vosgesinfo.fr\/gerardmerinfo\/#organization"},"alternateName":"Toute l'actualit\u00e9 de G\u00e9rardmer","potentialAction":[{"@type":"SearchAction","target":{"@type":"EntryPoint","urlTemplate":"https:\/\/vosgesinfo.fr\/gerardmerinfo\/?s={search_term_string}"},"query-input":"required name=search_term_string"}],"inLanguage":"fr-FR"},{"@type":"Organization","@id":"https:\/\/vosgesinfo.fr\/gerardmerinfo\/#organization","name":"Gerardmer Info","url":"https:\/\/vosgesinfo.fr\/gerardmerinfo\/","logo":{"@type":"ImageObject","inLanguage":"fr-FR","@id":"https:\/\/vosgesinfo.fr\/gerardmerinfo\/#\/schema\/logo\/image\/","url":"https:\/\/vosgesinfo.fr\/app\/uploads\/sites\/6\/2023\/08\/favicon-gerardmerinfo.png","contentUrl":"https:\/\/vosgesinfo.fr\/app\/uploads\/sites\/6\/2023\/08\/favicon-gerardmerinfo.png","width":512,"height":512,"caption":"Gerardmer Info"},"image":{"@id":"https:\/\/vosgesinfo.fr\/gerardmerinfo\/#\/schema\/logo\/image\/"},"sameAs":["https:\/\/www.facebook.com\/profile.php?id=100049475262660","https:\/\/x.com\/VosgesInfo88","https:\/\/www.youtube.com\/@vosgesinfo"]},{"@type":"Person","@id":"https:\/\/vosgesinfo.fr\/gerardmerinfo\/#\/schema\/person\/db5605779a843dad16b5368f3e7613a5","name":"QG","image":{"@type":"ImageObject","inLanguage":"fr-FR","@id":"https:\/\/vosgesinfo.fr\/gerardmerinfo\/#\/schema\/person\/image\/","url":"https:\/\/secure.gravatar.com\/avatar\/ea80c42c204b534408512832fde52504ecabb9706bcb6151cf6175e5b64e6793?s=96&d=mm&r=g","contentUrl":"https:\/\/secure.gravatar.com\/avatar\/ea80c42c204b534408512832fde52504ecabb9706bcb6151cf6175e5b64e6793?s=96&d=mm&r=g","caption":"QG"},"url":"https:\/\/vosgesinfo.fr\/gerardmerinfo\/author\/quentin88\/"}]}},"_links":{"self":[{"href":"https:\/\/vosgesinfo.fr\/gerardmerinfo\/wp-json\/wp\/v2\/posts\/95356","targetHints":{"allow":["GET"]}}],"collection":[{"href":"https:\/\/vosgesinfo.fr\/gerardmerinfo\/wp-json\/wp\/v2\/posts"}],"about":[{"href":"https:\/\/vosgesinfo.fr\/gerardmerinfo\/wp-json\/wp\/v2\/types\/post"}],"author":[{"embeddable":true,"href":"https:\/\/vosgesinfo.fr\/gerardmerinfo\/wp-json\/wp\/v2\/users\/42"}],"replies":[{"embeddable":true,"href":"https:\/\/vosgesinfo.fr\/gerardmerinfo\/wp-json\/wp\/v2\/comments?post=95356"}],"version-history":[{"count":1,"href":"https:\/\/vosgesinfo.fr\/gerardmerinfo\/wp-json\/wp\/v2\/posts\/95356\/revisions"}],"predecessor-version":[{"id":95358,"href":"https:\/\/vosgesinfo.fr\/gerardmerinfo\/wp-json\/wp\/v2\/posts\/95356\/revisions\/95358"}],"wp:featuredmedia":[{"embeddable":true,"href":"https:\/\/vosgesinfo.fr\/gerardmerinfo\/wp-json\/wp\/v2\/media\/95357"}],"wp:attachment":[{"href":"https:\/\/vosgesinfo.fr\/gerardmerinfo\/wp-json\/wp\/v2\/media?parent=95356"}],"wp:term":[{"taxonomy":"category","embeddable":true,"href":"https:\/\/vosgesinfo.fr\/gerardmerinfo\/wp-json\/wp\/v2\/categories?post=95356"},{"taxonomy":"post_tag","embeddable":true,"href":"https:\/\/vosgesinfo.fr\/gerardmerinfo\/wp-json\/wp\/v2\/tags?post=95356"}],"curies":[{"name":"wp","href":"https:\/\/api.w.org\/{rel}","templated":true}]}}