{"id":95369,"date":"2026-09-04T05:53:54","date_gmt":"2026-09-04T03:53:54","guid":{"rendered":"https:\/\/vosgesinfo.fr\/gerardmerinfo\/?p=95369"},"modified":"2026-09-03T23:16:20","modified_gmt":"2026-09-03T21:16:20","slug":"integration-des-nouveaux-eleves-au-lycee-pierre-gilles-de-gennes","status":"publish","type":"post","link":"https:\/\/vosgesinfo.fr\/gerardmerinfo\/2026\/09\/integration-des-nouveaux-eleves-au-lycee-pierre-gilles-de-gennes\/","title":{"rendered":"Int\u00e9gration des nouveaux \u00e9l\u00e8ves au lyc\u00e9e Pierre Gilles de Gennes"},"content":{"rendered":"<p><a href=\"https:\/\/vosgesinfo.fr\/app\/uploads\/sites\/6\/2026\/09\/integration-des-nouveaux-eleves-au-lycee-pierre-gilles-de-gennes-gerardmer-demi-journee-de-cohesion-3.jpg\"><img decoding=\"async\" class=\"aligncenter size-large wp-image-95385\" src=\"https:\/\/vosgesinfo.fr\/app\/uploads\/sites\/6\/2026\/09\/integration-des-nouveaux-eleves-au-lycee-pierre-gilles-de-gennes-gerardmer-demi-journee-de-cohesion-3-1024x768.jpg\" alt=\"\" width=\"1024\" height=\"768\" srcset=\"https:\/\/vosgesinfo.fr\/app\/uploads\/sites\/6\/2026\/09\/integration-des-nouveaux-eleves-au-lycee-pierre-gilles-de-gennes-gerardmer-demi-journee-de-cohesion-3-1024x768.jpg 1024w, https:\/\/vosgesinfo.fr\/app\/uploads\/sites\/6\/2026\/09\/integration-des-nouveaux-eleves-au-lycee-pierre-gilles-de-gennes-gerardmer-demi-journee-de-cohesion-3-300x225.jpg 300w, https:\/\/vosgesinfo.fr\/app\/uploads\/sites\/6\/2026\/09\/integration-des-nouveaux-eleves-au-lycee-pierre-gilles-de-gennes-gerardmer-demi-journee-de-cohesion-3-768x576.jpg 768w, https:\/\/vosgesinfo.fr\/app\/uploads\/sites\/6\/2026\/09\/integration-des-nouveaux-eleves-au-lycee-pierre-gilles-de-gennes-gerardmer-demi-journee-de-cohesion-3-1536x1152.jpg 1536w, https:\/\/vosgesinfo.fr\/app\/uploads\/sites\/6\/2026\/09\/integration-des-nouveaux-eleves-au-lycee-pierre-gilles-de-gennes-gerardmer-demi-journee-de-cohesion-3.jpg 1920w\" sizes=\"(max-width: 1024px) 100vw, 1024px\" \/><\/a><\/p>\n<p><strong>Ce mercredi matin s\u2019est d\u00e9roul\u00e9e la premi\u00e8re partie de l\u2019int\u00e9gration des \u00e9l\u00e8ves de seconde au lyc\u00e9e Pierre Gilles de Gennes, la matin\u00e9e de coh\u00e9sion.\u00a0<\/strong><\/p>\n<p>&nbsp;<\/p>\n<p><span style=\"font-weight: 400;\">En effet, pour sa troisi\u00e8me rentr\u00e9e le proviseur David Sage a fait le choix de scinder en deux l\u2019int\u00e9gration des nouveaux arrivants. Une <strong>nouvelle formule<\/strong> permettant \u00e0 la fois de ne pas retarder la rentr\u00e9e des classe de premi\u00e8re et terminale, et de pr\u00e9parer au mieux les secondes \u00e0 la d\u00e9couverte du monde professionnel. <strong>La deuxi\u00e8me partie de l\u2019int\u00e9gration, qui se d\u00e9roulera fin Septembre, sera donc consacr\u00e9e \u00e0 la rencontre entre \u00e9l\u00e8ves et professionnels du secteur<\/strong>, pour toutes les fili\u00e8res : m\u00e9canique, carrosserie, transport routier de marchandises, transport de voyageurs.<\/span><\/p>\n<p>&nbsp;<\/p>\n<p><span style=\"font-weight: 400;\"><a href=\"https:\/\/vosgesinfo.fr\/app\/uploads\/sites\/6\/2026\/09\/integration-des-nouveaux-eleves-au-lycee-pierre-gilles-de-gennes-gerardmer-demi-journee-de-cohesion-5.jpg\"><img decoding=\"async\" class=\"alignright size-medium wp-image-95386\" src=\"https:\/\/vosgesinfo.fr\/app\/uploads\/sites\/6\/2026\/09\/integration-des-nouveaux-eleves-au-lycee-pierre-gilles-de-gennes-gerardmer-demi-journee-de-cohesion-5-224x300.jpg\" alt=\"\" width=\"224\" height=\"300\" srcset=\"https:\/\/vosgesinfo.fr\/app\/uploads\/sites\/6\/2026\/09\/integration-des-nouveaux-eleves-au-lycee-pierre-gilles-de-gennes-gerardmer-demi-journee-de-cohesion-5-224x300.jpg 224w, https:\/\/vosgesinfo.fr\/app\/uploads\/sites\/6\/2026\/09\/integration-des-nouveaux-eleves-au-lycee-pierre-gilles-de-gennes-gerardmer-demi-journee-de-cohesion-5-766x1024.jpg 766w, https:\/\/vosgesinfo.fr\/app\/uploads\/sites\/6\/2026\/09\/integration-des-nouveaux-eleves-au-lycee-pierre-gilles-de-gennes-gerardmer-demi-journee-de-cohesion-5-768x1027.jpg 768w, https:\/\/vosgesinfo.fr\/app\/uploads\/sites\/6\/2026\/09\/integration-des-nouveaux-eleves-au-lycee-pierre-gilles-de-gennes-gerardmer-demi-journee-de-cohesion-5-1149x1536.jpg 1149w, https:\/\/vosgesinfo.fr\/app\/uploads\/sites\/6\/2026\/09\/integration-des-nouveaux-eleves-au-lycee-pierre-gilles-de-gennes-gerardmer-demi-journee-de-cohesion-5.jpg 1436w\" sizes=\"(max-width: 224px) 100vw, 224px\" \/><\/a>Pour animer cette premi\u00e8re demi-journ\u00e9e de coh\u00e9sion, les \u00e9l\u00e8ves \u00e9taient invit\u00e9s \u00e0 participer par petits groupes \u00e0 une dizaine d\u2019ateliers, au sein du lyc\u00e9e mais aussi aux abords afin de leur faire d\u00e9couvrir l\u2019environnement dans lequel ils vont \u00e9voluer les 3 prochaines ann\u00e9es.<\/span><\/p>\n<p><span style=\"font-weight: 400;\">Les ateliers, qu\u2019ils soient sportifs ou plus intellectuels, ont permis aux \u00e9l\u00e8ves de faire connaissance, entre eux mais aussi avec leur professeur principal et tout le personnel du lyc\u00e9e : initiation au biathlon, jeu de piste et \u00e9nigmes, jeux math\u00e9matiques et logiques, d\u00e9fi de construction, challenge aviron, quizz g\u00e9r\u00f4mois, volley et d\u00e9fi photo. La matin\u00e9e de coh\u00e9sion s\u2019est cl\u00f4tur\u00e9e par un pique nique partag\u00e9 au parc du Trexeau, avec le m\u00eame objectif : \u201cfaire classe\u201d insiste le proviseur.\u00a0<\/span><\/p>\n<p>&nbsp;<\/p>\n\n\t\t<style type=\"text\/css\">\n\t\t\t#gallery-1 {\n\t\t\t\tmargin: auto;\n\t\t\t}\n\t\t\t#gallery-1 .gallery-item {\n\t\t\t\tfloat: left;\n\t\t\t\tmargin-top: 10px;\n\t\t\t\ttext-align: center;\n\t\t\t\twidth: 50%;\n\t\t\t}\n\t\t\t#gallery-1 img {\n\t\t\t\tborder: 2px solid #cfcfcf;\n\t\t\t}\n\t\t\t#gallery-1 .gallery-caption {\n\t\t\t\tmargin-left: 0;\n\t\t\t}\n\t\t\t\/* see gallery_shortcode() in wp-includes\/media.php *\/\n\t\t<\/style>\n\t\t<div id='gallery-1' class='gallery galleryid-95369 gallery-columns-2 gallery-size-medium'><dl class='gallery-item'>\n\t\t\t<dt class='gallery-icon portrait'>\n\t\t\t\t<a href='https:\/\/vosgesinfo.fr\/app\/uploads\/sites\/6\/2026\/09\/integration-des-nouveaux-eleves-au-lycee-pierre-gilles-de-gennes-gerardmer-demi-journee-de-cohesion-1.jpg'><img decoding=\"async\" width=\"224\" height=\"300\" src=\"https:\/\/vosgesinfo.fr\/app\/uploads\/sites\/6\/2026\/09\/integration-des-nouveaux-eleves-au-lycee-pierre-gilles-de-gennes-gerardmer-demi-journee-de-cohesion-1-224x300.jpg\" class=\"attachment-medium size-medium\" alt=\"\" srcset=\"https:\/\/vosgesinfo.fr\/app\/uploads\/sites\/6\/2026\/09\/integration-des-nouveaux-eleves-au-lycee-pierre-gilles-de-gennes-gerardmer-demi-journee-de-cohesion-1-224x300.jpg 224w, https:\/\/vosgesinfo.fr\/app\/uploads\/sites\/6\/2026\/09\/integration-des-nouveaux-eleves-au-lycee-pierre-gilles-de-gennes-gerardmer-demi-journee-de-cohesion-1-766x1024.jpg 766w, https:\/\/vosgesinfo.fr\/app\/uploads\/sites\/6\/2026\/09\/integration-des-nouveaux-eleves-au-lycee-pierre-gilles-de-gennes-gerardmer-demi-journee-de-cohesion-1-768x1027.jpg 768w, https:\/\/vosgesinfo.fr\/app\/uploads\/sites\/6\/2026\/09\/integration-des-nouveaux-eleves-au-lycee-pierre-gilles-de-gennes-gerardmer-demi-journee-de-cohesion-1-1149x1536.jpg 1149w, https:\/\/vosgesinfo.fr\/app\/uploads\/sites\/6\/2026\/09\/integration-des-nouveaux-eleves-au-lycee-pierre-gilles-de-gennes-gerardmer-demi-journee-de-cohesion-1.jpg 1436w\" sizes=\"(max-width: 224px) 100vw, 224px\" \/><\/a>\n\t\t\t<\/dt><\/dl><dl class='gallery-item'>\n\t\t\t<dt class='gallery-icon portrait'>\n\t\t\t\t<a href='https:\/\/vosgesinfo.fr\/app\/uploads\/sites\/6\/2026\/09\/integration-des-nouveaux-eleves-au-lycee-pierre-gilles-de-gennes-gerardmer-demi-journee-de-cohesion-13.jpg'><img decoding=\"async\" width=\"222\" height=\"300\" src=\"https:\/\/vosgesinfo.fr\/app\/uploads\/sites\/6\/2026\/09\/integration-des-nouveaux-eleves-au-lycee-pierre-gilles-de-gennes-gerardmer-demi-journee-de-cohesion-13-222x300.jpg\" class=\"attachment-medium size-medium\" alt=\"\" srcset=\"https:\/\/vosgesinfo.fr\/app\/uploads\/sites\/6\/2026\/09\/integration-des-nouveaux-eleves-au-lycee-pierre-gilles-de-gennes-gerardmer-demi-journee-de-cohesion-13-222x300.jpg 222w, https:\/\/vosgesinfo.fr\/app\/uploads\/sites\/6\/2026\/09\/integration-des-nouveaux-eleves-au-lycee-pierre-gilles-de-gennes-gerardmer-demi-journee-de-cohesion-13-758x1024.jpg 758w, https:\/\/vosgesinfo.fr\/app\/uploads\/sites\/6\/2026\/09\/integration-des-nouveaux-eleves-au-lycee-pierre-gilles-de-gennes-gerardmer-demi-journee-de-cohesion-13-768x1037.jpg 768w, https:\/\/vosgesinfo.fr\/app\/uploads\/sites\/6\/2026\/09\/integration-des-nouveaux-eleves-au-lycee-pierre-gilles-de-gennes-gerardmer-demi-journee-de-cohesion-13-1138x1536.jpg 1138w, https:\/\/vosgesinfo.fr\/app\/uploads\/sites\/6\/2026\/09\/integration-des-nouveaux-eleves-au-lycee-pierre-gilles-de-gennes-gerardmer-demi-journee-de-cohesion-13.jpg 1422w\" sizes=\"(max-width: 222px) 100vw, 222px\" \/><\/a>\n\t\t\t<\/dt><\/dl><br style=\"clear: both\" \/>\n\t\t<\/div>\n\n<p>&nbsp;<\/p>\n<p><span style=\"font-weight: 400;\">Cette ann\u00e9e encore les effectifs d\u2019\u00e9l\u00e8ves sont en hausse au lyc\u00e9e Pierre Gilles de Gennes : 326 ont fait leur rentr\u00e9e cette semaine, dont 12% de filles, surtout attir\u00e9es par les fili\u00e8res conduite et carrosserie\/peinture. L\u2019internat aussi affiche complet tant le bassin de recrutement du lyc\u00e9e est large.\u00a0<\/span><\/p>\n<p><span style=\"font-weight: 400;\">C\u00f4t\u00e9 profs, de nouveaux enseignants font aussi leur premi\u00e8re rentr\u00e9e \u00e0 Pierre Gilles de Gennes : Florian Weber, CPE ; Yolaine Prohlac, professeure d\u2019arts appliqu\u00e9s ; Virginie Hahnel, professeure de conduite ; Luc Garland, professeur d\u2019EPS ; Christophe Humbert et Eric Bataille, professeurs de maths\/sciences.<\/span><\/p>\n<p><span style=\"font-weight: 400;\">Le lyc\u00e9e Pierre Gilles de Gennes commence l\u2019ann\u00e9e avec de nombreux projets : r\u00e9novation \u00e9nerg\u00e9tique d\u2019un atelier, r\u00e9novation des salles de maths\/sciences, acquisition d\u2019un nouveau car, concours vid\u00e9o sur le th\u00e8me des EPI etc. Une rentr\u00e9e sur les chapeaux de roues.<\/span><\/p>\n<p>&nbsp;<\/p>\n","protected":false},"excerpt":{"rendered":"<p>Ce mercredi matin s\u2019est d\u00e9roul\u00e9e la premi\u00e8re partie de l\u2019int\u00e9gration des \u00e9l\u00e8ves de seconde au lyc\u00e9e Pierre Gilles de Gennes, [&hellip;]<\/p>\n","protected":false},"author":426,"featured_media":95385,"comment_status":"open","ping_status":"open","sticky":false,"template":"","format":"standard","meta":{"footnotes":""},"categories":[20,6,25,1],"tags":[8456],"class_list":["post-95369","post","type-post","status-publish","format-standard","has-post-thumbnail","hentry","category-a-la-une","category-education","category-gerardmer","category-non-classe","tag-lycee-professionnel-pierre-gilles-de-gennes"],"acf":[],"yoast_head":"<!-- This site is optimized with the Yoast SEO plugin v22.5 - https:\/\/yoast.com\/wordpress\/plugins\/seo\/ -->\n<title>Int\u00e9gration des nouveaux \u00e9l\u00e8ves au lyc\u00e9e Pierre Gilles de Gennes - Gerardmer Info<\/title>\n<meta name=\"robots\" content=\"index, follow, max-snippet:-1, max-image-preview:large, max-video-preview:-1\" \/>\n<link rel=\"canonical\" href=\"https:\/\/vosgesinfo.fr\/gerardmerinfo\/2026\/09\/integration-des-nouveaux-eleves-au-lycee-pierre-gilles-de-gennes\/\" \/>\n<meta name=\"twitter:card\" content=\"summary_large_image\" \/>\n<meta name=\"twitter:title\" content=\"Int\u00e9gration des nouveaux \u00e9l\u00e8ves au lyc\u00e9e Pierre Gilles de Gennes - Gerardmer Info\" \/>\n<meta name=\"twitter:description\" content=\"Ce mercredi matin s\u2019est d\u00e9roul\u00e9e la premi\u00e8re partie de l\u2019int\u00e9gration des \u00e9l\u00e8ves de seconde au lyc\u00e9e Pierre Gilles de Gennes, [&hellip;]\" \/>\n<meta name=\"twitter:image\" content=\"https:\/\/vosgesinfo.fr\/app\/uploads\/sites\/6\/2026\/09\/integration-des-nouveaux-eleves-au-lycee-pierre-gilles-de-gennes-gerardmer-demi-journee-de-cohesion-3.jpg\" \/>\n<meta name=\"twitter:creator\" content=\"@VosgesInfo88\" \/>\n<meta name=\"twitter:site\" content=\"@VosgesInfo88\" \/>\n<meta name=\"twitter:label1\" content=\"\u00c9crit par\" \/>\n\t<meta name=\"twitter:data1\" content=\"K.C\" \/>\n\t<meta name=\"twitter:label2\" content=\"Dur\u00e9e de lecture estim\u00e9e\" \/>\n\t<meta name=\"twitter:data2\" content=\"3 minutes\" \/>\n<script type=\"application\/ld+json\" class=\"yoast-schema-graph\">{\"@context\":\"https:\/\/schema.org\",\"@graph\":[{\"@type\":\"Article\",\"@id\":\"https:\/\/vosgesinfo.fr\/gerardmerinfo\/2026\/09\/integration-des-nouveaux-eleves-au-lycee-pierre-gilles-de-gennes\/#article\",\"isPartOf\":{\"@id\":\"https:\/\/vosgesinfo.fr\/gerardmerinfo\/2026\/09\/integration-des-nouveaux-eleves-au-lycee-pierre-gilles-de-gennes\/\"},\"author\":{\"name\":\"K.C\",\"@id\":\"https:\/\/vosgesinfo.fr\/gerardmerinfo\/#\/schema\/person\/ea69e5a7a3c4d9f79f236f9f72b0e22b\"},\"headline\":\"Int\u00e9gration des nouveaux \u00e9l\u00e8ves au lyc\u00e9e Pierre Gilles de Gennes\",\"datePublished\":\"2026-09-04T03:53:54+00:00\",\"dateModified\":\"2026-09-03T21:16:20+00:00\",\"mainEntityOfPage\":{\"@id\":\"https:\/\/vosgesinfo.fr\/gerardmerinfo\/2026\/09\/integration-des-nouveaux-eleves-au-lycee-pierre-gilles-de-gennes\/\"},\"wordCount\":454,\"commentCount\":0,\"publisher\":{\"@id\":\"https:\/\/vosgesinfo.fr\/gerardmerinfo\/#organization\"},\"image\":{\"@id\":\"https:\/\/vosgesinfo.fr\/gerardmerinfo\/2026\/09\/integration-des-nouveaux-eleves-au-lycee-pierre-gilles-de-gennes\/#primaryimage\"},\"thumbnailUrl\":\"https:\/\/vosgesinfo.fr\/app\/uploads\/sites\/6\/2026\/09\/integration-des-nouveaux-eleves-au-lycee-pierre-gilles-de-gennes-gerardmer-demi-journee-de-cohesion-3.jpg\",\"keywords\":[\"Lyc\u00e9e professionnel Pierre-Gilles de Gennes\"],\"articleSection\":[\"A la une\",\"\u00c9ducation\",\"G\u00e9rardmer\"],\"inLanguage\":\"fr-FR\",\"potentialAction\":[{\"@type\":\"CommentAction\",\"name\":\"Comment\",\"target\":[\"https:\/\/vosgesinfo.fr\/gerardmerinfo\/2026\/09\/integration-des-nouveaux-eleves-au-lycee-pierre-gilles-de-gennes\/#respond\"]}]},{\"@type\":\"WebPage\",\"@id\":\"https:\/\/vosgesinfo.fr\/gerardmerinfo\/2026\/09\/integration-des-nouveaux-eleves-au-lycee-pierre-gilles-de-gennes\/\",\"url\":\"https:\/\/vosgesinfo.fr\/gerardmerinfo\/2026\/09\/integration-des-nouveaux-eleves-au-lycee-pierre-gilles-de-gennes\/\",\"name\":\"Int\u00e9gration des nouveaux \u00e9l\u00e8ves au lyc\u00e9e Pierre Gilles de Gennes - Gerardmer Info\",\"isPartOf\":{\"@id\":\"https:\/\/vosgesinfo.fr\/gerardmerinfo\/#website\"},\"primaryImageOfPage\":{\"@id\":\"https:\/\/vosgesinfo.fr\/gerardmerinfo\/2026\/09\/integration-des-nouveaux-eleves-au-lycee-pierre-gilles-de-gennes\/#primaryimage\"},\"image\":{\"@id\":\"https:\/\/vosgesinfo.fr\/gerardmerinfo\/2026\/09\/integration-des-nouveaux-eleves-au-lycee-pierre-gilles-de-gennes\/#primaryimage\"},\"thumbnailUrl\":\"https:\/\/vosgesinfo.fr\/app\/uploads\/sites\/6\/2026\/09\/integration-des-nouveaux-eleves-au-lycee-pierre-gilles-de-gennes-gerardmer-demi-journee-de-cohesion-3.jpg\",\"datePublished\":\"2026-09-04T03:53:54+00:00\",\"dateModified\":\"2026-09-03T21:16:20+00:00\",\"breadcrumb\":{\"@id\":\"https:\/\/vosgesinfo.fr\/gerardmerinfo\/2026\/09\/integration-des-nouveaux-eleves-au-lycee-pierre-gilles-de-gennes\/#breadcrumb\"},\"inLanguage\":\"fr-FR\",\"potentialAction\":[{\"@type\":\"ReadAction\",\"target\":[\"https:\/\/vosgesinfo.fr\/gerardmerinfo\/2026\/09\/integration-des-nouveaux-eleves-au-lycee-pierre-gilles-de-gennes\/\"]}]},{\"@type\":\"ImageObject\",\"inLanguage\":\"fr-FR\",\"@id\":\"https:\/\/vosgesinfo.fr\/gerardmerinfo\/2026\/09\/integration-des-nouveaux-eleves-au-lycee-pierre-gilles-de-gennes\/#primaryimage\",\"url\":\"https:\/\/vosgesinfo.fr\/app\/uploads\/sites\/6\/2026\/09\/integration-des-nouveaux-eleves-au-lycee-pierre-gilles-de-gennes-gerardmer-demi-journee-de-cohesion-3.jpg\",\"contentUrl\":\"https:\/\/vosgesinfo.fr\/app\/uploads\/sites\/6\/2026\/09\/integration-des-nouveaux-eleves-au-lycee-pierre-gilles-de-gennes-gerardmer-demi-journee-de-cohesion-3.jpg\",\"width\":1920,\"height\":1440},{\"@type\":\"BreadcrumbList\",\"@id\":\"https:\/\/vosgesinfo.fr\/gerardmerinfo\/2026\/09\/integration-des-nouveaux-eleves-au-lycee-pierre-gilles-de-gennes\/#breadcrumb\",\"itemListElement\":[{\"@type\":\"ListItem\",\"position\":1,\"name\":\"Home\",\"item\":\"https:\/\/vosgesinfo.fr\/gerardmerinfo\/\"},{\"@type\":\"ListItem\",\"position\":2,\"name\":\"Int\u00e9gration des nouveaux \u00e9l\u00e8ves au lyc\u00e9e Pierre Gilles de Gennes\"}]},{\"@type\":\"WebSite\",\"@id\":\"https:\/\/vosgesinfo.fr\/gerardmerinfo\/#website\",\"url\":\"https:\/\/vosgesinfo.fr\/gerardmerinfo\/\",\"name\":\"Gerardmer Info\",\"description\":\"Toute l&#039;actualit\u00e9 de G\u00e9rardmer\",\"publisher\":{\"@id\":\"https:\/\/vosgesinfo.fr\/gerardmerinfo\/#organization\"},\"alternateName\":\"Toute l'actualit\u00e9 de G\u00e9rardmer\",\"potentialAction\":[{\"@type\":\"SearchAction\",\"target\":{\"@type\":\"EntryPoint\",\"urlTemplate\":\"https:\/\/vosgesinfo.fr\/gerardmerinfo\/?s={search_term_string}\"},\"query-input\":\"required name=search_term_string\"}],\"inLanguage\":\"fr-FR\"},{\"@type\":\"Organization\",\"@id\":\"https:\/\/vosgesinfo.fr\/gerardmerinfo\/#organization\",\"name\":\"Gerardmer Info\",\"url\":\"https:\/\/vosgesinfo.fr\/gerardmerinfo\/\",\"logo\":{\"@type\":\"ImageObject\",\"inLanguage\":\"fr-FR\",\"@id\":\"https:\/\/vosgesinfo.fr\/gerardmerinfo\/#\/schema\/logo\/image\/\",\"url\":\"https:\/\/vosgesinfo.fr\/app\/uploads\/sites\/6\/2023\/08\/favicon-gerardmerinfo.png\",\"contentUrl\":\"https:\/\/vosgesinfo.fr\/app\/uploads\/sites\/6\/2023\/08\/favicon-gerardmerinfo.png\",\"width\":512,\"height\":512,\"caption\":\"Gerardmer Info\"},\"image\":{\"@id\":\"https:\/\/vosgesinfo.fr\/gerardmerinfo\/#\/schema\/logo\/image\/\"},\"sameAs\":[\"https:\/\/www.facebook.com\/profile.php?id=100049475262660\",\"https:\/\/x.com\/VosgesInfo88\",\"https:\/\/www.youtube.com\/@vosgesinfo\"]},{\"@type\":\"Person\",\"@id\":\"https:\/\/vosgesinfo.fr\/gerardmerinfo\/#\/schema\/person\/ea69e5a7a3c4d9f79f236f9f72b0e22b\",\"name\":\"K.C\",\"image\":{\"@type\":\"ImageObject\",\"inLanguage\":\"fr-FR\",\"@id\":\"https:\/\/vosgesinfo.fr\/gerardmerinfo\/#\/schema\/person\/image\/\",\"url\":\"https:\/\/secure.gravatar.com\/avatar\/6f57fdd64093a73424eb4a0c5214959a8a73899d5c61233a770e83f40a7cfe6f?s=96&d=mm&r=g\",\"contentUrl\":\"https:\/\/secure.gravatar.com\/avatar\/6f57fdd64093a73424eb4a0c5214959a8a73899d5c61233a770e83f40a7cfe6f?s=96&d=mm&r=g\",\"caption\":\"K.C\"},\"url\":\"https:\/\/vosgesinfo.fr\/gerardmerinfo\/author\/viclemie\/\"}]}<\/script>\n<!-- \/ Yoast SEO plugin. -->","yoast_head_json":{"title":"Int\u00e9gration des nouveaux \u00e9l\u00e8ves au lyc\u00e9e Pierre Gilles de Gennes - Gerardmer Info","robots":{"index":"index","follow":"follow","max-snippet":"max-snippet:-1","max-image-preview":"max-image-preview:large","max-video-preview":"max-video-preview:-1"},"canonical":"https:\/\/vosgesinfo.fr\/gerardmerinfo\/2026\/09\/integration-des-nouveaux-eleves-au-lycee-pierre-gilles-de-gennes\/","twitter_card":"summary_large_image","twitter_title":"Int\u00e9gration des nouveaux \u00e9l\u00e8ves au lyc\u00e9e Pierre Gilles de Gennes - Gerardmer Info","twitter_description":"Ce mercredi matin s\u2019est d\u00e9roul\u00e9e la premi\u00e8re partie de l\u2019int\u00e9gration des \u00e9l\u00e8ves de seconde au lyc\u00e9e Pierre Gilles de Gennes, [&hellip;]","twitter_image":"https:\/\/vosgesinfo.fr\/app\/uploads\/sites\/6\/2026\/09\/integration-des-nouveaux-eleves-au-lycee-pierre-gilles-de-gennes-gerardmer-demi-journee-de-cohesion-3.jpg","twitter_creator":"@VosgesInfo88","twitter_site":"@VosgesInfo88","twitter_misc":{"\u00c9crit par":"K.C","Dur\u00e9e de lecture estim\u00e9e":"3 minutes"},"schema":{"@context":"https:\/\/schema.org","@graph":[{"@type":"Article","@id":"https:\/\/vosgesinfo.fr\/gerardmerinfo\/2026\/09\/integration-des-nouveaux-eleves-au-lycee-pierre-gilles-de-gennes\/#article","isPartOf":{"@id":"https:\/\/vosgesinfo.fr\/gerardmerinfo\/2026\/09\/integration-des-nouveaux-eleves-au-lycee-pierre-gilles-de-gennes\/"},"author":{"name":"K.C","@id":"https:\/\/vosgesinfo.fr\/gerardmerinfo\/#\/schema\/person\/ea69e5a7a3c4d9f79f236f9f72b0e22b"},"headline":"Int\u00e9gration des nouveaux \u00e9l\u00e8ves au lyc\u00e9e Pierre Gilles de Gennes","datePublished":"2026-09-04T03:53:54+00:00","dateModified":"2026-09-03T21:16:20+00:00","mainEntityOfPage":{"@id":"https:\/\/vosgesinfo.fr\/gerardmerinfo\/2026\/09\/integration-des-nouveaux-eleves-au-lycee-pierre-gilles-de-gennes\/"},"wordCount":454,"commentCount":0,"publisher":{"@id":"https:\/\/vosgesinfo.fr\/gerardmerinfo\/#organization"},"image":{"@id":"https:\/\/vosgesinfo.fr\/gerardmerinfo\/2026\/09\/integration-des-nouveaux-eleves-au-lycee-pierre-gilles-de-gennes\/#primaryimage"},"thumbnailUrl":"https:\/\/vosgesinfo.fr\/app\/uploads\/sites\/6\/2026\/09\/integration-des-nouveaux-eleves-au-lycee-pierre-gilles-de-gennes-gerardmer-demi-journee-de-cohesion-3.jpg","keywords":["Lyc\u00e9e professionnel Pierre-Gilles de Gennes"],"articleSection":["A la une","\u00c9ducation","G\u00e9rardmer"],"inLanguage":"fr-FR","potentialAction":[{"@type":"CommentAction","name":"Comment","target":["https:\/\/vosgesinfo.fr\/gerardmerinfo\/2026\/09\/integration-des-nouveaux-eleves-au-lycee-pierre-gilles-de-gennes\/#respond"]}]},{"@type":"WebPage","@id":"https:\/\/vosgesinfo.fr\/gerardmerinfo\/2026\/09\/integration-des-nouveaux-eleves-au-lycee-pierre-gilles-de-gennes\/","url":"https:\/\/vosgesinfo.fr\/gerardmerinfo\/2026\/09\/integration-des-nouveaux-eleves-au-lycee-pierre-gilles-de-gennes\/","name":"Int\u00e9gration des nouveaux \u00e9l\u00e8ves au lyc\u00e9e Pierre Gilles de Gennes - Gerardmer Info","isPartOf":{"@id":"https:\/\/vosgesinfo.fr\/gerardmerinfo\/#website"},"primaryImageOfPage":{"@id":"https:\/\/vosgesinfo.fr\/gerardmerinfo\/2026\/09\/integration-des-nouveaux-eleves-au-lycee-pierre-gilles-de-gennes\/#primaryimage"},"image":{"@id":"https:\/\/vosgesinfo.fr\/gerardmerinfo\/2026\/09\/integration-des-nouveaux-eleves-au-lycee-pierre-gilles-de-gennes\/#primaryimage"},"thumbnailUrl":"https:\/\/vosgesinfo.fr\/app\/uploads\/sites\/6\/2026\/09\/integration-des-nouveaux-eleves-au-lycee-pierre-gilles-de-gennes-gerardmer-demi-journee-de-cohesion-3.jpg","datePublished":"2026-09-04T03:53:54+00:00","dateModified":"2026-09-03T21:16:20+00:00","breadcrumb":{"@id":"https:\/\/vosgesinfo.fr\/gerardmerinfo\/2026\/09\/integration-des-nouveaux-eleves-au-lycee-pierre-gilles-de-gennes\/#breadcrumb"},"inLanguage":"fr-FR","potentialAction":[{"@type":"ReadAction","target":["https:\/\/vosgesinfo.fr\/gerardmerinfo\/2026\/09\/integration-des-nouveaux-eleves-au-lycee-pierre-gilles-de-gennes\/"]}]},{"@type":"ImageObject","inLanguage":"fr-FR","@id":"https:\/\/vosgesinfo.fr\/gerardmerinfo\/2026\/09\/integration-des-nouveaux-eleves-au-lycee-pierre-gilles-de-gennes\/#primaryimage","url":"https:\/\/vosgesinfo.fr\/app\/uploads\/sites\/6\/2026\/09\/integration-des-nouveaux-eleves-au-lycee-pierre-gilles-de-gennes-gerardmer-demi-journee-de-cohesion-3.jpg","contentUrl":"https:\/\/vosgesinfo.fr\/app\/uploads\/sites\/6\/2026\/09\/integration-des-nouveaux-eleves-au-lycee-pierre-gilles-de-gennes-gerardmer-demi-journee-de-cohesion-3.jpg","width":1920,"height":1440},{"@type":"BreadcrumbList","@id":"https:\/\/vosgesinfo.fr\/gerardmerinfo\/2026\/09\/integration-des-nouveaux-eleves-au-lycee-pierre-gilles-de-gennes\/#breadcrumb","itemListElement":[{"@type":"ListItem","position":1,"name":"Home","item":"https:\/\/vosgesinfo.fr\/gerardmerinfo\/"},{"@type":"ListItem","position":2,"name":"Int\u00e9gration des nouveaux \u00e9l\u00e8ves au lyc\u00e9e Pierre Gilles de Gennes"}]},{"@type":"WebSite","@id":"https:\/\/vosgesinfo.fr\/gerardmerinfo\/#website","url":"https:\/\/vosgesinfo.fr\/gerardmerinfo\/","name":"Gerardmer Info","description":"Toute l&#039;actualit\u00e9 de G\u00e9rardmer","publisher":{"@id":"https:\/\/vosgesinfo.fr\/gerardmerinfo\/#organization"},"alternateName":"Toute l'actualit\u00e9 de G\u00e9rardmer","potentialAction":[{"@type":"SearchAction","target":{"@type":"EntryPoint","urlTemplate":"https:\/\/vosgesinfo.fr\/gerardmerinfo\/?s={search_term_string}"},"query-input":"required name=search_term_string"}],"inLanguage":"fr-FR"},{"@type":"Organization","@id":"https:\/\/vosgesinfo.fr\/gerardmerinfo\/#organization","name":"Gerardmer Info","url":"https:\/\/vosgesinfo.fr\/gerardmerinfo\/","logo":{"@type":"ImageObject","inLanguage":"fr-FR","@id":"https:\/\/vosgesinfo.fr\/gerardmerinfo\/#\/schema\/logo\/image\/","url":"https:\/\/vosgesinfo.fr\/app\/uploads\/sites\/6\/2023\/08\/favicon-gerardmerinfo.png","contentUrl":"https:\/\/vosgesinfo.fr\/app\/uploads\/sites\/6\/2023\/08\/favicon-gerardmerinfo.png","width":512,"height":512,"caption":"Gerardmer Info"},"image":{"@id":"https:\/\/vosgesinfo.fr\/gerardmerinfo\/#\/schema\/logo\/image\/"},"sameAs":["https:\/\/www.facebook.com\/profile.php?id=100049475262660","https:\/\/x.com\/VosgesInfo88","https:\/\/www.youtube.com\/@vosgesinfo"]},{"@type":"Person","@id":"https:\/\/vosgesinfo.fr\/gerardmerinfo\/#\/schema\/person\/ea69e5a7a3c4d9f79f236f9f72b0e22b","name":"K.C","image":{"@type":"ImageObject","inLanguage":"fr-FR","@id":"https:\/\/vosgesinfo.fr\/gerardmerinfo\/#\/schema\/person\/image\/","url":"https:\/\/secure.gravatar.com\/avatar\/6f57fdd64093a73424eb4a0c5214959a8a73899d5c61233a770e83f40a7cfe6f?s=96&d=mm&r=g","contentUrl":"https:\/\/secure.gravatar.com\/avatar\/6f57fdd64093a73424eb4a0c5214959a8a73899d5c61233a770e83f40a7cfe6f?s=96&d=mm&r=g","caption":"K.C"},"url":"https:\/\/vosgesinfo.fr\/gerardmerinfo\/author\/viclemie\/"}]}},"_links":{"self":[{"href":"https:\/\/vosgesinfo.fr\/gerardmerinfo\/wp-json\/wp\/v2\/posts\/95369","targetHints":{"allow":["GET"]}}],"collection":[{"href":"https:\/\/vosgesinfo.fr\/gerardmerinfo\/wp-json\/wp\/v2\/posts"}],"about":[{"href":"https:\/\/vosgesinfo.fr\/gerardmerinfo\/wp-json\/wp\/v2\/types\/post"}],"author":[{"embeddable":true,"href":"https:\/\/vosgesinfo.fr\/gerardmerinfo\/wp-json\/wp\/v2\/users\/426"}],"replies":[{"embeddable":true,"href":"https:\/\/vosgesinfo.fr\/gerardmerinfo\/wp-json\/wp\/v2\/comments?post=95369"}],"version-history":[{"count":5,"href":"https:\/\/vosgesinfo.fr\/gerardmerinfo\/wp-json\/wp\/v2\/posts\/95369\/revisions"}],"predecessor-version":[{"id":95392,"href":"https:\/\/vosgesinfo.fr\/gerardmerinfo\/wp-json\/wp\/v2\/posts\/95369\/revisions\/95392"}],"wp:featuredmedia":[{"embeddable":true,"href":"https:\/\/vosgesinfo.fr\/gerardmerinfo\/wp-json\/wp\/v2\/media\/95385"}],"wp:attachment":[{"href":"https:\/\/vosgesinfo.fr\/gerardmerinfo\/wp-json\/wp\/v2\/media?parent=95369"}],"wp:term":[{"taxonomy":"category","embeddable":true,"href":"https:\/\/vosgesinfo.fr\/gerardmerinfo\/wp-json\/wp\/v2\/categories?post=95369"},{"taxonomy":"post_tag","embeddable":true,"href":"https:\/\/vosgesinfo.fr\/gerardmerinfo\/wp-json\/wp\/v2\/tags?post=95369"}],"curies":[{"name":"wp","href":"https:\/\/api.w.org\/{rel}","templated":true}]}}