{"id":95380,"date":"2026-09-03T18:13:00","date_gmt":"2026-09-03T16:13:00","guid":{"rendered":"https:\/\/vosgesinfo.fr\/gerardmerinfo\/?p=95380"},"modified":"2026-09-03T18:13:00","modified_gmt":"2026-09-03T16:13:00","slug":"deces-de-m-raymond-schmitt","status":"publish","type":"post","link":"https:\/\/vosgesinfo.fr\/gerardmerinfo\/2026\/09\/deces-de-m-raymond-schmitt\/","title":{"rendered":"D\u00e9c\u00e8s de M. Raymond Schmitt"},"content":{"rendered":"<p data-id=\"dvIubQ\">\n<p data-id=\"dvIubQ\"><a href=\"https:\/\/vosgesinfo.fr\/app\/uploads\/sites\/6\/2026\/09\/2026-photo-raymond-schmitt.jpg\"><img decoding=\"async\" class=\"aligncenter size-full wp-image-95381\" src=\"https:\/\/vosgesinfo.fr\/app\/uploads\/sites\/6\/2026\/09\/2026-photo-raymond-schmitt.jpg\" alt=\"\" width=\"229\" height=\"216\" \/><\/a><\/p>\n<p data-id=\"dvIubQ\">Qui ne connait pas Raymond Schmitt\u00a0? Apr\u00e8s la 3\u1d49 au coll\u00e8ge moderne de G\u00e9rardmer, il est entr\u00e9 rapidement dans la vie active, bien qu\u2019un de ses professeurs soit intervenu aupr\u00e8s de ses parents pour qu\u2019il continue ses \u00e9tudes.<\/p>\n<p data-id=\"c9dnL3\">Dans le bois et les jouets chez Simonin-Cuny, dans le plastique \u00e0 Lam France, puis dans l\u2019industrie automobile \u00e0 St-Di\u00e9, il est revenu \u00e0 ses premiers amours, le bois aux \u00c9ts Houot, et il a continu\u00e9 \u00e0 la retraite dans son garage en faisant surtout, d\u2019apr\u00e8s son \u00e9pouse, beaucoup de poussi\u00e8re.<\/p>\n<p data-id=\"hoA7tp\">Tr\u00e8s jeune, il \u00e9tait engag\u00e9 dans le sport, le ski alpin et nordique, et s\u2019est tr\u00e8s vite impliqu\u00e9 dans les organisations de concours et investi dans la grande maison qu\u2019est l\u2019ASG en tant que tr\u00e9sorier g\u00e9n\u00e9ral. Tout cela lui a permis d\u2019acc\u00e9der \u00e0 la prestigieuse \u00c9cole de haute montagne \u00e0 Chamonix o\u00f9 il a fait partie de la patrouille championne de France en 1952.<\/p>\n<p data-id=\"iRSbEU\">\u00c0 son retour \u00e0 la vie civile, il unit sa destin\u00e9e \u00e0 une grande sportive, Denise Weill, qu\u2019il a malheureusement transform\u00e9e rapidement en infirmi\u00e8re tr\u00e8s d\u00e9vou\u00e9e \u00e0 la suite d\u2019un terrible accident de comp\u00e9tition de ski alpin qui l\u2019a immobilis\u00e9 pendant de longs mois. Gr\u00e2ce \u00e0 sa famille, \u00e0 son entourage et ses amis, sa r\u00e9\u00e9ducation a \u00e9t\u00e9 rapide en faisant du p\u00e9dalo, du tennis et de la voile.<\/p>\n<p data-id=\"qn4op9\">Deux filles sont venues lui apporter beaucoup de bonheur. L\u2019a\u00een\u00e9e, apr\u00e8s de brillantes \u00e9tudes et par son mariage avec Ari, a entra\u00een\u00e9 ses parents dans de nombreux voyages dans le monde entier, Quant \u00e0 la cadette infirmi\u00e8re, son go\u00fbt pour le sport, elle les a oblig\u00e9s \u00e0 garder une assez bonne forme physique. Ils ont pu profiter tr\u00e8s longtemps de leur petit-fils IAN en lui faisant d\u00e9couvrir une grande partie de la France, de la Suisse et de l\u2019Allemagne pendant les vacances d\u2019\u00e9t\u00e9.<\/p>\n<p data-id=\"8Utuw6\">Amoureux de la montagne en tout genre, randonn\u00e9es, escalade, ski de rando, il fut pr\u00e9sident du Club alpin des Hautes-Vosges pendant 10 ans et \u00e0 la base de l\u2019am\u00e9lioration du refuge du Grand Ventron. Il a aussi fait partie de l\u2019ESF de G\u00e9rardmer o\u00f9 il enseignait temporairement. Dans le cadre du CAF, il a continu\u00e9 le jumelage CAF-DAV de Friedrichshafen avec pour devise : pour l\u2019amiti\u00e9 par la montagne. Il a profit\u00e9 de la nature en faisant beaucoup de grands voyages, surtout dans les pays nordiques, en camping d\u2019abord puis avec son camping-car.<\/p>\n<p data-id=\"tIXpj0\">Il a fait partie de la petite \u00e9quipe qui a cr\u00e9\u00e9 l\u2019AGSH dont le but \u00e9tait la cr\u00e9ation des remont\u00e9es m\u00e9caniques de G\u00e9rardmer. Tr\u00e9sorier de longues ann\u00e9es, puis pr\u00e9sident, il a su continuer \u00e0 g\u00e9rer en bon p\u00e8re de famille le patrimoine et a subventionn\u00e9 largement presque toutes les associations sportives ou culturelles de G\u00e9rardmer.<\/p>\n<p data-id=\"I9t6dy\">D\u2019un caract\u00e8re joyeux et optimiste, il a eu une vie bien remplie au service de sa famille, de sa collectivit\u00e9 et de ses amis.<\/p>\n<p data-id=\"qKJDiH\">Alors bon voyage.<\/p>\n<p data-id=\"qKJDiH\">\n<p data-id=\"qKJDiH\">Un livre de condol\u00e9ances est ouvert sur www.pompes-funebres-marchal.fr<\/p>\n","protected":false},"excerpt":{"rendered":"<p>Qui ne connait pas Raymond Schmitt\u00a0? Apr\u00e8s la 3\u1d49 au coll\u00e8ge moderne de G\u00e9rardmer, il est entr\u00e9 rapidement dans la [&hellip;]<\/p>\n","protected":false},"author":42,"featured_media":74104,"comment_status":"open","ping_status":"open","sticky":false,"template":"","format":"standard","meta":{"footnotes":""},"categories":[20,25,5647,9,43],"tags":[],"class_list":["post-95380","post","type-post","status-publish","format-standard","has-post-thumbnail","hentry","category-a-la-une","category-gerardmer","category-gerardmer-autres-sites","category-necro","category-necrologie"],"acf":[],"yoast_head":"<!-- This site is optimized with the Yoast SEO plugin v22.5 - https:\/\/yoast.com\/wordpress\/plugins\/seo\/ -->\n<title>D\u00e9c\u00e8s de M. Raymond Schmitt - Gerardmer Info<\/title>\n<meta name=\"robots\" content=\"index, follow, max-snippet:-1, max-image-preview:large, max-video-preview:-1\" \/>\n<link rel=\"canonical\" href=\"https:\/\/vosgesinfo.fr\/gerardmerinfo\/?p=95380\" \/>\n<meta name=\"twitter:card\" content=\"summary_large_image\" \/>\n<meta name=\"twitter:title\" content=\"D\u00e9c\u00e8s de M. Raymond Schmitt - Gerardmer Info\" \/>\n<meta name=\"twitter:description\" content=\"Qui ne connait pas Raymond Schmitt\u00a0? Apr\u00e8s la 3\u1d49 au coll\u00e8ge moderne de G\u00e9rardmer, il est entr\u00e9 rapidement dans la [&hellip;]\" \/>\n<meta name=\"twitter:image\" content=\"https:\/\/vosgesinfo.fr\/app\/uploads\/sites\/6\/2026\/09\/2026-photo-raymond-schmitt.jpg\" \/>\n<meta name=\"twitter:creator\" content=\"@VosgesInfo88\" \/>\n<meta name=\"twitter:site\" content=\"@VosgesInfo88\" \/>\n<meta name=\"twitter:label1\" content=\"\u00c9crit par\" \/>\n\t<meta name=\"twitter:data1\" content=\"QG\" \/>\n\t<meta name=\"twitter:label2\" content=\"Dur\u00e9e de lecture estim\u00e9e\" \/>\n\t<meta name=\"twitter:data2\" content=\"3 minutes\" \/>\n<script type=\"application\/ld+json\" class=\"yoast-schema-graph\">{\"@context\":\"https:\/\/schema.org\",\"@graph\":[{\"@type\":\"Article\",\"@id\":\"https:\/\/vosgesinfo.fr\/gerardmerinfo\/?p=95380#article\",\"isPartOf\":{\"@id\":\"https:\/\/vosgesinfo.fr\/gerardmerinfo\/?p=95380\"},\"author\":{\"name\":\"QG\",\"@id\":\"https:\/\/vosgesinfo.fr\/gerardmerinfo\/#\/schema\/person\/db5605779a843dad16b5368f3e7613a5\"},\"headline\":\"D\u00e9c\u00e8s de M. Raymond Schmitt\",\"datePublished\":\"2026-09-03T16:13:00+00:00\",\"dateModified\":\"2026-09-03T16:13:00+00:00\",\"mainEntityOfPage\":{\"@id\":\"https:\/\/vosgesinfo.fr\/gerardmerinfo\/?p=95380\"},\"wordCount\":544,\"commentCount\":0,\"publisher\":{\"@id\":\"https:\/\/vosgesinfo.fr\/gerardmerinfo\/#organization\"},\"image\":{\"@id\":\"https:\/\/vosgesinfo.fr\/gerardmerinfo\/?p=95380#primaryimage\"},\"thumbnailUrl\":\"https:\/\/vosgesinfo.fr\/app\/uploads\/sites\/6\/2025\/02\/remerciements.jpg\",\"articleSection\":[\"A la une\",\"G\u00e9rardmer\",\"Gerardmer\",\"N\u00e9cro\",\"N\u00e9crologie\"],\"inLanguage\":\"fr-FR\",\"potentialAction\":[{\"@type\":\"CommentAction\",\"name\":\"Comment\",\"target\":[\"https:\/\/vosgesinfo.fr\/gerardmerinfo\/?p=95380#respond\"]}]},{\"@type\":\"WebPage\",\"@id\":\"https:\/\/vosgesinfo.fr\/gerardmerinfo\/?p=95380\",\"url\":\"https:\/\/vosgesinfo.fr\/gerardmerinfo\/?p=95380\",\"name\":\"D\u00e9c\u00e8s de M. Raymond Schmitt - Gerardmer Info\",\"isPartOf\":{\"@id\":\"https:\/\/vosgesinfo.fr\/gerardmerinfo\/#website\"},\"primaryImageOfPage\":{\"@id\":\"https:\/\/vosgesinfo.fr\/gerardmerinfo\/?p=95380#primaryimage\"},\"image\":{\"@id\":\"https:\/\/vosgesinfo.fr\/gerardmerinfo\/?p=95380#primaryimage\"},\"thumbnailUrl\":\"https:\/\/vosgesinfo.fr\/app\/uploads\/sites\/6\/2025\/02\/remerciements.jpg\",\"datePublished\":\"2026-09-03T16:13:00+00:00\",\"dateModified\":\"2026-09-03T16:13:00+00:00\",\"breadcrumb\":{\"@id\":\"https:\/\/vosgesinfo.fr\/gerardmerinfo\/?p=95380#breadcrumb\"},\"inLanguage\":\"fr-FR\",\"potentialAction\":[{\"@type\":\"ReadAction\",\"target\":[\"https:\/\/vosgesinfo.fr\/gerardmerinfo\/?p=95380\"]}]},{\"@type\":\"ImageObject\",\"inLanguage\":\"fr-FR\",\"@id\":\"https:\/\/vosgesinfo.fr\/gerardmerinfo\/?p=95380#primaryimage\",\"url\":\"https:\/\/vosgesinfo.fr\/app\/uploads\/sites\/6\/2025\/02\/remerciements.jpg\",\"contentUrl\":\"https:\/\/vosgesinfo.fr\/app\/uploads\/sites\/6\/2025\/02\/remerciements.jpg\",\"width\":612,\"height\":408,\"caption\":\"Lily flower on the dark background. Condolence card. Empty place for a text.\"},{\"@type\":\"BreadcrumbList\",\"@id\":\"https:\/\/vosgesinfo.fr\/gerardmerinfo\/?p=95380#breadcrumb\",\"itemListElement\":[{\"@type\":\"ListItem\",\"position\":1,\"name\":\"Home\",\"item\":\"https:\/\/vosgesinfo.fr\/gerardmerinfo\/\"},{\"@type\":\"ListItem\",\"position\":2,\"name\":\"D\u00e9c\u00e8s de M. Raymond Schmit\"}]},{\"@type\":\"WebSite\",\"@id\":\"https:\/\/vosgesinfo.fr\/gerardmerinfo\/#website\",\"url\":\"https:\/\/vosgesinfo.fr\/gerardmerinfo\/\",\"name\":\"Gerardmer Info\",\"description\":\"Toute l&#039;actualit\u00e9 de G\u00e9rardmer\",\"publisher\":{\"@id\":\"https:\/\/vosgesinfo.fr\/gerardmerinfo\/#organization\"},\"alternateName\":\"Toute l'actualit\u00e9 de G\u00e9rardmer\",\"potentialAction\":[{\"@type\":\"SearchAction\",\"target\":{\"@type\":\"EntryPoint\",\"urlTemplate\":\"https:\/\/vosgesinfo.fr\/gerardmerinfo\/?s={search_term_string}\"},\"query-input\":\"required name=search_term_string\"}],\"inLanguage\":\"fr-FR\"},{\"@type\":\"Organization\",\"@id\":\"https:\/\/vosgesinfo.fr\/gerardmerinfo\/#organization\",\"name\":\"Gerardmer Info\",\"url\":\"https:\/\/vosgesinfo.fr\/gerardmerinfo\/\",\"logo\":{\"@type\":\"ImageObject\",\"inLanguage\":\"fr-FR\",\"@id\":\"https:\/\/vosgesinfo.fr\/gerardmerinfo\/#\/schema\/logo\/image\/\",\"url\":\"https:\/\/vosgesinfo.fr\/app\/uploads\/sites\/6\/2023\/08\/favicon-gerardmerinfo.png\",\"contentUrl\":\"https:\/\/vosgesinfo.fr\/app\/uploads\/sites\/6\/2023\/08\/favicon-gerardmerinfo.png\",\"width\":512,\"height\":512,\"caption\":\"Gerardmer Info\"},\"image\":{\"@id\":\"https:\/\/vosgesinfo.fr\/gerardmerinfo\/#\/schema\/logo\/image\/\"},\"sameAs\":[\"https:\/\/www.facebook.com\/profile.php?id=100049475262660\",\"https:\/\/x.com\/VosgesInfo88\",\"https:\/\/www.youtube.com\/@vosgesinfo\"]},{\"@type\":\"Person\",\"@id\":\"https:\/\/vosgesinfo.fr\/gerardmerinfo\/#\/schema\/person\/db5605779a843dad16b5368f3e7613a5\",\"name\":\"QG\",\"image\":{\"@type\":\"ImageObject\",\"inLanguage\":\"fr-FR\",\"@id\":\"https:\/\/vosgesinfo.fr\/gerardmerinfo\/#\/schema\/person\/image\/\",\"url\":\"https:\/\/secure.gravatar.com\/avatar\/ea80c42c204b534408512832fde52504ecabb9706bcb6151cf6175e5b64e6793?s=96&d=mm&r=g\",\"contentUrl\":\"https:\/\/secure.gravatar.com\/avatar\/ea80c42c204b534408512832fde52504ecabb9706bcb6151cf6175e5b64e6793?s=96&d=mm&r=g\",\"caption\":\"QG\"},\"url\":\"https:\/\/vosgesinfo.fr\/gerardmerinfo\/author\/quentin88\/\"}]}<\/script>\n<!-- \/ Yoast SEO plugin. -->","yoast_head_json":{"title":"D\u00e9c\u00e8s de M. Raymond Schmitt - Gerardmer Info","robots":{"index":"index","follow":"follow","max-snippet":"max-snippet:-1","max-image-preview":"max-image-preview:large","max-video-preview":"max-video-preview:-1"},"canonical":"https:\/\/vosgesinfo.fr\/gerardmerinfo\/?p=95380","twitter_card":"summary_large_image","twitter_title":"D\u00e9c\u00e8s de M. Raymond Schmitt - Gerardmer Info","twitter_description":"Qui ne connait pas Raymond Schmitt\u00a0? Apr\u00e8s la 3\u1d49 au coll\u00e8ge moderne de G\u00e9rardmer, il est entr\u00e9 rapidement dans la [&hellip;]","twitter_image":"https:\/\/vosgesinfo.fr\/app\/uploads\/sites\/6\/2026\/09\/2026-photo-raymond-schmitt.jpg","twitter_creator":"@VosgesInfo88","twitter_site":"@VosgesInfo88","twitter_misc":{"\u00c9crit par":"QG","Dur\u00e9e de lecture estim\u00e9e":"3 minutes"},"schema":{"@context":"https:\/\/schema.org","@graph":[{"@type":"Article","@id":"https:\/\/vosgesinfo.fr\/gerardmerinfo\/?p=95380#article","isPartOf":{"@id":"https:\/\/vosgesinfo.fr\/gerardmerinfo\/?p=95380"},"author":{"name":"QG","@id":"https:\/\/vosgesinfo.fr\/gerardmerinfo\/#\/schema\/person\/db5605779a843dad16b5368f3e7613a5"},"headline":"D\u00e9c\u00e8s de M. Raymond Schmitt","datePublished":"2026-09-03T16:13:00+00:00","dateModified":"2026-09-03T16:13:00+00:00","mainEntityOfPage":{"@id":"https:\/\/vosgesinfo.fr\/gerardmerinfo\/?p=95380"},"wordCount":544,"commentCount":0,"publisher":{"@id":"https:\/\/vosgesinfo.fr\/gerardmerinfo\/#organization"},"image":{"@id":"https:\/\/vosgesinfo.fr\/gerardmerinfo\/?p=95380#primaryimage"},"thumbnailUrl":"https:\/\/vosgesinfo.fr\/app\/uploads\/sites\/6\/2025\/02\/remerciements.jpg","articleSection":["A la une","G\u00e9rardmer","Gerardmer","N\u00e9cro","N\u00e9crologie"],"inLanguage":"fr-FR","potentialAction":[{"@type":"CommentAction","name":"Comment","target":["https:\/\/vosgesinfo.fr\/gerardmerinfo\/?p=95380#respond"]}]},{"@type":"WebPage","@id":"https:\/\/vosgesinfo.fr\/gerardmerinfo\/?p=95380","url":"https:\/\/vosgesinfo.fr\/gerardmerinfo\/?p=95380","name":"D\u00e9c\u00e8s de M. Raymond Schmitt - Gerardmer Info","isPartOf":{"@id":"https:\/\/vosgesinfo.fr\/gerardmerinfo\/#website"},"primaryImageOfPage":{"@id":"https:\/\/vosgesinfo.fr\/gerardmerinfo\/?p=95380#primaryimage"},"image":{"@id":"https:\/\/vosgesinfo.fr\/gerardmerinfo\/?p=95380#primaryimage"},"thumbnailUrl":"https:\/\/vosgesinfo.fr\/app\/uploads\/sites\/6\/2025\/02\/remerciements.jpg","datePublished":"2026-09-03T16:13:00+00:00","dateModified":"2026-09-03T16:13:00+00:00","breadcrumb":{"@id":"https:\/\/vosgesinfo.fr\/gerardmerinfo\/?p=95380#breadcrumb"},"inLanguage":"fr-FR","potentialAction":[{"@type":"ReadAction","target":["https:\/\/vosgesinfo.fr\/gerardmerinfo\/?p=95380"]}]},{"@type":"ImageObject","inLanguage":"fr-FR","@id":"https:\/\/vosgesinfo.fr\/gerardmerinfo\/?p=95380#primaryimage","url":"https:\/\/vosgesinfo.fr\/app\/uploads\/sites\/6\/2025\/02\/remerciements.jpg","contentUrl":"https:\/\/vosgesinfo.fr\/app\/uploads\/sites\/6\/2025\/02\/remerciements.jpg","width":612,"height":408,"caption":"Lily flower on the dark background. Condolence card. Empty place for a text."},{"@type":"BreadcrumbList","@id":"https:\/\/vosgesinfo.fr\/gerardmerinfo\/?p=95380#breadcrumb","itemListElement":[{"@type":"ListItem","position":1,"name":"Home","item":"https:\/\/vosgesinfo.fr\/gerardmerinfo\/"},{"@type":"ListItem","position":2,"name":"D\u00e9c\u00e8s de M. Raymond Schmit"}]},{"@type":"WebSite","@id":"https:\/\/vosgesinfo.fr\/gerardmerinfo\/#website","url":"https:\/\/vosgesinfo.fr\/gerardmerinfo\/","name":"Gerardmer Info","description":"Toute l&#039;actualit\u00e9 de G\u00e9rardmer","publisher":{"@id":"https:\/\/vosgesinfo.fr\/gerardmerinfo\/#organization"},"alternateName":"Toute l'actualit\u00e9 de G\u00e9rardmer","potentialAction":[{"@type":"SearchAction","target":{"@type":"EntryPoint","urlTemplate":"https:\/\/vosgesinfo.fr\/gerardmerinfo\/?s={search_term_string}"},"query-input":"required name=search_term_string"}],"inLanguage":"fr-FR"},{"@type":"Organization","@id":"https:\/\/vosgesinfo.fr\/gerardmerinfo\/#organization","name":"Gerardmer Info","url":"https:\/\/vosgesinfo.fr\/gerardmerinfo\/","logo":{"@type":"ImageObject","inLanguage":"fr-FR","@id":"https:\/\/vosgesinfo.fr\/gerardmerinfo\/#\/schema\/logo\/image\/","url":"https:\/\/vosgesinfo.fr\/app\/uploads\/sites\/6\/2023\/08\/favicon-gerardmerinfo.png","contentUrl":"https:\/\/vosgesinfo.fr\/app\/uploads\/sites\/6\/2023\/08\/favicon-gerardmerinfo.png","width":512,"height":512,"caption":"Gerardmer Info"},"image":{"@id":"https:\/\/vosgesinfo.fr\/gerardmerinfo\/#\/schema\/logo\/image\/"},"sameAs":["https:\/\/www.facebook.com\/profile.php?id=100049475262660","https:\/\/x.com\/VosgesInfo88","https:\/\/www.youtube.com\/@vosgesinfo"]},{"@type":"Person","@id":"https:\/\/vosgesinfo.fr\/gerardmerinfo\/#\/schema\/person\/db5605779a843dad16b5368f3e7613a5","name":"QG","image":{"@type":"ImageObject","inLanguage":"fr-FR","@id":"https:\/\/vosgesinfo.fr\/gerardmerinfo\/#\/schema\/person\/image\/","url":"https:\/\/secure.gravatar.com\/avatar\/ea80c42c204b534408512832fde52504ecabb9706bcb6151cf6175e5b64e6793?s=96&d=mm&r=g","contentUrl":"https:\/\/secure.gravatar.com\/avatar\/ea80c42c204b534408512832fde52504ecabb9706bcb6151cf6175e5b64e6793?s=96&d=mm&r=g","caption":"QG"},"url":"https:\/\/vosgesinfo.fr\/gerardmerinfo\/author\/quentin88\/"}]}},"_links":{"self":[{"href":"https:\/\/vosgesinfo.fr\/gerardmerinfo\/wp-json\/wp\/v2\/posts\/95380","targetHints":{"allow":["GET"]}}],"collection":[{"href":"https:\/\/vosgesinfo.fr\/gerardmerinfo\/wp-json\/wp\/v2\/posts"}],"about":[{"href":"https:\/\/vosgesinfo.fr\/gerardmerinfo\/wp-json\/wp\/v2\/types\/post"}],"author":[{"embeddable":true,"href":"https:\/\/vosgesinfo.fr\/gerardmerinfo\/wp-json\/wp\/v2\/users\/42"}],"replies":[{"embeddable":true,"href":"https:\/\/vosgesinfo.fr\/gerardmerinfo\/wp-json\/wp\/v2\/comments?post=95380"}],"version-history":[{"count":2,"href":"https:\/\/vosgesinfo.fr\/gerardmerinfo\/wp-json\/wp\/v2\/posts\/95380\/revisions"}],"predecessor-version":[{"id":95383,"href":"https:\/\/vosgesinfo.fr\/gerardmerinfo\/wp-json\/wp\/v2\/posts\/95380\/revisions\/95383"}],"wp:featuredmedia":[{"embeddable":true,"href":"https:\/\/vosgesinfo.fr\/gerardmerinfo\/wp-json\/wp\/v2\/media\/74104"}],"wp:attachment":[{"href":"https:\/\/vosgesinfo.fr\/gerardmerinfo\/wp-json\/wp\/v2\/media?parent=95380"}],"wp:term":[{"taxonomy":"category","embeddable":true,"href":"https:\/\/vosgesinfo.fr\/gerardmerinfo\/wp-json\/wp\/v2\/categories?post=95380"},{"taxonomy":"post_tag","embeddable":true,"href":"https:\/\/vosgesinfo.fr\/gerardmerinfo\/wp-json\/wp\/v2\/tags?post=95380"}],"curies":[{"name":"wp","href":"https:\/\/api.w.org\/{rel}","templated":true}]}}