{"id":95403,"date":"2026-09-05T05:58:59","date_gmt":"2026-09-05T03:58:59","guid":{"rendered":"https:\/\/vosgesinfo.fr\/gerardmerinfo\/?p=95403"},"modified":"2026-09-04T13:21:13","modified_gmt":"2026-09-04T11:21:13","slug":"portes-ouvertes-a-lecole-de-musique-pour-lannee-2026-2027","status":"publish","type":"post","link":"https:\/\/vosgesinfo.fr\/gerardmerinfo\/2026\/09\/portes-ouvertes-a-lecole-de-musique-pour-lannee-2026-2027\/","title":{"rendered":"Portes ouvertes \u00e0 l\u2019\u00e9cole de musique pour l\u2019ann\u00e9e 2026\/2027"},"content":{"rendered":"<p><a href=\"https:\/\/vosgesinfo.fr\/app\/uploads\/sites\/6\/2026\/09\/musique-po-visuel.jpg\"><img decoding=\"async\" class=\"aligncenter size-large wp-image-95404\" src=\"https:\/\/vosgesinfo.fr\/app\/uploads\/sites\/6\/2026\/09\/musique-po-visuel-1024x576.jpg\" alt=\"\" width=\"1024\" height=\"576\" srcset=\"https:\/\/vosgesinfo.fr\/app\/uploads\/sites\/6\/2026\/09\/musique-po-visuel-1024x576.jpg 1024w, https:\/\/vosgesinfo.fr\/app\/uploads\/sites\/6\/2026\/09\/musique-po-visuel-300x169.jpg 300w, https:\/\/vosgesinfo.fr\/app\/uploads\/sites\/6\/2026\/09\/musique-po-visuel-768x432.jpg 768w, https:\/\/vosgesinfo.fr\/app\/uploads\/sites\/6\/2026\/09\/musique-po-visuel.jpg 1080w\" sizes=\"(max-width: 1024px) 100vw, 1024px\" \/><\/a><br \/>\n<strong>Vous souhaitez pratiquer la musique ? Venez pousser les portes de l\u2019\u00e9cole de musique intercommunale !<\/strong><\/p>\n<p>\u00c0 l\u2019occasion de trois rencontres, l\u2019\u00e9cole de musique de la communaut\u00e9 de communes G\u00e9rardmer Hautes Vosges invite les enfants, les jeunes et les adultes \u00e0 venir d\u00e9couvrir ses enseignements, rencontrer les professeurs et trouver l\u2019instrument qui leur correspond !<br \/>\nPendant ces temps de d\u00e9couverte, les futurs \u00e9l\u00e8ves pourront \u00e9changer directement avec les enseignants et d\u00e9couvrir plusieurs disciplines propos\u00e9es au sein de l\u2019\u00e9tablissement.<br \/>\nLes portes ouvertes auront lieu \u00e0 l\u2019\u00e9cole de musique, au 13 rue du Levant \u00e0 G\u00e9rardmer.<br \/>\n\u2022 Mercredi 9 septembre 2026 de 10h00 \u00e0 13h00<br \/>\n\u00c9veil musical par le chant (6-8 ans) de 10h \u00e0 11h<br \/>\nPr\u00e9sence des professeurs de cor et de fl\u00fbte traversi\u00e8re<br \/>\n\u2022 Vendredi 11 septembre 2026 de 17h30 \u00e0 19h30<br \/>\nPr\u00e9sence des professeurs de guitare classique, violoncelle, fl\u00fbte traversi\u00e8re et percussions<br \/>\n\u2022 Samedi 12 septembre 2026 de 10h00 \u00e0 13h00<br \/>\n\u00c9veil musical par le chant (6-8 ans) de 10h \u00e0 11h<br \/>\nPr\u00e9sence des professeurs de basson et hautbois, violon, violon alto, violoncelle, fl\u00fbte traversi\u00e8re et percussions<br \/>\nQue vous soyez d\u00e9butant, d\u00e9j\u00e0 musicien ou simplement curieux, chacun peut venir d\u00e9couvrir l\u2019\u00e9cole et ses propositions : une occasion id\u00e9ale pour d\u00e9couvrir les instruments, poser ses questions et se laisser tenter par une nouvelle aventure musicale !<\/p>\n","protected":false},"excerpt":{"rendered":"<p>Vous souhaitez pratiquer la musique ? Venez pousser les portes de l\u2019\u00e9cole de musique intercommunale ! \u00c0 l\u2019occasion de trois [&hellip;]<\/p>\n","protected":false},"author":391,"featured_media":1007,"comment_status":"open","ping_status":"open","sticky":false,"template":"","format":"standard","meta":{"footnotes":""},"categories":[20,4,5647],"tags":[],"class_list":["post-95403","post","type-post","status-publish","format-standard","has-post-thumbnail","hentry","category-a-la-une","category-culture","category-gerardmer-autres-sites"],"acf":[],"yoast_head":"<!-- This site is optimized with the Yoast SEO plugin v22.5 - https:\/\/yoast.com\/wordpress\/plugins\/seo\/ -->\n<title>Portes ouvertes \u00e0 l\u2019\u00e9cole de musique pour l\u2019ann\u00e9e 2026\/2027 - Gerardmer Info<\/title>\n<meta name=\"robots\" content=\"index, follow, max-snippet:-1, max-image-preview:large, max-video-preview:-1\" \/>\n<link rel=\"canonical\" href=\"https:\/\/vosgesinfo.fr\/gerardmerinfo\/2026\/09\/portes-ouvertes-a-lecole-de-musique-pour-lannee-2026-2027\/\" \/>\n<meta name=\"twitter:card\" content=\"summary_large_image\" \/>\n<meta name=\"twitter:title\" content=\"Portes ouvertes \u00e0 l\u2019\u00e9cole de musique pour l\u2019ann\u00e9e 2026\/2027 - Gerardmer Info\" \/>\n<meta name=\"twitter:description\" content=\"Vous souhaitez pratiquer la musique ? Venez pousser les portes de l\u2019\u00e9cole de musique intercommunale ! \u00c0 l\u2019occasion de trois [&hellip;]\" \/>\n<meta name=\"twitter:image\" content=\"https:\/\/vosgesinfo.fr\/app\/uploads\/sites\/6\/2024\/01\/percussion-ecole-de-musique.jpg\" \/>\n<meta name=\"twitter:creator\" content=\"@VosgesInfo88\" \/>\n<meta name=\"twitter:site\" content=\"@VosgesInfo88\" \/>\n<meta name=\"twitter:label1\" content=\"\u00c9crit par\" \/>\n\t<meta name=\"twitter:data1\" content=\"La redaction\" \/>\n\t<meta name=\"twitter:label2\" content=\"Dur\u00e9e de lecture estim\u00e9e\" \/>\n\t<meta name=\"twitter:data2\" content=\"1 minute\" \/>\n<script type=\"application\/ld+json\" class=\"yoast-schema-graph\">{\"@context\":\"https:\/\/schema.org\",\"@graph\":[{\"@type\":\"Article\",\"@id\":\"https:\/\/vosgesinfo.fr\/gerardmerinfo\/2026\/09\/portes-ouvertes-a-lecole-de-musique-pour-lannee-2026-2027\/#article\",\"isPartOf\":{\"@id\":\"https:\/\/vosgesinfo.fr\/gerardmerinfo\/2026\/09\/portes-ouvertes-a-lecole-de-musique-pour-lannee-2026-2027\/\"},\"author\":{\"name\":\"La redaction\",\"@id\":\"https:\/\/vosgesinfo.fr\/gerardmerinfo\/#\/schema\/person\/27a3695b06db98895b354c0765cdfc31\"},\"headline\":\"Portes ouvertes \u00e0 l\u2019\u00e9cole de musique pour l\u2019ann\u00e9e 2026\/2027\",\"datePublished\":\"2026-09-05T03:58:59+00:00\",\"dateModified\":\"2026-09-04T11:21:13+00:00\",\"mainEntityOfPage\":{\"@id\":\"https:\/\/vosgesinfo.fr\/gerardmerinfo\/2026\/09\/portes-ouvertes-a-lecole-de-musique-pour-lannee-2026-2027\/\"},\"wordCount\":230,\"commentCount\":0,\"publisher\":{\"@id\":\"https:\/\/vosgesinfo.fr\/gerardmerinfo\/#organization\"},\"image\":{\"@id\":\"https:\/\/vosgesinfo.fr\/gerardmerinfo\/2026\/09\/portes-ouvertes-a-lecole-de-musique-pour-lannee-2026-2027\/#primaryimage\"},\"thumbnailUrl\":\"https:\/\/vosgesinfo.fr\/app\/uploads\/sites\/6\/2024\/01\/percussion-ecole-de-musique.jpg\",\"articleSection\":[\"A la une\",\"Culture\",\"Gerardmer\"],\"inLanguage\":\"fr-FR\",\"potentialAction\":[{\"@type\":\"CommentAction\",\"name\":\"Comment\",\"target\":[\"https:\/\/vosgesinfo.fr\/gerardmerinfo\/2026\/09\/portes-ouvertes-a-lecole-de-musique-pour-lannee-2026-2027\/#respond\"]}]},{\"@type\":\"WebPage\",\"@id\":\"https:\/\/vosgesinfo.fr\/gerardmerinfo\/2026\/09\/portes-ouvertes-a-lecole-de-musique-pour-lannee-2026-2027\/\",\"url\":\"https:\/\/vosgesinfo.fr\/gerardmerinfo\/2026\/09\/portes-ouvertes-a-lecole-de-musique-pour-lannee-2026-2027\/\",\"name\":\"Portes ouvertes \u00e0 l\u2019\u00e9cole de musique pour l\u2019ann\u00e9e 2026\/2027 - Gerardmer Info\",\"isPartOf\":{\"@id\":\"https:\/\/vosgesinfo.fr\/gerardmerinfo\/#website\"},\"primaryImageOfPage\":{\"@id\":\"https:\/\/vosgesinfo.fr\/gerardmerinfo\/2026\/09\/portes-ouvertes-a-lecole-de-musique-pour-lannee-2026-2027\/#primaryimage\"},\"image\":{\"@id\":\"https:\/\/vosgesinfo.fr\/gerardmerinfo\/2026\/09\/portes-ouvertes-a-lecole-de-musique-pour-lannee-2026-2027\/#primaryimage\"},\"thumbnailUrl\":\"https:\/\/vosgesinfo.fr\/app\/uploads\/sites\/6\/2024\/01\/percussion-ecole-de-musique.jpg\",\"datePublished\":\"2026-09-05T03:58:59+00:00\",\"dateModified\":\"2026-09-04T11:21:13+00:00\",\"breadcrumb\":{\"@id\":\"https:\/\/vosgesinfo.fr\/gerardmerinfo\/2026\/09\/portes-ouvertes-a-lecole-de-musique-pour-lannee-2026-2027\/#breadcrumb\"},\"inLanguage\":\"fr-FR\",\"potentialAction\":[{\"@type\":\"ReadAction\",\"target\":[\"https:\/\/vosgesinfo.fr\/gerardmerinfo\/2026\/09\/portes-ouvertes-a-lecole-de-musique-pour-lannee-2026-2027\/\"]}]},{\"@type\":\"ImageObject\",\"inLanguage\":\"fr-FR\",\"@id\":\"https:\/\/vosgesinfo.fr\/gerardmerinfo\/2026\/09\/portes-ouvertes-a-lecole-de-musique-pour-lannee-2026-2027\/#primaryimage\",\"url\":\"https:\/\/vosgesinfo.fr\/app\/uploads\/sites\/6\/2024\/01\/percussion-ecole-de-musique.jpg\",\"contentUrl\":\"https:\/\/vosgesinfo.fr\/app\/uploads\/sites\/6\/2024\/01\/percussion-ecole-de-musique.jpg\",\"width\":1600,\"height\":1200},{\"@type\":\"BreadcrumbList\",\"@id\":\"https:\/\/vosgesinfo.fr\/gerardmerinfo\/2026\/09\/portes-ouvertes-a-lecole-de-musique-pour-lannee-2026-2027\/#breadcrumb\",\"itemListElement\":[{\"@type\":\"ListItem\",\"position\":1,\"name\":\"Home\",\"item\":\"https:\/\/vosgesinfo.fr\/gerardmerinfo\/\"},{\"@type\":\"ListItem\",\"position\":2,\"name\":\"Portes ouvertes \u00e0 l\u2019\u00e9cole de musique pour l\u2019ann\u00e9e 2026\/2027\"}]},{\"@type\":\"WebSite\",\"@id\":\"https:\/\/vosgesinfo.fr\/gerardmerinfo\/#website\",\"url\":\"https:\/\/vosgesinfo.fr\/gerardmerinfo\/\",\"name\":\"Gerardmer Info\",\"description\":\"Toute l&#039;actualit\u00e9 de G\u00e9rardmer\",\"publisher\":{\"@id\":\"https:\/\/vosgesinfo.fr\/gerardmerinfo\/#organization\"},\"alternateName\":\"Toute l'actualit\u00e9 de G\u00e9rardmer\",\"potentialAction\":[{\"@type\":\"SearchAction\",\"target\":{\"@type\":\"EntryPoint\",\"urlTemplate\":\"https:\/\/vosgesinfo.fr\/gerardmerinfo\/?s={search_term_string}\"},\"query-input\":\"required name=search_term_string\"}],\"inLanguage\":\"fr-FR\"},{\"@type\":\"Organization\",\"@id\":\"https:\/\/vosgesinfo.fr\/gerardmerinfo\/#organization\",\"name\":\"Gerardmer Info\",\"url\":\"https:\/\/vosgesinfo.fr\/gerardmerinfo\/\",\"logo\":{\"@type\":\"ImageObject\",\"inLanguage\":\"fr-FR\",\"@id\":\"https:\/\/vosgesinfo.fr\/gerardmerinfo\/#\/schema\/logo\/image\/\",\"url\":\"https:\/\/vosgesinfo.fr\/app\/uploads\/sites\/6\/2023\/08\/favicon-gerardmerinfo.png\",\"contentUrl\":\"https:\/\/vosgesinfo.fr\/app\/uploads\/sites\/6\/2023\/08\/favicon-gerardmerinfo.png\",\"width\":512,\"height\":512,\"caption\":\"Gerardmer Info\"},\"image\":{\"@id\":\"https:\/\/vosgesinfo.fr\/gerardmerinfo\/#\/schema\/logo\/image\/\"},\"sameAs\":[\"https:\/\/www.facebook.com\/profile.php?id=100049475262660\",\"https:\/\/x.com\/VosgesInfo88\",\"https:\/\/www.youtube.com\/@vosgesinfo\"]},{\"@type\":\"Person\",\"@id\":\"https:\/\/vosgesinfo.fr\/gerardmerinfo\/#\/schema\/person\/27a3695b06db98895b354c0765cdfc31\",\"name\":\"La redaction\",\"image\":{\"@type\":\"ImageObject\",\"inLanguage\":\"fr-FR\",\"@id\":\"https:\/\/vosgesinfo.fr\/gerardmerinfo\/#\/schema\/person\/image\/\",\"url\":\"https:\/\/secure.gravatar.com\/avatar\/64c76a78e501cedee55736f43f332df901e1896ae9cd8fad269ae2236dd0e8b6?s=96&d=mm&r=g\",\"contentUrl\":\"https:\/\/secure.gravatar.com\/avatar\/64c76a78e501cedee55736f43f332df901e1896ae9cd8fad269ae2236dd0e8b6?s=96&d=mm&r=g\",\"caption\":\"La redaction\"},\"url\":\"https:\/\/vosgesinfo.fr\/gerardmerinfo\/author\/la-redaction\/\"}]}<\/script>\n<!-- \/ Yoast SEO plugin. -->","yoast_head_json":{"title":"Portes ouvertes \u00e0 l\u2019\u00e9cole de musique pour l\u2019ann\u00e9e 2026\/2027 - Gerardmer Info","robots":{"index":"index","follow":"follow","max-snippet":"max-snippet:-1","max-image-preview":"max-image-preview:large","max-video-preview":"max-video-preview:-1"},"canonical":"https:\/\/vosgesinfo.fr\/gerardmerinfo\/2026\/09\/portes-ouvertes-a-lecole-de-musique-pour-lannee-2026-2027\/","twitter_card":"summary_large_image","twitter_title":"Portes ouvertes \u00e0 l\u2019\u00e9cole de musique pour l\u2019ann\u00e9e 2026\/2027 - Gerardmer Info","twitter_description":"Vous souhaitez pratiquer la musique ? Venez pousser les portes de l\u2019\u00e9cole de musique intercommunale ! \u00c0 l\u2019occasion de trois [&hellip;]","twitter_image":"https:\/\/vosgesinfo.fr\/app\/uploads\/sites\/6\/2024\/01\/percussion-ecole-de-musique.jpg","twitter_creator":"@VosgesInfo88","twitter_site":"@VosgesInfo88","twitter_misc":{"\u00c9crit par":"La redaction","Dur\u00e9e de lecture estim\u00e9e":"1 minute"},"schema":{"@context":"https:\/\/schema.org","@graph":[{"@type":"Article","@id":"https:\/\/vosgesinfo.fr\/gerardmerinfo\/2026\/09\/portes-ouvertes-a-lecole-de-musique-pour-lannee-2026-2027\/#article","isPartOf":{"@id":"https:\/\/vosgesinfo.fr\/gerardmerinfo\/2026\/09\/portes-ouvertes-a-lecole-de-musique-pour-lannee-2026-2027\/"},"author":{"name":"La redaction","@id":"https:\/\/vosgesinfo.fr\/gerardmerinfo\/#\/schema\/person\/27a3695b06db98895b354c0765cdfc31"},"headline":"Portes ouvertes \u00e0 l\u2019\u00e9cole de musique pour l\u2019ann\u00e9e 2026\/2027","datePublished":"2026-09-05T03:58:59+00:00","dateModified":"2026-09-04T11:21:13+00:00","mainEntityOfPage":{"@id":"https:\/\/vosgesinfo.fr\/gerardmerinfo\/2026\/09\/portes-ouvertes-a-lecole-de-musique-pour-lannee-2026-2027\/"},"wordCount":230,"commentCount":0,"publisher":{"@id":"https:\/\/vosgesinfo.fr\/gerardmerinfo\/#organization"},"image":{"@id":"https:\/\/vosgesinfo.fr\/gerardmerinfo\/2026\/09\/portes-ouvertes-a-lecole-de-musique-pour-lannee-2026-2027\/#primaryimage"},"thumbnailUrl":"https:\/\/vosgesinfo.fr\/app\/uploads\/sites\/6\/2024\/01\/percussion-ecole-de-musique.jpg","articleSection":["A la une","Culture","Gerardmer"],"inLanguage":"fr-FR","potentialAction":[{"@type":"CommentAction","name":"Comment","target":["https:\/\/vosgesinfo.fr\/gerardmerinfo\/2026\/09\/portes-ouvertes-a-lecole-de-musique-pour-lannee-2026-2027\/#respond"]}]},{"@type":"WebPage","@id":"https:\/\/vosgesinfo.fr\/gerardmerinfo\/2026\/09\/portes-ouvertes-a-lecole-de-musique-pour-lannee-2026-2027\/","url":"https:\/\/vosgesinfo.fr\/gerardmerinfo\/2026\/09\/portes-ouvertes-a-lecole-de-musique-pour-lannee-2026-2027\/","name":"Portes ouvertes \u00e0 l\u2019\u00e9cole de musique pour l\u2019ann\u00e9e 2026\/2027 - Gerardmer Info","isPartOf":{"@id":"https:\/\/vosgesinfo.fr\/gerardmerinfo\/#website"},"primaryImageOfPage":{"@id":"https:\/\/vosgesinfo.fr\/gerardmerinfo\/2026\/09\/portes-ouvertes-a-lecole-de-musique-pour-lannee-2026-2027\/#primaryimage"},"image":{"@id":"https:\/\/vosgesinfo.fr\/gerardmerinfo\/2026\/09\/portes-ouvertes-a-lecole-de-musique-pour-lannee-2026-2027\/#primaryimage"},"thumbnailUrl":"https:\/\/vosgesinfo.fr\/app\/uploads\/sites\/6\/2024\/01\/percussion-ecole-de-musique.jpg","datePublished":"2026-09-05T03:58:59+00:00","dateModified":"2026-09-04T11:21:13+00:00","breadcrumb":{"@id":"https:\/\/vosgesinfo.fr\/gerardmerinfo\/2026\/09\/portes-ouvertes-a-lecole-de-musique-pour-lannee-2026-2027\/#breadcrumb"},"inLanguage":"fr-FR","potentialAction":[{"@type":"ReadAction","target":["https:\/\/vosgesinfo.fr\/gerardmerinfo\/2026\/09\/portes-ouvertes-a-lecole-de-musique-pour-lannee-2026-2027\/"]}]},{"@type":"ImageObject","inLanguage":"fr-FR","@id":"https:\/\/vosgesinfo.fr\/gerardmerinfo\/2026\/09\/portes-ouvertes-a-lecole-de-musique-pour-lannee-2026-2027\/#primaryimage","url":"https:\/\/vosgesinfo.fr\/app\/uploads\/sites\/6\/2024\/01\/percussion-ecole-de-musique.jpg","contentUrl":"https:\/\/vosgesinfo.fr\/app\/uploads\/sites\/6\/2024\/01\/percussion-ecole-de-musique.jpg","width":1600,"height":1200},{"@type":"BreadcrumbList","@id":"https:\/\/vosgesinfo.fr\/gerardmerinfo\/2026\/09\/portes-ouvertes-a-lecole-de-musique-pour-lannee-2026-2027\/#breadcrumb","itemListElement":[{"@type":"ListItem","position":1,"name":"Home","item":"https:\/\/vosgesinfo.fr\/gerardmerinfo\/"},{"@type":"ListItem","position":2,"name":"Portes ouvertes \u00e0 l\u2019\u00e9cole de musique pour l\u2019ann\u00e9e 2026\/2027"}]},{"@type":"WebSite","@id":"https:\/\/vosgesinfo.fr\/gerardmerinfo\/#website","url":"https:\/\/vosgesinfo.fr\/gerardmerinfo\/","name":"Gerardmer Info","description":"Toute l&#039;actualit\u00e9 de G\u00e9rardmer","publisher":{"@id":"https:\/\/vosgesinfo.fr\/gerardmerinfo\/#organization"},"alternateName":"Toute l'actualit\u00e9 de G\u00e9rardmer","potentialAction":[{"@type":"SearchAction","target":{"@type":"EntryPoint","urlTemplate":"https:\/\/vosgesinfo.fr\/gerardmerinfo\/?s={search_term_string}"},"query-input":"required name=search_term_string"}],"inLanguage":"fr-FR"},{"@type":"Organization","@id":"https:\/\/vosgesinfo.fr\/gerardmerinfo\/#organization","name":"Gerardmer Info","url":"https:\/\/vosgesinfo.fr\/gerardmerinfo\/","logo":{"@type":"ImageObject","inLanguage":"fr-FR","@id":"https:\/\/vosgesinfo.fr\/gerardmerinfo\/#\/schema\/logo\/image\/","url":"https:\/\/vosgesinfo.fr\/app\/uploads\/sites\/6\/2023\/08\/favicon-gerardmerinfo.png","contentUrl":"https:\/\/vosgesinfo.fr\/app\/uploads\/sites\/6\/2023\/08\/favicon-gerardmerinfo.png","width":512,"height":512,"caption":"Gerardmer Info"},"image":{"@id":"https:\/\/vosgesinfo.fr\/gerardmerinfo\/#\/schema\/logo\/image\/"},"sameAs":["https:\/\/www.facebook.com\/profile.php?id=100049475262660","https:\/\/x.com\/VosgesInfo88","https:\/\/www.youtube.com\/@vosgesinfo"]},{"@type":"Person","@id":"https:\/\/vosgesinfo.fr\/gerardmerinfo\/#\/schema\/person\/27a3695b06db98895b354c0765cdfc31","name":"La redaction","image":{"@type":"ImageObject","inLanguage":"fr-FR","@id":"https:\/\/vosgesinfo.fr\/gerardmerinfo\/#\/schema\/person\/image\/","url":"https:\/\/secure.gravatar.com\/avatar\/64c76a78e501cedee55736f43f332df901e1896ae9cd8fad269ae2236dd0e8b6?s=96&d=mm&r=g","contentUrl":"https:\/\/secure.gravatar.com\/avatar\/64c76a78e501cedee55736f43f332df901e1896ae9cd8fad269ae2236dd0e8b6?s=96&d=mm&r=g","caption":"La redaction"},"url":"https:\/\/vosgesinfo.fr\/gerardmerinfo\/author\/la-redaction\/"}]}},"_links":{"self":[{"href":"https:\/\/vosgesinfo.fr\/gerardmerinfo\/wp-json\/wp\/v2\/posts\/95403","targetHints":{"allow":["GET"]}}],"collection":[{"href":"https:\/\/vosgesinfo.fr\/gerardmerinfo\/wp-json\/wp\/v2\/posts"}],"about":[{"href":"https:\/\/vosgesinfo.fr\/gerardmerinfo\/wp-json\/wp\/v2\/types\/post"}],"author":[{"embeddable":true,"href":"https:\/\/vosgesinfo.fr\/gerardmerinfo\/wp-json\/wp\/v2\/users\/391"}],"replies":[{"embeddable":true,"href":"https:\/\/vosgesinfo.fr\/gerardmerinfo\/wp-json\/wp\/v2\/comments?post=95403"}],"version-history":[{"count":1,"href":"https:\/\/vosgesinfo.fr\/gerardmerinfo\/wp-json\/wp\/v2\/posts\/95403\/revisions"}],"predecessor-version":[{"id":95405,"href":"https:\/\/vosgesinfo.fr\/gerardmerinfo\/wp-json\/wp\/v2\/posts\/95403\/revisions\/95405"}],"wp:featuredmedia":[{"embeddable":true,"href":"https:\/\/vosgesinfo.fr\/gerardmerinfo\/wp-json\/wp\/v2\/media\/1007"}],"wp:attachment":[{"href":"https:\/\/vosgesinfo.fr\/gerardmerinfo\/wp-json\/wp\/v2\/media?parent=95403"}],"wp:term":[{"taxonomy":"category","embeddable":true,"href":"https:\/\/vosgesinfo.fr\/gerardmerinfo\/wp-json\/wp\/v2\/categories?post=95403"},{"taxonomy":"post_tag","embeddable":true,"href":"https:\/\/vosgesinfo.fr\/gerardmerinfo\/wp-json\/wp\/v2\/tags?post=95403"}],"curies":[{"name":"wp","href":"https:\/\/api.w.org\/{rel}","templated":true}]}}