{"id":95406,"date":"2026-09-05T05:59:29","date_gmt":"2026-09-05T03:59:29","guid":{"rendered":"https:\/\/vosgesinfo.fr\/gerardmerinfo\/?p=95406"},"modified":"2026-09-04T14:09:45","modified_gmt":"2026-09-04T12:09:45","slug":"preparez-votre-rentree-culturelle-avec-la-mcl","status":"publish","type":"post","link":"https:\/\/vosgesinfo.fr\/gerardmerinfo\/2026\/09\/preparez-votre-rentree-culturelle-avec-la-mcl\/","title":{"rendered":"Pr\u00e9parez votre rentr\u00e9e culturelle avec la MCL"},"content":{"rendered":"<p data-id=\"ZxmCH5\" data-pm-slice=\"1 1 []\"><a href=\"https:\/\/vosgesinfo.fr\/app\/uploads\/sites\/6\/2026\/09\/rentree-mcl.jpg\"><img decoding=\"async\" class=\"aligncenter size-large wp-image-95412\" src=\"https:\/\/vosgesinfo.fr\/app\/uploads\/sites\/6\/2026\/09\/rentree-mcl-1024x768.jpg\" alt=\"\" width=\"1024\" height=\"768\" srcset=\"https:\/\/vosgesinfo.fr\/app\/uploads\/sites\/6\/2026\/09\/rentree-mcl-1024x768.jpg 1024w, https:\/\/vosgesinfo.fr\/app\/uploads\/sites\/6\/2026\/09\/rentree-mcl-300x225.jpg 300w, https:\/\/vosgesinfo.fr\/app\/uploads\/sites\/6\/2026\/09\/rentree-mcl-768x576.jpg 768w, https:\/\/vosgesinfo.fr\/app\/uploads\/sites\/6\/2026\/09\/rentree-mcl-1536x1152.jpg 1536w, https:\/\/vosgesinfo.fr\/app\/uploads\/sites\/6\/2026\/09\/rentree-mcl.jpg 1920w\" sizes=\"(max-width: 1024px) 100vw, 1024px\" \/><\/a><\/p>\n<p data-id=\"ZxmCH5\" data-pm-slice=\"1 1 []\">\n<h3 data-id=\"ZxmCH5\" data-pm-slice=\"1 1 []\">La rentr\u00e9e approche \u00e0 grands pas \u00e0 la MCL de G\u00e9rardmer avec la reprise des activit\u00e9s hebdomadaires pr\u00e9vue pour la semaine du 14 septembre.<\/h3>\n<div id=\"attachment_95411\" style=\"width: 310px\" class=\"wp-caption alignright\"><a href=\"https:\/\/vosgesinfo.fr\/app\/uploads\/sites\/6\/2026\/09\/rentree-de-la-mcl-1.jpg\"><img decoding=\"async\" aria-describedby=\"caption-attachment-95411\" class=\"size-medium wp-image-95411\" src=\"https:\/\/vosgesinfo.fr\/app\/uploads\/sites\/6\/2026\/09\/rentree-de-la-mcl-1-300x225.jpg\" alt=\"\" width=\"300\" height=\"225\" srcset=\"https:\/\/vosgesinfo.fr\/app\/uploads\/sites\/6\/2026\/09\/rentree-de-la-mcl-1-300x225.jpg 300w, https:\/\/vosgesinfo.fr\/app\/uploads\/sites\/6\/2026\/09\/rentree-de-la-mcl-1-1024x768.jpg 1024w, https:\/\/vosgesinfo.fr\/app\/uploads\/sites\/6\/2026\/09\/rentree-de-la-mcl-1-768x576.jpg 768w, https:\/\/vosgesinfo.fr\/app\/uploads\/sites\/6\/2026\/09\/rentree-de-la-mcl-1-1536x1152.jpg 1536w, https:\/\/vosgesinfo.fr\/app\/uploads\/sites\/6\/2026\/09\/rentree-de-la-mcl-1.jpg 1920w\" sizes=\"(max-width: 300px) 100vw, 300px\" \/><\/a><p id=\"caption-attachment-95411\" class=\"wp-caption-text\">Natacha Mendez &amp; Claire Girompaire.<\/p><\/div>\n<p data-id=\"nzXCI7\">En attendant, il est toujours grand temps de faire votre choix parmi une quarantaine d&rsquo;activit\u00e9s diverses et vari\u00e9es et pr\u00e9sent\u00e9es dans le programme de la maison et sur son site. Petite nouveaut\u00e9 cette ann\u00e9e, l&rsquo;offre autour de la danse s&rsquo;\u00e9toffe \u00e0 nouveau avec une nouvelle enseignante, Emma de son pr\u00e9nom, qui propose du modern jazz et du hip-hop. Pour vous inscrire, rendez-vous \u00e0 l&rsquo;accueil de la MCL du lundi au vendredi de 14 h 00 \u00e0 20 h 30. La MCL sera \u00e9galement pr\u00e9sente au forum des associations le 12 septembre prochain.<\/p>\n<p data-id=\"jOX8rf\">\n<div id=\"attachment_95413\" style=\"width: 310px\" class=\"wp-caption alignright\"><a href=\"https:\/\/vosgesinfo.fr\/app\/uploads\/sites\/6\/2026\/09\/thats-all-folks.jpg\"><img decoding=\"async\" aria-describedby=\"caption-attachment-95413\" class=\"size-medium wp-image-95413\" src=\"https:\/\/vosgesinfo.fr\/app\/uploads\/sites\/6\/2026\/09\/thats-all-folks-300x300.jpg\" alt=\"\" width=\"300\" height=\"300\" srcset=\"https:\/\/vosgesinfo.fr\/app\/uploads\/sites\/6\/2026\/09\/thats-all-folks-300x300.jpg 300w, https:\/\/vosgesinfo.fr\/app\/uploads\/sites\/6\/2026\/09\/thats-all-folks-1024x1024.jpg 1024w, https:\/\/vosgesinfo.fr\/app\/uploads\/sites\/6\/2026\/09\/thats-all-folks-150x150.jpg 150w, https:\/\/vosgesinfo.fr\/app\/uploads\/sites\/6\/2026\/09\/thats-all-folks-768x768.jpg 768w, https:\/\/vosgesinfo.fr\/app\/uploads\/sites\/6\/2026\/09\/thats-all-folks.jpg 1241w\" sizes=\"(max-width: 300px) 100vw, 300px\" \/><\/a><p id=\"caption-attachment-95413\" class=\"wp-caption-text\">Thats all folks<\/p><\/div>\n<p data-id=\"jOX8rf\">La saison culturelle va \u00e9galement repartir de plus belle avec une ouverture pr\u00e9vue le samedi 16 septembre \u00e0 20 h 30. Vous retrouverez la compagnie Ramirez (qui avait d\u00e9j\u00e0 fait l&rsquo;ouverture l&rsquo;an dernier) et son spectacle That&rsquo;s all Folks ! Un seul en sc\u00e8ne fantaisiste pour une soir\u00e9e gratuite qui vous permettra de d\u00e9couvrir le programme de l&rsquo;ann\u00e9e. On notera \u00e9galement qu&rsquo;un spectacle sera programm\u00e9 pendant Graines des Toiles sur le th\u00e8me du festival et que la saison s&rsquo;ach\u00e8vera en mai 2027 \u00e0 l&rsquo;occasion de Mai en Sc\u00e8nes. \u00ab\u00a0Nous avons \u00e9galement trois spectacles familiaux en octobre, d\u00e9cembre et avril\u00a0\u00bb, pr\u00e9cise Claire Girompaire, responsable de la programmation des spectacles vivants, ajoutant au passage qu&rsquo;un nouveau logo vous permettra d&rsquo;identifier les diff\u00e9rentes dates de la saison culturelle : il s&rsquo;agit d&rsquo;un petit escargot multicolore.<\/p>\n<p data-id=\"r9wfAY\">C\u00f4t\u00e9 musique, le premier rendez-vous va arriver tr\u00e8s vite car la MCL aura le plaisir d&rsquo;accueillir une \u00e9tape du Tremplin Hors Pistes samedi 12 septembre \u00e0 20 h 30 avec 4 groupes du d\u00e9partement. L&rsquo;objectif, pour les musiciens qui se produiront, sera de se qualifier pour la grande finale qui aura lieu \u00e0 la Souris Verte \u00e0 \u00c9pinal. Le 10 octobre, la maison vous invitera ensuite \u00e0 un grand bal folk au foyer-bar avec le groupe \u00ab\u00a0Quetschekachde\u00a0\u00bb. Une belle f\u00eate musicale qui sera suivie par la release party du tout nouvel album de Leynad intitul\u00e9 \u00ab\u00a0Les mots tordus\u00a0\u00bb. Cette soir\u00e9e programm\u00e9e le 7 novembre sera gratuite mais sur r\u00e9servation ! Enfin, Rock&rsquo;O Lac sera de retour le samedi 21 novembre, et la MCL f\u00eatera \u00e0 nouveau la Saint-Patrick le 13 mars 2027 avec \u00ab\u00a0The Green Duck\u00a0\u00bb !<\/p>\n<p data-id=\"DZSmVs\">Plus d&rsquo;info, r\u00e9servation etc. sur le site de la MCL :\u00a0<a href=\"https:\/\/mclgerardmer.fr\/\">https:\/\/mclgerardmer.fr\/<\/a><\/p>\n<p data-id=\"DZSmVs\"><iframe loading=\"lazy\" src=\"\/\/www.youtube.com\/embed\/KPbhxn1CUKc\" width=\"560\" height=\"314\" allowfullscreen=\"allowfullscreen\"><\/iframe><\/p>\n","protected":false},"excerpt":{"rendered":"<p>La rentr\u00e9e approche \u00e0 grands pas \u00e0 la MCL de G\u00e9rardmer avec la reprise des activit\u00e9s hebdomadaires pr\u00e9vue pour la [&hellip;]<\/p>\n","protected":false},"author":42,"featured_media":95412,"comment_status":"open","ping_status":"open","sticky":false,"template":"","format":"standard","meta":{"footnotes":""},"categories":[20,34,4,5647,17],"tags":[103,9640,9639],"class_list":["post-95406","post","type-post","status-publish","format-standard","has-post-thumbnail","hentry","category-a-la-une","category-concert","category-culture","category-gerardmer-autres-sites","category-vie-associative","tag-mcl-gerardmer","tag-thats-all-folks","tag-the-green-duck"],"acf":[],"yoast_head":"<!-- This site is optimized with the Yoast SEO plugin v22.5 - https:\/\/yoast.com\/wordpress\/plugins\/seo\/ -->\n<title>Pr\u00e9parez votre rentr\u00e9e culturelle avec la MCL - Gerardmer Info<\/title>\n<meta name=\"robots\" content=\"index, follow, max-snippet:-1, max-image-preview:large, max-video-preview:-1\" \/>\n<link rel=\"canonical\" href=\"https:\/\/vosgesinfo.fr\/gerardmerinfo\/2026\/09\/preparez-votre-rentree-culturelle-avec-la-mcl\/\" \/>\n<meta name=\"twitter:card\" content=\"summary_large_image\" \/>\n<meta name=\"twitter:title\" content=\"Pr\u00e9parez votre rentr\u00e9e culturelle avec la MCL - Gerardmer Info\" \/>\n<meta name=\"twitter:description\" content=\"La rentr\u00e9e approche \u00e0 grands pas \u00e0 la MCL de G\u00e9rardmer avec la reprise des activit\u00e9s hebdomadaires pr\u00e9vue pour la [&hellip;]\" \/>\n<meta name=\"twitter:image\" content=\"https:\/\/vosgesinfo.fr\/app\/uploads\/sites\/6\/2026\/09\/rentree-mcl.jpg\" \/>\n<meta name=\"twitter:creator\" content=\"@VosgesInfo88\" \/>\n<meta name=\"twitter:site\" content=\"@VosgesInfo88\" \/>\n<meta name=\"twitter:label1\" content=\"\u00c9crit par\" \/>\n\t<meta name=\"twitter:data1\" content=\"QG\" \/>\n\t<meta name=\"twitter:label2\" content=\"Dur\u00e9e de lecture estim\u00e9e\" \/>\n\t<meta name=\"twitter:data2\" content=\"2 minutes\" \/>\n<script type=\"application\/ld+json\" class=\"yoast-schema-graph\">{\"@context\":\"https:\/\/schema.org\",\"@graph\":[{\"@type\":\"Article\",\"@id\":\"https:\/\/vosgesinfo.fr\/gerardmerinfo\/2026\/09\/preparez-votre-rentree-culturelle-avec-la-mcl\/#article\",\"isPartOf\":{\"@id\":\"https:\/\/vosgesinfo.fr\/gerardmerinfo\/2026\/09\/preparez-votre-rentree-culturelle-avec-la-mcl\/\"},\"author\":{\"name\":\"QG\",\"@id\":\"https:\/\/vosgesinfo.fr\/gerardmerinfo\/#\/schema\/person\/db5605779a843dad16b5368f3e7613a5\"},\"headline\":\"Pr\u00e9parez votre rentr\u00e9e culturelle avec la MCL\",\"datePublished\":\"2026-09-05T03:59:29+00:00\",\"dateModified\":\"2026-09-04T12:09:45+00:00\",\"mainEntityOfPage\":{\"@id\":\"https:\/\/vosgesinfo.fr\/gerardmerinfo\/2026\/09\/preparez-votre-rentree-culturelle-avec-la-mcl\/\"},\"wordCount\":445,\"commentCount\":0,\"publisher\":{\"@id\":\"https:\/\/vosgesinfo.fr\/gerardmerinfo\/#organization\"},\"image\":{\"@id\":\"https:\/\/vosgesinfo.fr\/gerardmerinfo\/2026\/09\/preparez-votre-rentree-culturelle-avec-la-mcl\/#primaryimage\"},\"thumbnailUrl\":\"https:\/\/vosgesinfo.fr\/app\/uploads\/sites\/6\/2026\/09\/rentree-mcl.jpg\",\"keywords\":[\"MCL G\u00e9rardmer\",\"Thats all folks\",\"The Green Duck\"],\"articleSection\":[\"A la une\",\"Concert\",\"Culture\",\"Gerardmer\",\"Vie Associative\"],\"inLanguage\":\"fr-FR\",\"potentialAction\":[{\"@type\":\"CommentAction\",\"name\":\"Comment\",\"target\":[\"https:\/\/vosgesinfo.fr\/gerardmerinfo\/2026\/09\/preparez-votre-rentree-culturelle-avec-la-mcl\/#respond\"]}]},{\"@type\":\"WebPage\",\"@id\":\"https:\/\/vosgesinfo.fr\/gerardmerinfo\/2026\/09\/preparez-votre-rentree-culturelle-avec-la-mcl\/\",\"url\":\"https:\/\/vosgesinfo.fr\/gerardmerinfo\/2026\/09\/preparez-votre-rentree-culturelle-avec-la-mcl\/\",\"name\":\"Pr\u00e9parez votre rentr\u00e9e culturelle avec la MCL - Gerardmer Info\",\"isPartOf\":{\"@id\":\"https:\/\/vosgesinfo.fr\/gerardmerinfo\/#website\"},\"primaryImageOfPage\":{\"@id\":\"https:\/\/vosgesinfo.fr\/gerardmerinfo\/2026\/09\/preparez-votre-rentree-culturelle-avec-la-mcl\/#primaryimage\"},\"image\":{\"@id\":\"https:\/\/vosgesinfo.fr\/gerardmerinfo\/2026\/09\/preparez-votre-rentree-culturelle-avec-la-mcl\/#primaryimage\"},\"thumbnailUrl\":\"https:\/\/vosgesinfo.fr\/app\/uploads\/sites\/6\/2026\/09\/rentree-mcl.jpg\",\"datePublished\":\"2026-09-05T03:59:29+00:00\",\"dateModified\":\"2026-09-04T12:09:45+00:00\",\"breadcrumb\":{\"@id\":\"https:\/\/vosgesinfo.fr\/gerardmerinfo\/2026\/09\/preparez-votre-rentree-culturelle-avec-la-mcl\/#breadcrumb\"},\"inLanguage\":\"fr-FR\",\"potentialAction\":[{\"@type\":\"ReadAction\",\"target\":[\"https:\/\/vosgesinfo.fr\/gerardmerinfo\/2026\/09\/preparez-votre-rentree-culturelle-avec-la-mcl\/\"]}]},{\"@type\":\"ImageObject\",\"inLanguage\":\"fr-FR\",\"@id\":\"https:\/\/vosgesinfo.fr\/gerardmerinfo\/2026\/09\/preparez-votre-rentree-culturelle-avec-la-mcl\/#primaryimage\",\"url\":\"https:\/\/vosgesinfo.fr\/app\/uploads\/sites\/6\/2026\/09\/rentree-mcl.jpg\",\"contentUrl\":\"https:\/\/vosgesinfo.fr\/app\/uploads\/sites\/6\/2026\/09\/rentree-mcl.jpg\",\"width\":1920,\"height\":1440},{\"@type\":\"BreadcrumbList\",\"@id\":\"https:\/\/vosgesinfo.fr\/gerardmerinfo\/2026\/09\/preparez-votre-rentree-culturelle-avec-la-mcl\/#breadcrumb\",\"itemListElement\":[{\"@type\":\"ListItem\",\"position\":1,\"name\":\"Home\",\"item\":\"https:\/\/vosgesinfo.fr\/gerardmerinfo\/\"},{\"@type\":\"ListItem\",\"position\":2,\"name\":\"Pr\u00e9parez votre rentr\u00e9e culturelle avec la MCL\"}]},{\"@type\":\"WebSite\",\"@id\":\"https:\/\/vosgesinfo.fr\/gerardmerinfo\/#website\",\"url\":\"https:\/\/vosgesinfo.fr\/gerardmerinfo\/\",\"name\":\"Gerardmer Info\",\"description\":\"Toute l&#039;actualit\u00e9 de G\u00e9rardmer\",\"publisher\":{\"@id\":\"https:\/\/vosgesinfo.fr\/gerardmerinfo\/#organization\"},\"alternateName\":\"Toute l'actualit\u00e9 de G\u00e9rardmer\",\"potentialAction\":[{\"@type\":\"SearchAction\",\"target\":{\"@type\":\"EntryPoint\",\"urlTemplate\":\"https:\/\/vosgesinfo.fr\/gerardmerinfo\/?s={search_term_string}\"},\"query-input\":\"required name=search_term_string\"}],\"inLanguage\":\"fr-FR\"},{\"@type\":\"Organization\",\"@id\":\"https:\/\/vosgesinfo.fr\/gerardmerinfo\/#organization\",\"name\":\"Gerardmer Info\",\"url\":\"https:\/\/vosgesinfo.fr\/gerardmerinfo\/\",\"logo\":{\"@type\":\"ImageObject\",\"inLanguage\":\"fr-FR\",\"@id\":\"https:\/\/vosgesinfo.fr\/gerardmerinfo\/#\/schema\/logo\/image\/\",\"url\":\"https:\/\/vosgesinfo.fr\/app\/uploads\/sites\/6\/2023\/08\/favicon-gerardmerinfo.png\",\"contentUrl\":\"https:\/\/vosgesinfo.fr\/app\/uploads\/sites\/6\/2023\/08\/favicon-gerardmerinfo.png\",\"width\":512,\"height\":512,\"caption\":\"Gerardmer Info\"},\"image\":{\"@id\":\"https:\/\/vosgesinfo.fr\/gerardmerinfo\/#\/schema\/logo\/image\/\"},\"sameAs\":[\"https:\/\/www.facebook.com\/profile.php?id=100049475262660\",\"https:\/\/x.com\/VosgesInfo88\",\"https:\/\/www.youtube.com\/@vosgesinfo\"]},{\"@type\":\"Person\",\"@id\":\"https:\/\/vosgesinfo.fr\/gerardmerinfo\/#\/schema\/person\/db5605779a843dad16b5368f3e7613a5\",\"name\":\"QG\",\"image\":{\"@type\":\"ImageObject\",\"inLanguage\":\"fr-FR\",\"@id\":\"https:\/\/vosgesinfo.fr\/gerardmerinfo\/#\/schema\/person\/image\/\",\"url\":\"https:\/\/secure.gravatar.com\/avatar\/ea80c42c204b534408512832fde52504ecabb9706bcb6151cf6175e5b64e6793?s=96&d=mm&r=g\",\"contentUrl\":\"https:\/\/secure.gravatar.com\/avatar\/ea80c42c204b534408512832fde52504ecabb9706bcb6151cf6175e5b64e6793?s=96&d=mm&r=g\",\"caption\":\"QG\"},\"url\":\"https:\/\/vosgesinfo.fr\/gerardmerinfo\/author\/quentin88\/\"}]}<\/script>\n<!-- \/ Yoast SEO plugin. -->","yoast_head_json":{"title":"Pr\u00e9parez votre rentr\u00e9e culturelle avec la MCL - Gerardmer Info","robots":{"index":"index","follow":"follow","max-snippet":"max-snippet:-1","max-image-preview":"max-image-preview:large","max-video-preview":"max-video-preview:-1"},"canonical":"https:\/\/vosgesinfo.fr\/gerardmerinfo\/2026\/09\/preparez-votre-rentree-culturelle-avec-la-mcl\/","twitter_card":"summary_large_image","twitter_title":"Pr\u00e9parez votre rentr\u00e9e culturelle avec la MCL - Gerardmer Info","twitter_description":"La rentr\u00e9e approche \u00e0 grands pas \u00e0 la MCL de G\u00e9rardmer avec la reprise des activit\u00e9s hebdomadaires pr\u00e9vue pour la [&hellip;]","twitter_image":"https:\/\/vosgesinfo.fr\/app\/uploads\/sites\/6\/2026\/09\/rentree-mcl.jpg","twitter_creator":"@VosgesInfo88","twitter_site":"@VosgesInfo88","twitter_misc":{"\u00c9crit par":"QG","Dur\u00e9e de lecture estim\u00e9e":"2 minutes"},"schema":{"@context":"https:\/\/schema.org","@graph":[{"@type":"Article","@id":"https:\/\/vosgesinfo.fr\/gerardmerinfo\/2026\/09\/preparez-votre-rentree-culturelle-avec-la-mcl\/#article","isPartOf":{"@id":"https:\/\/vosgesinfo.fr\/gerardmerinfo\/2026\/09\/preparez-votre-rentree-culturelle-avec-la-mcl\/"},"author":{"name":"QG","@id":"https:\/\/vosgesinfo.fr\/gerardmerinfo\/#\/schema\/person\/db5605779a843dad16b5368f3e7613a5"},"headline":"Pr\u00e9parez votre rentr\u00e9e culturelle avec la MCL","datePublished":"2026-09-05T03:59:29+00:00","dateModified":"2026-09-04T12:09:45+00:00","mainEntityOfPage":{"@id":"https:\/\/vosgesinfo.fr\/gerardmerinfo\/2026\/09\/preparez-votre-rentree-culturelle-avec-la-mcl\/"},"wordCount":445,"commentCount":0,"publisher":{"@id":"https:\/\/vosgesinfo.fr\/gerardmerinfo\/#organization"},"image":{"@id":"https:\/\/vosgesinfo.fr\/gerardmerinfo\/2026\/09\/preparez-votre-rentree-culturelle-avec-la-mcl\/#primaryimage"},"thumbnailUrl":"https:\/\/vosgesinfo.fr\/app\/uploads\/sites\/6\/2026\/09\/rentree-mcl.jpg","keywords":["MCL G\u00e9rardmer","Thats all folks","The Green Duck"],"articleSection":["A la une","Concert","Culture","Gerardmer","Vie Associative"],"inLanguage":"fr-FR","potentialAction":[{"@type":"CommentAction","name":"Comment","target":["https:\/\/vosgesinfo.fr\/gerardmerinfo\/2026\/09\/preparez-votre-rentree-culturelle-avec-la-mcl\/#respond"]}]},{"@type":"WebPage","@id":"https:\/\/vosgesinfo.fr\/gerardmerinfo\/2026\/09\/preparez-votre-rentree-culturelle-avec-la-mcl\/","url":"https:\/\/vosgesinfo.fr\/gerardmerinfo\/2026\/09\/preparez-votre-rentree-culturelle-avec-la-mcl\/","name":"Pr\u00e9parez votre rentr\u00e9e culturelle avec la MCL - Gerardmer Info","isPartOf":{"@id":"https:\/\/vosgesinfo.fr\/gerardmerinfo\/#website"},"primaryImageOfPage":{"@id":"https:\/\/vosgesinfo.fr\/gerardmerinfo\/2026\/09\/preparez-votre-rentree-culturelle-avec-la-mcl\/#primaryimage"},"image":{"@id":"https:\/\/vosgesinfo.fr\/gerardmerinfo\/2026\/09\/preparez-votre-rentree-culturelle-avec-la-mcl\/#primaryimage"},"thumbnailUrl":"https:\/\/vosgesinfo.fr\/app\/uploads\/sites\/6\/2026\/09\/rentree-mcl.jpg","datePublished":"2026-09-05T03:59:29+00:00","dateModified":"2026-09-04T12:09:45+00:00","breadcrumb":{"@id":"https:\/\/vosgesinfo.fr\/gerardmerinfo\/2026\/09\/preparez-votre-rentree-culturelle-avec-la-mcl\/#breadcrumb"},"inLanguage":"fr-FR","potentialAction":[{"@type":"ReadAction","target":["https:\/\/vosgesinfo.fr\/gerardmerinfo\/2026\/09\/preparez-votre-rentree-culturelle-avec-la-mcl\/"]}]},{"@type":"ImageObject","inLanguage":"fr-FR","@id":"https:\/\/vosgesinfo.fr\/gerardmerinfo\/2026\/09\/preparez-votre-rentree-culturelle-avec-la-mcl\/#primaryimage","url":"https:\/\/vosgesinfo.fr\/app\/uploads\/sites\/6\/2026\/09\/rentree-mcl.jpg","contentUrl":"https:\/\/vosgesinfo.fr\/app\/uploads\/sites\/6\/2026\/09\/rentree-mcl.jpg","width":1920,"height":1440},{"@type":"BreadcrumbList","@id":"https:\/\/vosgesinfo.fr\/gerardmerinfo\/2026\/09\/preparez-votre-rentree-culturelle-avec-la-mcl\/#breadcrumb","itemListElement":[{"@type":"ListItem","position":1,"name":"Home","item":"https:\/\/vosgesinfo.fr\/gerardmerinfo\/"},{"@type":"ListItem","position":2,"name":"Pr\u00e9parez votre rentr\u00e9e culturelle avec la MCL"}]},{"@type":"WebSite","@id":"https:\/\/vosgesinfo.fr\/gerardmerinfo\/#website","url":"https:\/\/vosgesinfo.fr\/gerardmerinfo\/","name":"Gerardmer Info","description":"Toute l&#039;actualit\u00e9 de G\u00e9rardmer","publisher":{"@id":"https:\/\/vosgesinfo.fr\/gerardmerinfo\/#organization"},"alternateName":"Toute l'actualit\u00e9 de G\u00e9rardmer","potentialAction":[{"@type":"SearchAction","target":{"@type":"EntryPoint","urlTemplate":"https:\/\/vosgesinfo.fr\/gerardmerinfo\/?s={search_term_string}"},"query-input":"required name=search_term_string"}],"inLanguage":"fr-FR"},{"@type":"Organization","@id":"https:\/\/vosgesinfo.fr\/gerardmerinfo\/#organization","name":"Gerardmer Info","url":"https:\/\/vosgesinfo.fr\/gerardmerinfo\/","logo":{"@type":"ImageObject","inLanguage":"fr-FR","@id":"https:\/\/vosgesinfo.fr\/gerardmerinfo\/#\/schema\/logo\/image\/","url":"https:\/\/vosgesinfo.fr\/app\/uploads\/sites\/6\/2023\/08\/favicon-gerardmerinfo.png","contentUrl":"https:\/\/vosgesinfo.fr\/app\/uploads\/sites\/6\/2023\/08\/favicon-gerardmerinfo.png","width":512,"height":512,"caption":"Gerardmer Info"},"image":{"@id":"https:\/\/vosgesinfo.fr\/gerardmerinfo\/#\/schema\/logo\/image\/"},"sameAs":["https:\/\/www.facebook.com\/profile.php?id=100049475262660","https:\/\/x.com\/VosgesInfo88","https:\/\/www.youtube.com\/@vosgesinfo"]},{"@type":"Person","@id":"https:\/\/vosgesinfo.fr\/gerardmerinfo\/#\/schema\/person\/db5605779a843dad16b5368f3e7613a5","name":"QG","image":{"@type":"ImageObject","inLanguage":"fr-FR","@id":"https:\/\/vosgesinfo.fr\/gerardmerinfo\/#\/schema\/person\/image\/","url":"https:\/\/secure.gravatar.com\/avatar\/ea80c42c204b534408512832fde52504ecabb9706bcb6151cf6175e5b64e6793?s=96&d=mm&r=g","contentUrl":"https:\/\/secure.gravatar.com\/avatar\/ea80c42c204b534408512832fde52504ecabb9706bcb6151cf6175e5b64e6793?s=96&d=mm&r=g","caption":"QG"},"url":"https:\/\/vosgesinfo.fr\/gerardmerinfo\/author\/quentin88\/"}]}},"_links":{"self":[{"href":"https:\/\/vosgesinfo.fr\/gerardmerinfo\/wp-json\/wp\/v2\/posts\/95406","targetHints":{"allow":["GET"]}}],"collection":[{"href":"https:\/\/vosgesinfo.fr\/gerardmerinfo\/wp-json\/wp\/v2\/posts"}],"about":[{"href":"https:\/\/vosgesinfo.fr\/gerardmerinfo\/wp-json\/wp\/v2\/types\/post"}],"author":[{"embeddable":true,"href":"https:\/\/vosgesinfo.fr\/gerardmerinfo\/wp-json\/wp\/v2\/users\/42"}],"replies":[{"embeddable":true,"href":"https:\/\/vosgesinfo.fr\/gerardmerinfo\/wp-json\/wp\/v2\/comments?post=95406"}],"version-history":[{"count":1,"href":"https:\/\/vosgesinfo.fr\/gerardmerinfo\/wp-json\/wp\/v2\/posts\/95406\/revisions"}],"predecessor-version":[{"id":95414,"href":"https:\/\/vosgesinfo.fr\/gerardmerinfo\/wp-json\/wp\/v2\/posts\/95406\/revisions\/95414"}],"wp:featuredmedia":[{"embeddable":true,"href":"https:\/\/vosgesinfo.fr\/gerardmerinfo\/wp-json\/wp\/v2\/media\/95412"}],"wp:attachment":[{"href":"https:\/\/vosgesinfo.fr\/gerardmerinfo\/wp-json\/wp\/v2\/media?parent=95406"}],"wp:term":[{"taxonomy":"category","embeddable":true,"href":"https:\/\/vosgesinfo.fr\/gerardmerinfo\/wp-json\/wp\/v2\/categories?post=95406"},{"taxonomy":"post_tag","embeddable":true,"href":"https:\/\/vosgesinfo.fr\/gerardmerinfo\/wp-json\/wp\/v2\/tags?post=95406"}],"curies":[{"name":"wp","href":"https:\/\/api.w.org\/{rel}","templated":true}]}}