{"id":95416,"date":"2026-09-06T05:58:15","date_gmt":"2026-09-06T03:58:15","guid":{"rendered":"https:\/\/vosgesinfo.fr\/gerardmerinfo\/?p=95416"},"modified":"2026-09-05T09:59:58","modified_gmt":"2026-09-05T07:59:58","slug":"lecole-de-musique-de-la-ccghv-prepare-une-rentree-dynamique-et-accessible","status":"publish","type":"post","link":"https:\/\/vosgesinfo.fr\/gerardmerinfo\/2026\/09\/lecole-de-musique-de-la-ccghv-prepare-une-rentree-dynamique-et-accessible\/","title":{"rendered":"L\u2019\u00e9cole de musique de la CCGHV pr\u00e9pare une rentr\u00e9e dynamique et accessible"},"content":{"rendered":"<p><a href=\"https:\/\/vosgesinfo.fr\/app\/uploads\/sites\/6\/2026\/09\/reunion-de-rentree-ecole-de-musique-intercommunale-gerardmer-ccghv-14.jpg\"><img decoding=\"async\" class=\"aligncenter wp-image-95420 size-large\" src=\"https:\/\/vosgesinfo.fr\/app\/uploads\/sites\/6\/2026\/09\/reunion-de-rentree-ecole-de-musique-intercommunale-gerardmer-ccghv-14-1024x768.jpg\" alt=\"\" width=\"1024\" height=\"768\" srcset=\"https:\/\/vosgesinfo.fr\/app\/uploads\/sites\/6\/2026\/09\/reunion-de-rentree-ecole-de-musique-intercommunale-gerardmer-ccghv-14-1024x768.jpg 1024w, https:\/\/vosgesinfo.fr\/app\/uploads\/sites\/6\/2026\/09\/reunion-de-rentree-ecole-de-musique-intercommunale-gerardmer-ccghv-14-300x225.jpg 300w, https:\/\/vosgesinfo.fr\/app\/uploads\/sites\/6\/2026\/09\/reunion-de-rentree-ecole-de-musique-intercommunale-gerardmer-ccghv-14-768x576.jpg 768w, https:\/\/vosgesinfo.fr\/app\/uploads\/sites\/6\/2026\/09\/reunion-de-rentree-ecole-de-musique-intercommunale-gerardmer-ccghv-14-1536x1152.jpg 1536w, https:\/\/vosgesinfo.fr\/app\/uploads\/sites\/6\/2026\/09\/reunion-de-rentree-ecole-de-musique-intercommunale-gerardmer-ccghv-14.jpg 1920w\" sizes=\"(max-width: 1024px) 100vw, 1024px\" \/><\/a><\/p>\n<p>Ce sont des professeurs souriants qui se sont retrouv\u00e9s mardi 1er septembre pour la <strong>r\u00e9union de rentr\u00e9e de l\u2019\u00e9cole de musique de la Communaut\u00e9 de Communes G\u00e9rardmer Hautes Vosges<\/strong> (CCGHV) qui a marqu\u00e9 le coup d\u2019envoi d\u2019<strong>une nouvelle ann\u00e9e riche en projets et en innovations<\/strong>.<\/p>\n<p>&nbsp;<\/p>\n<p><span style=\"font-weight: 400;\">Thomas Gion, pr\u00e9sident de la CCGHV et \u00c9lisabeth Klipfel-Dott, vice -pr\u00e9sidente d\u00e9l\u00e9gu\u00e9e aux services \u00e0 la population et \u00e0 la culture, ont ouvert la s\u00e9ance en adressant leurs sinc\u00e8res remerciements aux enseignants pour leur pr\u00e9sence et leur engagement sans faille lors de l\u2019ann\u00e9e \u00e9coul\u00e9e.<\/span><\/p>\n<p><span style=\"font-weight: 400;\">\u201cLa culture et l\u2019enseignement musical jouent un r\u00f4le cl\u00e9 dans le d\u00e9veloppement personnel et le lien social\u201d, a rappel\u00e9 Thomas GION, avant d\u2019annoncer le renforcement du soutien administratif de la gestion de l\u2019\u00e9cole avec l\u2019arriv\u00e9e d\u2019un nouvel agent \u00e0 partir du mois d\u2019octobre.<\/span><\/p>\n<p><span style=\"font-weight: 400;\">Cette ann\u00e9e, l\u2019\u00e9cole de musique propose trois<\/span><b>\u00a0<a href=\"https:\/\/vosgesinfo.fr\/gerardmerinfo\/2026\/09\/portes-ouvertes-a-lecole-de-musique-pour-lannee-2026-2027\/\" target=\"_blank\" rel=\"noopener\">journ\u00e9es portes ouvertes<\/a><\/b><span style=\"font-weight: 400;\"> qui auront lieu les <\/span><b>mercredi 9, vendredi 11 et samedi 12 septembre<\/b><span style=\"font-weight: 400;\">, au cours desquelles enfants, jeunes et adultes pourront rencontrer les professeurs, d\u00e9couvrir la diversit\u00e9 des instruments enseign\u00e9s et choisir le cours qui leur correspondra.<\/span><\/p>\n<p><span style=\"font-weight: 400;\">Les <\/span><b>r\u00e9unions parents\/professeurs\/\u00e9l\u00e8ves<\/b><span style=\"font-weight: 400;\"> auront lieu entre <\/span><b>le jeudi 10 et le samedi 12 septembre<\/b><span style=\"font-weight: 400;\">, sur place ou par t\u00e9l\u00e9phone, selon les disponibilit\u00e9s des professeurs. La <\/span><b>reprise des cours<\/b><span style=\"font-weight: 400;\"> est quant \u00e0 elle fix\u00e9e au <\/span><b>lundi 14 septembre<\/b><span style=\"font-weight: 400;\">.<\/span><\/p>\n<p><span style=\"font-weight: 400;\">Le pr\u00e9sident a encourag\u00e9 les professeurs \u00e0 poursuivre leurs projets et propositions, promettant une ann\u00e9e scolaire rythm\u00e9e par des concerts et spectacles de qualit\u00e9, programm\u00e9s sur l\u2019ensemble des communes du territoire. Les pr\u00e9sentations scolaires, traditionnelles en fin d\u2019ann\u00e9e scolaire ou \u00e0 No\u00ebl, seront \u00e9galement organis\u00e9es, avec des modalit\u00e9s \u00e0 pr\u00e9ciser ult\u00e9rieurement.<\/span><\/p>\n<p><span style=\"font-weight: 400;\">Avec une \u00e9quipe p\u00e9dagogique motiv\u00e9e, un soutien administratif renforc\u00e9 et une offre diversifi\u00e9e, l\u2019\u00e9cole de musique de la CCGHV confirme sa volont\u00e9 de <strong>rendre la pratique musicale accessible \u00e0 tous<\/strong>, dans un esprit de convivialit\u00e9 et d\u2019excellence.<\/span><\/p>\n","protected":false},"excerpt":{"rendered":"<p>Ce sont des professeurs souriants qui se sont retrouv\u00e9s mardi 1er septembre pour la r\u00e9union de rentr\u00e9e de l\u2019\u00e9cole de [&hellip;]<\/p>\n","protected":false},"author":426,"featured_media":95420,"comment_status":"open","ping_status":"open","sticky":false,"template":"","format":"standard","meta":{"footnotes":""},"categories":[20,4,25,1163],"tags":[134,302,9641,112],"class_list":["post-95416","post","type-post","status-publish","format-standard","has-post-thumbnail","hentry","category-a-la-une","category-culture","category-gerardmer","category-musique","tag-ccghv","tag-ecole-de-musique-intercommunale","tag-elisabeth-klipfel-dott","tag-thomas-gion"],"acf":[],"yoast_head":"<!-- This site is optimized with the Yoast SEO plugin v22.5 - https:\/\/yoast.com\/wordpress\/plugins\/seo\/ -->\n<title>L\u2019\u00e9cole de musique de la CCGHV pr\u00e9pare une rentr\u00e9e dynamique et accessible - Gerardmer Info<\/title>\n<meta name=\"robots\" content=\"index, follow, max-snippet:-1, max-image-preview:large, max-video-preview:-1\" \/>\n<link rel=\"canonical\" href=\"https:\/\/vosgesinfo.fr\/gerardmerinfo\/2026\/09\/lecole-de-musique-de-la-ccghv-prepare-une-rentree-dynamique-et-accessible\/\" \/>\n<meta name=\"twitter:card\" content=\"summary_large_image\" \/>\n<meta name=\"twitter:title\" content=\"L\u2019\u00e9cole de musique de la CCGHV pr\u00e9pare une rentr\u00e9e dynamique et accessible - Gerardmer Info\" \/>\n<meta name=\"twitter:description\" content=\"Ce sont des professeurs souriants qui se sont retrouv\u00e9s mardi 1er septembre pour la r\u00e9union de rentr\u00e9e de l\u2019\u00e9cole de [&hellip;]\" \/>\n<meta name=\"twitter:image\" content=\"https:\/\/vosgesinfo.fr\/app\/uploads\/sites\/6\/2026\/09\/reunion-de-rentree-ecole-de-musique-intercommunale-gerardmer-ccghv-14.jpg\" \/>\n<meta name=\"twitter:creator\" content=\"@VosgesInfo88\" \/>\n<meta name=\"twitter:site\" content=\"@VosgesInfo88\" \/>\n<meta name=\"twitter:label1\" content=\"\u00c9crit par\" \/>\n\t<meta name=\"twitter:data1\" content=\"K.C\" \/>\n\t<meta name=\"twitter:label2\" content=\"Dur\u00e9e de lecture estim\u00e9e\" \/>\n\t<meta name=\"twitter:data2\" content=\"2 minutes\" \/>\n<script type=\"application\/ld+json\" class=\"yoast-schema-graph\">{\"@context\":\"https:\/\/schema.org\",\"@graph\":[{\"@type\":\"Article\",\"@id\":\"https:\/\/vosgesinfo.fr\/gerardmerinfo\/2026\/09\/lecole-de-musique-de-la-ccghv-prepare-une-rentree-dynamique-et-accessible\/#article\",\"isPartOf\":{\"@id\":\"https:\/\/vosgesinfo.fr\/gerardmerinfo\/2026\/09\/lecole-de-musique-de-la-ccghv-prepare-une-rentree-dynamique-et-accessible\/\"},\"author\":{\"name\":\"K.C\",\"@id\":\"https:\/\/vosgesinfo.fr\/gerardmerinfo\/#\/schema\/person\/ea69e5a7a3c4d9f79f236f9f72b0e22b\"},\"headline\":\"L\u2019\u00e9cole de musique de la CCGHV pr\u00e9pare une rentr\u00e9e dynamique et accessible\",\"datePublished\":\"2026-09-06T03:58:15+00:00\",\"dateModified\":\"2026-09-05T07:59:58+00:00\",\"mainEntityOfPage\":{\"@id\":\"https:\/\/vosgesinfo.fr\/gerardmerinfo\/2026\/09\/lecole-de-musique-de-la-ccghv-prepare-une-rentree-dynamique-et-accessible\/\"},\"wordCount\":364,\"commentCount\":0,\"publisher\":{\"@id\":\"https:\/\/vosgesinfo.fr\/gerardmerinfo\/#organization\"},\"image\":{\"@id\":\"https:\/\/vosgesinfo.fr\/gerardmerinfo\/2026\/09\/lecole-de-musique-de-la-ccghv-prepare-une-rentree-dynamique-et-accessible\/#primaryimage\"},\"thumbnailUrl\":\"https:\/\/vosgesinfo.fr\/app\/uploads\/sites\/6\/2026\/09\/reunion-de-rentree-ecole-de-musique-intercommunale-gerardmer-ccghv-14.jpg\",\"keywords\":[\"CCGHV\",\"ecole de musique intercommunale\",\"\u00c9lisabeth Klipfel-Dott\",\"Thomas Gion\"],\"articleSection\":[\"A la une\",\"Culture\",\"G\u00e9rardmer\",\"Musique\"],\"inLanguage\":\"fr-FR\",\"potentialAction\":[{\"@type\":\"CommentAction\",\"name\":\"Comment\",\"target\":[\"https:\/\/vosgesinfo.fr\/gerardmerinfo\/2026\/09\/lecole-de-musique-de-la-ccghv-prepare-une-rentree-dynamique-et-accessible\/#respond\"]}]},{\"@type\":\"WebPage\",\"@id\":\"https:\/\/vosgesinfo.fr\/gerardmerinfo\/2026\/09\/lecole-de-musique-de-la-ccghv-prepare-une-rentree-dynamique-et-accessible\/\",\"url\":\"https:\/\/vosgesinfo.fr\/gerardmerinfo\/2026\/09\/lecole-de-musique-de-la-ccghv-prepare-une-rentree-dynamique-et-accessible\/\",\"name\":\"L\u2019\u00e9cole de musique de la CCGHV pr\u00e9pare une rentr\u00e9e dynamique et accessible - Gerardmer Info\",\"isPartOf\":{\"@id\":\"https:\/\/vosgesinfo.fr\/gerardmerinfo\/#website\"},\"primaryImageOfPage\":{\"@id\":\"https:\/\/vosgesinfo.fr\/gerardmerinfo\/2026\/09\/lecole-de-musique-de-la-ccghv-prepare-une-rentree-dynamique-et-accessible\/#primaryimage\"},\"image\":{\"@id\":\"https:\/\/vosgesinfo.fr\/gerardmerinfo\/2026\/09\/lecole-de-musique-de-la-ccghv-prepare-une-rentree-dynamique-et-accessible\/#primaryimage\"},\"thumbnailUrl\":\"https:\/\/vosgesinfo.fr\/app\/uploads\/sites\/6\/2026\/09\/reunion-de-rentree-ecole-de-musique-intercommunale-gerardmer-ccghv-14.jpg\",\"datePublished\":\"2026-09-06T03:58:15+00:00\",\"dateModified\":\"2026-09-05T07:59:58+00:00\",\"breadcrumb\":{\"@id\":\"https:\/\/vosgesinfo.fr\/gerardmerinfo\/2026\/09\/lecole-de-musique-de-la-ccghv-prepare-une-rentree-dynamique-et-accessible\/#breadcrumb\"},\"inLanguage\":\"fr-FR\",\"potentialAction\":[{\"@type\":\"ReadAction\",\"target\":[\"https:\/\/vosgesinfo.fr\/gerardmerinfo\/2026\/09\/lecole-de-musique-de-la-ccghv-prepare-une-rentree-dynamique-et-accessible\/\"]}]},{\"@type\":\"ImageObject\",\"inLanguage\":\"fr-FR\",\"@id\":\"https:\/\/vosgesinfo.fr\/gerardmerinfo\/2026\/09\/lecole-de-musique-de-la-ccghv-prepare-une-rentree-dynamique-et-accessible\/#primaryimage\",\"url\":\"https:\/\/vosgesinfo.fr\/app\/uploads\/sites\/6\/2026\/09\/reunion-de-rentree-ecole-de-musique-intercommunale-gerardmer-ccghv-14.jpg\",\"contentUrl\":\"https:\/\/vosgesinfo.fr\/app\/uploads\/sites\/6\/2026\/09\/reunion-de-rentree-ecole-de-musique-intercommunale-gerardmer-ccghv-14.jpg\",\"width\":1920,\"height\":1440},{\"@type\":\"BreadcrumbList\",\"@id\":\"https:\/\/vosgesinfo.fr\/gerardmerinfo\/2026\/09\/lecole-de-musique-de-la-ccghv-prepare-une-rentree-dynamique-et-accessible\/#breadcrumb\",\"itemListElement\":[{\"@type\":\"ListItem\",\"position\":1,\"name\":\"Home\",\"item\":\"https:\/\/vosgesinfo.fr\/gerardmerinfo\/\"},{\"@type\":\"ListItem\",\"position\":2,\"name\":\"L\u2019\u00e9cole de musique de la CCGHV pr\u00e9pare une rentr\u00e9e dynamique et accessible\"}]},{\"@type\":\"WebSite\",\"@id\":\"https:\/\/vosgesinfo.fr\/gerardmerinfo\/#website\",\"url\":\"https:\/\/vosgesinfo.fr\/gerardmerinfo\/\",\"name\":\"Gerardmer Info\",\"description\":\"Toute l&#039;actualit\u00e9 de G\u00e9rardmer\",\"publisher\":{\"@id\":\"https:\/\/vosgesinfo.fr\/gerardmerinfo\/#organization\"},\"alternateName\":\"Toute l'actualit\u00e9 de G\u00e9rardmer\",\"potentialAction\":[{\"@type\":\"SearchAction\",\"target\":{\"@type\":\"EntryPoint\",\"urlTemplate\":\"https:\/\/vosgesinfo.fr\/gerardmerinfo\/?s={search_term_string}\"},\"query-input\":\"required name=search_term_string\"}],\"inLanguage\":\"fr-FR\"},{\"@type\":\"Organization\",\"@id\":\"https:\/\/vosgesinfo.fr\/gerardmerinfo\/#organization\",\"name\":\"Gerardmer Info\",\"url\":\"https:\/\/vosgesinfo.fr\/gerardmerinfo\/\",\"logo\":{\"@type\":\"ImageObject\",\"inLanguage\":\"fr-FR\",\"@id\":\"https:\/\/vosgesinfo.fr\/gerardmerinfo\/#\/schema\/logo\/image\/\",\"url\":\"https:\/\/vosgesinfo.fr\/app\/uploads\/sites\/6\/2023\/08\/favicon-gerardmerinfo.png\",\"contentUrl\":\"https:\/\/vosgesinfo.fr\/app\/uploads\/sites\/6\/2023\/08\/favicon-gerardmerinfo.png\",\"width\":512,\"height\":512,\"caption\":\"Gerardmer Info\"},\"image\":{\"@id\":\"https:\/\/vosgesinfo.fr\/gerardmerinfo\/#\/schema\/logo\/image\/\"},\"sameAs\":[\"https:\/\/www.facebook.com\/profile.php?id=100049475262660\",\"https:\/\/x.com\/VosgesInfo88\",\"https:\/\/www.youtube.com\/@vosgesinfo\"]},{\"@type\":\"Person\",\"@id\":\"https:\/\/vosgesinfo.fr\/gerardmerinfo\/#\/schema\/person\/ea69e5a7a3c4d9f79f236f9f72b0e22b\",\"name\":\"K.C\",\"image\":{\"@type\":\"ImageObject\",\"inLanguage\":\"fr-FR\",\"@id\":\"https:\/\/vosgesinfo.fr\/gerardmerinfo\/#\/schema\/person\/image\/\",\"url\":\"https:\/\/secure.gravatar.com\/avatar\/6f57fdd64093a73424eb4a0c5214959a8a73899d5c61233a770e83f40a7cfe6f?s=96&d=mm&r=g\",\"contentUrl\":\"https:\/\/secure.gravatar.com\/avatar\/6f57fdd64093a73424eb4a0c5214959a8a73899d5c61233a770e83f40a7cfe6f?s=96&d=mm&r=g\",\"caption\":\"K.C\"},\"url\":\"https:\/\/vosgesinfo.fr\/gerardmerinfo\/author\/viclemie\/\"}]}<\/script>\n<!-- \/ Yoast SEO plugin. -->","yoast_head_json":{"title":"L\u2019\u00e9cole de musique de la CCGHV pr\u00e9pare une rentr\u00e9e dynamique et accessible - Gerardmer Info","robots":{"index":"index","follow":"follow","max-snippet":"max-snippet:-1","max-image-preview":"max-image-preview:large","max-video-preview":"max-video-preview:-1"},"canonical":"https:\/\/vosgesinfo.fr\/gerardmerinfo\/2026\/09\/lecole-de-musique-de-la-ccghv-prepare-une-rentree-dynamique-et-accessible\/","twitter_card":"summary_large_image","twitter_title":"L\u2019\u00e9cole de musique de la CCGHV pr\u00e9pare une rentr\u00e9e dynamique et accessible - Gerardmer Info","twitter_description":"Ce sont des professeurs souriants qui se sont retrouv\u00e9s mardi 1er septembre pour la r\u00e9union de rentr\u00e9e de l\u2019\u00e9cole de [&hellip;]","twitter_image":"https:\/\/vosgesinfo.fr\/app\/uploads\/sites\/6\/2026\/09\/reunion-de-rentree-ecole-de-musique-intercommunale-gerardmer-ccghv-14.jpg","twitter_creator":"@VosgesInfo88","twitter_site":"@VosgesInfo88","twitter_misc":{"\u00c9crit par":"K.C","Dur\u00e9e de lecture estim\u00e9e":"2 minutes"},"schema":{"@context":"https:\/\/schema.org","@graph":[{"@type":"Article","@id":"https:\/\/vosgesinfo.fr\/gerardmerinfo\/2026\/09\/lecole-de-musique-de-la-ccghv-prepare-une-rentree-dynamique-et-accessible\/#article","isPartOf":{"@id":"https:\/\/vosgesinfo.fr\/gerardmerinfo\/2026\/09\/lecole-de-musique-de-la-ccghv-prepare-une-rentree-dynamique-et-accessible\/"},"author":{"name":"K.C","@id":"https:\/\/vosgesinfo.fr\/gerardmerinfo\/#\/schema\/person\/ea69e5a7a3c4d9f79f236f9f72b0e22b"},"headline":"L\u2019\u00e9cole de musique de la CCGHV pr\u00e9pare une rentr\u00e9e dynamique et accessible","datePublished":"2026-09-06T03:58:15+00:00","dateModified":"2026-09-05T07:59:58+00:00","mainEntityOfPage":{"@id":"https:\/\/vosgesinfo.fr\/gerardmerinfo\/2026\/09\/lecole-de-musique-de-la-ccghv-prepare-une-rentree-dynamique-et-accessible\/"},"wordCount":364,"commentCount":0,"publisher":{"@id":"https:\/\/vosgesinfo.fr\/gerardmerinfo\/#organization"},"image":{"@id":"https:\/\/vosgesinfo.fr\/gerardmerinfo\/2026\/09\/lecole-de-musique-de-la-ccghv-prepare-une-rentree-dynamique-et-accessible\/#primaryimage"},"thumbnailUrl":"https:\/\/vosgesinfo.fr\/app\/uploads\/sites\/6\/2026\/09\/reunion-de-rentree-ecole-de-musique-intercommunale-gerardmer-ccghv-14.jpg","keywords":["CCGHV","ecole de musique intercommunale","\u00c9lisabeth Klipfel-Dott","Thomas Gion"],"articleSection":["A la une","Culture","G\u00e9rardmer","Musique"],"inLanguage":"fr-FR","potentialAction":[{"@type":"CommentAction","name":"Comment","target":["https:\/\/vosgesinfo.fr\/gerardmerinfo\/2026\/09\/lecole-de-musique-de-la-ccghv-prepare-une-rentree-dynamique-et-accessible\/#respond"]}]},{"@type":"WebPage","@id":"https:\/\/vosgesinfo.fr\/gerardmerinfo\/2026\/09\/lecole-de-musique-de-la-ccghv-prepare-une-rentree-dynamique-et-accessible\/","url":"https:\/\/vosgesinfo.fr\/gerardmerinfo\/2026\/09\/lecole-de-musique-de-la-ccghv-prepare-une-rentree-dynamique-et-accessible\/","name":"L\u2019\u00e9cole de musique de la CCGHV pr\u00e9pare une rentr\u00e9e dynamique et accessible - Gerardmer Info","isPartOf":{"@id":"https:\/\/vosgesinfo.fr\/gerardmerinfo\/#website"},"primaryImageOfPage":{"@id":"https:\/\/vosgesinfo.fr\/gerardmerinfo\/2026\/09\/lecole-de-musique-de-la-ccghv-prepare-une-rentree-dynamique-et-accessible\/#primaryimage"},"image":{"@id":"https:\/\/vosgesinfo.fr\/gerardmerinfo\/2026\/09\/lecole-de-musique-de-la-ccghv-prepare-une-rentree-dynamique-et-accessible\/#primaryimage"},"thumbnailUrl":"https:\/\/vosgesinfo.fr\/app\/uploads\/sites\/6\/2026\/09\/reunion-de-rentree-ecole-de-musique-intercommunale-gerardmer-ccghv-14.jpg","datePublished":"2026-09-06T03:58:15+00:00","dateModified":"2026-09-05T07:59:58+00:00","breadcrumb":{"@id":"https:\/\/vosgesinfo.fr\/gerardmerinfo\/2026\/09\/lecole-de-musique-de-la-ccghv-prepare-une-rentree-dynamique-et-accessible\/#breadcrumb"},"inLanguage":"fr-FR","potentialAction":[{"@type":"ReadAction","target":["https:\/\/vosgesinfo.fr\/gerardmerinfo\/2026\/09\/lecole-de-musique-de-la-ccghv-prepare-une-rentree-dynamique-et-accessible\/"]}]},{"@type":"ImageObject","inLanguage":"fr-FR","@id":"https:\/\/vosgesinfo.fr\/gerardmerinfo\/2026\/09\/lecole-de-musique-de-la-ccghv-prepare-une-rentree-dynamique-et-accessible\/#primaryimage","url":"https:\/\/vosgesinfo.fr\/app\/uploads\/sites\/6\/2026\/09\/reunion-de-rentree-ecole-de-musique-intercommunale-gerardmer-ccghv-14.jpg","contentUrl":"https:\/\/vosgesinfo.fr\/app\/uploads\/sites\/6\/2026\/09\/reunion-de-rentree-ecole-de-musique-intercommunale-gerardmer-ccghv-14.jpg","width":1920,"height":1440},{"@type":"BreadcrumbList","@id":"https:\/\/vosgesinfo.fr\/gerardmerinfo\/2026\/09\/lecole-de-musique-de-la-ccghv-prepare-une-rentree-dynamique-et-accessible\/#breadcrumb","itemListElement":[{"@type":"ListItem","position":1,"name":"Home","item":"https:\/\/vosgesinfo.fr\/gerardmerinfo\/"},{"@type":"ListItem","position":2,"name":"L\u2019\u00e9cole de musique de la CCGHV pr\u00e9pare une rentr\u00e9e dynamique et accessible"}]},{"@type":"WebSite","@id":"https:\/\/vosgesinfo.fr\/gerardmerinfo\/#website","url":"https:\/\/vosgesinfo.fr\/gerardmerinfo\/","name":"Gerardmer Info","description":"Toute l&#039;actualit\u00e9 de G\u00e9rardmer","publisher":{"@id":"https:\/\/vosgesinfo.fr\/gerardmerinfo\/#organization"},"alternateName":"Toute l'actualit\u00e9 de G\u00e9rardmer","potentialAction":[{"@type":"SearchAction","target":{"@type":"EntryPoint","urlTemplate":"https:\/\/vosgesinfo.fr\/gerardmerinfo\/?s={search_term_string}"},"query-input":"required name=search_term_string"}],"inLanguage":"fr-FR"},{"@type":"Organization","@id":"https:\/\/vosgesinfo.fr\/gerardmerinfo\/#organization","name":"Gerardmer Info","url":"https:\/\/vosgesinfo.fr\/gerardmerinfo\/","logo":{"@type":"ImageObject","inLanguage":"fr-FR","@id":"https:\/\/vosgesinfo.fr\/gerardmerinfo\/#\/schema\/logo\/image\/","url":"https:\/\/vosgesinfo.fr\/app\/uploads\/sites\/6\/2023\/08\/favicon-gerardmerinfo.png","contentUrl":"https:\/\/vosgesinfo.fr\/app\/uploads\/sites\/6\/2023\/08\/favicon-gerardmerinfo.png","width":512,"height":512,"caption":"Gerardmer Info"},"image":{"@id":"https:\/\/vosgesinfo.fr\/gerardmerinfo\/#\/schema\/logo\/image\/"},"sameAs":["https:\/\/www.facebook.com\/profile.php?id=100049475262660","https:\/\/x.com\/VosgesInfo88","https:\/\/www.youtube.com\/@vosgesinfo"]},{"@type":"Person","@id":"https:\/\/vosgesinfo.fr\/gerardmerinfo\/#\/schema\/person\/ea69e5a7a3c4d9f79f236f9f72b0e22b","name":"K.C","image":{"@type":"ImageObject","inLanguage":"fr-FR","@id":"https:\/\/vosgesinfo.fr\/gerardmerinfo\/#\/schema\/person\/image\/","url":"https:\/\/secure.gravatar.com\/avatar\/6f57fdd64093a73424eb4a0c5214959a8a73899d5c61233a770e83f40a7cfe6f?s=96&d=mm&r=g","contentUrl":"https:\/\/secure.gravatar.com\/avatar\/6f57fdd64093a73424eb4a0c5214959a8a73899d5c61233a770e83f40a7cfe6f?s=96&d=mm&r=g","caption":"K.C"},"url":"https:\/\/vosgesinfo.fr\/gerardmerinfo\/author\/viclemie\/"}]}},"_links":{"self":[{"href":"https:\/\/vosgesinfo.fr\/gerardmerinfo\/wp-json\/wp\/v2\/posts\/95416","targetHints":{"allow":["GET"]}}],"collection":[{"href":"https:\/\/vosgesinfo.fr\/gerardmerinfo\/wp-json\/wp\/v2\/posts"}],"about":[{"href":"https:\/\/vosgesinfo.fr\/gerardmerinfo\/wp-json\/wp\/v2\/types\/post"}],"author":[{"embeddable":true,"href":"https:\/\/vosgesinfo.fr\/gerardmerinfo\/wp-json\/wp\/v2\/users\/426"}],"replies":[{"embeddable":true,"href":"https:\/\/vosgesinfo.fr\/gerardmerinfo\/wp-json\/wp\/v2\/comments?post=95416"}],"version-history":[{"count":5,"href":"https:\/\/vosgesinfo.fr\/gerardmerinfo\/wp-json\/wp\/v2\/posts\/95416\/revisions"}],"predecessor-version":[{"id":95456,"href":"https:\/\/vosgesinfo.fr\/gerardmerinfo\/wp-json\/wp\/v2\/posts\/95416\/revisions\/95456"}],"wp:featuredmedia":[{"embeddable":true,"href":"https:\/\/vosgesinfo.fr\/gerardmerinfo\/wp-json\/wp\/v2\/media\/95420"}],"wp:attachment":[{"href":"https:\/\/vosgesinfo.fr\/gerardmerinfo\/wp-json\/wp\/v2\/media?parent=95416"}],"wp:term":[{"taxonomy":"category","embeddable":true,"href":"https:\/\/vosgesinfo.fr\/gerardmerinfo\/wp-json\/wp\/v2\/categories?post=95416"},{"taxonomy":"post_tag","embeddable":true,"href":"https:\/\/vosgesinfo.fr\/gerardmerinfo\/wp-json\/wp\/v2\/tags?post=95416"}],"curies":[{"name":"wp","href":"https:\/\/api.w.org\/{rel}","templated":true}]}}