{"id":1226,"date":"2024-01-04T16:15:24","date_gmt":"2024-01-04T15:15:24","guid":{"rendered":"https:\/\/vosgesinfo.fr\/laplainedesvosgesinfo\/2024\/01\/accuse-de-cybercriminalite-le-vosgien-sebastien-raoult-sera-juge-la-semaine-prochaine\/"},"modified":"2024-01-04T16:15:24","modified_gmt":"2024-01-04T15:15:24","slug":"accuse-de-cybercriminalite-le-vosgien-sebastien-raoult-sera-juge-la-semaine-prochaine","status":"publish","type":"post","link":"https:\/\/vosgesinfo.fr\/laplainedesvosgesinfo\/2024\/01\/accuse-de-cybercriminalite-le-vosgien-sebastien-raoult-sera-juge-la-semaine-prochaine\/","title":{"rendered":"Accus\u00e9 de cybercriminalit\u00e9, le Vosgien S\u00e9bastien Raoult sera jug\u00e9 la semaine prochaine"},"content":{"rendered":"<h2><strong>S\u00e9bastien Raoult, originaire d\u2019Epinal, est accus\u00e9 de cybercriminalit\u00e9 par les autorit\u00e9s am\u00e9ricaines. Le jeune homme de 22 ans, originaire d\u2019\u00c9pinal, sera jug\u00e9 le mardi 9 janvier 2024.<br \/>\n<\/strong><\/h2>\n<p>Arr\u00eat\u00e9 au Maroc en mai\u00a02022, le jeune vosgien originaire d\u2019Epinal \u00e9tait accus\u00e9 par la justice am\u00e9ricaine d\u2019avoir fait partie des ShinyHunters, un groupe de pirates informatiques. Il est accus\u00e9 d\u2019avoir pirat\u00e9 les donn\u00e9es d\u2019entreprises am\u00e9ricaines pour les revendre sur le darknet.<\/p>\n","protected":false},"excerpt":{"rendered":"<p>S\u00e9bastien Raoult, originaire d\u2019Epinal, est accus\u00e9 de cybercriminalit\u00e9 par les autorit\u00e9s am\u00e9ricaines. Le jeune homme de 22 ans, originaire d\u2019\u00c9pinal, [&hellip;]<\/p>\n","protected":false},"author":42,"featured_media":665,"comment_status":"open","ping_status":"open","sticky":false,"template":"","format":"standard","meta":{"footnotes":""},"categories":[29,8,48,18],"tags":[339],"class_list":["post-1226","post","type-post","status-publish","format-standard","has-post-thumbnail","hentry","category-a-la-une","category-faits-divers","category-justice","category-vosges","tag-sebastien-raoult"],"acf":[],"yoast_head":"<!-- This site is optimized with the Yoast SEO plugin v22.5 - https:\/\/yoast.com\/wordpress\/plugins\/seo\/ -->\n<title>Accus\u00e9 de cybercriminalit\u00e9, le Vosgien S\u00e9bastien Raoult sera jug\u00e9 la semaine prochaine - La Plaine des Vosges<\/title>\n<meta name=\"robots\" content=\"index, follow, max-snippet:-1, max-image-preview:large, max-video-preview:-1\" \/>\n<link rel=\"canonical\" href=\"https:\/\/vosgesinfo.fr\/laplainedesvosgesinfo\/2024\/01\/accuse-de-cybercriminalite-le-vosgien-sebastien-raoult-sera-juge-la-semaine-prochaine\/\" \/>\n<meta name=\"twitter:card\" content=\"summary_large_image\" \/>\n<meta name=\"twitter:title\" content=\"Accus\u00e9 de cybercriminalit\u00e9, le Vosgien S\u00e9bastien Raoult sera jug\u00e9 la semaine prochaine - La Plaine des Vosges\" \/>\n<meta name=\"twitter:description\" content=\"S\u00e9bastien Raoult, originaire d\u2019Epinal, est accus\u00e9 de cybercriminalit\u00e9 par les autorit\u00e9s am\u00e9ricaines. Le jeune homme de 22 ans, originaire d\u2019\u00c9pinal, [&hellip;]\" \/>\n<meta name=\"twitter:image\" content=\"https:\/\/vosgesinfo.fr\/app\/uploads\/sites\/2\/2023\/09\/sebastien-raoult2.jpg\" \/>\n<meta name=\"twitter:creator\" content=\"@VosgesInfo88\" \/>\n<meta name=\"twitter:site\" content=\"@VosgesInfo88\" \/>\n<meta name=\"twitter:label1\" content=\"\u00c9crit par\" \/>\n\t<meta name=\"twitter:data1\" content=\"QG\" \/>\n<script type=\"application\/ld+json\" class=\"yoast-schema-graph\">{\"@context\":\"https:\/\/schema.org\",\"@graph\":[{\"@type\":\"Article\",\"@id\":\"https:\/\/vosgesinfo.fr\/laplainedesvosgesinfo\/2024\/01\/accuse-de-cybercriminalite-le-vosgien-sebastien-raoult-sera-juge-la-semaine-prochaine\/#article\",\"isPartOf\":{\"@id\":\"https:\/\/vosgesinfo.fr\/laplainedesvosgesinfo\/2024\/01\/accuse-de-cybercriminalite-le-vosgien-sebastien-raoult-sera-juge-la-semaine-prochaine\/\"},\"author\":{\"name\":\"QG\",\"@id\":\"https:\/\/vosgesinfo.fr\/laplainedesvosgesinfo\/#\/schema\/person\/db5605779a843dad16b5368f3e7613a5\"},\"headline\":\"Accus\u00e9 de cybercriminalit\u00e9, le Vosgien S\u00e9bastien Raoult sera jug\u00e9 la semaine prochaine\",\"datePublished\":\"2024-01-04T15:15:24+00:00\",\"dateModified\":\"2024-01-04T15:15:24+00:00\",\"mainEntityOfPage\":{\"@id\":\"https:\/\/vosgesinfo.fr\/laplainedesvosgesinfo\/2024\/01\/accuse-de-cybercriminalite-le-vosgien-sebastien-raoult-sera-juge-la-semaine-prochaine\/\"},\"wordCount\":91,\"commentCount\":0,\"publisher\":{\"@id\":\"https:\/\/vosgesinfo.fr\/laplainedesvosgesinfo\/#organization\"},\"image\":{\"@id\":\"https:\/\/vosgesinfo.fr\/laplainedesvosgesinfo\/2024\/01\/accuse-de-cybercriminalite-le-vosgien-sebastien-raoult-sera-juge-la-semaine-prochaine\/#primaryimage\"},\"thumbnailUrl\":\"https:\/\/vosgesinfo.fr\/app\/uploads\/sites\/2\/2023\/09\/sebastien-raoult2.jpg\",\"keywords\":[\"S\u00e9bastien raoult\"],\"articleSection\":[\"A la Une\",\"Faits-divers\",\"Justice\",\"Vosges\"],\"inLanguage\":\"fr-FR\",\"potentialAction\":[{\"@type\":\"CommentAction\",\"name\":\"Comment\",\"target\":[\"https:\/\/vosgesinfo.fr\/laplainedesvosgesinfo\/2024\/01\/accuse-de-cybercriminalite-le-vosgien-sebastien-raoult-sera-juge-la-semaine-prochaine\/#respond\"]}]},{\"@type\":\"WebPage\",\"@id\":\"https:\/\/vosgesinfo.fr\/laplainedesvosgesinfo\/2024\/01\/accuse-de-cybercriminalite-le-vosgien-sebastien-raoult-sera-juge-la-semaine-prochaine\/\",\"url\":\"https:\/\/vosgesinfo.fr\/laplainedesvosgesinfo\/2024\/01\/accuse-de-cybercriminalite-le-vosgien-sebastien-raoult-sera-juge-la-semaine-prochaine\/\",\"name\":\"Accus\u00e9 de cybercriminalit\u00e9, le Vosgien S\u00e9bastien Raoult sera jug\u00e9 la semaine prochaine - La Plaine des Vosges\",\"isPartOf\":{\"@id\":\"https:\/\/vosgesinfo.fr\/laplainedesvosgesinfo\/#website\"},\"primaryImageOfPage\":{\"@id\":\"https:\/\/vosgesinfo.fr\/laplainedesvosgesinfo\/2024\/01\/accuse-de-cybercriminalite-le-vosgien-sebastien-raoult-sera-juge-la-semaine-prochaine\/#primaryimage\"},\"image\":{\"@id\":\"https:\/\/vosgesinfo.fr\/laplainedesvosgesinfo\/2024\/01\/accuse-de-cybercriminalite-le-vosgien-sebastien-raoult-sera-juge-la-semaine-prochaine\/#primaryimage\"},\"thumbnailUrl\":\"https:\/\/vosgesinfo.fr\/app\/uploads\/sites\/2\/2023\/09\/sebastien-raoult2.jpg\",\"datePublished\":\"2024-01-04T15:15:24+00:00\",\"dateModified\":\"2024-01-04T15:15:24+00:00\",\"breadcrumb\":{\"@id\":\"https:\/\/vosgesinfo.fr\/laplainedesvosgesinfo\/2024\/01\/accuse-de-cybercriminalite-le-vosgien-sebastien-raoult-sera-juge-la-semaine-prochaine\/#breadcrumb\"},\"inLanguage\":\"fr-FR\",\"potentialAction\":[{\"@type\":\"ReadAction\",\"target\":[\"https:\/\/vosgesinfo.fr\/laplainedesvosgesinfo\/2024\/01\/accuse-de-cybercriminalite-le-vosgien-sebastien-raoult-sera-juge-la-semaine-prochaine\/\"]}]},{\"@type\":\"ImageObject\",\"inLanguage\":\"fr-FR\",\"@id\":\"https:\/\/vosgesinfo.fr\/laplainedesvosgesinfo\/2024\/01\/accuse-de-cybercriminalite-le-vosgien-sebastien-raoult-sera-juge-la-semaine-prochaine\/#primaryimage\",\"url\":\"https:\/\/vosgesinfo.fr\/app\/uploads\/sites\/2\/2023\/09\/sebastien-raoult2.jpg\",\"contentUrl\":\"https:\/\/vosgesinfo.fr\/app\/uploads\/sites\/2\/2023\/09\/sebastien-raoult2.jpg\",\"width\":800,\"height\":450},{\"@type\":\"BreadcrumbList\",\"@id\":\"https:\/\/vosgesinfo.fr\/laplainedesvosgesinfo\/2024\/01\/accuse-de-cybercriminalite-le-vosgien-sebastien-raoult-sera-juge-la-semaine-prochaine\/#breadcrumb\",\"itemListElement\":[{\"@type\":\"ListItem\",\"position\":1,\"name\":\"Home\",\"item\":\"https:\/\/vosgesinfo.fr\/laplainedesvosgesinfo\/\"},{\"@type\":\"ListItem\",\"position\":2,\"name\":\"Accus\u00e9 de cybercriminalit\u00e9, le Vosgien S\u00e9bastien Raoult sera jug\u00e9 la semaine prochaine\"}]},{\"@type\":\"WebSite\",\"@id\":\"https:\/\/vosgesinfo.fr\/laplainedesvosgesinfo\/#website\",\"url\":\"https:\/\/vosgesinfo.fr\/laplainedesvosgesinfo\/\",\"name\":\"La Plaine des Vosges\",\"description\":\"Toute l&#039;actualit\u00e9 de la plaine de Vosges\",\"publisher\":{\"@id\":\"https:\/\/vosgesinfo.fr\/laplainedesvosgesinfo\/#organization\"},\"alternateName\":\"Toute l'actualit\u00e9 de la plaine des Vosges\",\"potentialAction\":[{\"@type\":\"SearchAction\",\"target\":{\"@type\":\"EntryPoint\",\"urlTemplate\":\"https:\/\/vosgesinfo.fr\/laplainedesvosgesinfo\/?s={search_term_string}\"},\"query-input\":\"required name=search_term_string\"}],\"inLanguage\":\"fr-FR\"},{\"@type\":\"Organization\",\"@id\":\"https:\/\/vosgesinfo.fr\/laplainedesvosgesinfo\/#organization\",\"name\":\"La Plaine des Vosges\",\"url\":\"https:\/\/vosgesinfo.fr\/laplainedesvosgesinfo\/\",\"logo\":{\"@type\":\"ImageObject\",\"inLanguage\":\"fr-FR\",\"@id\":\"https:\/\/vosgesinfo.fr\/laplainedesvosgesinfo\/#\/schema\/logo\/image\/\",\"url\":\"https:\/\/vosgesinfo.fr\/app\/uploads\/sites\/2\/2023\/08\/logo-laplaineinfo.svg\",\"contentUrl\":\"https:\/\/vosgesinfo.fr\/app\/uploads\/sites\/2\/2023\/08\/logo-laplaineinfo.svg\",\"width\":1,\"height\":1,\"caption\":\"La Plaine des Vosges\"},\"image\":{\"@id\":\"https:\/\/vosgesinfo.fr\/laplainedesvosgesinfo\/#\/schema\/logo\/image\/\"},\"sameAs\":[\"https:\/\/www.facebook.com\/laplainedesvosges\",\"https:\/\/x.com\/VosgesInfo88\",\"https:\/\/www.youtube.com\/@vosgesinfo\"]},{\"@type\":\"Person\",\"@id\":\"https:\/\/vosgesinfo.fr\/laplainedesvosgesinfo\/#\/schema\/person\/db5605779a843dad16b5368f3e7613a5\",\"name\":\"QG\",\"image\":{\"@type\":\"ImageObject\",\"inLanguage\":\"fr-FR\",\"@id\":\"https:\/\/vosgesinfo.fr\/laplainedesvosgesinfo\/#\/schema\/person\/image\/\",\"url\":\"https:\/\/secure.gravatar.com\/avatar\/ea80c42c204b534408512832fde52504ecabb9706bcb6151cf6175e5b64e6793?s=96&d=mm&r=g\",\"contentUrl\":\"https:\/\/secure.gravatar.com\/avatar\/ea80c42c204b534408512832fde52504ecabb9706bcb6151cf6175e5b64e6793?s=96&d=mm&r=g\",\"caption\":\"QG\"},\"url\":\"https:\/\/vosgesinfo.fr\/laplainedesvosgesinfo\/author\/quentin88\/\"}]}<\/script>\n<!-- \/ Yoast SEO plugin. -->","yoast_head_json":{"title":"Accus\u00e9 de cybercriminalit\u00e9, le Vosgien S\u00e9bastien Raoult sera jug\u00e9 la semaine prochaine - La Plaine des Vosges","robots":{"index":"index","follow":"follow","max-snippet":"max-snippet:-1","max-image-preview":"max-image-preview:large","max-video-preview":"max-video-preview:-1"},"canonical":"https:\/\/vosgesinfo.fr\/laplainedesvosgesinfo\/2024\/01\/accuse-de-cybercriminalite-le-vosgien-sebastien-raoult-sera-juge-la-semaine-prochaine\/","twitter_card":"summary_large_image","twitter_title":"Accus\u00e9 de cybercriminalit\u00e9, le Vosgien S\u00e9bastien Raoult sera jug\u00e9 la semaine prochaine - La Plaine des Vosges","twitter_description":"S\u00e9bastien Raoult, originaire d\u2019Epinal, est accus\u00e9 de cybercriminalit\u00e9 par les autorit\u00e9s am\u00e9ricaines. Le jeune homme de 22 ans, originaire d\u2019\u00c9pinal, [&hellip;]","twitter_image":"https:\/\/vosgesinfo.fr\/app\/uploads\/sites\/2\/2023\/09\/sebastien-raoult2.jpg","twitter_creator":"@VosgesInfo88","twitter_site":"@VosgesInfo88","twitter_misc":{"\u00c9crit par":"QG"},"schema":{"@context":"https:\/\/schema.org","@graph":[{"@type":"Article","@id":"https:\/\/vosgesinfo.fr\/laplainedesvosgesinfo\/2024\/01\/accuse-de-cybercriminalite-le-vosgien-sebastien-raoult-sera-juge-la-semaine-prochaine\/#article","isPartOf":{"@id":"https:\/\/vosgesinfo.fr\/laplainedesvosgesinfo\/2024\/01\/accuse-de-cybercriminalite-le-vosgien-sebastien-raoult-sera-juge-la-semaine-prochaine\/"},"author":{"name":"QG","@id":"https:\/\/vosgesinfo.fr\/laplainedesvosgesinfo\/#\/schema\/person\/db5605779a843dad16b5368f3e7613a5"},"headline":"Accus\u00e9 de cybercriminalit\u00e9, le Vosgien S\u00e9bastien Raoult sera jug\u00e9 la semaine prochaine","datePublished":"2024-01-04T15:15:24+00:00","dateModified":"2024-01-04T15:15:24+00:00","mainEntityOfPage":{"@id":"https:\/\/vosgesinfo.fr\/laplainedesvosgesinfo\/2024\/01\/accuse-de-cybercriminalite-le-vosgien-sebastien-raoult-sera-juge-la-semaine-prochaine\/"},"wordCount":91,"commentCount":0,"publisher":{"@id":"https:\/\/vosgesinfo.fr\/laplainedesvosgesinfo\/#organization"},"image":{"@id":"https:\/\/vosgesinfo.fr\/laplainedesvosgesinfo\/2024\/01\/accuse-de-cybercriminalite-le-vosgien-sebastien-raoult-sera-juge-la-semaine-prochaine\/#primaryimage"},"thumbnailUrl":"https:\/\/vosgesinfo.fr\/app\/uploads\/sites\/2\/2023\/09\/sebastien-raoult2.jpg","keywords":["S\u00e9bastien raoult"],"articleSection":["A la Une","Faits-divers","Justice","Vosges"],"inLanguage":"fr-FR","potentialAction":[{"@type":"CommentAction","name":"Comment","target":["https:\/\/vosgesinfo.fr\/laplainedesvosgesinfo\/2024\/01\/accuse-de-cybercriminalite-le-vosgien-sebastien-raoult-sera-juge-la-semaine-prochaine\/#respond"]}]},{"@type":"WebPage","@id":"https:\/\/vosgesinfo.fr\/laplainedesvosgesinfo\/2024\/01\/accuse-de-cybercriminalite-le-vosgien-sebastien-raoult-sera-juge-la-semaine-prochaine\/","url":"https:\/\/vosgesinfo.fr\/laplainedesvosgesinfo\/2024\/01\/accuse-de-cybercriminalite-le-vosgien-sebastien-raoult-sera-juge-la-semaine-prochaine\/","name":"Accus\u00e9 de cybercriminalit\u00e9, le Vosgien S\u00e9bastien Raoult sera jug\u00e9 la semaine prochaine - La Plaine des Vosges","isPartOf":{"@id":"https:\/\/vosgesinfo.fr\/laplainedesvosgesinfo\/#website"},"primaryImageOfPage":{"@id":"https:\/\/vosgesinfo.fr\/laplainedesvosgesinfo\/2024\/01\/accuse-de-cybercriminalite-le-vosgien-sebastien-raoult-sera-juge-la-semaine-prochaine\/#primaryimage"},"image":{"@id":"https:\/\/vosgesinfo.fr\/laplainedesvosgesinfo\/2024\/01\/accuse-de-cybercriminalite-le-vosgien-sebastien-raoult-sera-juge-la-semaine-prochaine\/#primaryimage"},"thumbnailUrl":"https:\/\/vosgesinfo.fr\/app\/uploads\/sites\/2\/2023\/09\/sebastien-raoult2.jpg","datePublished":"2024-01-04T15:15:24+00:00","dateModified":"2024-01-04T15:15:24+00:00","breadcrumb":{"@id":"https:\/\/vosgesinfo.fr\/laplainedesvosgesinfo\/2024\/01\/accuse-de-cybercriminalite-le-vosgien-sebastien-raoult-sera-juge-la-semaine-prochaine\/#breadcrumb"},"inLanguage":"fr-FR","potentialAction":[{"@type":"ReadAction","target":["https:\/\/vosgesinfo.fr\/laplainedesvosgesinfo\/2024\/01\/accuse-de-cybercriminalite-le-vosgien-sebastien-raoult-sera-juge-la-semaine-prochaine\/"]}]},{"@type":"ImageObject","inLanguage":"fr-FR","@id":"https:\/\/vosgesinfo.fr\/laplainedesvosgesinfo\/2024\/01\/accuse-de-cybercriminalite-le-vosgien-sebastien-raoult-sera-juge-la-semaine-prochaine\/#primaryimage","url":"https:\/\/vosgesinfo.fr\/app\/uploads\/sites\/2\/2023\/09\/sebastien-raoult2.jpg","contentUrl":"https:\/\/vosgesinfo.fr\/app\/uploads\/sites\/2\/2023\/09\/sebastien-raoult2.jpg","width":800,"height":450},{"@type":"BreadcrumbList","@id":"https:\/\/vosgesinfo.fr\/laplainedesvosgesinfo\/2024\/01\/accuse-de-cybercriminalite-le-vosgien-sebastien-raoult-sera-juge-la-semaine-prochaine\/#breadcrumb","itemListElement":[{"@type":"ListItem","position":1,"name":"Home","item":"https:\/\/vosgesinfo.fr\/laplainedesvosgesinfo\/"},{"@type":"ListItem","position":2,"name":"Accus\u00e9 de cybercriminalit\u00e9, le Vosgien S\u00e9bastien Raoult sera jug\u00e9 la semaine prochaine"}]},{"@type":"WebSite","@id":"https:\/\/vosgesinfo.fr\/laplainedesvosgesinfo\/#website","url":"https:\/\/vosgesinfo.fr\/laplainedesvosgesinfo\/","name":"La Plaine des Vosges","description":"Toute l&#039;actualit\u00e9 de la plaine de Vosges","publisher":{"@id":"https:\/\/vosgesinfo.fr\/laplainedesvosgesinfo\/#organization"},"alternateName":"Toute l'actualit\u00e9 de la plaine des Vosges","potentialAction":[{"@type":"SearchAction","target":{"@type":"EntryPoint","urlTemplate":"https:\/\/vosgesinfo.fr\/laplainedesvosgesinfo\/?s={search_term_string}"},"query-input":"required name=search_term_string"}],"inLanguage":"fr-FR"},{"@type":"Organization","@id":"https:\/\/vosgesinfo.fr\/laplainedesvosgesinfo\/#organization","name":"La Plaine des Vosges","url":"https:\/\/vosgesinfo.fr\/laplainedesvosgesinfo\/","logo":{"@type":"ImageObject","inLanguage":"fr-FR","@id":"https:\/\/vosgesinfo.fr\/laplainedesvosgesinfo\/#\/schema\/logo\/image\/","url":"https:\/\/vosgesinfo.fr\/app\/uploads\/sites\/2\/2023\/08\/logo-laplaineinfo.svg","contentUrl":"https:\/\/vosgesinfo.fr\/app\/uploads\/sites\/2\/2023\/08\/logo-laplaineinfo.svg","width":1,"height":1,"caption":"La Plaine des Vosges"},"image":{"@id":"https:\/\/vosgesinfo.fr\/laplainedesvosgesinfo\/#\/schema\/logo\/image\/"},"sameAs":["https:\/\/www.facebook.com\/laplainedesvosges","https:\/\/x.com\/VosgesInfo88","https:\/\/www.youtube.com\/@vosgesinfo"]},{"@type":"Person","@id":"https:\/\/vosgesinfo.fr\/laplainedesvosgesinfo\/#\/schema\/person\/db5605779a843dad16b5368f3e7613a5","name":"QG","image":{"@type":"ImageObject","inLanguage":"fr-FR","@id":"https:\/\/vosgesinfo.fr\/laplainedesvosgesinfo\/#\/schema\/person\/image\/","url":"https:\/\/secure.gravatar.com\/avatar\/ea80c42c204b534408512832fde52504ecabb9706bcb6151cf6175e5b64e6793?s=96&d=mm&r=g","contentUrl":"https:\/\/secure.gravatar.com\/avatar\/ea80c42c204b534408512832fde52504ecabb9706bcb6151cf6175e5b64e6793?s=96&d=mm&r=g","caption":"QG"},"url":"https:\/\/vosgesinfo.fr\/laplainedesvosgesinfo\/author\/quentin88\/"}]}},"_links":{"self":[{"href":"https:\/\/vosgesinfo.fr\/laplainedesvosgesinfo\/wp-json\/wp\/v2\/posts\/1226","targetHints":{"allow":["GET"]}}],"collection":[{"href":"https:\/\/vosgesinfo.fr\/laplainedesvosgesinfo\/wp-json\/wp\/v2\/posts"}],"about":[{"href":"https:\/\/vosgesinfo.fr\/laplainedesvosgesinfo\/wp-json\/wp\/v2\/types\/post"}],"author":[{"embeddable":true,"href":"https:\/\/vosgesinfo.fr\/laplainedesvosgesinfo\/wp-json\/wp\/v2\/users\/42"}],"replies":[{"embeddable":true,"href":"https:\/\/vosgesinfo.fr\/laplainedesvosgesinfo\/wp-json\/wp\/v2\/comments?post=1226"}],"version-history":[{"count":0,"href":"https:\/\/vosgesinfo.fr\/laplainedesvosgesinfo\/wp-json\/wp\/v2\/posts\/1226\/revisions"}],"wp:featuredmedia":[{"embeddable":true,"href":"https:\/\/vosgesinfo.fr\/laplainedesvosgesinfo\/wp-json\/wp\/v2\/media\/665"}],"wp:attachment":[{"href":"https:\/\/vosgesinfo.fr\/laplainedesvosgesinfo\/wp-json\/wp\/v2\/media?parent=1226"}],"wp:term":[{"taxonomy":"category","embeddable":true,"href":"https:\/\/vosgesinfo.fr\/laplainedesvosgesinfo\/wp-json\/wp\/v2\/categories?post=1226"},{"taxonomy":"post_tag","embeddable":true,"href":"https:\/\/vosgesinfo.fr\/laplainedesvosgesinfo\/wp-json\/wp\/v2\/tags?post=1226"}],"curies":[{"name":"wp","href":"https:\/\/api.w.org\/{rel}","templated":true}]}}