{"id":13104,"date":"2017-07-07T07:24:32","date_gmt":"2017-07-07T05:24:32","guid":{"rendered":"https:\/\/vosgesinfo.fr\/laplainedesvosgesinfo\/2017\/07\/vittel-celebre-une-decennie-sur-le-tour-de-france\/"},"modified":"2017-07-07T07:24:32","modified_gmt":"2017-07-07T05:24:32","slug":"vittel-celebre-une-decennie-sur-le-tour-de-france","status":"publish","type":"post","link":"https:\/\/vosgesinfo.fr\/laplainedesvosgesinfo\/2017\/07\/vittel-celebre-une-decennie-sur-le-tour-de-france\/","title":{"rendered":"Vittel c\u00e9l\u00e8bre une d\u00e9cennie sur le tour de France"},"content":{"rendered":"<p style=\"text-align: justify;\"><strong><a href=\"\/2017\/07\/caravane-TDF-4juil-12.jpg\"><img decoding=\"async\" class=\"aligncenter size-full wp-image-89368\" src=\"\/2017\/07\/caravane-TDF-4juil-12.jpg\" alt=\"caravane-TDF-4juil (12)\" width=\"800\" height=\"534\" \/><\/a><\/strong><\/p>\n<h4 style=\"text-align: justify;\"><strong>Mercredi 5 juillet au Village D\u00e9part, VITTEL, Partenaire Officiel du Tour de France, a f\u00eat\u00e9 ses 10 ans de partenariat avec la Grande Boucle. Depuis 10 ans, VITTEL, Eau Officielle du Tour, a cr\u00e9\u00e9 une relation particuli\u00e8re avec le public et a marqu\u00e9 de son empreinte l\u2019\u00e9v\u00e9nement fran\u00e7ais le plus populaire.<\/strong><\/h4>\n<p style=\"text-align: justify;\">Cette ann\u00e9e, avec une arriv\u00e9e et un d\u00e9part \u00e0 Vittel, la marque d\u2019eau embouteill\u00e9e a souhait\u00e9 mettre en avant son attachement au Tour de France en pr\u00e9sence des personnalit\u00e9s de la ville.<\/p>\n<p style=\"text-align: justify;\">Partenaire majeur, VITTEL propose aux 12 millions de spectateurs aux bords des routes des exp\u00e9riences immersives, ludiques et interactives \u00e0 travers son op\u00e9ration \u00ab A Vous le Tour!\u00bb.<\/p>\n<p style=\"text-align: justify;\">Les valeurs de convivialit\u00e9 et de partage que la marque et le Tour de France ont en commun offrent aux fans des moments inoubliables. VITTEL a offert en 10 ans pas moins de 10 millions de bouteilles aux spectateurs, aux suiveurs et organisateurs du Tour de France.<\/p>\n<p style=\"text-align: justify;\">Pour VITTEL, le Tour de France est \u00e9galement l\u2019occasion de faire valoir l\u2019importance d\u2019une bonne hydratation tant aupr\u00e8s du public que des coureurs.<\/p>\n<p style=\"text-align: justify;\">VITTEL est naturellement associ\u00e9e \u00e0 la course par le biais de diff\u00e9rents dispositifs tels que :<\/p>\n<ul>\n<li style=\"text-align: justify;\">2 motos \u00ab fraicheur \u00bb qui ravitaillent en eau les coureurs \u00e9chapp\u00e9s. Une pr\u00e9sence indispensable quand on sait qu\u2019ils boivent en moyenne 6L d\u2019eau par \u00e9tape.<\/li>\n<li style=\"text-align: justify;\">Des plaques de cadre, v\u00e9ritable carte d\u2019identit\u00e9 des coureurs afin de les rep\u00e9rer et d\u2019identifier leurs palmar\u00e8s du nombre de victoires cumul\u00e9es au fil de leur carri\u00e8re sur le Tour de France.<\/li>\n<li style=\"text-align: justify;\">Une signal\u00e9tique sp\u00e9cifique qui accompagne les 25 derniers kilom\u00e8tres de l\u2019\u00e9tape et indique au coureur que la ligne d\u2019arriv\u00e9e est proche.<\/li>\n<\/ul>\n","protected":false},"excerpt":{"rendered":"<p>Mercredi 5 juillet au Village D\u00e9part, VITTEL, Partenaire Officiel du Tour de France, a f\u00eat\u00e9 ses 10 ans de partenariat [&hellip;]<\/p>\n","protected":false},"author":1,"featured_media":13105,"comment_status":"open","ping_status":"open","sticky":false,"template":"","format":"standard","meta":{"footnotes":""},"categories":[29,37,38],"tags":[4746,4747,277,77],"class_list":["post-13104","post","type-post","status-publish","format-standard","has-post-thumbnail","hentry","category-a-la-une","category-la-plaine","category-vittel-la-plaine","tag-decennie-de-presence-sur-le-tour","tag-eau-minerale","tag-tour-de-france","tag-vittel"],"acf":[],"yoast_head":"<!-- This site is optimized with the Yoast SEO plugin v22.5 - https:\/\/yoast.com\/wordpress\/plugins\/seo\/ -->\n<title>Vittel c\u00e9l\u00e8bre une d\u00e9cennie sur le tour de France - La Plaine des Vosges<\/title>\n<meta name=\"robots\" content=\"index, follow, max-snippet:-1, max-image-preview:large, max-video-preview:-1\" \/>\n<link rel=\"canonical\" href=\"https:\/\/vosgesinfo.fr\/laplainedesvosgesinfo\/2017\/07\/vittel-celebre-une-decennie-sur-le-tour-de-france\/\" \/>\n<meta name=\"twitter:card\" content=\"summary_large_image\" \/>\n<meta name=\"twitter:title\" content=\"Vittel c\u00e9l\u00e8bre une d\u00e9cennie sur le tour de France - La Plaine des Vosges\" \/>\n<meta name=\"twitter:description\" content=\"Mercredi 5 juillet au Village D\u00e9part, VITTEL, Partenaire Officiel du Tour de France, a f\u00eat\u00e9 ses 10 ans de partenariat [&hellip;]\" \/>\n<meta name=\"twitter:image\" content=\"https:\/\/vosgesinfo.fr\/app\/uploads\/sites\/2\/2024\/06\/201707caravane-tdf-4juil-12-1.jpg\" \/>\n<meta name=\"twitter:creator\" content=\"@VosgesInfo88\" \/>\n<meta name=\"twitter:site\" content=\"@VosgesInfo88\" \/>\n<meta name=\"twitter:label1\" content=\"\u00c9crit par\" \/>\n\t<meta name=\"twitter:data1\" content=\"qs_admin\" \/>\n\t<meta name=\"twitter:label2\" content=\"Dur\u00e9e de lecture estim\u00e9e\" \/>\n\t<meta name=\"twitter:data2\" content=\"1 minute\" \/>\n<script type=\"application\/ld+json\" class=\"yoast-schema-graph\">{\"@context\":\"https:\/\/schema.org\",\"@graph\":[{\"@type\":\"Article\",\"@id\":\"https:\/\/vosgesinfo.fr\/laplainedesvosgesinfo\/2017\/07\/vittel-celebre-une-decennie-sur-le-tour-de-france\/#article\",\"isPartOf\":{\"@id\":\"https:\/\/vosgesinfo.fr\/laplainedesvosgesinfo\/2017\/07\/vittel-celebre-une-decennie-sur-le-tour-de-france\/\"},\"author\":{\"name\":\"qs_admin\",\"@id\":\"https:\/\/vosgesinfo.fr\/laplainedesvosgesinfo\/#\/schema\/person\/bc5d02d71e6932e81b6dadb7386667b1\"},\"headline\":\"Vittel c\u00e9l\u00e8bre une d\u00e9cennie sur le tour de France\",\"datePublished\":\"2017-07-07T05:24:32+00:00\",\"dateModified\":\"2017-07-07T05:24:32+00:00\",\"mainEntityOfPage\":{\"@id\":\"https:\/\/vosgesinfo.fr\/laplainedesvosgesinfo\/2017\/07\/vittel-celebre-une-decennie-sur-le-tour-de-france\/\"},\"wordCount\":311,\"commentCount\":0,\"publisher\":{\"@id\":\"https:\/\/vosgesinfo.fr\/laplainedesvosgesinfo\/#organization\"},\"image\":{\"@id\":\"https:\/\/vosgesinfo.fr\/laplainedesvosgesinfo\/2017\/07\/vittel-celebre-une-decennie-sur-le-tour-de-france\/#primaryimage\"},\"thumbnailUrl\":\"https:\/\/vosgesinfo.fr\/app\/uploads\/sites\/2\/2024\/06\/201707caravane-tdf-4juil-12-1.jpg\",\"keywords\":[\"d\u00e9cennie de pr\u00e9sence sur le tour\",\"eau min\u00e9rale\",\"Tour de France\",\"Vittel\"],\"articleSection\":[\"A la Une\",\"La Plaine\",\"Vittel\"],\"inLanguage\":\"fr-FR\",\"potentialAction\":[{\"@type\":\"CommentAction\",\"name\":\"Comment\",\"target\":[\"https:\/\/vosgesinfo.fr\/laplainedesvosgesinfo\/2017\/07\/vittel-celebre-une-decennie-sur-le-tour-de-france\/#respond\"]}]},{\"@type\":\"WebPage\",\"@id\":\"https:\/\/vosgesinfo.fr\/laplainedesvosgesinfo\/2017\/07\/vittel-celebre-une-decennie-sur-le-tour-de-france\/\",\"url\":\"https:\/\/vosgesinfo.fr\/laplainedesvosgesinfo\/2017\/07\/vittel-celebre-une-decennie-sur-le-tour-de-france\/\",\"name\":\"Vittel c\u00e9l\u00e8bre une d\u00e9cennie sur le tour de France - La Plaine des Vosges\",\"isPartOf\":{\"@id\":\"https:\/\/vosgesinfo.fr\/laplainedesvosgesinfo\/#website\"},\"primaryImageOfPage\":{\"@id\":\"https:\/\/vosgesinfo.fr\/laplainedesvosgesinfo\/2017\/07\/vittel-celebre-une-decennie-sur-le-tour-de-france\/#primaryimage\"},\"image\":{\"@id\":\"https:\/\/vosgesinfo.fr\/laplainedesvosgesinfo\/2017\/07\/vittel-celebre-une-decennie-sur-le-tour-de-france\/#primaryimage\"},\"thumbnailUrl\":\"https:\/\/vosgesinfo.fr\/app\/uploads\/sites\/2\/2024\/06\/201707caravane-tdf-4juil-12-1.jpg\",\"datePublished\":\"2017-07-07T05:24:32+00:00\",\"dateModified\":\"2017-07-07T05:24:32+00:00\",\"breadcrumb\":{\"@id\":\"https:\/\/vosgesinfo.fr\/laplainedesvosgesinfo\/2017\/07\/vittel-celebre-une-decennie-sur-le-tour-de-france\/#breadcrumb\"},\"inLanguage\":\"fr-FR\",\"potentialAction\":[{\"@type\":\"ReadAction\",\"target\":[\"https:\/\/vosgesinfo.fr\/laplainedesvosgesinfo\/2017\/07\/vittel-celebre-une-decennie-sur-le-tour-de-france\/\"]}]},{\"@type\":\"ImageObject\",\"inLanguage\":\"fr-FR\",\"@id\":\"https:\/\/vosgesinfo.fr\/laplainedesvosgesinfo\/2017\/07\/vittel-celebre-une-decennie-sur-le-tour-de-france\/#primaryimage\",\"url\":\"https:\/\/vosgesinfo.fr\/app\/uploads\/sites\/2\/2024\/06\/201707caravane-tdf-4juil-12-1.jpg\",\"contentUrl\":\"https:\/\/vosgesinfo.fr\/app\/uploads\/sites\/2\/2024\/06\/201707caravane-tdf-4juil-12-1.jpg\",\"width\":800,\"height\":534},{\"@type\":\"BreadcrumbList\",\"@id\":\"https:\/\/vosgesinfo.fr\/laplainedesvosgesinfo\/2017\/07\/vittel-celebre-une-decennie-sur-le-tour-de-france\/#breadcrumb\",\"itemListElement\":[{\"@type\":\"ListItem\",\"position\":1,\"name\":\"Home\",\"item\":\"https:\/\/vosgesinfo.fr\/laplainedesvosgesinfo\/\"},{\"@type\":\"ListItem\",\"position\":2,\"name\":\"Vittel c\u00e9l\u00e8bre une d\u00e9cennie sur le tour de France\"}]},{\"@type\":\"WebSite\",\"@id\":\"https:\/\/vosgesinfo.fr\/laplainedesvosgesinfo\/#website\",\"url\":\"https:\/\/vosgesinfo.fr\/laplainedesvosgesinfo\/\",\"name\":\"La Plaine des Vosges\",\"description\":\"Toute l&#039;actualit\u00e9 de la plaine de Vosges\",\"publisher\":{\"@id\":\"https:\/\/vosgesinfo.fr\/laplainedesvosgesinfo\/#organization\"},\"alternateName\":\"Toute l'actualit\u00e9 de la plaine des Vosges\",\"potentialAction\":[{\"@type\":\"SearchAction\",\"target\":{\"@type\":\"EntryPoint\",\"urlTemplate\":\"https:\/\/vosgesinfo.fr\/laplainedesvosgesinfo\/?s={search_term_string}\"},\"query-input\":\"required name=search_term_string\"}],\"inLanguage\":\"fr-FR\"},{\"@type\":\"Organization\",\"@id\":\"https:\/\/vosgesinfo.fr\/laplainedesvosgesinfo\/#organization\",\"name\":\"La Plaine des Vosges\",\"url\":\"https:\/\/vosgesinfo.fr\/laplainedesvosgesinfo\/\",\"logo\":{\"@type\":\"ImageObject\",\"inLanguage\":\"fr-FR\",\"@id\":\"https:\/\/vosgesinfo.fr\/laplainedesvosgesinfo\/#\/schema\/logo\/image\/\",\"url\":\"https:\/\/vosgesinfo.fr\/app\/uploads\/sites\/2\/2023\/08\/logo-laplaineinfo.svg\",\"contentUrl\":\"https:\/\/vosgesinfo.fr\/app\/uploads\/sites\/2\/2023\/08\/logo-laplaineinfo.svg\",\"width\":1,\"height\":1,\"caption\":\"La Plaine des Vosges\"},\"image\":{\"@id\":\"https:\/\/vosgesinfo.fr\/laplainedesvosgesinfo\/#\/schema\/logo\/image\/\"},\"sameAs\":[\"https:\/\/www.facebook.com\/laplainedesvosges\",\"https:\/\/x.com\/VosgesInfo88\",\"https:\/\/www.youtube.com\/@vosgesinfo\"]},{\"@type\":\"Person\",\"@id\":\"https:\/\/vosgesinfo.fr\/laplainedesvosgesinfo\/#\/schema\/person\/bc5d02d71e6932e81b6dadb7386667b1\",\"name\":\"qs_admin\",\"image\":{\"@type\":\"ImageObject\",\"inLanguage\":\"fr-FR\",\"@id\":\"https:\/\/vosgesinfo.fr\/laplainedesvosgesinfo\/#\/schema\/person\/image\/\",\"url\":\"https:\/\/secure.gravatar.com\/avatar\/94b18ee0ed79e4a42ea2f2931277b6841a8999fc6fde214600c78057cf1fe1de?s=96&d=mm&r=g\",\"contentUrl\":\"https:\/\/secure.gravatar.com\/avatar\/94b18ee0ed79e4a42ea2f2931277b6841a8999fc6fde214600c78057cf1fe1de?s=96&d=mm&r=g\",\"caption\":\"qs_admin\"},\"sameAs\":[\"https:\/\/vosgesinfo.fr\/wp\"],\"url\":\"https:\/\/vosgesinfo.fr\/laplainedesvosgesinfo\/author\/qs_admin\/\"}]}<\/script>\n<!-- \/ Yoast SEO plugin. -->","yoast_head_json":{"title":"Vittel c\u00e9l\u00e8bre une d\u00e9cennie sur le tour de France - La Plaine des Vosges","robots":{"index":"index","follow":"follow","max-snippet":"max-snippet:-1","max-image-preview":"max-image-preview:large","max-video-preview":"max-video-preview:-1"},"canonical":"https:\/\/vosgesinfo.fr\/laplainedesvosgesinfo\/2017\/07\/vittel-celebre-une-decennie-sur-le-tour-de-france\/","twitter_card":"summary_large_image","twitter_title":"Vittel c\u00e9l\u00e8bre une d\u00e9cennie sur le tour de France - La Plaine des Vosges","twitter_description":"Mercredi 5 juillet au Village D\u00e9part, VITTEL, Partenaire Officiel du Tour de France, a f\u00eat\u00e9 ses 10 ans de partenariat [&hellip;]","twitter_image":"https:\/\/vosgesinfo.fr\/app\/uploads\/sites\/2\/2024\/06\/201707caravane-tdf-4juil-12-1.jpg","twitter_creator":"@VosgesInfo88","twitter_site":"@VosgesInfo88","twitter_misc":{"\u00c9crit par":"qs_admin","Dur\u00e9e de lecture estim\u00e9e":"1 minute"},"schema":{"@context":"https:\/\/schema.org","@graph":[{"@type":"Article","@id":"https:\/\/vosgesinfo.fr\/laplainedesvosgesinfo\/2017\/07\/vittel-celebre-une-decennie-sur-le-tour-de-france\/#article","isPartOf":{"@id":"https:\/\/vosgesinfo.fr\/laplainedesvosgesinfo\/2017\/07\/vittel-celebre-une-decennie-sur-le-tour-de-france\/"},"author":{"name":"qs_admin","@id":"https:\/\/vosgesinfo.fr\/laplainedesvosgesinfo\/#\/schema\/person\/bc5d02d71e6932e81b6dadb7386667b1"},"headline":"Vittel c\u00e9l\u00e8bre une d\u00e9cennie sur le tour de France","datePublished":"2017-07-07T05:24:32+00:00","dateModified":"2017-07-07T05:24:32+00:00","mainEntityOfPage":{"@id":"https:\/\/vosgesinfo.fr\/laplainedesvosgesinfo\/2017\/07\/vittel-celebre-une-decennie-sur-le-tour-de-france\/"},"wordCount":311,"commentCount":0,"publisher":{"@id":"https:\/\/vosgesinfo.fr\/laplainedesvosgesinfo\/#organization"},"image":{"@id":"https:\/\/vosgesinfo.fr\/laplainedesvosgesinfo\/2017\/07\/vittel-celebre-une-decennie-sur-le-tour-de-france\/#primaryimage"},"thumbnailUrl":"https:\/\/vosgesinfo.fr\/app\/uploads\/sites\/2\/2024\/06\/201707caravane-tdf-4juil-12-1.jpg","keywords":["d\u00e9cennie de pr\u00e9sence sur le tour","eau min\u00e9rale","Tour de France","Vittel"],"articleSection":["A la Une","La Plaine","Vittel"],"inLanguage":"fr-FR","potentialAction":[{"@type":"CommentAction","name":"Comment","target":["https:\/\/vosgesinfo.fr\/laplainedesvosgesinfo\/2017\/07\/vittel-celebre-une-decennie-sur-le-tour-de-france\/#respond"]}]},{"@type":"WebPage","@id":"https:\/\/vosgesinfo.fr\/laplainedesvosgesinfo\/2017\/07\/vittel-celebre-une-decennie-sur-le-tour-de-france\/","url":"https:\/\/vosgesinfo.fr\/laplainedesvosgesinfo\/2017\/07\/vittel-celebre-une-decennie-sur-le-tour-de-france\/","name":"Vittel c\u00e9l\u00e8bre une d\u00e9cennie sur le tour de France - La Plaine des Vosges","isPartOf":{"@id":"https:\/\/vosgesinfo.fr\/laplainedesvosgesinfo\/#website"},"primaryImageOfPage":{"@id":"https:\/\/vosgesinfo.fr\/laplainedesvosgesinfo\/2017\/07\/vittel-celebre-une-decennie-sur-le-tour-de-france\/#primaryimage"},"image":{"@id":"https:\/\/vosgesinfo.fr\/laplainedesvosgesinfo\/2017\/07\/vittel-celebre-une-decennie-sur-le-tour-de-france\/#primaryimage"},"thumbnailUrl":"https:\/\/vosgesinfo.fr\/app\/uploads\/sites\/2\/2024\/06\/201707caravane-tdf-4juil-12-1.jpg","datePublished":"2017-07-07T05:24:32+00:00","dateModified":"2017-07-07T05:24:32+00:00","breadcrumb":{"@id":"https:\/\/vosgesinfo.fr\/laplainedesvosgesinfo\/2017\/07\/vittel-celebre-une-decennie-sur-le-tour-de-france\/#breadcrumb"},"inLanguage":"fr-FR","potentialAction":[{"@type":"ReadAction","target":["https:\/\/vosgesinfo.fr\/laplainedesvosgesinfo\/2017\/07\/vittel-celebre-une-decennie-sur-le-tour-de-france\/"]}]},{"@type":"ImageObject","inLanguage":"fr-FR","@id":"https:\/\/vosgesinfo.fr\/laplainedesvosgesinfo\/2017\/07\/vittel-celebre-une-decennie-sur-le-tour-de-france\/#primaryimage","url":"https:\/\/vosgesinfo.fr\/app\/uploads\/sites\/2\/2024\/06\/201707caravane-tdf-4juil-12-1.jpg","contentUrl":"https:\/\/vosgesinfo.fr\/app\/uploads\/sites\/2\/2024\/06\/201707caravane-tdf-4juil-12-1.jpg","width":800,"height":534},{"@type":"BreadcrumbList","@id":"https:\/\/vosgesinfo.fr\/laplainedesvosgesinfo\/2017\/07\/vittel-celebre-une-decennie-sur-le-tour-de-france\/#breadcrumb","itemListElement":[{"@type":"ListItem","position":1,"name":"Home","item":"https:\/\/vosgesinfo.fr\/laplainedesvosgesinfo\/"},{"@type":"ListItem","position":2,"name":"Vittel c\u00e9l\u00e8bre une d\u00e9cennie sur le tour de France"}]},{"@type":"WebSite","@id":"https:\/\/vosgesinfo.fr\/laplainedesvosgesinfo\/#website","url":"https:\/\/vosgesinfo.fr\/laplainedesvosgesinfo\/","name":"La Plaine des Vosges","description":"Toute l&#039;actualit\u00e9 de la plaine de Vosges","publisher":{"@id":"https:\/\/vosgesinfo.fr\/laplainedesvosgesinfo\/#organization"},"alternateName":"Toute l'actualit\u00e9 de la plaine des Vosges","potentialAction":[{"@type":"SearchAction","target":{"@type":"EntryPoint","urlTemplate":"https:\/\/vosgesinfo.fr\/laplainedesvosgesinfo\/?s={search_term_string}"},"query-input":"required name=search_term_string"}],"inLanguage":"fr-FR"},{"@type":"Organization","@id":"https:\/\/vosgesinfo.fr\/laplainedesvosgesinfo\/#organization","name":"La Plaine des Vosges","url":"https:\/\/vosgesinfo.fr\/laplainedesvosgesinfo\/","logo":{"@type":"ImageObject","inLanguage":"fr-FR","@id":"https:\/\/vosgesinfo.fr\/laplainedesvosgesinfo\/#\/schema\/logo\/image\/","url":"https:\/\/vosgesinfo.fr\/app\/uploads\/sites\/2\/2023\/08\/logo-laplaineinfo.svg","contentUrl":"https:\/\/vosgesinfo.fr\/app\/uploads\/sites\/2\/2023\/08\/logo-laplaineinfo.svg","width":1,"height":1,"caption":"La Plaine des Vosges"},"image":{"@id":"https:\/\/vosgesinfo.fr\/laplainedesvosgesinfo\/#\/schema\/logo\/image\/"},"sameAs":["https:\/\/www.facebook.com\/laplainedesvosges","https:\/\/x.com\/VosgesInfo88","https:\/\/www.youtube.com\/@vosgesinfo"]},{"@type":"Person","@id":"https:\/\/vosgesinfo.fr\/laplainedesvosgesinfo\/#\/schema\/person\/bc5d02d71e6932e81b6dadb7386667b1","name":"qs_admin","image":{"@type":"ImageObject","inLanguage":"fr-FR","@id":"https:\/\/vosgesinfo.fr\/laplainedesvosgesinfo\/#\/schema\/person\/image\/","url":"https:\/\/secure.gravatar.com\/avatar\/94b18ee0ed79e4a42ea2f2931277b6841a8999fc6fde214600c78057cf1fe1de?s=96&d=mm&r=g","contentUrl":"https:\/\/secure.gravatar.com\/avatar\/94b18ee0ed79e4a42ea2f2931277b6841a8999fc6fde214600c78057cf1fe1de?s=96&d=mm&r=g","caption":"qs_admin"},"sameAs":["https:\/\/vosgesinfo.fr\/wp"],"url":"https:\/\/vosgesinfo.fr\/laplainedesvosgesinfo\/author\/qs_admin\/"}]}},"_links":{"self":[{"href":"https:\/\/vosgesinfo.fr\/laplainedesvosgesinfo\/wp-json\/wp\/v2\/posts\/13104","targetHints":{"allow":["GET"]}}],"collection":[{"href":"https:\/\/vosgesinfo.fr\/laplainedesvosgesinfo\/wp-json\/wp\/v2\/posts"}],"about":[{"href":"https:\/\/vosgesinfo.fr\/laplainedesvosgesinfo\/wp-json\/wp\/v2\/types\/post"}],"author":[{"embeddable":true,"href":"https:\/\/vosgesinfo.fr\/laplainedesvosgesinfo\/wp-json\/wp\/v2\/users\/1"}],"replies":[{"embeddable":true,"href":"https:\/\/vosgesinfo.fr\/laplainedesvosgesinfo\/wp-json\/wp\/v2\/comments?post=13104"}],"version-history":[{"count":0,"href":"https:\/\/vosgesinfo.fr\/laplainedesvosgesinfo\/wp-json\/wp\/v2\/posts\/13104\/revisions"}],"wp:featuredmedia":[{"embeddable":true,"href":"https:\/\/vosgesinfo.fr\/laplainedesvosgesinfo\/wp-json\/wp\/v2\/media\/13105"}],"wp:attachment":[{"href":"https:\/\/vosgesinfo.fr\/laplainedesvosgesinfo\/wp-json\/wp\/v2\/media?parent=13104"}],"wp:term":[{"taxonomy":"category","embeddable":true,"href":"https:\/\/vosgesinfo.fr\/laplainedesvosgesinfo\/wp-json\/wp\/v2\/categories?post=13104"},{"taxonomy":"post_tag","embeddable":true,"href":"https:\/\/vosgesinfo.fr\/laplainedesvosgesinfo\/wp-json\/wp\/v2\/tags?post=13104"}],"curies":[{"name":"wp","href":"https:\/\/api.w.org\/{rel}","templated":true}]}}