{"id":13106,"date":"2017-07-07T13:39:24","date_gmt":"2017-07-07T11:39:24","guid":{"rendered":"https:\/\/vosgesinfo.fr\/laplainedesvosgesinfo\/2017\/07\/contrexeville-les-freres-chrysantheme-au-rdv-chez-stan\/"},"modified":"2017-07-07T13:39:24","modified_gmt":"2017-07-07T11:39:24","slug":"contrexeville-les-freres-chrysantheme-au-rdv-chez-stan","status":"publish","type":"post","link":"https:\/\/vosgesinfo.fr\/laplainedesvosgesinfo\/2017\/07\/contrexeville-les-freres-chrysantheme-au-rdv-chez-stan\/","title":{"rendered":"Contrex\u00e9ville &#8211; Les fr\u00e8res Chrysanth\u00e8me au RDV Chez Stan"},"content":{"rendered":"<p style=\"text-align: justify;\"><a href=\"\/2017\/07\/19554352_1523398704371824_2836554314065037121_n.jpg\"><img decoding=\"async\" class=\"aligncenter size-full wp-image-89499\" src=\"\/2017\/07\/19554352_1523398704371824_2836554314065037121_n.jpg\" alt=\"19554352_1523398704371824_2836554314065037121_n\" width=\"320\" height=\"240\" \/><\/a><\/p>\n<p style=\"text-align: justify;\"><strong>Ce vendredi soir, pour le RDV chez Stan, retrouvez les Fr\u00e8res Chrysanth\u00e8me et leur spectacle Voisins du Monde, \u00e0 20h30 \u00e0 l&rsquo;Espace Stanislas.<\/strong><\/p>\n<p style=\"text-align: justify;\">Jean-Claude et Jean-Fran\u00e7ois ont parcouru la plan\u00e8te pour faire comme leur papa, routier \u00e0 l\u2019internationale, et pour aider les petits enfants pauvres. Ils en reviennent avec un show humanitaire et chantant qui va \u00e9radiquer la mis\u00e8re par l\u2019amour. Vous embarquerez pour une heure de show Humanitaire, dans un univers de second degr\u00e9 et reprendrez en ch\u0153ur les refrains inoubliables des fr\u00e8res Chrysanth\u00e8me.<\/p>\n<p style=\"text-align: justify;\">Entr\u00e9e libre.<\/p>\n","protected":false},"excerpt":{"rendered":"<p>Ce vendredi soir, pour le RDV chez Stan, retrouvez les Fr\u00e8res Chrysanth\u00e8me et leur spectacle Voisins du Monde, \u00e0 20h30 [&hellip;]<\/p>\n","protected":false},"author":1,"featured_media":13107,"comment_status":"open","ping_status":"open","sticky":false,"template":"","format":"standard","meta":{"footnotes":""},"categories":[29,79,37],"tags":[177,1017],"class_list":["post-13106","post","type-post","status-publish","format-standard","has-post-thumbnail","hentry","category-a-la-une","category-contrexeville-la-plaine","category-la-plaine","tag-contrexeville","tag-rdv-chez-stan"],"acf":[],"yoast_head":"<!-- This site is optimized with the Yoast SEO plugin v22.5 - https:\/\/yoast.com\/wordpress\/plugins\/seo\/ -->\n<title>Contrex\u00e9ville - Les fr\u00e8res Chrysanth\u00e8me au RDV Chez Stan - La Plaine des Vosges<\/title>\n<meta name=\"robots\" content=\"index, follow, max-snippet:-1, max-image-preview:large, max-video-preview:-1\" \/>\n<link rel=\"canonical\" href=\"https:\/\/vosgesinfo.fr\/laplainedesvosgesinfo\/2017\/07\/contrexeville-les-freres-chrysantheme-au-rdv-chez-stan\/\" \/>\n<meta name=\"twitter:card\" content=\"summary_large_image\" \/>\n<meta name=\"twitter:title\" content=\"Contrex\u00e9ville - Les fr\u00e8res Chrysanth\u00e8me au RDV Chez Stan - La Plaine des Vosges\" \/>\n<meta name=\"twitter:description\" content=\"Ce vendredi soir, pour le RDV chez Stan, retrouvez les Fr\u00e8res Chrysanth\u00e8me et leur spectacle Voisins du Monde, \u00e0 20h30 [&hellip;]\" \/>\n<meta name=\"twitter:image\" content=\"https:\/\/vosgesinfo.fr\/app\/uploads\/sites\/2\/2024\/06\/201705rdv-stan-1.jpg\" \/>\n<meta name=\"twitter:creator\" content=\"@VosgesInfo88\" \/>\n<meta name=\"twitter:site\" content=\"@VosgesInfo88\" \/>\n<meta name=\"twitter:label1\" content=\"\u00c9crit par\" \/>\n\t<meta name=\"twitter:data1\" content=\"qs_admin\" \/>\n<script type=\"application\/ld+json\" class=\"yoast-schema-graph\">{\"@context\":\"https:\/\/schema.org\",\"@graph\":[{\"@type\":\"Article\",\"@id\":\"https:\/\/vosgesinfo.fr\/laplainedesvosgesinfo\/2017\/07\/contrexeville-les-freres-chrysantheme-au-rdv-chez-stan\/#article\",\"isPartOf\":{\"@id\":\"https:\/\/vosgesinfo.fr\/laplainedesvosgesinfo\/2017\/07\/contrexeville-les-freres-chrysantheme-au-rdv-chez-stan\/\"},\"author\":{\"name\":\"qs_admin\",\"@id\":\"https:\/\/vosgesinfo.fr\/laplainedesvosgesinfo\/#\/schema\/person\/bc5d02d71e6932e81b6dadb7386667b1\"},\"headline\":\"Contrex\u00e9ville &#8211; Les fr\u00e8res Chrysanth\u00e8me au RDV Chez Stan\",\"datePublished\":\"2017-07-07T11:39:24+00:00\",\"dateModified\":\"2017-07-07T11:39:24+00:00\",\"mainEntityOfPage\":{\"@id\":\"https:\/\/vosgesinfo.fr\/laplainedesvosgesinfo\/2017\/07\/contrexeville-les-freres-chrysantheme-au-rdv-chez-stan\/\"},\"wordCount\":108,\"commentCount\":0,\"publisher\":{\"@id\":\"https:\/\/vosgesinfo.fr\/laplainedesvosgesinfo\/#organization\"},\"image\":{\"@id\":\"https:\/\/vosgesinfo.fr\/laplainedesvosgesinfo\/2017\/07\/contrexeville-les-freres-chrysantheme-au-rdv-chez-stan\/#primaryimage\"},\"thumbnailUrl\":\"https:\/\/vosgesinfo.fr\/app\/uploads\/sites\/2\/2024\/06\/201705rdv-stan-1.jpg\",\"keywords\":[\"Contrex\u00e9ville\",\"RDV Chez Stan\"],\"articleSection\":[\"A la Une\",\"Contrex\u00e9ville\",\"La Plaine\"],\"inLanguage\":\"fr-FR\",\"potentialAction\":[{\"@type\":\"CommentAction\",\"name\":\"Comment\",\"target\":[\"https:\/\/vosgesinfo.fr\/laplainedesvosgesinfo\/2017\/07\/contrexeville-les-freres-chrysantheme-au-rdv-chez-stan\/#respond\"]}]},{\"@type\":\"WebPage\",\"@id\":\"https:\/\/vosgesinfo.fr\/laplainedesvosgesinfo\/2017\/07\/contrexeville-les-freres-chrysantheme-au-rdv-chez-stan\/\",\"url\":\"https:\/\/vosgesinfo.fr\/laplainedesvosgesinfo\/2017\/07\/contrexeville-les-freres-chrysantheme-au-rdv-chez-stan\/\",\"name\":\"Contrex\u00e9ville - Les fr\u00e8res Chrysanth\u00e8me au RDV Chez Stan - La Plaine des Vosges\",\"isPartOf\":{\"@id\":\"https:\/\/vosgesinfo.fr\/laplainedesvosgesinfo\/#website\"},\"primaryImageOfPage\":{\"@id\":\"https:\/\/vosgesinfo.fr\/laplainedesvosgesinfo\/2017\/07\/contrexeville-les-freres-chrysantheme-au-rdv-chez-stan\/#primaryimage\"},\"image\":{\"@id\":\"https:\/\/vosgesinfo.fr\/laplainedesvosgesinfo\/2017\/07\/contrexeville-les-freres-chrysantheme-au-rdv-chez-stan\/#primaryimage\"},\"thumbnailUrl\":\"https:\/\/vosgesinfo.fr\/app\/uploads\/sites\/2\/2024\/06\/201705rdv-stan-1.jpg\",\"datePublished\":\"2017-07-07T11:39:24+00:00\",\"dateModified\":\"2017-07-07T11:39:24+00:00\",\"breadcrumb\":{\"@id\":\"https:\/\/vosgesinfo.fr\/laplainedesvosgesinfo\/2017\/07\/contrexeville-les-freres-chrysantheme-au-rdv-chez-stan\/#breadcrumb\"},\"inLanguage\":\"fr-FR\",\"potentialAction\":[{\"@type\":\"ReadAction\",\"target\":[\"https:\/\/vosgesinfo.fr\/laplainedesvosgesinfo\/2017\/07\/contrexeville-les-freres-chrysantheme-au-rdv-chez-stan\/\"]}]},{\"@type\":\"ImageObject\",\"inLanguage\":\"fr-FR\",\"@id\":\"https:\/\/vosgesinfo.fr\/laplainedesvosgesinfo\/2017\/07\/contrexeville-les-freres-chrysantheme-au-rdv-chez-stan\/#primaryimage\",\"url\":\"https:\/\/vosgesinfo.fr\/app\/uploads\/sites\/2\/2024\/06\/201705rdv-stan-1.jpg\",\"contentUrl\":\"https:\/\/vosgesinfo.fr\/app\/uploads\/sites\/2\/2024\/06\/201705rdv-stan-1.jpg\",\"width\":648,\"height\":601},{\"@type\":\"BreadcrumbList\",\"@id\":\"https:\/\/vosgesinfo.fr\/laplainedesvosgesinfo\/2017\/07\/contrexeville-les-freres-chrysantheme-au-rdv-chez-stan\/#breadcrumb\",\"itemListElement\":[{\"@type\":\"ListItem\",\"position\":1,\"name\":\"Home\",\"item\":\"https:\/\/vosgesinfo.fr\/laplainedesvosgesinfo\/\"},{\"@type\":\"ListItem\",\"position\":2,\"name\":\"Contrex\u00e9ville &#8211; Les fr\u00e8res Chrysanth\u00e8me au RDV Chez Stan\"}]},{\"@type\":\"WebSite\",\"@id\":\"https:\/\/vosgesinfo.fr\/laplainedesvosgesinfo\/#website\",\"url\":\"https:\/\/vosgesinfo.fr\/laplainedesvosgesinfo\/\",\"name\":\"La Plaine des Vosges\",\"description\":\"Toute l&#039;actualit\u00e9 de la plaine de Vosges\",\"publisher\":{\"@id\":\"https:\/\/vosgesinfo.fr\/laplainedesvosgesinfo\/#organization\"},\"alternateName\":\"Toute l'actualit\u00e9 de la plaine des Vosges\",\"potentialAction\":[{\"@type\":\"SearchAction\",\"target\":{\"@type\":\"EntryPoint\",\"urlTemplate\":\"https:\/\/vosgesinfo.fr\/laplainedesvosgesinfo\/?s={search_term_string}\"},\"query-input\":\"required name=search_term_string\"}],\"inLanguage\":\"fr-FR\"},{\"@type\":\"Organization\",\"@id\":\"https:\/\/vosgesinfo.fr\/laplainedesvosgesinfo\/#organization\",\"name\":\"La Plaine des Vosges\",\"url\":\"https:\/\/vosgesinfo.fr\/laplainedesvosgesinfo\/\",\"logo\":{\"@type\":\"ImageObject\",\"inLanguage\":\"fr-FR\",\"@id\":\"https:\/\/vosgesinfo.fr\/laplainedesvosgesinfo\/#\/schema\/logo\/image\/\",\"url\":\"https:\/\/vosgesinfo.fr\/app\/uploads\/sites\/2\/2023\/08\/logo-laplaineinfo.svg\",\"contentUrl\":\"https:\/\/vosgesinfo.fr\/app\/uploads\/sites\/2\/2023\/08\/logo-laplaineinfo.svg\",\"width\":1,\"height\":1,\"caption\":\"La Plaine des Vosges\"},\"image\":{\"@id\":\"https:\/\/vosgesinfo.fr\/laplainedesvosgesinfo\/#\/schema\/logo\/image\/\"},\"sameAs\":[\"https:\/\/www.facebook.com\/laplainedesvosges\",\"https:\/\/x.com\/VosgesInfo88\",\"https:\/\/www.youtube.com\/@vosgesinfo\"]},{\"@type\":\"Person\",\"@id\":\"https:\/\/vosgesinfo.fr\/laplainedesvosgesinfo\/#\/schema\/person\/bc5d02d71e6932e81b6dadb7386667b1\",\"name\":\"qs_admin\",\"image\":{\"@type\":\"ImageObject\",\"inLanguage\":\"fr-FR\",\"@id\":\"https:\/\/vosgesinfo.fr\/laplainedesvosgesinfo\/#\/schema\/person\/image\/\",\"url\":\"https:\/\/secure.gravatar.com\/avatar\/94b18ee0ed79e4a42ea2f2931277b6841a8999fc6fde214600c78057cf1fe1de?s=96&d=mm&r=g\",\"contentUrl\":\"https:\/\/secure.gravatar.com\/avatar\/94b18ee0ed79e4a42ea2f2931277b6841a8999fc6fde214600c78057cf1fe1de?s=96&d=mm&r=g\",\"caption\":\"qs_admin\"},\"sameAs\":[\"https:\/\/vosgesinfo.fr\/wp\"],\"url\":\"https:\/\/vosgesinfo.fr\/laplainedesvosgesinfo\/author\/qs_admin\/\"}]}<\/script>\n<!-- \/ Yoast SEO plugin. -->","yoast_head_json":{"title":"Contrex\u00e9ville - Les fr\u00e8res Chrysanth\u00e8me au RDV Chez Stan - La Plaine des Vosges","robots":{"index":"index","follow":"follow","max-snippet":"max-snippet:-1","max-image-preview":"max-image-preview:large","max-video-preview":"max-video-preview:-1"},"canonical":"https:\/\/vosgesinfo.fr\/laplainedesvosgesinfo\/2017\/07\/contrexeville-les-freres-chrysantheme-au-rdv-chez-stan\/","twitter_card":"summary_large_image","twitter_title":"Contrex\u00e9ville - Les fr\u00e8res Chrysanth\u00e8me au RDV Chez Stan - La Plaine des Vosges","twitter_description":"Ce vendredi soir, pour le RDV chez Stan, retrouvez les Fr\u00e8res Chrysanth\u00e8me et leur spectacle Voisins du Monde, \u00e0 20h30 [&hellip;]","twitter_image":"https:\/\/vosgesinfo.fr\/app\/uploads\/sites\/2\/2024\/06\/201705rdv-stan-1.jpg","twitter_creator":"@VosgesInfo88","twitter_site":"@VosgesInfo88","twitter_misc":{"\u00c9crit par":"qs_admin"},"schema":{"@context":"https:\/\/schema.org","@graph":[{"@type":"Article","@id":"https:\/\/vosgesinfo.fr\/laplainedesvosgesinfo\/2017\/07\/contrexeville-les-freres-chrysantheme-au-rdv-chez-stan\/#article","isPartOf":{"@id":"https:\/\/vosgesinfo.fr\/laplainedesvosgesinfo\/2017\/07\/contrexeville-les-freres-chrysantheme-au-rdv-chez-stan\/"},"author":{"name":"qs_admin","@id":"https:\/\/vosgesinfo.fr\/laplainedesvosgesinfo\/#\/schema\/person\/bc5d02d71e6932e81b6dadb7386667b1"},"headline":"Contrex\u00e9ville &#8211; Les fr\u00e8res Chrysanth\u00e8me au RDV Chez Stan","datePublished":"2017-07-07T11:39:24+00:00","dateModified":"2017-07-07T11:39:24+00:00","mainEntityOfPage":{"@id":"https:\/\/vosgesinfo.fr\/laplainedesvosgesinfo\/2017\/07\/contrexeville-les-freres-chrysantheme-au-rdv-chez-stan\/"},"wordCount":108,"commentCount":0,"publisher":{"@id":"https:\/\/vosgesinfo.fr\/laplainedesvosgesinfo\/#organization"},"image":{"@id":"https:\/\/vosgesinfo.fr\/laplainedesvosgesinfo\/2017\/07\/contrexeville-les-freres-chrysantheme-au-rdv-chez-stan\/#primaryimage"},"thumbnailUrl":"https:\/\/vosgesinfo.fr\/app\/uploads\/sites\/2\/2024\/06\/201705rdv-stan-1.jpg","keywords":["Contrex\u00e9ville","RDV Chez Stan"],"articleSection":["A la Une","Contrex\u00e9ville","La Plaine"],"inLanguage":"fr-FR","potentialAction":[{"@type":"CommentAction","name":"Comment","target":["https:\/\/vosgesinfo.fr\/laplainedesvosgesinfo\/2017\/07\/contrexeville-les-freres-chrysantheme-au-rdv-chez-stan\/#respond"]}]},{"@type":"WebPage","@id":"https:\/\/vosgesinfo.fr\/laplainedesvosgesinfo\/2017\/07\/contrexeville-les-freres-chrysantheme-au-rdv-chez-stan\/","url":"https:\/\/vosgesinfo.fr\/laplainedesvosgesinfo\/2017\/07\/contrexeville-les-freres-chrysantheme-au-rdv-chez-stan\/","name":"Contrex\u00e9ville - Les fr\u00e8res Chrysanth\u00e8me au RDV Chez Stan - La Plaine des Vosges","isPartOf":{"@id":"https:\/\/vosgesinfo.fr\/laplainedesvosgesinfo\/#website"},"primaryImageOfPage":{"@id":"https:\/\/vosgesinfo.fr\/laplainedesvosgesinfo\/2017\/07\/contrexeville-les-freres-chrysantheme-au-rdv-chez-stan\/#primaryimage"},"image":{"@id":"https:\/\/vosgesinfo.fr\/laplainedesvosgesinfo\/2017\/07\/contrexeville-les-freres-chrysantheme-au-rdv-chez-stan\/#primaryimage"},"thumbnailUrl":"https:\/\/vosgesinfo.fr\/app\/uploads\/sites\/2\/2024\/06\/201705rdv-stan-1.jpg","datePublished":"2017-07-07T11:39:24+00:00","dateModified":"2017-07-07T11:39:24+00:00","breadcrumb":{"@id":"https:\/\/vosgesinfo.fr\/laplainedesvosgesinfo\/2017\/07\/contrexeville-les-freres-chrysantheme-au-rdv-chez-stan\/#breadcrumb"},"inLanguage":"fr-FR","potentialAction":[{"@type":"ReadAction","target":["https:\/\/vosgesinfo.fr\/laplainedesvosgesinfo\/2017\/07\/contrexeville-les-freres-chrysantheme-au-rdv-chez-stan\/"]}]},{"@type":"ImageObject","inLanguage":"fr-FR","@id":"https:\/\/vosgesinfo.fr\/laplainedesvosgesinfo\/2017\/07\/contrexeville-les-freres-chrysantheme-au-rdv-chez-stan\/#primaryimage","url":"https:\/\/vosgesinfo.fr\/app\/uploads\/sites\/2\/2024\/06\/201705rdv-stan-1.jpg","contentUrl":"https:\/\/vosgesinfo.fr\/app\/uploads\/sites\/2\/2024\/06\/201705rdv-stan-1.jpg","width":648,"height":601},{"@type":"BreadcrumbList","@id":"https:\/\/vosgesinfo.fr\/laplainedesvosgesinfo\/2017\/07\/contrexeville-les-freres-chrysantheme-au-rdv-chez-stan\/#breadcrumb","itemListElement":[{"@type":"ListItem","position":1,"name":"Home","item":"https:\/\/vosgesinfo.fr\/laplainedesvosgesinfo\/"},{"@type":"ListItem","position":2,"name":"Contrex\u00e9ville &#8211; Les fr\u00e8res Chrysanth\u00e8me au RDV Chez Stan"}]},{"@type":"WebSite","@id":"https:\/\/vosgesinfo.fr\/laplainedesvosgesinfo\/#website","url":"https:\/\/vosgesinfo.fr\/laplainedesvosgesinfo\/","name":"La Plaine des Vosges","description":"Toute l&#039;actualit\u00e9 de la plaine de Vosges","publisher":{"@id":"https:\/\/vosgesinfo.fr\/laplainedesvosgesinfo\/#organization"},"alternateName":"Toute l'actualit\u00e9 de la plaine des Vosges","potentialAction":[{"@type":"SearchAction","target":{"@type":"EntryPoint","urlTemplate":"https:\/\/vosgesinfo.fr\/laplainedesvosgesinfo\/?s={search_term_string}"},"query-input":"required name=search_term_string"}],"inLanguage":"fr-FR"},{"@type":"Organization","@id":"https:\/\/vosgesinfo.fr\/laplainedesvosgesinfo\/#organization","name":"La Plaine des Vosges","url":"https:\/\/vosgesinfo.fr\/laplainedesvosgesinfo\/","logo":{"@type":"ImageObject","inLanguage":"fr-FR","@id":"https:\/\/vosgesinfo.fr\/laplainedesvosgesinfo\/#\/schema\/logo\/image\/","url":"https:\/\/vosgesinfo.fr\/app\/uploads\/sites\/2\/2023\/08\/logo-laplaineinfo.svg","contentUrl":"https:\/\/vosgesinfo.fr\/app\/uploads\/sites\/2\/2023\/08\/logo-laplaineinfo.svg","width":1,"height":1,"caption":"La Plaine des Vosges"},"image":{"@id":"https:\/\/vosgesinfo.fr\/laplainedesvosgesinfo\/#\/schema\/logo\/image\/"},"sameAs":["https:\/\/www.facebook.com\/laplainedesvosges","https:\/\/x.com\/VosgesInfo88","https:\/\/www.youtube.com\/@vosgesinfo"]},{"@type":"Person","@id":"https:\/\/vosgesinfo.fr\/laplainedesvosgesinfo\/#\/schema\/person\/bc5d02d71e6932e81b6dadb7386667b1","name":"qs_admin","image":{"@type":"ImageObject","inLanguage":"fr-FR","@id":"https:\/\/vosgesinfo.fr\/laplainedesvosgesinfo\/#\/schema\/person\/image\/","url":"https:\/\/secure.gravatar.com\/avatar\/94b18ee0ed79e4a42ea2f2931277b6841a8999fc6fde214600c78057cf1fe1de?s=96&d=mm&r=g","contentUrl":"https:\/\/secure.gravatar.com\/avatar\/94b18ee0ed79e4a42ea2f2931277b6841a8999fc6fde214600c78057cf1fe1de?s=96&d=mm&r=g","caption":"qs_admin"},"sameAs":["https:\/\/vosgesinfo.fr\/wp"],"url":"https:\/\/vosgesinfo.fr\/laplainedesvosgesinfo\/author\/qs_admin\/"}]}},"_links":{"self":[{"href":"https:\/\/vosgesinfo.fr\/laplainedesvosgesinfo\/wp-json\/wp\/v2\/posts\/13106","targetHints":{"allow":["GET"]}}],"collection":[{"href":"https:\/\/vosgesinfo.fr\/laplainedesvosgesinfo\/wp-json\/wp\/v2\/posts"}],"about":[{"href":"https:\/\/vosgesinfo.fr\/laplainedesvosgesinfo\/wp-json\/wp\/v2\/types\/post"}],"author":[{"embeddable":true,"href":"https:\/\/vosgesinfo.fr\/laplainedesvosgesinfo\/wp-json\/wp\/v2\/users\/1"}],"replies":[{"embeddable":true,"href":"https:\/\/vosgesinfo.fr\/laplainedesvosgesinfo\/wp-json\/wp\/v2\/comments?post=13106"}],"version-history":[{"count":0,"href":"https:\/\/vosgesinfo.fr\/laplainedesvosgesinfo\/wp-json\/wp\/v2\/posts\/13106\/revisions"}],"wp:featuredmedia":[{"embeddable":true,"href":"https:\/\/vosgesinfo.fr\/laplainedesvosgesinfo\/wp-json\/wp\/v2\/media\/13107"}],"wp:attachment":[{"href":"https:\/\/vosgesinfo.fr\/laplainedesvosgesinfo\/wp-json\/wp\/v2\/media?parent=13106"}],"wp:term":[{"taxonomy":"category","embeddable":true,"href":"https:\/\/vosgesinfo.fr\/laplainedesvosgesinfo\/wp-json\/wp\/v2\/categories?post=13106"},{"taxonomy":"post_tag","embeddable":true,"href":"https:\/\/vosgesinfo.fr\/laplainedesvosgesinfo\/wp-json\/wp\/v2\/tags?post=13106"}],"curies":[{"name":"wp","href":"https:\/\/api.w.org\/{rel}","templated":true}]}}