{"id":14681,"date":"2017-10-06T05:12:08","date_gmt":"2017-10-06T03:12:08","guid":{"rendered":"https:\/\/vosgesinfo.fr\/laplainedesvosgesinfo\/2017\/10\/cest-le-moment-de-declarer-vos-ruches\/"},"modified":"2017-10-06T05:12:08","modified_gmt":"2017-10-06T03:12:08","slug":"cest-le-moment-de-declarer-vos-ruches","status":"publish","type":"post","link":"https:\/\/vosgesinfo.fr\/laplainedesvosgesinfo\/2017\/10\/cest-le-moment-de-declarer-vos-ruches\/","title":{"rendered":"C\u2019est le moment de d\u00e9clarer vos ruches !"},"content":{"rendered":"<div class=\"article_entete\" style=\"text-align: justify;\"><a href=\"\/2017\/10\/abeille-ruche.jpg\"><img decoding=\"async\" class=\"aligncenter size-full wp-image-91684\" src=\"\/2017\/10\/abeille-ruche.jpg\" alt=\"abeille-ruche\" width=\"960\" height=\"640\" \/><\/a><\/div>\n<div class=\"article_entete\" style=\"text-align: justify;\"><\/div>\n<div class=\"article_entete\" style=\"text-align: justify;\"><strong>La d\u00e9claration de ruches est obligatoire d\u00e8s la premi\u00e8re colonie d\u2019abeilles d\u00e9tenue. Elle pr\u00e9cise le nombre de colonies et leur emplacement. Elle doit \u00eatre r\u00e9alis\u00e9e entre le 1er septembre et le 31 d\u00e9cembre 2017.<\/strong><\/div>\n<ul style=\"text-align: justify;\">\n<li class=\" text-justify\"><em><strong>Pourquoi d\u00e9clarer ses ruches\u00a0?<\/strong><\/em><\/li>\n<\/ul>\n<p class=\" text-justify\" style=\"text-align: justify;\">D\u00e9sormais, l\u2019enveloppe europ\u00e9enne destin\u00e9e \u00e0 l\u2019apiculture fran\u00e7aise sera proportionnelle au nombre de colonies d\u00e9clar\u00e9es. De plus, en cas de crise sanitaire, le recensement puis les mesures de protection sanitaire seront plus faciles \u00e0 d\u00e9ployer.<\/p>\n<ul style=\"text-align: justify;\">\n<li class=\" text-justify\"><em><strong>Comment faire\u00a0?<\/strong><\/em><\/li>\n<\/ul>\n<p class=\" text-justify\" style=\"text-align: justify;\">D\u00e9claration en ligne sur le site <a href=\"http:\/\/mesdemarches.agriculture.gouv.fr\/\" target=\"_blank\" rel=\"noopener\"><strong>http:\/\/mesdemarches.agriculture.gouv.fr\/<\/strong><\/a>\u00a0puis cliquer sur Particulier (colonne de gauche) puis sur D\u00e9clarer mes ruches.<\/p>\n<p class=\" text-justify\" style=\"text-align: justify;\">Si vous ne disposez pas de l\u2019outil informatique, vous pouvez r\u00e9aliser votre d\u00e9claration en ligne en sollicitant un acc\u00e8s informatique en mairie.<\/p>\n<p class=\" text-justify\" style=\"text-align: justify;\">Vous pouvez \u00e9galement faire votre d\u00e9claration par voie postale en compl\u00e9tant le Cerfa 13995-04 et l\u2019envoyer \u00e0 l\u2019adresse suivante\u00a0:<\/p>\n<p class=\" text-justify\" style=\"text-align: justify;\"><strong>DGAL \u2013 D\u00e9claration de ruches, 251 rue de Vaugirard, 75 732 PARIS cedex 15<\/strong><\/p>\n<p class=\" text-justify\" style=\"text-align: justify;\">Les d\u00e9clarations envoy\u00e9es<b>\u00a0apr\u00e8s le 31 d\u00e9cembre <\/b>(cachet de la poste faisant foi) ne recevront aucun traitement. Le d\u00e9lai d\u2019obtention d\u2019un r\u00e9c\u00e9piss\u00e9 de d\u00e9claration de ruches est d\u2019environ 2 mois \u00e0 compter de la r\u00e9ception \u00e0 la DGAl. Les d\u00e9clarations r\u00e9alis\u00e9es sur papier libre ou sur des anciennes versions de Cerfa ne sont pas recevables.<\/p>\n<p style=\"text-align: justify;\"><strong><a class=\"download\" title=\"format pdf - 0,15 Mb - 03\/10\/2017\" href=\"http:\/\/www.vosges.gouv.fr\/content\/download\/14546\/114077\/file\/cerfa_13995.pdf\" target=\"_blank\" rel=\"noopener\">D\u00e9claration de d\u00e9tention et d\u2019emplacement de ruches \u00ab\u00a0Hors p\u00e9riode obligatoire\u00a0\u00bb. \u2013 Cerfa N\u00b013995*04<\/a><\/strong><\/p>\n<p style=\"text-align: justify;\"><a href=\"\/2017\/10\/Affiche-ruche_imagelarge.png\"><img decoding=\"async\" class=\"aligncenter size-full wp-image-91683\" src=\"\/2017\/10\/Affiche-ruche_imagelarge.png\" alt=\"Affiche-ruche_imagelarge\" width=\"504\" height=\"730\" \/><\/a><\/p>\n","protected":false},"excerpt":{"rendered":"<p>La d\u00e9claration de ruches est obligatoire d\u00e8s la premi\u00e8re colonie d\u2019abeilles d\u00e9tenue. Elle pr\u00e9cise le nombre de colonies et leur [&hellip;]<\/p>\n","protected":false},"author":1,"featured_media":14682,"comment_status":"open","ping_status":"open","sticky":false,"template":"","format":"standard","meta":{"footnotes":""},"categories":[168,18],"tags":[5244,5245,933,233],"class_list":["post-14681","post","type-post","status-publish","format-standard","has-post-thumbnail","hentry","category-agriculture","category-vosges","tag-abeilles","tag-apiculture","tag-declaration-en-ligne","tag-vosges"],"acf":[],"yoast_head":"<!-- This site is optimized with the Yoast SEO plugin v22.5 - https:\/\/yoast.com\/wordpress\/plugins\/seo\/ -->\n<title>C\u2019est le moment de d\u00e9clarer vos ruches ! - La Plaine des Vosges<\/title>\n<meta name=\"robots\" content=\"index, follow, max-snippet:-1, max-image-preview:large, max-video-preview:-1\" \/>\n<link rel=\"canonical\" href=\"https:\/\/vosgesinfo.fr\/laplainedesvosgesinfo\/2017\/10\/cest-le-moment-de-declarer-vos-ruches\/\" \/>\n<meta name=\"twitter:card\" content=\"summary_large_image\" \/>\n<meta name=\"twitter:title\" content=\"C\u2019est le moment de d\u00e9clarer vos ruches ! - La Plaine des Vosges\" \/>\n<meta name=\"twitter:description\" content=\"La d\u00e9claration de ruches est obligatoire d\u00e8s la premi\u00e8re colonie d\u2019abeilles d\u00e9tenue. Elle pr\u00e9cise le nombre de colonies et leur [&hellip;]\" \/>\n<meta name=\"twitter:image\" content=\"https:\/\/vosgesinfo.fr\/app\/uploads\/sites\/2\/2024\/06\/201710abeille-ruche.jpg\" \/>\n<meta name=\"twitter:creator\" content=\"@VosgesInfo88\" \/>\n<meta name=\"twitter:site\" content=\"@VosgesInfo88\" \/>\n<meta name=\"twitter:label1\" content=\"\u00c9crit par\" \/>\n\t<meta name=\"twitter:data1\" content=\"qs_admin\" \/>\n\t<meta name=\"twitter:label2\" content=\"Dur\u00e9e de lecture estim\u00e9e\" \/>\n\t<meta name=\"twitter:data2\" content=\"1 minute\" \/>\n<script type=\"application\/ld+json\" class=\"yoast-schema-graph\">{\"@context\":\"https:\/\/schema.org\",\"@graph\":[{\"@type\":\"Article\",\"@id\":\"https:\/\/vosgesinfo.fr\/laplainedesvosgesinfo\/2017\/10\/cest-le-moment-de-declarer-vos-ruches\/#article\",\"isPartOf\":{\"@id\":\"https:\/\/vosgesinfo.fr\/laplainedesvosgesinfo\/2017\/10\/cest-le-moment-de-declarer-vos-ruches\/\"},\"author\":{\"name\":\"qs_admin\",\"@id\":\"https:\/\/vosgesinfo.fr\/laplainedesvosgesinfo\/#\/schema\/person\/bc5d02d71e6932e81b6dadb7386667b1\"},\"headline\":\"C\u2019est le moment de d\u00e9clarer vos ruches !\",\"datePublished\":\"2017-10-06T03:12:08+00:00\",\"dateModified\":\"2017-10-06T03:12:08+00:00\",\"mainEntityOfPage\":{\"@id\":\"https:\/\/vosgesinfo.fr\/laplainedesvosgesinfo\/2017\/10\/cest-le-moment-de-declarer-vos-ruches\/\"},\"wordCount\":263,\"commentCount\":0,\"publisher\":{\"@id\":\"https:\/\/vosgesinfo.fr\/laplainedesvosgesinfo\/#organization\"},\"image\":{\"@id\":\"https:\/\/vosgesinfo.fr\/laplainedesvosgesinfo\/2017\/10\/cest-le-moment-de-declarer-vos-ruches\/#primaryimage\"},\"thumbnailUrl\":\"https:\/\/vosgesinfo.fr\/app\/uploads\/sites\/2\/2024\/06\/201710abeille-ruche.jpg\",\"keywords\":[\"abeilles\",\"apiculture\",\"d\u00e9claration en ligne\",\"Vosges\"],\"articleSection\":[\"Agriculture\",\"Vosges\"],\"inLanguage\":\"fr-FR\",\"potentialAction\":[{\"@type\":\"CommentAction\",\"name\":\"Comment\",\"target\":[\"https:\/\/vosgesinfo.fr\/laplainedesvosgesinfo\/2017\/10\/cest-le-moment-de-declarer-vos-ruches\/#respond\"]}]},{\"@type\":\"WebPage\",\"@id\":\"https:\/\/vosgesinfo.fr\/laplainedesvosgesinfo\/2017\/10\/cest-le-moment-de-declarer-vos-ruches\/\",\"url\":\"https:\/\/vosgesinfo.fr\/laplainedesvosgesinfo\/2017\/10\/cest-le-moment-de-declarer-vos-ruches\/\",\"name\":\"C\u2019est le moment de d\u00e9clarer vos ruches ! - La Plaine des Vosges\",\"isPartOf\":{\"@id\":\"https:\/\/vosgesinfo.fr\/laplainedesvosgesinfo\/#website\"},\"primaryImageOfPage\":{\"@id\":\"https:\/\/vosgesinfo.fr\/laplainedesvosgesinfo\/2017\/10\/cest-le-moment-de-declarer-vos-ruches\/#primaryimage\"},\"image\":{\"@id\":\"https:\/\/vosgesinfo.fr\/laplainedesvosgesinfo\/2017\/10\/cest-le-moment-de-declarer-vos-ruches\/#primaryimage\"},\"thumbnailUrl\":\"https:\/\/vosgesinfo.fr\/app\/uploads\/sites\/2\/2024\/06\/201710abeille-ruche.jpg\",\"datePublished\":\"2017-10-06T03:12:08+00:00\",\"dateModified\":\"2017-10-06T03:12:08+00:00\",\"breadcrumb\":{\"@id\":\"https:\/\/vosgesinfo.fr\/laplainedesvosgesinfo\/2017\/10\/cest-le-moment-de-declarer-vos-ruches\/#breadcrumb\"},\"inLanguage\":\"fr-FR\",\"potentialAction\":[{\"@type\":\"ReadAction\",\"target\":[\"https:\/\/vosgesinfo.fr\/laplainedesvosgesinfo\/2017\/10\/cest-le-moment-de-declarer-vos-ruches\/\"]}]},{\"@type\":\"ImageObject\",\"inLanguage\":\"fr-FR\",\"@id\":\"https:\/\/vosgesinfo.fr\/laplainedesvosgesinfo\/2017\/10\/cest-le-moment-de-declarer-vos-ruches\/#primaryimage\",\"url\":\"https:\/\/vosgesinfo.fr\/app\/uploads\/sites\/2\/2024\/06\/201710abeille-ruche.jpg\",\"contentUrl\":\"https:\/\/vosgesinfo.fr\/app\/uploads\/sites\/2\/2024\/06\/201710abeille-ruche.jpg\",\"width\":960,\"height\":640},{\"@type\":\"BreadcrumbList\",\"@id\":\"https:\/\/vosgesinfo.fr\/laplainedesvosgesinfo\/2017\/10\/cest-le-moment-de-declarer-vos-ruches\/#breadcrumb\",\"itemListElement\":[{\"@type\":\"ListItem\",\"position\":1,\"name\":\"Home\",\"item\":\"https:\/\/vosgesinfo.fr\/laplainedesvosgesinfo\/\"},{\"@type\":\"ListItem\",\"position\":2,\"name\":\"C\u2019est le moment de d\u00e9clarer vos ruches !\"}]},{\"@type\":\"WebSite\",\"@id\":\"https:\/\/vosgesinfo.fr\/laplainedesvosgesinfo\/#website\",\"url\":\"https:\/\/vosgesinfo.fr\/laplainedesvosgesinfo\/\",\"name\":\"La Plaine des Vosges\",\"description\":\"Toute l&#039;actualit\u00e9 de la plaine de Vosges\",\"publisher\":{\"@id\":\"https:\/\/vosgesinfo.fr\/laplainedesvosgesinfo\/#organization\"},\"alternateName\":\"Toute l'actualit\u00e9 de la plaine des Vosges\",\"potentialAction\":[{\"@type\":\"SearchAction\",\"target\":{\"@type\":\"EntryPoint\",\"urlTemplate\":\"https:\/\/vosgesinfo.fr\/laplainedesvosgesinfo\/?s={search_term_string}\"},\"query-input\":\"required name=search_term_string\"}],\"inLanguage\":\"fr-FR\"},{\"@type\":\"Organization\",\"@id\":\"https:\/\/vosgesinfo.fr\/laplainedesvosgesinfo\/#organization\",\"name\":\"La Plaine des Vosges\",\"url\":\"https:\/\/vosgesinfo.fr\/laplainedesvosgesinfo\/\",\"logo\":{\"@type\":\"ImageObject\",\"inLanguage\":\"fr-FR\",\"@id\":\"https:\/\/vosgesinfo.fr\/laplainedesvosgesinfo\/#\/schema\/logo\/image\/\",\"url\":\"https:\/\/vosgesinfo.fr\/app\/uploads\/sites\/2\/2023\/08\/logo-laplaineinfo.svg\",\"contentUrl\":\"https:\/\/vosgesinfo.fr\/app\/uploads\/sites\/2\/2023\/08\/logo-laplaineinfo.svg\",\"width\":1,\"height\":1,\"caption\":\"La Plaine des Vosges\"},\"image\":{\"@id\":\"https:\/\/vosgesinfo.fr\/laplainedesvosgesinfo\/#\/schema\/logo\/image\/\"},\"sameAs\":[\"https:\/\/www.facebook.com\/laplainedesvosges\",\"https:\/\/x.com\/VosgesInfo88\",\"https:\/\/www.youtube.com\/@vosgesinfo\"]},{\"@type\":\"Person\",\"@id\":\"https:\/\/vosgesinfo.fr\/laplainedesvosgesinfo\/#\/schema\/person\/bc5d02d71e6932e81b6dadb7386667b1\",\"name\":\"qs_admin\",\"image\":{\"@type\":\"ImageObject\",\"inLanguage\":\"fr-FR\",\"@id\":\"https:\/\/vosgesinfo.fr\/laplainedesvosgesinfo\/#\/schema\/person\/image\/\",\"url\":\"https:\/\/secure.gravatar.com\/avatar\/94b18ee0ed79e4a42ea2f2931277b6841a8999fc6fde214600c78057cf1fe1de?s=96&d=mm&r=g\",\"contentUrl\":\"https:\/\/secure.gravatar.com\/avatar\/94b18ee0ed79e4a42ea2f2931277b6841a8999fc6fde214600c78057cf1fe1de?s=96&d=mm&r=g\",\"caption\":\"qs_admin\"},\"sameAs\":[\"https:\/\/vosgesinfo.fr\/wp\"],\"url\":\"https:\/\/vosgesinfo.fr\/laplainedesvosgesinfo\/author\/qs_admin\/\"}]}<\/script>\n<!-- \/ Yoast SEO plugin. -->","yoast_head_json":{"title":"C\u2019est le moment de d\u00e9clarer vos ruches ! - La Plaine des Vosges","robots":{"index":"index","follow":"follow","max-snippet":"max-snippet:-1","max-image-preview":"max-image-preview:large","max-video-preview":"max-video-preview:-1"},"canonical":"https:\/\/vosgesinfo.fr\/laplainedesvosgesinfo\/2017\/10\/cest-le-moment-de-declarer-vos-ruches\/","twitter_card":"summary_large_image","twitter_title":"C\u2019est le moment de d\u00e9clarer vos ruches ! - La Plaine des Vosges","twitter_description":"La d\u00e9claration de ruches est obligatoire d\u00e8s la premi\u00e8re colonie d\u2019abeilles d\u00e9tenue. Elle pr\u00e9cise le nombre de colonies et leur [&hellip;]","twitter_image":"https:\/\/vosgesinfo.fr\/app\/uploads\/sites\/2\/2024\/06\/201710abeille-ruche.jpg","twitter_creator":"@VosgesInfo88","twitter_site":"@VosgesInfo88","twitter_misc":{"\u00c9crit par":"qs_admin","Dur\u00e9e de lecture estim\u00e9e":"1 minute"},"schema":{"@context":"https:\/\/schema.org","@graph":[{"@type":"Article","@id":"https:\/\/vosgesinfo.fr\/laplainedesvosgesinfo\/2017\/10\/cest-le-moment-de-declarer-vos-ruches\/#article","isPartOf":{"@id":"https:\/\/vosgesinfo.fr\/laplainedesvosgesinfo\/2017\/10\/cest-le-moment-de-declarer-vos-ruches\/"},"author":{"name":"qs_admin","@id":"https:\/\/vosgesinfo.fr\/laplainedesvosgesinfo\/#\/schema\/person\/bc5d02d71e6932e81b6dadb7386667b1"},"headline":"C\u2019est le moment de d\u00e9clarer vos ruches !","datePublished":"2017-10-06T03:12:08+00:00","dateModified":"2017-10-06T03:12:08+00:00","mainEntityOfPage":{"@id":"https:\/\/vosgesinfo.fr\/laplainedesvosgesinfo\/2017\/10\/cest-le-moment-de-declarer-vos-ruches\/"},"wordCount":263,"commentCount":0,"publisher":{"@id":"https:\/\/vosgesinfo.fr\/laplainedesvosgesinfo\/#organization"},"image":{"@id":"https:\/\/vosgesinfo.fr\/laplainedesvosgesinfo\/2017\/10\/cest-le-moment-de-declarer-vos-ruches\/#primaryimage"},"thumbnailUrl":"https:\/\/vosgesinfo.fr\/app\/uploads\/sites\/2\/2024\/06\/201710abeille-ruche.jpg","keywords":["abeilles","apiculture","d\u00e9claration en ligne","Vosges"],"articleSection":["Agriculture","Vosges"],"inLanguage":"fr-FR","potentialAction":[{"@type":"CommentAction","name":"Comment","target":["https:\/\/vosgesinfo.fr\/laplainedesvosgesinfo\/2017\/10\/cest-le-moment-de-declarer-vos-ruches\/#respond"]}]},{"@type":"WebPage","@id":"https:\/\/vosgesinfo.fr\/laplainedesvosgesinfo\/2017\/10\/cest-le-moment-de-declarer-vos-ruches\/","url":"https:\/\/vosgesinfo.fr\/laplainedesvosgesinfo\/2017\/10\/cest-le-moment-de-declarer-vos-ruches\/","name":"C\u2019est le moment de d\u00e9clarer vos ruches ! - La Plaine des Vosges","isPartOf":{"@id":"https:\/\/vosgesinfo.fr\/laplainedesvosgesinfo\/#website"},"primaryImageOfPage":{"@id":"https:\/\/vosgesinfo.fr\/laplainedesvosgesinfo\/2017\/10\/cest-le-moment-de-declarer-vos-ruches\/#primaryimage"},"image":{"@id":"https:\/\/vosgesinfo.fr\/laplainedesvosgesinfo\/2017\/10\/cest-le-moment-de-declarer-vos-ruches\/#primaryimage"},"thumbnailUrl":"https:\/\/vosgesinfo.fr\/app\/uploads\/sites\/2\/2024\/06\/201710abeille-ruche.jpg","datePublished":"2017-10-06T03:12:08+00:00","dateModified":"2017-10-06T03:12:08+00:00","breadcrumb":{"@id":"https:\/\/vosgesinfo.fr\/laplainedesvosgesinfo\/2017\/10\/cest-le-moment-de-declarer-vos-ruches\/#breadcrumb"},"inLanguage":"fr-FR","potentialAction":[{"@type":"ReadAction","target":["https:\/\/vosgesinfo.fr\/laplainedesvosgesinfo\/2017\/10\/cest-le-moment-de-declarer-vos-ruches\/"]}]},{"@type":"ImageObject","inLanguage":"fr-FR","@id":"https:\/\/vosgesinfo.fr\/laplainedesvosgesinfo\/2017\/10\/cest-le-moment-de-declarer-vos-ruches\/#primaryimage","url":"https:\/\/vosgesinfo.fr\/app\/uploads\/sites\/2\/2024\/06\/201710abeille-ruche.jpg","contentUrl":"https:\/\/vosgesinfo.fr\/app\/uploads\/sites\/2\/2024\/06\/201710abeille-ruche.jpg","width":960,"height":640},{"@type":"BreadcrumbList","@id":"https:\/\/vosgesinfo.fr\/laplainedesvosgesinfo\/2017\/10\/cest-le-moment-de-declarer-vos-ruches\/#breadcrumb","itemListElement":[{"@type":"ListItem","position":1,"name":"Home","item":"https:\/\/vosgesinfo.fr\/laplainedesvosgesinfo\/"},{"@type":"ListItem","position":2,"name":"C\u2019est le moment de d\u00e9clarer vos ruches !"}]},{"@type":"WebSite","@id":"https:\/\/vosgesinfo.fr\/laplainedesvosgesinfo\/#website","url":"https:\/\/vosgesinfo.fr\/laplainedesvosgesinfo\/","name":"La Plaine des Vosges","description":"Toute l&#039;actualit\u00e9 de la plaine de Vosges","publisher":{"@id":"https:\/\/vosgesinfo.fr\/laplainedesvosgesinfo\/#organization"},"alternateName":"Toute l'actualit\u00e9 de la plaine des Vosges","potentialAction":[{"@type":"SearchAction","target":{"@type":"EntryPoint","urlTemplate":"https:\/\/vosgesinfo.fr\/laplainedesvosgesinfo\/?s={search_term_string}"},"query-input":"required name=search_term_string"}],"inLanguage":"fr-FR"},{"@type":"Organization","@id":"https:\/\/vosgesinfo.fr\/laplainedesvosgesinfo\/#organization","name":"La Plaine des Vosges","url":"https:\/\/vosgesinfo.fr\/laplainedesvosgesinfo\/","logo":{"@type":"ImageObject","inLanguage":"fr-FR","@id":"https:\/\/vosgesinfo.fr\/laplainedesvosgesinfo\/#\/schema\/logo\/image\/","url":"https:\/\/vosgesinfo.fr\/app\/uploads\/sites\/2\/2023\/08\/logo-laplaineinfo.svg","contentUrl":"https:\/\/vosgesinfo.fr\/app\/uploads\/sites\/2\/2023\/08\/logo-laplaineinfo.svg","width":1,"height":1,"caption":"La Plaine des Vosges"},"image":{"@id":"https:\/\/vosgesinfo.fr\/laplainedesvosgesinfo\/#\/schema\/logo\/image\/"},"sameAs":["https:\/\/www.facebook.com\/laplainedesvosges","https:\/\/x.com\/VosgesInfo88","https:\/\/www.youtube.com\/@vosgesinfo"]},{"@type":"Person","@id":"https:\/\/vosgesinfo.fr\/laplainedesvosgesinfo\/#\/schema\/person\/bc5d02d71e6932e81b6dadb7386667b1","name":"qs_admin","image":{"@type":"ImageObject","inLanguage":"fr-FR","@id":"https:\/\/vosgesinfo.fr\/laplainedesvosgesinfo\/#\/schema\/person\/image\/","url":"https:\/\/secure.gravatar.com\/avatar\/94b18ee0ed79e4a42ea2f2931277b6841a8999fc6fde214600c78057cf1fe1de?s=96&d=mm&r=g","contentUrl":"https:\/\/secure.gravatar.com\/avatar\/94b18ee0ed79e4a42ea2f2931277b6841a8999fc6fde214600c78057cf1fe1de?s=96&d=mm&r=g","caption":"qs_admin"},"sameAs":["https:\/\/vosgesinfo.fr\/wp"],"url":"https:\/\/vosgesinfo.fr\/laplainedesvosgesinfo\/author\/qs_admin\/"}]}},"_links":{"self":[{"href":"https:\/\/vosgesinfo.fr\/laplainedesvosgesinfo\/wp-json\/wp\/v2\/posts\/14681","targetHints":{"allow":["GET"]}}],"collection":[{"href":"https:\/\/vosgesinfo.fr\/laplainedesvosgesinfo\/wp-json\/wp\/v2\/posts"}],"about":[{"href":"https:\/\/vosgesinfo.fr\/laplainedesvosgesinfo\/wp-json\/wp\/v2\/types\/post"}],"author":[{"embeddable":true,"href":"https:\/\/vosgesinfo.fr\/laplainedesvosgesinfo\/wp-json\/wp\/v2\/users\/1"}],"replies":[{"embeddable":true,"href":"https:\/\/vosgesinfo.fr\/laplainedesvosgesinfo\/wp-json\/wp\/v2\/comments?post=14681"}],"version-history":[{"count":0,"href":"https:\/\/vosgesinfo.fr\/laplainedesvosgesinfo\/wp-json\/wp\/v2\/posts\/14681\/revisions"}],"wp:featuredmedia":[{"embeddable":true,"href":"https:\/\/vosgesinfo.fr\/laplainedesvosgesinfo\/wp-json\/wp\/v2\/media\/14682"}],"wp:attachment":[{"href":"https:\/\/vosgesinfo.fr\/laplainedesvosgesinfo\/wp-json\/wp\/v2\/media?parent=14681"}],"wp:term":[{"taxonomy":"category","embeddable":true,"href":"https:\/\/vosgesinfo.fr\/laplainedesvosgesinfo\/wp-json\/wp\/v2\/categories?post=14681"},{"taxonomy":"post_tag","embeddable":true,"href":"https:\/\/vosgesinfo.fr\/laplainedesvosgesinfo\/wp-json\/wp\/v2\/tags?post=14681"}],"curies":[{"name":"wp","href":"https:\/\/api.w.org\/{rel}","templated":true}]}}