{"id":14687,"date":"2017-10-06T04:55:01","date_gmt":"2017-10-06T02:55:01","guid":{"rendered":"https:\/\/vosgesinfo.fr\/laplainedesvosgesinfo\/2017\/10\/climat-septembre-frais-et-sombre\/"},"modified":"2017-10-06T04:55:01","modified_gmt":"2017-10-06T02:55:01","slug":"climat-septembre-frais-et-sombre","status":"publish","type":"post","link":"https:\/\/vosgesinfo.fr\/laplainedesvosgesinfo\/2017\/10\/climat-septembre-frais-et-sombre\/","title":{"rendered":"Climat : septembre frais et sombre"},"content":{"rendered":"<p style=\"text-align: justify;\">La fra\u00eecheur a largement domin\u00e9 au cours du mois de septembre 2017, notamment lors des deux premi\u00e8res d\u00e9cades. La fin du mois a renou\u00e9 avec une certaine douceur, voire de la chaleur notamment sur les r\u00e9gions du sud. Fr\u00e9d\u00e9ric Decker, de MeteoNews, fait le point climatologique sur ce premier mois d\u2019automne.<\/p>\n<p style=\"text-align: justify;\">Apr\u00e8s un \u00e9t\u00e9 chaud \u00e0 tr\u00e8s chaud du nord au sud de la France, l\u2019automne m\u00e9t\u00e9orologique a d\u00e9marr\u00e9 en fanfare avec des conditions fra\u00eeches au cours de ce mois de septembre, plus particuli\u00e8rement au cours des vingt premiers jours. La troisi\u00e8me d\u00e9cade a en revanche d\u00e9gag\u00e9 un l\u00e9ger exc\u00e9dent thermique. La temp\u00e9rature moyenne mensuelle atteint 15,9 degr\u00e9s pour une normale de 17,0 degr\u00e9s, calcul\u00e9e sur la p\u00e9riode 1981-2010. Le d\u00e9ficit atteint donc 1,1 degr\u00e9s. Il faut remonter \u00e0 2008 pour retrouver un mois de septembre aussi frais. Ces 15,9 degr\u00e9s de moyenne sont malgr\u00e9 tout bien loin des mois de septembre les plus froids avec 13,6 degr\u00e9s en 1952 et 1972, et \u00e9videmment tr\u00e8s loin du mois de septembre le plus chaud : 19,5 degr\u00e9s en 1949.<\/p>\n<p style=\"text-align: justify;\"><a href=\"https:\/\/vosgesinfo.fr\/app\/uploads\/sites\/2\/2017\/10\/600px-201709tempes-graphmn.png\" data-featherlight=\"image\"><img decoding=\"async\" class=\"aligncenter size-full wp-image-207435\" src=\"https:\/\/vosgesinfo.fr\/app\/uploads\/sites\/2\/2017\/10\/600px-201709tempes-graphmn.png\" alt=\"600px-201709tempes-graphMN\" width=\"600\" height=\"338\" \/><\/a><\/p>\n<p style=\"text-align: justify;\">Tr\u00e8s peu de jours de chaleur en dehors de quart sud-est un peu plus chaud. Les premi\u00e8res gel\u00e9es au sol ont \u00e9t\u00e9 observ\u00e9es de l\u2019int\u00e9rieur de la Normandie aux r\u00e9gions du nord-est. Un record de froid mensuel est tomb\u00e9 \u00e0 Brest avec 3,3 degr\u00e9s seulement le 18. Le minimum absolu \u00e0 basse altitude a \u00e9t\u00e9 atteint \u00e0 Romorantin dans le Loir-et-Cher le 18 avec 1,2 degr\u00e9s seulement. A l\u2019inverse, le maximum absolu fut mesur\u00e9 le 5 \u00e0 Carpentras avec 33,2 degr\u00e9s.<\/p>\n<p style=\"text-align: justify;\">Septembre est seulement le deuxi\u00e8me mois de l\u2019ann\u00e9e sous la normale avec janvier. Les mois de f\u00e9vrier \u00e0 ao\u00fbt ont tous \u00e9t\u00e9 exc\u00e9dentaires de 0,4 (avril) \u00e0 2,4 degr\u00e9s (mars). Sur l\u2019ann\u00e9e en cours, la moyenne nationale atteint 14,17 degr\u00e9s, quatri\u00e8me valeur la plus \u00e9lev\u00e9e derri\u00e8re 2007 (14,19 degr\u00e9s), 2014 (14,22 degr\u00e9s) et 2003 (14,42 degr\u00e9s).<\/p>\n<p style=\"text-align: justify;\"><strong>Pr\u00e9cipitations de saison<\/strong><\/p>\n<p style=\"text-align: justify;\">La s\u00e9cheresse se stabilise dans l\u2019ouest, alors qu\u2019elle perdure sur les r\u00e9gions du sud-est. En revanche, les r\u00e9gions situ\u00e9es au nord de la Loire connaissent une am\u00e9lioration sensible avec des pr\u00e9cipitations souvent importantes au cours de ce mois de septembre 2017. R\u00e9sultat : il est tomb\u00e9 en moyenne nationale 65 mm pour une normale de 67 mm, soit un chiffre conforme \u00e0 2 mm pr\u00e8s. Les pluies ont \u00e9t\u00e9 r\u00e9guli\u00e8rement et parfois tr\u00e8s abondantes sur la moiti\u00e9 nord, avec des records de pr\u00e9cipitations en 24 heures le 13 du Bassin Parisien \u00e0 la Lorraine (30 \u00e0 80 mm dans la journ\u00e9e).<br \/>\nC\u2019est \u00e0 Cannes qui a le moins plu dans le mois avec 0,2 mm seulement. Et c\u2019est \u00e0 la pointe de Socoa, pr\u00e8s de Biarritz, que les pr\u00e9cipitations ont \u00e9t\u00e9 les plus abondantes avec un cumul mensuel de 209,6 mm. Septembre 1991 d\u00e9tient toujours le record de forte pluviom\u00e9trie \u00e0 Socoa avec 290 mm. Les orages ont \u00e9clat\u00e9 plus souvent que d\u2019habitude sur la moiti\u00e9 nord, plus rarement en revanche au sud.<\/p>\n<p style=\"text-align: justify;\">Le cumul de pr\u00e9cipitations de janvier \u00e0 septembre atteint 462 mm pour une normale de 528 mm, soit un d\u00e9ficit de 12,5%.<\/p>\n<p style=\"text-align: justify;\">Bien qu\u2019assez bas, ce chiffre n\u2019est pas exceptionnel. Des valeurs plus faibles ont souvent \u00e9t\u00e9 observ\u00e9es (2011, 2005, 2003\u2026) avec un minimum record \u00e0 349 mm en 1949.<\/p>\n<p style=\"text-align: justify;\"><strong>Soleil en berne<\/strong><\/p>\n<p style=\"text-align: justify;\">Dans la continuit\u00e9 de juillet et ao\u00fbt, les nuages ont \u00e9t\u00e9 tr\u00e8s nombreux, occultant largement l\u2019astre du jour qui a peu brill\u00e9 en septembre. La France a profit\u00e9 des rayons durant 165 heures en moyenne nationale pour une normale 1981-2010 de 193 heures, soit un d\u00e9ficit de 15%. Il faut remonter \u00e0 2001 pour trouver un mois de septembre aussi peu ensoleill\u00e9 (161 heures cette ann\u00e9e-l\u00e0). Le record minimum appartient \u00e0 septembre 1994 et ses 128 heures. Le cumul des neuf premiers mois de l\u2019ann\u00e9e est de 1730 heures pour une normale de 1671 heures. Un faible exc\u00e9dent, de 3,5%, est donc observ\u00e9.<\/p>\n<p style=\"text-align: justify;\">Un \u00e9ni\u00e8me mois sec sur les r\u00e9gions du sud-est o\u00f9 la s\u00e9cheresse reste tr\u00e8s inqui\u00e9tante. Alors que la situation se stabilise \u00e0 l\u2019ouest et s\u2019am\u00e9liore au nord. Ce mois de septembre frais, sombre et globalement normalement arros\u00e9 correspond bien \u00e0 l\u2019id\u00e9e de l\u2019automne, m\u00eame si ces derni\u00e8res ann\u00e9es nous avaient presque habitu\u00e9s \u00e0 des chaleurs tardives\u2026<\/p>\n<p style=\"text-align: justify;\"><strong>Fr\u00e9d\u00e9ric Decker, MeteoNews SA, vendredi 6 octobre 2017, 11 heures 00.<\/strong><\/p>\n","protected":false},"excerpt":{"rendered":"<p>La fra\u00eecheur a largement domin\u00e9 au cours du mois de septembre 2017, notamment lors des deux premi\u00e8res d\u00e9cades. La fin [&hellip;]<\/p>\n","protected":false},"author":1,"featured_media":14688,"comment_status":"open","ping_status":"open","sticky":false,"template":"","format":"standard","meta":{"footnotes":""},"categories":[18],"tags":[5247,790,233],"class_list":["post-14687","post","type-post","status-publish","format-standard","has-post-thumbnail","hentry","category-vosges","tag-climat-septembre-frais-et-sombre-en-france","tag-meteo","tag-vosges"],"acf":[],"yoast_head":"<!-- This site is optimized with the Yoast SEO plugin v22.5 - https:\/\/yoast.com\/wordpress\/plugins\/seo\/ -->\n<title>Climat : septembre frais et sombre - La Plaine des Vosges<\/title>\n<meta name=\"robots\" content=\"index, follow, max-snippet:-1, max-image-preview:large, max-video-preview:-1\" \/>\n<link rel=\"canonical\" href=\"https:\/\/vosgesinfo.fr\/laplainedesvosgesinfo\/2017\/10\/climat-septembre-frais-et-sombre\/\" \/>\n<meta name=\"twitter:card\" content=\"summary_large_image\" \/>\n<meta name=\"twitter:title\" content=\"Climat : septembre frais et sombre - La Plaine des Vosges\" \/>\n<meta name=\"twitter:description\" content=\"La fra\u00eecheur a largement domin\u00e9 au cours du mois de septembre 2017, notamment lors des deux premi\u00e8res d\u00e9cades. La fin [&hellip;]\" \/>\n<meta name=\"twitter:image\" content=\"https:\/\/vosgesinfo.fr\/app\/uploads\/sites\/2\/2024\/06\/201710pluie.jpg\" \/>\n<meta name=\"twitter:creator\" content=\"@VosgesInfo88\" \/>\n<meta name=\"twitter:site\" content=\"@VosgesInfo88\" \/>\n<meta name=\"twitter:label1\" content=\"\u00c9crit par\" \/>\n\t<meta name=\"twitter:data1\" content=\"qs_admin\" \/>\n\t<meta name=\"twitter:label2\" content=\"Dur\u00e9e de lecture estim\u00e9e\" \/>\n\t<meta name=\"twitter:data2\" content=\"4 minutes\" \/>\n<script type=\"application\/ld+json\" class=\"yoast-schema-graph\">{\"@context\":\"https:\/\/schema.org\",\"@graph\":[{\"@type\":\"Article\",\"@id\":\"https:\/\/vosgesinfo.fr\/laplainedesvosgesinfo\/2017\/10\/climat-septembre-frais-et-sombre\/#article\",\"isPartOf\":{\"@id\":\"https:\/\/vosgesinfo.fr\/laplainedesvosgesinfo\/2017\/10\/climat-septembre-frais-et-sombre\/\"},\"author\":{\"name\":\"qs_admin\",\"@id\":\"https:\/\/vosgesinfo.fr\/laplainedesvosgesinfo\/#\/schema\/person\/bc5d02d71e6932e81b6dadb7386667b1\"},\"headline\":\"Climat : septembre frais et sombre\",\"datePublished\":\"2017-10-06T02:55:01+00:00\",\"dateModified\":\"2017-10-06T02:55:01+00:00\",\"mainEntityOfPage\":{\"@id\":\"https:\/\/vosgesinfo.fr\/laplainedesvosgesinfo\/2017\/10\/climat-septembre-frais-et-sombre\/\"},\"wordCount\":747,\"commentCount\":0,\"publisher\":{\"@id\":\"https:\/\/vosgesinfo.fr\/laplainedesvosgesinfo\/#organization\"},\"image\":{\"@id\":\"https:\/\/vosgesinfo.fr\/laplainedesvosgesinfo\/2017\/10\/climat-septembre-frais-et-sombre\/#primaryimage\"},\"thumbnailUrl\":\"https:\/\/vosgesinfo.fr\/app\/uploads\/sites\/2\/2024\/06\/201710pluie.jpg\",\"keywords\":[\"Climat : septembre frais et sombre en France\",\"m\u00e9t\u00e9o\",\"Vosges\"],\"articleSection\":[\"Vosges\"],\"inLanguage\":\"fr-FR\",\"potentialAction\":[{\"@type\":\"CommentAction\",\"name\":\"Comment\",\"target\":[\"https:\/\/vosgesinfo.fr\/laplainedesvosgesinfo\/2017\/10\/climat-septembre-frais-et-sombre\/#respond\"]}]},{\"@type\":\"WebPage\",\"@id\":\"https:\/\/vosgesinfo.fr\/laplainedesvosgesinfo\/2017\/10\/climat-septembre-frais-et-sombre\/\",\"url\":\"https:\/\/vosgesinfo.fr\/laplainedesvosgesinfo\/2017\/10\/climat-septembre-frais-et-sombre\/\",\"name\":\"Climat : septembre frais et sombre - La Plaine des Vosges\",\"isPartOf\":{\"@id\":\"https:\/\/vosgesinfo.fr\/laplainedesvosgesinfo\/#website\"},\"primaryImageOfPage\":{\"@id\":\"https:\/\/vosgesinfo.fr\/laplainedesvosgesinfo\/2017\/10\/climat-septembre-frais-et-sombre\/#primaryimage\"},\"image\":{\"@id\":\"https:\/\/vosgesinfo.fr\/laplainedesvosgesinfo\/2017\/10\/climat-septembre-frais-et-sombre\/#primaryimage\"},\"thumbnailUrl\":\"https:\/\/vosgesinfo.fr\/app\/uploads\/sites\/2\/2024\/06\/201710pluie.jpg\",\"datePublished\":\"2017-10-06T02:55:01+00:00\",\"dateModified\":\"2017-10-06T02:55:01+00:00\",\"breadcrumb\":{\"@id\":\"https:\/\/vosgesinfo.fr\/laplainedesvosgesinfo\/2017\/10\/climat-septembre-frais-et-sombre\/#breadcrumb\"},\"inLanguage\":\"fr-FR\",\"potentialAction\":[{\"@type\":\"ReadAction\",\"target\":[\"https:\/\/vosgesinfo.fr\/laplainedesvosgesinfo\/2017\/10\/climat-septembre-frais-et-sombre\/\"]}]},{\"@type\":\"ImageObject\",\"inLanguage\":\"fr-FR\",\"@id\":\"https:\/\/vosgesinfo.fr\/laplainedesvosgesinfo\/2017\/10\/climat-septembre-frais-et-sombre\/#primaryimage\",\"url\":\"https:\/\/vosgesinfo.fr\/app\/uploads\/sites\/2\/2024\/06\/201710pluie.jpg\",\"contentUrl\":\"https:\/\/vosgesinfo.fr\/app\/uploads\/sites\/2\/2024\/06\/201710pluie.jpg\",\"width\":960,\"height\":609},{\"@type\":\"BreadcrumbList\",\"@id\":\"https:\/\/vosgesinfo.fr\/laplainedesvosgesinfo\/2017\/10\/climat-septembre-frais-et-sombre\/#breadcrumb\",\"itemListElement\":[{\"@type\":\"ListItem\",\"position\":1,\"name\":\"Home\",\"item\":\"https:\/\/vosgesinfo.fr\/laplainedesvosgesinfo\/\"},{\"@type\":\"ListItem\",\"position\":2,\"name\":\"Climat : septembre frais et sombre\"}]},{\"@type\":\"WebSite\",\"@id\":\"https:\/\/vosgesinfo.fr\/laplainedesvosgesinfo\/#website\",\"url\":\"https:\/\/vosgesinfo.fr\/laplainedesvosgesinfo\/\",\"name\":\"La Plaine des Vosges\",\"description\":\"Toute l&#039;actualit\u00e9 de la plaine de Vosges\",\"publisher\":{\"@id\":\"https:\/\/vosgesinfo.fr\/laplainedesvosgesinfo\/#organization\"},\"alternateName\":\"Toute l'actualit\u00e9 de la plaine des Vosges\",\"potentialAction\":[{\"@type\":\"SearchAction\",\"target\":{\"@type\":\"EntryPoint\",\"urlTemplate\":\"https:\/\/vosgesinfo.fr\/laplainedesvosgesinfo\/?s={search_term_string}\"},\"query-input\":\"required name=search_term_string\"}],\"inLanguage\":\"fr-FR\"},{\"@type\":\"Organization\",\"@id\":\"https:\/\/vosgesinfo.fr\/laplainedesvosgesinfo\/#organization\",\"name\":\"La Plaine des Vosges\",\"url\":\"https:\/\/vosgesinfo.fr\/laplainedesvosgesinfo\/\",\"logo\":{\"@type\":\"ImageObject\",\"inLanguage\":\"fr-FR\",\"@id\":\"https:\/\/vosgesinfo.fr\/laplainedesvosgesinfo\/#\/schema\/logo\/image\/\",\"url\":\"https:\/\/vosgesinfo.fr\/app\/uploads\/sites\/2\/2023\/08\/logo-laplaineinfo.svg\",\"contentUrl\":\"https:\/\/vosgesinfo.fr\/app\/uploads\/sites\/2\/2023\/08\/logo-laplaineinfo.svg\",\"width\":1,\"height\":1,\"caption\":\"La Plaine des Vosges\"},\"image\":{\"@id\":\"https:\/\/vosgesinfo.fr\/laplainedesvosgesinfo\/#\/schema\/logo\/image\/\"},\"sameAs\":[\"https:\/\/www.facebook.com\/laplainedesvosges\",\"https:\/\/x.com\/VosgesInfo88\",\"https:\/\/www.youtube.com\/@vosgesinfo\"]},{\"@type\":\"Person\",\"@id\":\"https:\/\/vosgesinfo.fr\/laplainedesvosgesinfo\/#\/schema\/person\/bc5d02d71e6932e81b6dadb7386667b1\",\"name\":\"qs_admin\",\"image\":{\"@type\":\"ImageObject\",\"inLanguage\":\"fr-FR\",\"@id\":\"https:\/\/vosgesinfo.fr\/laplainedesvosgesinfo\/#\/schema\/person\/image\/\",\"url\":\"https:\/\/secure.gravatar.com\/avatar\/94b18ee0ed79e4a42ea2f2931277b6841a8999fc6fde214600c78057cf1fe1de?s=96&d=mm&r=g\",\"contentUrl\":\"https:\/\/secure.gravatar.com\/avatar\/94b18ee0ed79e4a42ea2f2931277b6841a8999fc6fde214600c78057cf1fe1de?s=96&d=mm&r=g\",\"caption\":\"qs_admin\"},\"sameAs\":[\"https:\/\/vosgesinfo.fr\/wp\"],\"url\":\"https:\/\/vosgesinfo.fr\/laplainedesvosgesinfo\/author\/qs_admin\/\"}]}<\/script>\n<!-- \/ Yoast SEO plugin. -->","yoast_head_json":{"title":"Climat : septembre frais et sombre - La Plaine des Vosges","robots":{"index":"index","follow":"follow","max-snippet":"max-snippet:-1","max-image-preview":"max-image-preview:large","max-video-preview":"max-video-preview:-1"},"canonical":"https:\/\/vosgesinfo.fr\/laplainedesvosgesinfo\/2017\/10\/climat-septembre-frais-et-sombre\/","twitter_card":"summary_large_image","twitter_title":"Climat : septembre frais et sombre - La Plaine des Vosges","twitter_description":"La fra\u00eecheur a largement domin\u00e9 au cours du mois de septembre 2017, notamment lors des deux premi\u00e8res d\u00e9cades. La fin [&hellip;]","twitter_image":"https:\/\/vosgesinfo.fr\/app\/uploads\/sites\/2\/2024\/06\/201710pluie.jpg","twitter_creator":"@VosgesInfo88","twitter_site":"@VosgesInfo88","twitter_misc":{"\u00c9crit par":"qs_admin","Dur\u00e9e de lecture estim\u00e9e":"4 minutes"},"schema":{"@context":"https:\/\/schema.org","@graph":[{"@type":"Article","@id":"https:\/\/vosgesinfo.fr\/laplainedesvosgesinfo\/2017\/10\/climat-septembre-frais-et-sombre\/#article","isPartOf":{"@id":"https:\/\/vosgesinfo.fr\/laplainedesvosgesinfo\/2017\/10\/climat-septembre-frais-et-sombre\/"},"author":{"name":"qs_admin","@id":"https:\/\/vosgesinfo.fr\/laplainedesvosgesinfo\/#\/schema\/person\/bc5d02d71e6932e81b6dadb7386667b1"},"headline":"Climat : septembre frais et sombre","datePublished":"2017-10-06T02:55:01+00:00","dateModified":"2017-10-06T02:55:01+00:00","mainEntityOfPage":{"@id":"https:\/\/vosgesinfo.fr\/laplainedesvosgesinfo\/2017\/10\/climat-septembre-frais-et-sombre\/"},"wordCount":747,"commentCount":0,"publisher":{"@id":"https:\/\/vosgesinfo.fr\/laplainedesvosgesinfo\/#organization"},"image":{"@id":"https:\/\/vosgesinfo.fr\/laplainedesvosgesinfo\/2017\/10\/climat-septembre-frais-et-sombre\/#primaryimage"},"thumbnailUrl":"https:\/\/vosgesinfo.fr\/app\/uploads\/sites\/2\/2024\/06\/201710pluie.jpg","keywords":["Climat : septembre frais et sombre en France","m\u00e9t\u00e9o","Vosges"],"articleSection":["Vosges"],"inLanguage":"fr-FR","potentialAction":[{"@type":"CommentAction","name":"Comment","target":["https:\/\/vosgesinfo.fr\/laplainedesvosgesinfo\/2017\/10\/climat-septembre-frais-et-sombre\/#respond"]}]},{"@type":"WebPage","@id":"https:\/\/vosgesinfo.fr\/laplainedesvosgesinfo\/2017\/10\/climat-septembre-frais-et-sombre\/","url":"https:\/\/vosgesinfo.fr\/laplainedesvosgesinfo\/2017\/10\/climat-septembre-frais-et-sombre\/","name":"Climat : septembre frais et sombre - La Plaine des Vosges","isPartOf":{"@id":"https:\/\/vosgesinfo.fr\/laplainedesvosgesinfo\/#website"},"primaryImageOfPage":{"@id":"https:\/\/vosgesinfo.fr\/laplainedesvosgesinfo\/2017\/10\/climat-septembre-frais-et-sombre\/#primaryimage"},"image":{"@id":"https:\/\/vosgesinfo.fr\/laplainedesvosgesinfo\/2017\/10\/climat-septembre-frais-et-sombre\/#primaryimage"},"thumbnailUrl":"https:\/\/vosgesinfo.fr\/app\/uploads\/sites\/2\/2024\/06\/201710pluie.jpg","datePublished":"2017-10-06T02:55:01+00:00","dateModified":"2017-10-06T02:55:01+00:00","breadcrumb":{"@id":"https:\/\/vosgesinfo.fr\/laplainedesvosgesinfo\/2017\/10\/climat-septembre-frais-et-sombre\/#breadcrumb"},"inLanguage":"fr-FR","potentialAction":[{"@type":"ReadAction","target":["https:\/\/vosgesinfo.fr\/laplainedesvosgesinfo\/2017\/10\/climat-septembre-frais-et-sombre\/"]}]},{"@type":"ImageObject","inLanguage":"fr-FR","@id":"https:\/\/vosgesinfo.fr\/laplainedesvosgesinfo\/2017\/10\/climat-septembre-frais-et-sombre\/#primaryimage","url":"https:\/\/vosgesinfo.fr\/app\/uploads\/sites\/2\/2024\/06\/201710pluie.jpg","contentUrl":"https:\/\/vosgesinfo.fr\/app\/uploads\/sites\/2\/2024\/06\/201710pluie.jpg","width":960,"height":609},{"@type":"BreadcrumbList","@id":"https:\/\/vosgesinfo.fr\/laplainedesvosgesinfo\/2017\/10\/climat-septembre-frais-et-sombre\/#breadcrumb","itemListElement":[{"@type":"ListItem","position":1,"name":"Home","item":"https:\/\/vosgesinfo.fr\/laplainedesvosgesinfo\/"},{"@type":"ListItem","position":2,"name":"Climat : septembre frais et sombre"}]},{"@type":"WebSite","@id":"https:\/\/vosgesinfo.fr\/laplainedesvosgesinfo\/#website","url":"https:\/\/vosgesinfo.fr\/laplainedesvosgesinfo\/","name":"La Plaine des Vosges","description":"Toute l&#039;actualit\u00e9 de la plaine de Vosges","publisher":{"@id":"https:\/\/vosgesinfo.fr\/laplainedesvosgesinfo\/#organization"},"alternateName":"Toute l'actualit\u00e9 de la plaine des Vosges","potentialAction":[{"@type":"SearchAction","target":{"@type":"EntryPoint","urlTemplate":"https:\/\/vosgesinfo.fr\/laplainedesvosgesinfo\/?s={search_term_string}"},"query-input":"required name=search_term_string"}],"inLanguage":"fr-FR"},{"@type":"Organization","@id":"https:\/\/vosgesinfo.fr\/laplainedesvosgesinfo\/#organization","name":"La Plaine des Vosges","url":"https:\/\/vosgesinfo.fr\/laplainedesvosgesinfo\/","logo":{"@type":"ImageObject","inLanguage":"fr-FR","@id":"https:\/\/vosgesinfo.fr\/laplainedesvosgesinfo\/#\/schema\/logo\/image\/","url":"https:\/\/vosgesinfo.fr\/app\/uploads\/sites\/2\/2023\/08\/logo-laplaineinfo.svg","contentUrl":"https:\/\/vosgesinfo.fr\/app\/uploads\/sites\/2\/2023\/08\/logo-laplaineinfo.svg","width":1,"height":1,"caption":"La Plaine des Vosges"},"image":{"@id":"https:\/\/vosgesinfo.fr\/laplainedesvosgesinfo\/#\/schema\/logo\/image\/"},"sameAs":["https:\/\/www.facebook.com\/laplainedesvosges","https:\/\/x.com\/VosgesInfo88","https:\/\/www.youtube.com\/@vosgesinfo"]},{"@type":"Person","@id":"https:\/\/vosgesinfo.fr\/laplainedesvosgesinfo\/#\/schema\/person\/bc5d02d71e6932e81b6dadb7386667b1","name":"qs_admin","image":{"@type":"ImageObject","inLanguage":"fr-FR","@id":"https:\/\/vosgesinfo.fr\/laplainedesvosgesinfo\/#\/schema\/person\/image\/","url":"https:\/\/secure.gravatar.com\/avatar\/94b18ee0ed79e4a42ea2f2931277b6841a8999fc6fde214600c78057cf1fe1de?s=96&d=mm&r=g","contentUrl":"https:\/\/secure.gravatar.com\/avatar\/94b18ee0ed79e4a42ea2f2931277b6841a8999fc6fde214600c78057cf1fe1de?s=96&d=mm&r=g","caption":"qs_admin"},"sameAs":["https:\/\/vosgesinfo.fr\/wp"],"url":"https:\/\/vosgesinfo.fr\/laplainedesvosgesinfo\/author\/qs_admin\/"}]}},"_links":{"self":[{"href":"https:\/\/vosgesinfo.fr\/laplainedesvosgesinfo\/wp-json\/wp\/v2\/posts\/14687","targetHints":{"allow":["GET"]}}],"collection":[{"href":"https:\/\/vosgesinfo.fr\/laplainedesvosgesinfo\/wp-json\/wp\/v2\/posts"}],"about":[{"href":"https:\/\/vosgesinfo.fr\/laplainedesvosgesinfo\/wp-json\/wp\/v2\/types\/post"}],"author":[{"embeddable":true,"href":"https:\/\/vosgesinfo.fr\/laplainedesvosgesinfo\/wp-json\/wp\/v2\/users\/1"}],"replies":[{"embeddable":true,"href":"https:\/\/vosgesinfo.fr\/laplainedesvosgesinfo\/wp-json\/wp\/v2\/comments?post=14687"}],"version-history":[{"count":0,"href":"https:\/\/vosgesinfo.fr\/laplainedesvosgesinfo\/wp-json\/wp\/v2\/posts\/14687\/revisions"}],"wp:featuredmedia":[{"embeddable":true,"href":"https:\/\/vosgesinfo.fr\/laplainedesvosgesinfo\/wp-json\/wp\/v2\/media\/14688"}],"wp:attachment":[{"href":"https:\/\/vosgesinfo.fr\/laplainedesvosgesinfo\/wp-json\/wp\/v2\/media?parent=14687"}],"wp:term":[{"taxonomy":"category","embeddable":true,"href":"https:\/\/vosgesinfo.fr\/laplainedesvosgesinfo\/wp-json\/wp\/v2\/categories?post=14687"},{"taxonomy":"post_tag","embeddable":true,"href":"https:\/\/vosgesinfo.fr\/laplainedesvosgesinfo\/wp-json\/wp\/v2\/tags?post=14687"}],"curies":[{"name":"wp","href":"https:\/\/api.w.org\/{rel}","templated":true}]}}