{"id":14696,"date":"2017-10-06T04:40:53","date_gmt":"2017-10-06T02:40:53","guid":{"rendered":"https:\/\/vosgesinfo.fr\/laplainedesvosgesinfo\/2017\/10\/la-capeb-des-vosges-interpelle-le-prefet-suite-au-recalibrage-retroactif-du-cite\/"},"modified":"2017-10-06T04:40:53","modified_gmt":"2017-10-06T02:40:53","slug":"la-capeb-des-vosges-interpelle-le-prefet-suite-au-recalibrage-retroactif-du-cite","status":"publish","type":"post","link":"https:\/\/vosgesinfo.fr\/laplainedesvosgesinfo\/2017\/10\/la-capeb-des-vosges-interpelle-le-prefet-suite-au-recalibrage-retroactif-du-cite\/","title":{"rendered":"La CAPEB des Vosges interpelle le Pr\u00e9fet suite au recalibrage r\u00e9troactif du CITE"},"content":{"rendered":"\n<p style=\"text-align: justify;\"><em>\u00ab\u00a0Ce matin, la CAPEB Vosges est intervenue aupr\u00e8s du Pr\u00e9fet des Vosges. En cause, la suppression des menuiseries ext\u00e9rieures du champ du CITE ainsi que des chaudi\u00e8res fioul. Deux dispositions d\u2019autant plus difficiles \u00e0 admettre qu\u2019elles sont r\u00e9troactives ! La CAPEB demande donc que ces recalibrages soient reconsid\u00e9r\u00e9s le plus rapidement possible avec une mise en \u0153uvre beaucoup plus progressive. L\u2019adossement du RSI au r\u00e9gime g\u00e9n\u00e9ral et le doublement du seuil de la micro-entreprise ont \u00e9galement \u00e9t\u00e9 abord\u00e9.<\/em><\/p>\n<p style=\"text-align: justify;\"><em><b>C\u2019est bien la CAPEB qui s\u2019est mobilis\u00e9e d\u00e8s la premi\u00e8re heure !<\/b> Le travail de fond de l\u2019ensemble de notre r\u00e9seau devrait porter ses fruits ! Nous restons mobilis\u00e9s ! Rendez-vous avec le d\u00e9put\u00e9 Christophe Naegelen d\u00e8s lundi, le combat continue !\u00a0\u00bb<\/em><\/p>\n","protected":false},"excerpt":{"rendered":"<p>\u00ab\u00a0Ce matin, la CAPEB Vosges est intervenue aupr\u00e8s du Pr\u00e9fet des Vosges. En cause, la suppression des menuiseries ext\u00e9rieures du [&hellip;]<\/p>\n","protected":false},"author":1,"featured_media":14697,"comment_status":"open","ping_status":"open","sticky":false,"template":"","format":"standard","meta":{"footnotes":""},"categories":[5,10,18],"tags":[1038,897],"class_list":["post-14696","post","type-post","status-publish","format-standard","has-post-thumbnail","hentry","category-economie","category-politique","category-vosges","tag-capeb","tag-prefet-des-vosges"],"acf":[],"yoast_head":"<!-- This site is optimized with the Yoast SEO plugin v22.5 - https:\/\/yoast.com\/wordpress\/plugins\/seo\/ -->\n<title>La CAPEB des Vosges interpelle le Pr\u00e9fet suite au recalibrage r\u00e9troactif du CITE - La Plaine des Vosges<\/title>\n<meta name=\"robots\" content=\"index, follow, max-snippet:-1, max-image-preview:large, max-video-preview:-1\" \/>\n<link rel=\"canonical\" href=\"https:\/\/vosgesinfo.fr\/laplainedesvosgesinfo\/2017\/10\/la-capeb-des-vosges-interpelle-le-prefet-suite-au-recalibrage-retroactif-du-cite\/\" \/>\n<meta name=\"twitter:card\" content=\"summary_large_image\" \/>\n<meta name=\"twitter:title\" content=\"La CAPEB des Vosges interpelle le Pr\u00e9fet suite au recalibrage r\u00e9troactif du CITE - La Plaine des Vosges\" \/>\n<meta name=\"twitter:description\" content=\"\u00ab\u00a0Ce matin, la CAPEB Vosges est intervenue aupr\u00e8s du Pr\u00e9fet des Vosges. En cause, la suppression des menuiseries ext\u00e9rieures du [&hellip;]\" \/>\n<meta name=\"twitter:image\" content=\"https:\/\/vosgesinfo.fr\/app\/uploads\/sites\/2\/2024\/06\/201710rencontreprefet-06-10-2017-a.jpg\" \/>\n<meta name=\"twitter:creator\" content=\"@VosgesInfo88\" \/>\n<meta name=\"twitter:site\" content=\"@VosgesInfo88\" \/>\n<meta name=\"twitter:label1\" content=\"\u00c9crit par\" \/>\n\t<meta name=\"twitter:data1\" content=\"qs_admin\" \/>\n\t<meta name=\"twitter:label2\" content=\"Dur\u00e9e de lecture estim\u00e9e\" \/>\n\t<meta name=\"twitter:data2\" content=\"1 minute\" \/>\n<script type=\"application\/ld+json\" class=\"yoast-schema-graph\">{\"@context\":\"https:\/\/schema.org\",\"@graph\":[{\"@type\":\"Article\",\"@id\":\"https:\/\/vosgesinfo.fr\/laplainedesvosgesinfo\/2017\/10\/la-capeb-des-vosges-interpelle-le-prefet-suite-au-recalibrage-retroactif-du-cite\/#article\",\"isPartOf\":{\"@id\":\"https:\/\/vosgesinfo.fr\/laplainedesvosgesinfo\/2017\/10\/la-capeb-des-vosges-interpelle-le-prefet-suite-au-recalibrage-retroactif-du-cite\/\"},\"author\":{\"name\":\"qs_admin\",\"@id\":\"https:\/\/vosgesinfo.fr\/laplainedesvosgesinfo\/#\/schema\/person\/bc5d02d71e6932e81b6dadb7386667b1\"},\"headline\":\"La CAPEB des Vosges interpelle le Pr\u00e9fet suite au recalibrage r\u00e9troactif du CITE\",\"datePublished\":\"2017-10-06T02:40:53+00:00\",\"dateModified\":\"2017-10-06T02:40:53+00:00\",\"mainEntityOfPage\":{\"@id\":\"https:\/\/vosgesinfo.fr\/laplainedesvosgesinfo\/2017\/10\/la-capeb-des-vosges-interpelle-le-prefet-suite-au-recalibrage-retroactif-du-cite\/\"},\"wordCount\":160,\"commentCount\":0,\"publisher\":{\"@id\":\"https:\/\/vosgesinfo.fr\/laplainedesvosgesinfo\/#organization\"},\"image\":{\"@id\":\"https:\/\/vosgesinfo.fr\/laplainedesvosgesinfo\/2017\/10\/la-capeb-des-vosges-interpelle-le-prefet-suite-au-recalibrage-retroactif-du-cite\/#primaryimage\"},\"thumbnailUrl\":\"https:\/\/vosgesinfo.fr\/app\/uploads\/sites\/2\/2024\/06\/201710rencontreprefet-06-10-2017-a.jpg\",\"keywords\":[\"CAPEB\",\"Pr\u00e9fet des Vosges\"],\"articleSection\":[\"\u00c9conomie\",\"Politique\",\"Vosges\"],\"inLanguage\":\"fr-FR\",\"potentialAction\":[{\"@type\":\"CommentAction\",\"name\":\"Comment\",\"target\":[\"https:\/\/vosgesinfo.fr\/laplainedesvosgesinfo\/2017\/10\/la-capeb-des-vosges-interpelle-le-prefet-suite-au-recalibrage-retroactif-du-cite\/#respond\"]}]},{\"@type\":\"WebPage\",\"@id\":\"https:\/\/vosgesinfo.fr\/laplainedesvosgesinfo\/2017\/10\/la-capeb-des-vosges-interpelle-le-prefet-suite-au-recalibrage-retroactif-du-cite\/\",\"url\":\"https:\/\/vosgesinfo.fr\/laplainedesvosgesinfo\/2017\/10\/la-capeb-des-vosges-interpelle-le-prefet-suite-au-recalibrage-retroactif-du-cite\/\",\"name\":\"La CAPEB des Vosges interpelle le Pr\u00e9fet suite au recalibrage r\u00e9troactif du CITE - La Plaine des Vosges\",\"isPartOf\":{\"@id\":\"https:\/\/vosgesinfo.fr\/laplainedesvosgesinfo\/#website\"},\"primaryImageOfPage\":{\"@id\":\"https:\/\/vosgesinfo.fr\/laplainedesvosgesinfo\/2017\/10\/la-capeb-des-vosges-interpelle-le-prefet-suite-au-recalibrage-retroactif-du-cite\/#primaryimage\"},\"image\":{\"@id\":\"https:\/\/vosgesinfo.fr\/laplainedesvosgesinfo\/2017\/10\/la-capeb-des-vosges-interpelle-le-prefet-suite-au-recalibrage-retroactif-du-cite\/#primaryimage\"},\"thumbnailUrl\":\"https:\/\/vosgesinfo.fr\/app\/uploads\/sites\/2\/2024\/06\/201710rencontreprefet-06-10-2017-a.jpg\",\"datePublished\":\"2017-10-06T02:40:53+00:00\",\"dateModified\":\"2017-10-06T02:40:53+00:00\",\"breadcrumb\":{\"@id\":\"https:\/\/vosgesinfo.fr\/laplainedesvosgesinfo\/2017\/10\/la-capeb-des-vosges-interpelle-le-prefet-suite-au-recalibrage-retroactif-du-cite\/#breadcrumb\"},\"inLanguage\":\"fr-FR\",\"potentialAction\":[{\"@type\":\"ReadAction\",\"target\":[\"https:\/\/vosgesinfo.fr\/laplainedesvosgesinfo\/2017\/10\/la-capeb-des-vosges-interpelle-le-prefet-suite-au-recalibrage-retroactif-du-cite\/\"]}]},{\"@type\":\"ImageObject\",\"inLanguage\":\"fr-FR\",\"@id\":\"https:\/\/vosgesinfo.fr\/laplainedesvosgesinfo\/2017\/10\/la-capeb-des-vosges-interpelle-le-prefet-suite-au-recalibrage-retroactif-du-cite\/#primaryimage\",\"url\":\"https:\/\/vosgesinfo.fr\/app\/uploads\/sites\/2\/2024\/06\/201710rencontreprefet-06-10-2017-a.jpg\",\"contentUrl\":\"https:\/\/vosgesinfo.fr\/app\/uploads\/sites\/2\/2024\/06\/201710rencontreprefet-06-10-2017-a.jpg\",\"width\":800,\"height\":600},{\"@type\":\"BreadcrumbList\",\"@id\":\"https:\/\/vosgesinfo.fr\/laplainedesvosgesinfo\/2017\/10\/la-capeb-des-vosges-interpelle-le-prefet-suite-au-recalibrage-retroactif-du-cite\/#breadcrumb\",\"itemListElement\":[{\"@type\":\"ListItem\",\"position\":1,\"name\":\"Home\",\"item\":\"https:\/\/vosgesinfo.fr\/laplainedesvosgesinfo\/\"},{\"@type\":\"ListItem\",\"position\":2,\"name\":\"La CAPEB des Vosges interpelle le Pr\u00e9fet suite au recalibrage r\u00e9troactif du CITE\"}]},{\"@type\":\"WebSite\",\"@id\":\"https:\/\/vosgesinfo.fr\/laplainedesvosgesinfo\/#website\",\"url\":\"https:\/\/vosgesinfo.fr\/laplainedesvosgesinfo\/\",\"name\":\"La Plaine des Vosges\",\"description\":\"Toute l&#039;actualit\u00e9 de la plaine de Vosges\",\"publisher\":{\"@id\":\"https:\/\/vosgesinfo.fr\/laplainedesvosgesinfo\/#organization\"},\"alternateName\":\"Toute l'actualit\u00e9 de la plaine des Vosges\",\"potentialAction\":[{\"@type\":\"SearchAction\",\"target\":{\"@type\":\"EntryPoint\",\"urlTemplate\":\"https:\/\/vosgesinfo.fr\/laplainedesvosgesinfo\/?s={search_term_string}\"},\"query-input\":\"required name=search_term_string\"}],\"inLanguage\":\"fr-FR\"},{\"@type\":\"Organization\",\"@id\":\"https:\/\/vosgesinfo.fr\/laplainedesvosgesinfo\/#organization\",\"name\":\"La Plaine des Vosges\",\"url\":\"https:\/\/vosgesinfo.fr\/laplainedesvosgesinfo\/\",\"logo\":{\"@type\":\"ImageObject\",\"inLanguage\":\"fr-FR\",\"@id\":\"https:\/\/vosgesinfo.fr\/laplainedesvosgesinfo\/#\/schema\/logo\/image\/\",\"url\":\"https:\/\/vosgesinfo.fr\/app\/uploads\/sites\/2\/2023\/08\/logo-laplaineinfo.svg\",\"contentUrl\":\"https:\/\/vosgesinfo.fr\/app\/uploads\/sites\/2\/2023\/08\/logo-laplaineinfo.svg\",\"width\":1,\"height\":1,\"caption\":\"La Plaine des Vosges\"},\"image\":{\"@id\":\"https:\/\/vosgesinfo.fr\/laplainedesvosgesinfo\/#\/schema\/logo\/image\/\"},\"sameAs\":[\"https:\/\/www.facebook.com\/laplainedesvosges\",\"https:\/\/x.com\/VosgesInfo88\",\"https:\/\/www.youtube.com\/@vosgesinfo\"]},{\"@type\":\"Person\",\"@id\":\"https:\/\/vosgesinfo.fr\/laplainedesvosgesinfo\/#\/schema\/person\/bc5d02d71e6932e81b6dadb7386667b1\",\"name\":\"qs_admin\",\"image\":{\"@type\":\"ImageObject\",\"inLanguage\":\"fr-FR\",\"@id\":\"https:\/\/vosgesinfo.fr\/laplainedesvosgesinfo\/#\/schema\/person\/image\/\",\"url\":\"https:\/\/secure.gravatar.com\/avatar\/94b18ee0ed79e4a42ea2f2931277b6841a8999fc6fde214600c78057cf1fe1de?s=96&d=mm&r=g\",\"contentUrl\":\"https:\/\/secure.gravatar.com\/avatar\/94b18ee0ed79e4a42ea2f2931277b6841a8999fc6fde214600c78057cf1fe1de?s=96&d=mm&r=g\",\"caption\":\"qs_admin\"},\"sameAs\":[\"https:\/\/vosgesinfo.fr\/wp\"],\"url\":\"https:\/\/vosgesinfo.fr\/laplainedesvosgesinfo\/author\/qs_admin\/\"}]}<\/script>\n<!-- \/ Yoast SEO plugin. -->","yoast_head_json":{"title":"La CAPEB des Vosges interpelle le Pr\u00e9fet suite au recalibrage r\u00e9troactif du CITE - La Plaine des Vosges","robots":{"index":"index","follow":"follow","max-snippet":"max-snippet:-1","max-image-preview":"max-image-preview:large","max-video-preview":"max-video-preview:-1"},"canonical":"https:\/\/vosgesinfo.fr\/laplainedesvosgesinfo\/2017\/10\/la-capeb-des-vosges-interpelle-le-prefet-suite-au-recalibrage-retroactif-du-cite\/","twitter_card":"summary_large_image","twitter_title":"La CAPEB des Vosges interpelle le Pr\u00e9fet suite au recalibrage r\u00e9troactif du CITE - La Plaine des Vosges","twitter_description":"\u00ab\u00a0Ce matin, la CAPEB Vosges est intervenue aupr\u00e8s du Pr\u00e9fet des Vosges. En cause, la suppression des menuiseries ext\u00e9rieures du [&hellip;]","twitter_image":"https:\/\/vosgesinfo.fr\/app\/uploads\/sites\/2\/2024\/06\/201710rencontreprefet-06-10-2017-a.jpg","twitter_creator":"@VosgesInfo88","twitter_site":"@VosgesInfo88","twitter_misc":{"\u00c9crit par":"qs_admin","Dur\u00e9e de lecture estim\u00e9e":"1 minute"},"schema":{"@context":"https:\/\/schema.org","@graph":[{"@type":"Article","@id":"https:\/\/vosgesinfo.fr\/laplainedesvosgesinfo\/2017\/10\/la-capeb-des-vosges-interpelle-le-prefet-suite-au-recalibrage-retroactif-du-cite\/#article","isPartOf":{"@id":"https:\/\/vosgesinfo.fr\/laplainedesvosgesinfo\/2017\/10\/la-capeb-des-vosges-interpelle-le-prefet-suite-au-recalibrage-retroactif-du-cite\/"},"author":{"name":"qs_admin","@id":"https:\/\/vosgesinfo.fr\/laplainedesvosgesinfo\/#\/schema\/person\/bc5d02d71e6932e81b6dadb7386667b1"},"headline":"La CAPEB des Vosges interpelle le Pr\u00e9fet suite au recalibrage r\u00e9troactif du CITE","datePublished":"2017-10-06T02:40:53+00:00","dateModified":"2017-10-06T02:40:53+00:00","mainEntityOfPage":{"@id":"https:\/\/vosgesinfo.fr\/laplainedesvosgesinfo\/2017\/10\/la-capeb-des-vosges-interpelle-le-prefet-suite-au-recalibrage-retroactif-du-cite\/"},"wordCount":160,"commentCount":0,"publisher":{"@id":"https:\/\/vosgesinfo.fr\/laplainedesvosgesinfo\/#organization"},"image":{"@id":"https:\/\/vosgesinfo.fr\/laplainedesvosgesinfo\/2017\/10\/la-capeb-des-vosges-interpelle-le-prefet-suite-au-recalibrage-retroactif-du-cite\/#primaryimage"},"thumbnailUrl":"https:\/\/vosgesinfo.fr\/app\/uploads\/sites\/2\/2024\/06\/201710rencontreprefet-06-10-2017-a.jpg","keywords":["CAPEB","Pr\u00e9fet des Vosges"],"articleSection":["\u00c9conomie","Politique","Vosges"],"inLanguage":"fr-FR","potentialAction":[{"@type":"CommentAction","name":"Comment","target":["https:\/\/vosgesinfo.fr\/laplainedesvosgesinfo\/2017\/10\/la-capeb-des-vosges-interpelle-le-prefet-suite-au-recalibrage-retroactif-du-cite\/#respond"]}]},{"@type":"WebPage","@id":"https:\/\/vosgesinfo.fr\/laplainedesvosgesinfo\/2017\/10\/la-capeb-des-vosges-interpelle-le-prefet-suite-au-recalibrage-retroactif-du-cite\/","url":"https:\/\/vosgesinfo.fr\/laplainedesvosgesinfo\/2017\/10\/la-capeb-des-vosges-interpelle-le-prefet-suite-au-recalibrage-retroactif-du-cite\/","name":"La CAPEB des Vosges interpelle le Pr\u00e9fet suite au recalibrage r\u00e9troactif du CITE - La Plaine des Vosges","isPartOf":{"@id":"https:\/\/vosgesinfo.fr\/laplainedesvosgesinfo\/#website"},"primaryImageOfPage":{"@id":"https:\/\/vosgesinfo.fr\/laplainedesvosgesinfo\/2017\/10\/la-capeb-des-vosges-interpelle-le-prefet-suite-au-recalibrage-retroactif-du-cite\/#primaryimage"},"image":{"@id":"https:\/\/vosgesinfo.fr\/laplainedesvosgesinfo\/2017\/10\/la-capeb-des-vosges-interpelle-le-prefet-suite-au-recalibrage-retroactif-du-cite\/#primaryimage"},"thumbnailUrl":"https:\/\/vosgesinfo.fr\/app\/uploads\/sites\/2\/2024\/06\/201710rencontreprefet-06-10-2017-a.jpg","datePublished":"2017-10-06T02:40:53+00:00","dateModified":"2017-10-06T02:40:53+00:00","breadcrumb":{"@id":"https:\/\/vosgesinfo.fr\/laplainedesvosgesinfo\/2017\/10\/la-capeb-des-vosges-interpelle-le-prefet-suite-au-recalibrage-retroactif-du-cite\/#breadcrumb"},"inLanguage":"fr-FR","potentialAction":[{"@type":"ReadAction","target":["https:\/\/vosgesinfo.fr\/laplainedesvosgesinfo\/2017\/10\/la-capeb-des-vosges-interpelle-le-prefet-suite-au-recalibrage-retroactif-du-cite\/"]}]},{"@type":"ImageObject","inLanguage":"fr-FR","@id":"https:\/\/vosgesinfo.fr\/laplainedesvosgesinfo\/2017\/10\/la-capeb-des-vosges-interpelle-le-prefet-suite-au-recalibrage-retroactif-du-cite\/#primaryimage","url":"https:\/\/vosgesinfo.fr\/app\/uploads\/sites\/2\/2024\/06\/201710rencontreprefet-06-10-2017-a.jpg","contentUrl":"https:\/\/vosgesinfo.fr\/app\/uploads\/sites\/2\/2024\/06\/201710rencontreprefet-06-10-2017-a.jpg","width":800,"height":600},{"@type":"BreadcrumbList","@id":"https:\/\/vosgesinfo.fr\/laplainedesvosgesinfo\/2017\/10\/la-capeb-des-vosges-interpelle-le-prefet-suite-au-recalibrage-retroactif-du-cite\/#breadcrumb","itemListElement":[{"@type":"ListItem","position":1,"name":"Home","item":"https:\/\/vosgesinfo.fr\/laplainedesvosgesinfo\/"},{"@type":"ListItem","position":2,"name":"La CAPEB des Vosges interpelle le Pr\u00e9fet suite au recalibrage r\u00e9troactif du CITE"}]},{"@type":"WebSite","@id":"https:\/\/vosgesinfo.fr\/laplainedesvosgesinfo\/#website","url":"https:\/\/vosgesinfo.fr\/laplainedesvosgesinfo\/","name":"La Plaine des Vosges","description":"Toute l&#039;actualit\u00e9 de la plaine de Vosges","publisher":{"@id":"https:\/\/vosgesinfo.fr\/laplainedesvosgesinfo\/#organization"},"alternateName":"Toute l'actualit\u00e9 de la plaine des Vosges","potentialAction":[{"@type":"SearchAction","target":{"@type":"EntryPoint","urlTemplate":"https:\/\/vosgesinfo.fr\/laplainedesvosgesinfo\/?s={search_term_string}"},"query-input":"required name=search_term_string"}],"inLanguage":"fr-FR"},{"@type":"Organization","@id":"https:\/\/vosgesinfo.fr\/laplainedesvosgesinfo\/#organization","name":"La Plaine des Vosges","url":"https:\/\/vosgesinfo.fr\/laplainedesvosgesinfo\/","logo":{"@type":"ImageObject","inLanguage":"fr-FR","@id":"https:\/\/vosgesinfo.fr\/laplainedesvosgesinfo\/#\/schema\/logo\/image\/","url":"https:\/\/vosgesinfo.fr\/app\/uploads\/sites\/2\/2023\/08\/logo-laplaineinfo.svg","contentUrl":"https:\/\/vosgesinfo.fr\/app\/uploads\/sites\/2\/2023\/08\/logo-laplaineinfo.svg","width":1,"height":1,"caption":"La Plaine des Vosges"},"image":{"@id":"https:\/\/vosgesinfo.fr\/laplainedesvosgesinfo\/#\/schema\/logo\/image\/"},"sameAs":["https:\/\/www.facebook.com\/laplainedesvosges","https:\/\/x.com\/VosgesInfo88","https:\/\/www.youtube.com\/@vosgesinfo"]},{"@type":"Person","@id":"https:\/\/vosgesinfo.fr\/laplainedesvosgesinfo\/#\/schema\/person\/bc5d02d71e6932e81b6dadb7386667b1","name":"qs_admin","image":{"@type":"ImageObject","inLanguage":"fr-FR","@id":"https:\/\/vosgesinfo.fr\/laplainedesvosgesinfo\/#\/schema\/person\/image\/","url":"https:\/\/secure.gravatar.com\/avatar\/94b18ee0ed79e4a42ea2f2931277b6841a8999fc6fde214600c78057cf1fe1de?s=96&d=mm&r=g","contentUrl":"https:\/\/secure.gravatar.com\/avatar\/94b18ee0ed79e4a42ea2f2931277b6841a8999fc6fde214600c78057cf1fe1de?s=96&d=mm&r=g","caption":"qs_admin"},"sameAs":["https:\/\/vosgesinfo.fr\/wp"],"url":"https:\/\/vosgesinfo.fr\/laplainedesvosgesinfo\/author\/qs_admin\/"}]}},"_links":{"self":[{"href":"https:\/\/vosgesinfo.fr\/laplainedesvosgesinfo\/wp-json\/wp\/v2\/posts\/14696","targetHints":{"allow":["GET"]}}],"collection":[{"href":"https:\/\/vosgesinfo.fr\/laplainedesvosgesinfo\/wp-json\/wp\/v2\/posts"}],"about":[{"href":"https:\/\/vosgesinfo.fr\/laplainedesvosgesinfo\/wp-json\/wp\/v2\/types\/post"}],"author":[{"embeddable":true,"href":"https:\/\/vosgesinfo.fr\/laplainedesvosgesinfo\/wp-json\/wp\/v2\/users\/1"}],"replies":[{"embeddable":true,"href":"https:\/\/vosgesinfo.fr\/laplainedesvosgesinfo\/wp-json\/wp\/v2\/comments?post=14696"}],"version-history":[{"count":0,"href":"https:\/\/vosgesinfo.fr\/laplainedesvosgesinfo\/wp-json\/wp\/v2\/posts\/14696\/revisions"}],"wp:featuredmedia":[{"embeddable":true,"href":"https:\/\/vosgesinfo.fr\/laplainedesvosgesinfo\/wp-json\/wp\/v2\/media\/14697"}],"wp:attachment":[{"href":"https:\/\/vosgesinfo.fr\/laplainedesvosgesinfo\/wp-json\/wp\/v2\/media?parent=14696"}],"wp:term":[{"taxonomy":"category","embeddable":true,"href":"https:\/\/vosgesinfo.fr\/laplainedesvosgesinfo\/wp-json\/wp\/v2\/categories?post=14696"},{"taxonomy":"post_tag","embeddable":true,"href":"https:\/\/vosgesinfo.fr\/laplainedesvosgesinfo\/wp-json\/wp\/v2\/tags?post=14696"}],"curies":[{"name":"wp","href":"https:\/\/api.w.org\/{rel}","templated":true}]}}