{"id":14847,"date":"2017-10-15T06:07:11","date_gmt":"2017-10-15T04:07:11","guid":{"rendered":"https:\/\/vosgesinfo.fr\/laplainedesvosgesinfo\/2017\/10\/vosges-rassemblement-de-nombreux-opposants-au-compteur-communiquant-linky\/"},"modified":"2017-10-15T06:07:11","modified_gmt":"2017-10-15T04:07:11","slug":"vosges-rassemblement-de-nombreux-opposants-au-compteur-communiquant-linky","status":"publish","type":"post","link":"https:\/\/vosgesinfo.fr\/laplainedesvosgesinfo\/2017\/10\/vosges-rassemblement-de-nombreux-opposants-au-compteur-communiquant-linky\/","title":{"rendered":"Vosges &#8211; Rassemblement de nombreux opposants au compteur communiquant Linky"},"content":{"rendered":"<p style=\"text-align: justify;\"><a href=\"\/2017\/10\/Rassemblement_Stop_Linky_88-5.jpg\"><img decoding=\"async\" class=\"aligncenter size-full wp-image-91923\" src=\"\/2017\/10\/Rassemblement_Stop_Linky_88-5.jpg\" alt=\"Rassemblement_Stop_Linky_88-5\" width=\"1000\" height=\"667\" \/><\/a><\/p>\n<p style=\"text-align: justify;\"><strong>Plus d\u2019une centaine de personnes se sont rassembl\u00e9es en face de l\u2019H\u00f4tel de Ville d\u00e9odatien ce samedi apr\u00e8s-midi, suite \u00e0 l\u2019appel lanc\u00e9 par l\u2019association Stop Linky 88. Le but de ce rassemblement automnal ? Protester contre le compteur communiquant Linky d\u2019Enedis, dont l\u2019installation a r\u00e9cemment d\u00e9but\u00e9 dans les Vosges.<\/strong><\/p>\n<p style=\"text-align: justify;\"><em>\u00ab Il y a 5 bonnes raisons de s\u2019opposer \u00e0 l\u2019installation du compteur Linky. Premi\u00e8rement, ce compteur communiquant nous est impos\u00e9 par le Gouvernement et Enedis, anciennement EDF, et ce sans aucune information. Les seules informations communiqu\u00e9es par Enedis sont en grande partie fausses. Deuxi\u00e8mement, Linky pose un certains nombres de risques pour la sant\u00e9, car son installation s\u2019accompagne d\u2019une productions d\u2019ondes \u00e9lectro-magn\u00e9tiques, via le Courant Porteur en Ligne \u2013 CPL \u2013 qui rentrent dans votre foyer 24h\/24. Troisi\u00e8mement, Linky repr\u00e9sente un \u00e9norme business en plus d\u2019espionner les gens. Car il permet \u00e0 Enedis de r\u00e9cup\u00e9rer, puis de vendre, les donn\u00e9es de millions de personnes. Quatri\u00e8mement, leur installation implique le remplacement de 35 millions de compteurs \u00e9lectriques parfaitement fonctionnels, sachant qu\u2019un compteur Linky a une dur\u00e9e de vie comprise entre 5 \u00e0 7 ans seulement. C\u2019est donc une v\u00e9ritable catastrophe \u00e9cologique. Cinqui\u00e8mement enfin, Linky est synonyme d\u2019une augmentation de la facture d\u2019\u00e9lectricit\u00e9 \u00e0 consommation \u00e9gale, car ces compteurs sont bien plus sensibles et disjonctent plus fr\u00e9quemment que les anciens compteurs. Une seule de ces 5 raisons suffit pour s\u2019opposer \u00e0 l\u2019installation \u00e0 marche forc\u00e9e de ce compteur communiquant \u00bb<\/em> assure Dominique Hulbert, porte-parole de Stop Linky 88, avant d\u2019ajouter que <em>\u00ab nous tous nous pouvons refuser l\u2019installation de ce compteur, c\u2019est parfaitement l\u00e9gal malgr\u00e9 ce que peut affirmer Enedis. Ce que nous demandons \u00e0 l\u2019heure actuelle, c\u2019est un vrai d\u00e9bat contradictoire et honn\u00eate sur ce sujet \u00bb<\/em>. Plus de renseignements sur l\u2019action de l\u2019association sur <strong><a href=\"http:\/\/www.stoplinky88.fr\/\" target=\"_blank\" rel=\"noopener\">www.stoplinky88.fr<\/a><\/strong><\/p>\n<p style=\"text-align: justify;\">J.J.<\/p>\n\n","protected":false},"excerpt":{"rendered":"<p>Plus d\u2019une centaine de personnes se sont rassembl\u00e9es en face de l\u2019H\u00f4tel de Ville d\u00e9odatien ce samedi apr\u00e8s-midi, suite \u00e0 [&hellip;]<\/p>\n","protected":false},"author":1,"featured_media":14848,"comment_status":"open","ping_status":"open","sticky":false,"template":"","format":"standard","meta":{"footnotes":""},"categories":[29,18],"tags":[5336,1271,5337,803,5338],"class_list":["post-14847","post","type-post","status-publish","format-standard","has-post-thumbnail","hentry","category-a-la-une","category-vosges","tag-compteur-communiquant-linky","tag-enedis","tag-place-jules-ferry","tag-saint-die-des-vosges","tag-stop-linky-88"],"acf":[],"yoast_head":"<!-- This site is optimized with the Yoast SEO plugin v22.5 - https:\/\/yoast.com\/wordpress\/plugins\/seo\/ -->\n<title>Vosges - Rassemblement de nombreux opposants au compteur communiquant Linky - La Plaine des Vosges<\/title>\n<meta name=\"robots\" content=\"index, follow, max-snippet:-1, max-image-preview:large, max-video-preview:-1\" \/>\n<link rel=\"canonical\" href=\"https:\/\/vosgesinfo.fr\/laplainedesvosgesinfo\/2017\/10\/vosges-rassemblement-de-nombreux-opposants-au-compteur-communiquant-linky\/\" \/>\n<meta name=\"twitter:card\" content=\"summary_large_image\" \/>\n<meta name=\"twitter:title\" content=\"Vosges - Rassemblement de nombreux opposants au compteur communiquant Linky - La Plaine des Vosges\" \/>\n<meta name=\"twitter:description\" content=\"Plus d\u2019une centaine de personnes se sont rassembl\u00e9es en face de l\u2019H\u00f4tel de Ville d\u00e9odatien ce samedi apr\u00e8s-midi, suite \u00e0 [&hellip;]\" \/>\n<meta name=\"twitter:image\" content=\"https:\/\/vosgesinfo.fr\/app\/uploads\/sites\/2\/2024\/06\/201710rassemblement-stop-linky-88-5.jpg\" \/>\n<meta name=\"twitter:creator\" content=\"@VosgesInfo88\" \/>\n<meta name=\"twitter:site\" content=\"@VosgesInfo88\" \/>\n<meta name=\"twitter:label1\" content=\"\u00c9crit par\" \/>\n\t<meta name=\"twitter:data1\" content=\"qs_admin\" \/>\n\t<meta name=\"twitter:label2\" content=\"Dur\u00e9e de lecture estim\u00e9e\" \/>\n\t<meta name=\"twitter:data2\" content=\"2 minutes\" \/>\n<script type=\"application\/ld+json\" class=\"yoast-schema-graph\">{\"@context\":\"https:\/\/schema.org\",\"@graph\":[{\"@type\":\"Article\",\"@id\":\"https:\/\/vosgesinfo.fr\/laplainedesvosgesinfo\/2017\/10\/vosges-rassemblement-de-nombreux-opposants-au-compteur-communiquant-linky\/#article\",\"isPartOf\":{\"@id\":\"https:\/\/vosgesinfo.fr\/laplainedesvosgesinfo\/2017\/10\/vosges-rassemblement-de-nombreux-opposants-au-compteur-communiquant-linky\/\"},\"author\":{\"name\":\"qs_admin\",\"@id\":\"https:\/\/vosgesinfo.fr\/laplainedesvosgesinfo\/#\/schema\/person\/bc5d02d71e6932e81b6dadb7386667b1\"},\"headline\":\"Vosges &#8211; Rassemblement de nombreux opposants au compteur communiquant Linky\",\"datePublished\":\"2017-10-15T04:07:11+00:00\",\"dateModified\":\"2017-10-15T04:07:11+00:00\",\"mainEntityOfPage\":{\"@id\":\"https:\/\/vosgesinfo.fr\/laplainedesvosgesinfo\/2017\/10\/vosges-rassemblement-de-nombreux-opposants-au-compteur-communiquant-linky\/\"},\"wordCount\":344,\"commentCount\":0,\"publisher\":{\"@id\":\"https:\/\/vosgesinfo.fr\/laplainedesvosgesinfo\/#organization\"},\"image\":{\"@id\":\"https:\/\/vosgesinfo.fr\/laplainedesvosgesinfo\/2017\/10\/vosges-rassemblement-de-nombreux-opposants-au-compteur-communiquant-linky\/#primaryimage\"},\"thumbnailUrl\":\"https:\/\/vosgesinfo.fr\/app\/uploads\/sites\/2\/2024\/06\/201710rassemblement-stop-linky-88-5.jpg\",\"keywords\":[\"Compteur communiquant Linky\",\"Enedis\",\"Place Jules-Ferry\",\"Saint-Di\u00e9-des-Vosges\",\"Stop Linky 88\"],\"articleSection\":[\"A la Une\",\"Vosges\"],\"inLanguage\":\"fr-FR\",\"potentialAction\":[{\"@type\":\"CommentAction\",\"name\":\"Comment\",\"target\":[\"https:\/\/vosgesinfo.fr\/laplainedesvosgesinfo\/2017\/10\/vosges-rassemblement-de-nombreux-opposants-au-compteur-communiquant-linky\/#respond\"]}]},{\"@type\":\"WebPage\",\"@id\":\"https:\/\/vosgesinfo.fr\/laplainedesvosgesinfo\/2017\/10\/vosges-rassemblement-de-nombreux-opposants-au-compteur-communiquant-linky\/\",\"url\":\"https:\/\/vosgesinfo.fr\/laplainedesvosgesinfo\/2017\/10\/vosges-rassemblement-de-nombreux-opposants-au-compteur-communiquant-linky\/\",\"name\":\"Vosges - Rassemblement de nombreux opposants au compteur communiquant Linky - La Plaine des Vosges\",\"isPartOf\":{\"@id\":\"https:\/\/vosgesinfo.fr\/laplainedesvosgesinfo\/#website\"},\"primaryImageOfPage\":{\"@id\":\"https:\/\/vosgesinfo.fr\/laplainedesvosgesinfo\/2017\/10\/vosges-rassemblement-de-nombreux-opposants-au-compteur-communiquant-linky\/#primaryimage\"},\"image\":{\"@id\":\"https:\/\/vosgesinfo.fr\/laplainedesvosgesinfo\/2017\/10\/vosges-rassemblement-de-nombreux-opposants-au-compteur-communiquant-linky\/#primaryimage\"},\"thumbnailUrl\":\"https:\/\/vosgesinfo.fr\/app\/uploads\/sites\/2\/2024\/06\/201710rassemblement-stop-linky-88-5.jpg\",\"datePublished\":\"2017-10-15T04:07:11+00:00\",\"dateModified\":\"2017-10-15T04:07:11+00:00\",\"breadcrumb\":{\"@id\":\"https:\/\/vosgesinfo.fr\/laplainedesvosgesinfo\/2017\/10\/vosges-rassemblement-de-nombreux-opposants-au-compteur-communiquant-linky\/#breadcrumb\"},\"inLanguage\":\"fr-FR\",\"potentialAction\":[{\"@type\":\"ReadAction\",\"target\":[\"https:\/\/vosgesinfo.fr\/laplainedesvosgesinfo\/2017\/10\/vosges-rassemblement-de-nombreux-opposants-au-compteur-communiquant-linky\/\"]}]},{\"@type\":\"ImageObject\",\"inLanguage\":\"fr-FR\",\"@id\":\"https:\/\/vosgesinfo.fr\/laplainedesvosgesinfo\/2017\/10\/vosges-rassemblement-de-nombreux-opposants-au-compteur-communiquant-linky\/#primaryimage\",\"url\":\"https:\/\/vosgesinfo.fr\/app\/uploads\/sites\/2\/2024\/06\/201710rassemblement-stop-linky-88-5.jpg\",\"contentUrl\":\"https:\/\/vosgesinfo.fr\/app\/uploads\/sites\/2\/2024\/06\/201710rassemblement-stop-linky-88-5.jpg\",\"width\":1000,\"height\":667},{\"@type\":\"BreadcrumbList\",\"@id\":\"https:\/\/vosgesinfo.fr\/laplainedesvosgesinfo\/2017\/10\/vosges-rassemblement-de-nombreux-opposants-au-compteur-communiquant-linky\/#breadcrumb\",\"itemListElement\":[{\"@type\":\"ListItem\",\"position\":1,\"name\":\"Home\",\"item\":\"https:\/\/vosgesinfo.fr\/laplainedesvosgesinfo\/\"},{\"@type\":\"ListItem\",\"position\":2,\"name\":\"Vosges &#8211; Rassemblement de nombreux opposants au compteur communiquant Linky\"}]},{\"@type\":\"WebSite\",\"@id\":\"https:\/\/vosgesinfo.fr\/laplainedesvosgesinfo\/#website\",\"url\":\"https:\/\/vosgesinfo.fr\/laplainedesvosgesinfo\/\",\"name\":\"La Plaine des Vosges\",\"description\":\"Toute l&#039;actualit\u00e9 de la plaine de Vosges\",\"publisher\":{\"@id\":\"https:\/\/vosgesinfo.fr\/laplainedesvosgesinfo\/#organization\"},\"alternateName\":\"Toute l'actualit\u00e9 de la plaine des Vosges\",\"potentialAction\":[{\"@type\":\"SearchAction\",\"target\":{\"@type\":\"EntryPoint\",\"urlTemplate\":\"https:\/\/vosgesinfo.fr\/laplainedesvosgesinfo\/?s={search_term_string}\"},\"query-input\":\"required name=search_term_string\"}],\"inLanguage\":\"fr-FR\"},{\"@type\":\"Organization\",\"@id\":\"https:\/\/vosgesinfo.fr\/laplainedesvosgesinfo\/#organization\",\"name\":\"La Plaine des Vosges\",\"url\":\"https:\/\/vosgesinfo.fr\/laplainedesvosgesinfo\/\",\"logo\":{\"@type\":\"ImageObject\",\"inLanguage\":\"fr-FR\",\"@id\":\"https:\/\/vosgesinfo.fr\/laplainedesvosgesinfo\/#\/schema\/logo\/image\/\",\"url\":\"https:\/\/vosgesinfo.fr\/app\/uploads\/sites\/2\/2023\/08\/logo-laplaineinfo.svg\",\"contentUrl\":\"https:\/\/vosgesinfo.fr\/app\/uploads\/sites\/2\/2023\/08\/logo-laplaineinfo.svg\",\"width\":1,\"height\":1,\"caption\":\"La Plaine des Vosges\"},\"image\":{\"@id\":\"https:\/\/vosgesinfo.fr\/laplainedesvosgesinfo\/#\/schema\/logo\/image\/\"},\"sameAs\":[\"https:\/\/www.facebook.com\/laplainedesvosges\",\"https:\/\/x.com\/VosgesInfo88\",\"https:\/\/www.youtube.com\/@vosgesinfo\"]},{\"@type\":\"Person\",\"@id\":\"https:\/\/vosgesinfo.fr\/laplainedesvosgesinfo\/#\/schema\/person\/bc5d02d71e6932e81b6dadb7386667b1\",\"name\":\"qs_admin\",\"image\":{\"@type\":\"ImageObject\",\"inLanguage\":\"fr-FR\",\"@id\":\"https:\/\/vosgesinfo.fr\/laplainedesvosgesinfo\/#\/schema\/person\/image\/\",\"url\":\"https:\/\/secure.gravatar.com\/avatar\/94b18ee0ed79e4a42ea2f2931277b6841a8999fc6fde214600c78057cf1fe1de?s=96&d=mm&r=g\",\"contentUrl\":\"https:\/\/secure.gravatar.com\/avatar\/94b18ee0ed79e4a42ea2f2931277b6841a8999fc6fde214600c78057cf1fe1de?s=96&d=mm&r=g\",\"caption\":\"qs_admin\"},\"sameAs\":[\"https:\/\/vosgesinfo.fr\/wp\"],\"url\":\"https:\/\/vosgesinfo.fr\/laplainedesvosgesinfo\/author\/qs_admin\/\"}]}<\/script>\n<!-- \/ Yoast SEO plugin. -->","yoast_head_json":{"title":"Vosges - Rassemblement de nombreux opposants au compteur communiquant Linky - La Plaine des Vosges","robots":{"index":"index","follow":"follow","max-snippet":"max-snippet:-1","max-image-preview":"max-image-preview:large","max-video-preview":"max-video-preview:-1"},"canonical":"https:\/\/vosgesinfo.fr\/laplainedesvosgesinfo\/2017\/10\/vosges-rassemblement-de-nombreux-opposants-au-compteur-communiquant-linky\/","twitter_card":"summary_large_image","twitter_title":"Vosges - Rassemblement de nombreux opposants au compteur communiquant Linky - La Plaine des Vosges","twitter_description":"Plus d\u2019une centaine de personnes se sont rassembl\u00e9es en face de l\u2019H\u00f4tel de Ville d\u00e9odatien ce samedi apr\u00e8s-midi, suite \u00e0 [&hellip;]","twitter_image":"https:\/\/vosgesinfo.fr\/app\/uploads\/sites\/2\/2024\/06\/201710rassemblement-stop-linky-88-5.jpg","twitter_creator":"@VosgesInfo88","twitter_site":"@VosgesInfo88","twitter_misc":{"\u00c9crit par":"qs_admin","Dur\u00e9e de lecture estim\u00e9e":"2 minutes"},"schema":{"@context":"https:\/\/schema.org","@graph":[{"@type":"Article","@id":"https:\/\/vosgesinfo.fr\/laplainedesvosgesinfo\/2017\/10\/vosges-rassemblement-de-nombreux-opposants-au-compteur-communiquant-linky\/#article","isPartOf":{"@id":"https:\/\/vosgesinfo.fr\/laplainedesvosgesinfo\/2017\/10\/vosges-rassemblement-de-nombreux-opposants-au-compteur-communiquant-linky\/"},"author":{"name":"qs_admin","@id":"https:\/\/vosgesinfo.fr\/laplainedesvosgesinfo\/#\/schema\/person\/bc5d02d71e6932e81b6dadb7386667b1"},"headline":"Vosges &#8211; Rassemblement de nombreux opposants au compteur communiquant Linky","datePublished":"2017-10-15T04:07:11+00:00","dateModified":"2017-10-15T04:07:11+00:00","mainEntityOfPage":{"@id":"https:\/\/vosgesinfo.fr\/laplainedesvosgesinfo\/2017\/10\/vosges-rassemblement-de-nombreux-opposants-au-compteur-communiquant-linky\/"},"wordCount":344,"commentCount":0,"publisher":{"@id":"https:\/\/vosgesinfo.fr\/laplainedesvosgesinfo\/#organization"},"image":{"@id":"https:\/\/vosgesinfo.fr\/laplainedesvosgesinfo\/2017\/10\/vosges-rassemblement-de-nombreux-opposants-au-compteur-communiquant-linky\/#primaryimage"},"thumbnailUrl":"https:\/\/vosgesinfo.fr\/app\/uploads\/sites\/2\/2024\/06\/201710rassemblement-stop-linky-88-5.jpg","keywords":["Compteur communiquant Linky","Enedis","Place Jules-Ferry","Saint-Di\u00e9-des-Vosges","Stop Linky 88"],"articleSection":["A la Une","Vosges"],"inLanguage":"fr-FR","potentialAction":[{"@type":"CommentAction","name":"Comment","target":["https:\/\/vosgesinfo.fr\/laplainedesvosgesinfo\/2017\/10\/vosges-rassemblement-de-nombreux-opposants-au-compteur-communiquant-linky\/#respond"]}]},{"@type":"WebPage","@id":"https:\/\/vosgesinfo.fr\/laplainedesvosgesinfo\/2017\/10\/vosges-rassemblement-de-nombreux-opposants-au-compteur-communiquant-linky\/","url":"https:\/\/vosgesinfo.fr\/laplainedesvosgesinfo\/2017\/10\/vosges-rassemblement-de-nombreux-opposants-au-compteur-communiquant-linky\/","name":"Vosges - Rassemblement de nombreux opposants au compteur communiquant Linky - La Plaine des Vosges","isPartOf":{"@id":"https:\/\/vosgesinfo.fr\/laplainedesvosgesinfo\/#website"},"primaryImageOfPage":{"@id":"https:\/\/vosgesinfo.fr\/laplainedesvosgesinfo\/2017\/10\/vosges-rassemblement-de-nombreux-opposants-au-compteur-communiquant-linky\/#primaryimage"},"image":{"@id":"https:\/\/vosgesinfo.fr\/laplainedesvosgesinfo\/2017\/10\/vosges-rassemblement-de-nombreux-opposants-au-compteur-communiquant-linky\/#primaryimage"},"thumbnailUrl":"https:\/\/vosgesinfo.fr\/app\/uploads\/sites\/2\/2024\/06\/201710rassemblement-stop-linky-88-5.jpg","datePublished":"2017-10-15T04:07:11+00:00","dateModified":"2017-10-15T04:07:11+00:00","breadcrumb":{"@id":"https:\/\/vosgesinfo.fr\/laplainedesvosgesinfo\/2017\/10\/vosges-rassemblement-de-nombreux-opposants-au-compteur-communiquant-linky\/#breadcrumb"},"inLanguage":"fr-FR","potentialAction":[{"@type":"ReadAction","target":["https:\/\/vosgesinfo.fr\/laplainedesvosgesinfo\/2017\/10\/vosges-rassemblement-de-nombreux-opposants-au-compteur-communiquant-linky\/"]}]},{"@type":"ImageObject","inLanguage":"fr-FR","@id":"https:\/\/vosgesinfo.fr\/laplainedesvosgesinfo\/2017\/10\/vosges-rassemblement-de-nombreux-opposants-au-compteur-communiquant-linky\/#primaryimage","url":"https:\/\/vosgesinfo.fr\/app\/uploads\/sites\/2\/2024\/06\/201710rassemblement-stop-linky-88-5.jpg","contentUrl":"https:\/\/vosgesinfo.fr\/app\/uploads\/sites\/2\/2024\/06\/201710rassemblement-stop-linky-88-5.jpg","width":1000,"height":667},{"@type":"BreadcrumbList","@id":"https:\/\/vosgesinfo.fr\/laplainedesvosgesinfo\/2017\/10\/vosges-rassemblement-de-nombreux-opposants-au-compteur-communiquant-linky\/#breadcrumb","itemListElement":[{"@type":"ListItem","position":1,"name":"Home","item":"https:\/\/vosgesinfo.fr\/laplainedesvosgesinfo\/"},{"@type":"ListItem","position":2,"name":"Vosges &#8211; Rassemblement de nombreux opposants au compteur communiquant Linky"}]},{"@type":"WebSite","@id":"https:\/\/vosgesinfo.fr\/laplainedesvosgesinfo\/#website","url":"https:\/\/vosgesinfo.fr\/laplainedesvosgesinfo\/","name":"La Plaine des Vosges","description":"Toute l&#039;actualit\u00e9 de la plaine de Vosges","publisher":{"@id":"https:\/\/vosgesinfo.fr\/laplainedesvosgesinfo\/#organization"},"alternateName":"Toute l'actualit\u00e9 de la plaine des Vosges","potentialAction":[{"@type":"SearchAction","target":{"@type":"EntryPoint","urlTemplate":"https:\/\/vosgesinfo.fr\/laplainedesvosgesinfo\/?s={search_term_string}"},"query-input":"required name=search_term_string"}],"inLanguage":"fr-FR"},{"@type":"Organization","@id":"https:\/\/vosgesinfo.fr\/laplainedesvosgesinfo\/#organization","name":"La Plaine des Vosges","url":"https:\/\/vosgesinfo.fr\/laplainedesvosgesinfo\/","logo":{"@type":"ImageObject","inLanguage":"fr-FR","@id":"https:\/\/vosgesinfo.fr\/laplainedesvosgesinfo\/#\/schema\/logo\/image\/","url":"https:\/\/vosgesinfo.fr\/app\/uploads\/sites\/2\/2023\/08\/logo-laplaineinfo.svg","contentUrl":"https:\/\/vosgesinfo.fr\/app\/uploads\/sites\/2\/2023\/08\/logo-laplaineinfo.svg","width":1,"height":1,"caption":"La Plaine des Vosges"},"image":{"@id":"https:\/\/vosgesinfo.fr\/laplainedesvosgesinfo\/#\/schema\/logo\/image\/"},"sameAs":["https:\/\/www.facebook.com\/laplainedesvosges","https:\/\/x.com\/VosgesInfo88","https:\/\/www.youtube.com\/@vosgesinfo"]},{"@type":"Person","@id":"https:\/\/vosgesinfo.fr\/laplainedesvosgesinfo\/#\/schema\/person\/bc5d02d71e6932e81b6dadb7386667b1","name":"qs_admin","image":{"@type":"ImageObject","inLanguage":"fr-FR","@id":"https:\/\/vosgesinfo.fr\/laplainedesvosgesinfo\/#\/schema\/person\/image\/","url":"https:\/\/secure.gravatar.com\/avatar\/94b18ee0ed79e4a42ea2f2931277b6841a8999fc6fde214600c78057cf1fe1de?s=96&d=mm&r=g","contentUrl":"https:\/\/secure.gravatar.com\/avatar\/94b18ee0ed79e4a42ea2f2931277b6841a8999fc6fde214600c78057cf1fe1de?s=96&d=mm&r=g","caption":"qs_admin"},"sameAs":["https:\/\/vosgesinfo.fr\/wp"],"url":"https:\/\/vosgesinfo.fr\/laplainedesvosgesinfo\/author\/qs_admin\/"}]}},"_links":{"self":[{"href":"https:\/\/vosgesinfo.fr\/laplainedesvosgesinfo\/wp-json\/wp\/v2\/posts\/14847","targetHints":{"allow":["GET"]}}],"collection":[{"href":"https:\/\/vosgesinfo.fr\/laplainedesvosgesinfo\/wp-json\/wp\/v2\/posts"}],"about":[{"href":"https:\/\/vosgesinfo.fr\/laplainedesvosgesinfo\/wp-json\/wp\/v2\/types\/post"}],"author":[{"embeddable":true,"href":"https:\/\/vosgesinfo.fr\/laplainedesvosgesinfo\/wp-json\/wp\/v2\/users\/1"}],"replies":[{"embeddable":true,"href":"https:\/\/vosgesinfo.fr\/laplainedesvosgesinfo\/wp-json\/wp\/v2\/comments?post=14847"}],"version-history":[{"count":0,"href":"https:\/\/vosgesinfo.fr\/laplainedesvosgesinfo\/wp-json\/wp\/v2\/posts\/14847\/revisions"}],"wp:featuredmedia":[{"embeddable":true,"href":"https:\/\/vosgesinfo.fr\/laplainedesvosgesinfo\/wp-json\/wp\/v2\/media\/14848"}],"wp:attachment":[{"href":"https:\/\/vosgesinfo.fr\/laplainedesvosgesinfo\/wp-json\/wp\/v2\/media?parent=14847"}],"wp:term":[{"taxonomy":"category","embeddable":true,"href":"https:\/\/vosgesinfo.fr\/laplainedesvosgesinfo\/wp-json\/wp\/v2\/categories?post=14847"},{"taxonomy":"post_tag","embeddable":true,"href":"https:\/\/vosgesinfo.fr\/laplainedesvosgesinfo\/wp-json\/wp\/v2\/tags?post=14847"}],"curies":[{"name":"wp","href":"https:\/\/api.w.org\/{rel}","templated":true}]}}