{"id":14859,"date":"2017-10-16T04:09:15","date_gmt":"2017-10-16T02:09:15","guid":{"rendered":"https:\/\/vosgesinfo.fr\/laplainedesvosgesinfo\/2017\/10\/avis-de-deces-vittel-jacqueline-terzoni-nee-bernard\/"},"modified":"2017-10-16T04:09:15","modified_gmt":"2017-10-16T02:09:15","slug":"avis-de-deces-vittel-jacqueline-terzoni-nee-bernard","status":"publish","type":"post","link":"https:\/\/vosgesinfo.fr\/laplainedesvosgesinfo\/2017\/10\/avis-de-deces-vittel-jacqueline-terzoni-nee-bernard\/","title":{"rendered":"Avis de d\u00e9c\u00e8s &#8211; Vittel &#8211; Jacqueline TERZONI n\u00e9e BERNARD"},"content":{"rendered":"<div class=\"copy-paste-block\">\n<p class=\"block-notice-text block-notice-text-1\">Avis de d\u00e9c\u00e8s Vittel (88800)<\/p>\n<p class=\"block-notice-text block-notice-text-1\">Obs\u00e8ques de<\/p>\n<h3 class=\"block-notice-text block-notice-text-3\" style=\"text-align: center;\">Madame Jacqueline <strong>TERZONI<\/strong> <em>n\u00e9e BERNARD<\/em><\/h3>\n<p class=\"block-notice-text\">D\u00e9c\u00e9d\u00e9e\u00a0le 14\/10\/2017, \u00e0 l&rsquo;\u00e2ge de 84 ans.<\/p>\n<p class=\"block-notice-text block-notice-text-2\">La c\u00e9r\u00e9monie sera c\u00e9l\u00e9br\u00e9e le 17\/10\/2017, \u00e0 14 heures 30, \u00c9glise Saint-R\u00e9my \u00e0 Vittel (88800).<\/p>\n<\/div>\n","protected":false},"excerpt":{"rendered":"<p>Avis de d\u00e9c\u00e8s Vittel (88800) Obs\u00e8ques de Madame Jacqueline TERZONI n\u00e9e BERNARD D\u00e9c\u00e9d\u00e9e\u00a0le 14\/10\/2017, \u00e0 l&rsquo;\u00e2ge de 84 ans. La [&hellip;]<\/p>\n","protected":false},"author":1,"featured_media":14860,"comment_status":"open","ping_status":"open","sticky":false,"template":"","format":"standard","meta":{"footnotes":""},"categories":[49],"tags":[88,5344,77],"class_list":["post-14859","post","type-post","status-publish","format-standard","has-post-thumbnail","hentry","category-avis-de-deces","tag-avis-de-deces","tag-jacqueline-terzoni-nee-bernard","tag-vittel"],"acf":[],"yoast_head":"<!-- This site is optimized with the Yoast SEO plugin v22.5 - https:\/\/yoast.com\/wordpress\/plugins\/seo\/ -->\n<title>Avis de d\u00e9c\u00e8s - Vittel - Jacqueline TERZONI n\u00e9e BERNARD - La Plaine des Vosges<\/title>\n<meta name=\"robots\" content=\"index, follow, max-snippet:-1, max-image-preview:large, max-video-preview:-1\" \/>\n<link rel=\"canonical\" href=\"https:\/\/vosgesinfo.fr\/laplainedesvosgesinfo\/2017\/10\/avis-de-deces-vittel-jacqueline-terzoni-nee-bernard\/\" \/>\n<meta name=\"twitter:card\" content=\"summary_large_image\" \/>\n<meta name=\"twitter:title\" content=\"Avis de d\u00e9c\u00e8s - Vittel - Jacqueline TERZONI n\u00e9e BERNARD - La Plaine des Vosges\" \/>\n<meta name=\"twitter:description\" content=\"Avis de d\u00e9c\u00e8s Vittel (88800) Obs\u00e8ques de Madame Jacqueline TERZONI n\u00e9e BERNARD D\u00e9c\u00e9d\u00e9e\u00a0le 14\/10\/2017, \u00e0 l&rsquo;\u00e2ge de 84 ans. La [&hellip;]\" \/>\n<meta name=\"twitter:image\" content=\"https:\/\/vosgesinfo.fr\/app\/uploads\/sites\/2\/2024\/06\/201602roses-deces-126.jpg\" \/>\n<meta name=\"twitter:creator\" content=\"@VosgesInfo88\" \/>\n<meta name=\"twitter:site\" content=\"@VosgesInfo88\" \/>\n<meta name=\"twitter:label1\" content=\"\u00c9crit par\" \/>\n\t<meta name=\"twitter:data1\" content=\"qs_admin\" \/>\n<script type=\"application\/ld+json\" class=\"yoast-schema-graph\">{\"@context\":\"https:\/\/schema.org\",\"@graph\":[{\"@type\":\"Article\",\"@id\":\"https:\/\/vosgesinfo.fr\/laplainedesvosgesinfo\/2017\/10\/avis-de-deces-vittel-jacqueline-terzoni-nee-bernard\/#article\",\"isPartOf\":{\"@id\":\"https:\/\/vosgesinfo.fr\/laplainedesvosgesinfo\/2017\/10\/avis-de-deces-vittel-jacqueline-terzoni-nee-bernard\/\"},\"author\":{\"name\":\"qs_admin\",\"@id\":\"https:\/\/vosgesinfo.fr\/laplainedesvosgesinfo\/#\/schema\/person\/bc5d02d71e6932e81b6dadb7386667b1\"},\"headline\":\"Avis de d\u00e9c\u00e8s &#8211; Vittel &#8211; Jacqueline TERZONI n\u00e9e BERNARD\",\"datePublished\":\"2017-10-16T02:09:15+00:00\",\"dateModified\":\"2017-10-16T02:09:15+00:00\",\"mainEntityOfPage\":{\"@id\":\"https:\/\/vosgesinfo.fr\/laplainedesvosgesinfo\/2017\/10\/avis-de-deces-vittel-jacqueline-terzoni-nee-bernard\/\"},\"wordCount\":52,\"commentCount\":0,\"publisher\":{\"@id\":\"https:\/\/vosgesinfo.fr\/laplainedesvosgesinfo\/#organization\"},\"image\":{\"@id\":\"https:\/\/vosgesinfo.fr\/laplainedesvosgesinfo\/2017\/10\/avis-de-deces-vittel-jacqueline-terzoni-nee-bernard\/#primaryimage\"},\"thumbnailUrl\":\"https:\/\/vosgesinfo.fr\/app\/uploads\/sites\/2\/2024\/06\/201602roses-deces-126.jpg\",\"keywords\":[\"avis de d\u00e9c\u00e8s\",\"Jacqueline TERZONI n\u00e9e BERNARD\",\"Vittel\"],\"articleSection\":[\"Avis de d\u00e9c\u00e8s\"],\"inLanguage\":\"fr-FR\",\"potentialAction\":[{\"@type\":\"CommentAction\",\"name\":\"Comment\",\"target\":[\"https:\/\/vosgesinfo.fr\/laplainedesvosgesinfo\/2017\/10\/avis-de-deces-vittel-jacqueline-terzoni-nee-bernard\/#respond\"]}]},{\"@type\":\"WebPage\",\"@id\":\"https:\/\/vosgesinfo.fr\/laplainedesvosgesinfo\/2017\/10\/avis-de-deces-vittel-jacqueline-terzoni-nee-bernard\/\",\"url\":\"https:\/\/vosgesinfo.fr\/laplainedesvosgesinfo\/2017\/10\/avis-de-deces-vittel-jacqueline-terzoni-nee-bernard\/\",\"name\":\"Avis de d\u00e9c\u00e8s - Vittel - Jacqueline TERZONI n\u00e9e BERNARD - La Plaine des Vosges\",\"isPartOf\":{\"@id\":\"https:\/\/vosgesinfo.fr\/laplainedesvosgesinfo\/#website\"},\"primaryImageOfPage\":{\"@id\":\"https:\/\/vosgesinfo.fr\/laplainedesvosgesinfo\/2017\/10\/avis-de-deces-vittel-jacqueline-terzoni-nee-bernard\/#primaryimage\"},\"image\":{\"@id\":\"https:\/\/vosgesinfo.fr\/laplainedesvosgesinfo\/2017\/10\/avis-de-deces-vittel-jacqueline-terzoni-nee-bernard\/#primaryimage\"},\"thumbnailUrl\":\"https:\/\/vosgesinfo.fr\/app\/uploads\/sites\/2\/2024\/06\/201602roses-deces-126.jpg\",\"datePublished\":\"2017-10-16T02:09:15+00:00\",\"dateModified\":\"2017-10-16T02:09:15+00:00\",\"breadcrumb\":{\"@id\":\"https:\/\/vosgesinfo.fr\/laplainedesvosgesinfo\/2017\/10\/avis-de-deces-vittel-jacqueline-terzoni-nee-bernard\/#breadcrumb\"},\"inLanguage\":\"fr-FR\",\"potentialAction\":[{\"@type\":\"ReadAction\",\"target\":[\"https:\/\/vosgesinfo.fr\/laplainedesvosgesinfo\/2017\/10\/avis-de-deces-vittel-jacqueline-terzoni-nee-bernard\/\"]}]},{\"@type\":\"ImageObject\",\"inLanguage\":\"fr-FR\",\"@id\":\"https:\/\/vosgesinfo.fr\/laplainedesvosgesinfo\/2017\/10\/avis-de-deces-vittel-jacqueline-terzoni-nee-bernard\/#primaryimage\",\"url\":\"https:\/\/vosgesinfo.fr\/app\/uploads\/sites\/2\/2024\/06\/201602roses-deces-126.jpg\",\"contentUrl\":\"https:\/\/vosgesinfo.fr\/app\/uploads\/sites\/2\/2024\/06\/201602roses-deces-126.jpg\",\"width\":612,\"height\":264},{\"@type\":\"BreadcrumbList\",\"@id\":\"https:\/\/vosgesinfo.fr\/laplainedesvosgesinfo\/2017\/10\/avis-de-deces-vittel-jacqueline-terzoni-nee-bernard\/#breadcrumb\",\"itemListElement\":[{\"@type\":\"ListItem\",\"position\":1,\"name\":\"Home\",\"item\":\"https:\/\/vosgesinfo.fr\/laplainedesvosgesinfo\/\"},{\"@type\":\"ListItem\",\"position\":2,\"name\":\"Avis de d\u00e9c\u00e8s &#8211; Vittel &#8211; Jacqueline TERZONI n\u00e9e BERNARD\"}]},{\"@type\":\"WebSite\",\"@id\":\"https:\/\/vosgesinfo.fr\/laplainedesvosgesinfo\/#website\",\"url\":\"https:\/\/vosgesinfo.fr\/laplainedesvosgesinfo\/\",\"name\":\"La Plaine des Vosges\",\"description\":\"Toute l&#039;actualit\u00e9 de la plaine de Vosges\",\"publisher\":{\"@id\":\"https:\/\/vosgesinfo.fr\/laplainedesvosgesinfo\/#organization\"},\"alternateName\":\"Toute l'actualit\u00e9 de la plaine des Vosges\",\"potentialAction\":[{\"@type\":\"SearchAction\",\"target\":{\"@type\":\"EntryPoint\",\"urlTemplate\":\"https:\/\/vosgesinfo.fr\/laplainedesvosgesinfo\/?s={search_term_string}\"},\"query-input\":\"required name=search_term_string\"}],\"inLanguage\":\"fr-FR\"},{\"@type\":\"Organization\",\"@id\":\"https:\/\/vosgesinfo.fr\/laplainedesvosgesinfo\/#organization\",\"name\":\"La Plaine des Vosges\",\"url\":\"https:\/\/vosgesinfo.fr\/laplainedesvosgesinfo\/\",\"logo\":{\"@type\":\"ImageObject\",\"inLanguage\":\"fr-FR\",\"@id\":\"https:\/\/vosgesinfo.fr\/laplainedesvosgesinfo\/#\/schema\/logo\/image\/\",\"url\":\"https:\/\/vosgesinfo.fr\/app\/uploads\/sites\/2\/2023\/08\/logo-laplaineinfo.svg\",\"contentUrl\":\"https:\/\/vosgesinfo.fr\/app\/uploads\/sites\/2\/2023\/08\/logo-laplaineinfo.svg\",\"width\":1,\"height\":1,\"caption\":\"La Plaine des Vosges\"},\"image\":{\"@id\":\"https:\/\/vosgesinfo.fr\/laplainedesvosgesinfo\/#\/schema\/logo\/image\/\"},\"sameAs\":[\"https:\/\/www.facebook.com\/laplainedesvosges\",\"https:\/\/x.com\/VosgesInfo88\",\"https:\/\/www.youtube.com\/@vosgesinfo\"]},{\"@type\":\"Person\",\"@id\":\"https:\/\/vosgesinfo.fr\/laplainedesvosgesinfo\/#\/schema\/person\/bc5d02d71e6932e81b6dadb7386667b1\",\"name\":\"qs_admin\",\"image\":{\"@type\":\"ImageObject\",\"inLanguage\":\"fr-FR\",\"@id\":\"https:\/\/vosgesinfo.fr\/laplainedesvosgesinfo\/#\/schema\/person\/image\/\",\"url\":\"https:\/\/secure.gravatar.com\/avatar\/94b18ee0ed79e4a42ea2f2931277b6841a8999fc6fde214600c78057cf1fe1de?s=96&d=mm&r=g\",\"contentUrl\":\"https:\/\/secure.gravatar.com\/avatar\/94b18ee0ed79e4a42ea2f2931277b6841a8999fc6fde214600c78057cf1fe1de?s=96&d=mm&r=g\",\"caption\":\"qs_admin\"},\"sameAs\":[\"https:\/\/vosgesinfo.fr\/wp\"],\"url\":\"https:\/\/vosgesinfo.fr\/laplainedesvosgesinfo\/author\/qs_admin\/\"}]}<\/script>\n<!-- \/ Yoast SEO plugin. -->","yoast_head_json":{"title":"Avis de d\u00e9c\u00e8s - Vittel - Jacqueline TERZONI n\u00e9e BERNARD - La Plaine des Vosges","robots":{"index":"index","follow":"follow","max-snippet":"max-snippet:-1","max-image-preview":"max-image-preview:large","max-video-preview":"max-video-preview:-1"},"canonical":"https:\/\/vosgesinfo.fr\/laplainedesvosgesinfo\/2017\/10\/avis-de-deces-vittel-jacqueline-terzoni-nee-bernard\/","twitter_card":"summary_large_image","twitter_title":"Avis de d\u00e9c\u00e8s - Vittel - Jacqueline TERZONI n\u00e9e BERNARD - La Plaine des Vosges","twitter_description":"Avis de d\u00e9c\u00e8s Vittel (88800) Obs\u00e8ques de Madame Jacqueline TERZONI n\u00e9e BERNARD D\u00e9c\u00e9d\u00e9e\u00a0le 14\/10\/2017, \u00e0 l&rsquo;\u00e2ge de 84 ans. La [&hellip;]","twitter_image":"https:\/\/vosgesinfo.fr\/app\/uploads\/sites\/2\/2024\/06\/201602roses-deces-126.jpg","twitter_creator":"@VosgesInfo88","twitter_site":"@VosgesInfo88","twitter_misc":{"\u00c9crit par":"qs_admin"},"schema":{"@context":"https:\/\/schema.org","@graph":[{"@type":"Article","@id":"https:\/\/vosgesinfo.fr\/laplainedesvosgesinfo\/2017\/10\/avis-de-deces-vittel-jacqueline-terzoni-nee-bernard\/#article","isPartOf":{"@id":"https:\/\/vosgesinfo.fr\/laplainedesvosgesinfo\/2017\/10\/avis-de-deces-vittel-jacqueline-terzoni-nee-bernard\/"},"author":{"name":"qs_admin","@id":"https:\/\/vosgesinfo.fr\/laplainedesvosgesinfo\/#\/schema\/person\/bc5d02d71e6932e81b6dadb7386667b1"},"headline":"Avis de d\u00e9c\u00e8s &#8211; Vittel &#8211; Jacqueline TERZONI n\u00e9e BERNARD","datePublished":"2017-10-16T02:09:15+00:00","dateModified":"2017-10-16T02:09:15+00:00","mainEntityOfPage":{"@id":"https:\/\/vosgesinfo.fr\/laplainedesvosgesinfo\/2017\/10\/avis-de-deces-vittel-jacqueline-terzoni-nee-bernard\/"},"wordCount":52,"commentCount":0,"publisher":{"@id":"https:\/\/vosgesinfo.fr\/laplainedesvosgesinfo\/#organization"},"image":{"@id":"https:\/\/vosgesinfo.fr\/laplainedesvosgesinfo\/2017\/10\/avis-de-deces-vittel-jacqueline-terzoni-nee-bernard\/#primaryimage"},"thumbnailUrl":"https:\/\/vosgesinfo.fr\/app\/uploads\/sites\/2\/2024\/06\/201602roses-deces-126.jpg","keywords":["avis de d\u00e9c\u00e8s","Jacqueline TERZONI n\u00e9e BERNARD","Vittel"],"articleSection":["Avis de d\u00e9c\u00e8s"],"inLanguage":"fr-FR","potentialAction":[{"@type":"CommentAction","name":"Comment","target":["https:\/\/vosgesinfo.fr\/laplainedesvosgesinfo\/2017\/10\/avis-de-deces-vittel-jacqueline-terzoni-nee-bernard\/#respond"]}]},{"@type":"WebPage","@id":"https:\/\/vosgesinfo.fr\/laplainedesvosgesinfo\/2017\/10\/avis-de-deces-vittel-jacqueline-terzoni-nee-bernard\/","url":"https:\/\/vosgesinfo.fr\/laplainedesvosgesinfo\/2017\/10\/avis-de-deces-vittel-jacqueline-terzoni-nee-bernard\/","name":"Avis de d\u00e9c\u00e8s - Vittel - Jacqueline TERZONI n\u00e9e BERNARD - La Plaine des Vosges","isPartOf":{"@id":"https:\/\/vosgesinfo.fr\/laplainedesvosgesinfo\/#website"},"primaryImageOfPage":{"@id":"https:\/\/vosgesinfo.fr\/laplainedesvosgesinfo\/2017\/10\/avis-de-deces-vittel-jacqueline-terzoni-nee-bernard\/#primaryimage"},"image":{"@id":"https:\/\/vosgesinfo.fr\/laplainedesvosgesinfo\/2017\/10\/avis-de-deces-vittel-jacqueline-terzoni-nee-bernard\/#primaryimage"},"thumbnailUrl":"https:\/\/vosgesinfo.fr\/app\/uploads\/sites\/2\/2024\/06\/201602roses-deces-126.jpg","datePublished":"2017-10-16T02:09:15+00:00","dateModified":"2017-10-16T02:09:15+00:00","breadcrumb":{"@id":"https:\/\/vosgesinfo.fr\/laplainedesvosgesinfo\/2017\/10\/avis-de-deces-vittel-jacqueline-terzoni-nee-bernard\/#breadcrumb"},"inLanguage":"fr-FR","potentialAction":[{"@type":"ReadAction","target":["https:\/\/vosgesinfo.fr\/laplainedesvosgesinfo\/2017\/10\/avis-de-deces-vittel-jacqueline-terzoni-nee-bernard\/"]}]},{"@type":"ImageObject","inLanguage":"fr-FR","@id":"https:\/\/vosgesinfo.fr\/laplainedesvosgesinfo\/2017\/10\/avis-de-deces-vittel-jacqueline-terzoni-nee-bernard\/#primaryimage","url":"https:\/\/vosgesinfo.fr\/app\/uploads\/sites\/2\/2024\/06\/201602roses-deces-126.jpg","contentUrl":"https:\/\/vosgesinfo.fr\/app\/uploads\/sites\/2\/2024\/06\/201602roses-deces-126.jpg","width":612,"height":264},{"@type":"BreadcrumbList","@id":"https:\/\/vosgesinfo.fr\/laplainedesvosgesinfo\/2017\/10\/avis-de-deces-vittel-jacqueline-terzoni-nee-bernard\/#breadcrumb","itemListElement":[{"@type":"ListItem","position":1,"name":"Home","item":"https:\/\/vosgesinfo.fr\/laplainedesvosgesinfo\/"},{"@type":"ListItem","position":2,"name":"Avis de d\u00e9c\u00e8s &#8211; Vittel &#8211; Jacqueline TERZONI n\u00e9e BERNARD"}]},{"@type":"WebSite","@id":"https:\/\/vosgesinfo.fr\/laplainedesvosgesinfo\/#website","url":"https:\/\/vosgesinfo.fr\/laplainedesvosgesinfo\/","name":"La Plaine des Vosges","description":"Toute l&#039;actualit\u00e9 de la plaine de Vosges","publisher":{"@id":"https:\/\/vosgesinfo.fr\/laplainedesvosgesinfo\/#organization"},"alternateName":"Toute l'actualit\u00e9 de la plaine des Vosges","potentialAction":[{"@type":"SearchAction","target":{"@type":"EntryPoint","urlTemplate":"https:\/\/vosgesinfo.fr\/laplainedesvosgesinfo\/?s={search_term_string}"},"query-input":"required name=search_term_string"}],"inLanguage":"fr-FR"},{"@type":"Organization","@id":"https:\/\/vosgesinfo.fr\/laplainedesvosgesinfo\/#organization","name":"La Plaine des Vosges","url":"https:\/\/vosgesinfo.fr\/laplainedesvosgesinfo\/","logo":{"@type":"ImageObject","inLanguage":"fr-FR","@id":"https:\/\/vosgesinfo.fr\/laplainedesvosgesinfo\/#\/schema\/logo\/image\/","url":"https:\/\/vosgesinfo.fr\/app\/uploads\/sites\/2\/2023\/08\/logo-laplaineinfo.svg","contentUrl":"https:\/\/vosgesinfo.fr\/app\/uploads\/sites\/2\/2023\/08\/logo-laplaineinfo.svg","width":1,"height":1,"caption":"La Plaine des Vosges"},"image":{"@id":"https:\/\/vosgesinfo.fr\/laplainedesvosgesinfo\/#\/schema\/logo\/image\/"},"sameAs":["https:\/\/www.facebook.com\/laplainedesvosges","https:\/\/x.com\/VosgesInfo88","https:\/\/www.youtube.com\/@vosgesinfo"]},{"@type":"Person","@id":"https:\/\/vosgesinfo.fr\/laplainedesvosgesinfo\/#\/schema\/person\/bc5d02d71e6932e81b6dadb7386667b1","name":"qs_admin","image":{"@type":"ImageObject","inLanguage":"fr-FR","@id":"https:\/\/vosgesinfo.fr\/laplainedesvosgesinfo\/#\/schema\/person\/image\/","url":"https:\/\/secure.gravatar.com\/avatar\/94b18ee0ed79e4a42ea2f2931277b6841a8999fc6fde214600c78057cf1fe1de?s=96&d=mm&r=g","contentUrl":"https:\/\/secure.gravatar.com\/avatar\/94b18ee0ed79e4a42ea2f2931277b6841a8999fc6fde214600c78057cf1fe1de?s=96&d=mm&r=g","caption":"qs_admin"},"sameAs":["https:\/\/vosgesinfo.fr\/wp"],"url":"https:\/\/vosgesinfo.fr\/laplainedesvosgesinfo\/author\/qs_admin\/"}]}},"_links":{"self":[{"href":"https:\/\/vosgesinfo.fr\/laplainedesvosgesinfo\/wp-json\/wp\/v2\/posts\/14859","targetHints":{"allow":["GET"]}}],"collection":[{"href":"https:\/\/vosgesinfo.fr\/laplainedesvosgesinfo\/wp-json\/wp\/v2\/posts"}],"about":[{"href":"https:\/\/vosgesinfo.fr\/laplainedesvosgesinfo\/wp-json\/wp\/v2\/types\/post"}],"author":[{"embeddable":true,"href":"https:\/\/vosgesinfo.fr\/laplainedesvosgesinfo\/wp-json\/wp\/v2\/users\/1"}],"replies":[{"embeddable":true,"href":"https:\/\/vosgesinfo.fr\/laplainedesvosgesinfo\/wp-json\/wp\/v2\/comments?post=14859"}],"version-history":[{"count":0,"href":"https:\/\/vosgesinfo.fr\/laplainedesvosgesinfo\/wp-json\/wp\/v2\/posts\/14859\/revisions"}],"wp:featuredmedia":[{"embeddable":true,"href":"https:\/\/vosgesinfo.fr\/laplainedesvosgesinfo\/wp-json\/wp\/v2\/media\/14860"}],"wp:attachment":[{"href":"https:\/\/vosgesinfo.fr\/laplainedesvosgesinfo\/wp-json\/wp\/v2\/media?parent=14859"}],"wp:term":[{"taxonomy":"category","embeddable":true,"href":"https:\/\/vosgesinfo.fr\/laplainedesvosgesinfo\/wp-json\/wp\/v2\/categories?post=14859"},{"taxonomy":"post_tag","embeddable":true,"href":"https:\/\/vosgesinfo.fr\/laplainedesvosgesinfo\/wp-json\/wp\/v2\/tags?post=14859"}],"curies":[{"name":"wp","href":"https:\/\/api.w.org\/{rel}","templated":true}]}}