{"id":15448,"date":"2017-11-14T16:10:45","date_gmt":"2017-11-14T15:10:45","guid":{"rendered":"https:\/\/vosgesinfo.fr\/laplainedesvosgesinfo\/2017\/11\/contrexeville-spectacle-debat-nouvelle-saison-sur-le-passage-a-la-retraite-le-lien-social-et-lestime-de-soi\/"},"modified":"2017-11-14T16:10:45","modified_gmt":"2017-11-14T15:10:45","slug":"contrexeville-spectacle-debat-nouvelle-saison-sur-le-passage-a-la-retraite-le-lien-social-et-lestime-de-soi","status":"publish","type":"post","link":"https:\/\/vosgesinfo.fr\/laplainedesvosgesinfo\/2017\/11\/contrexeville-spectacle-debat-nouvelle-saison-sur-le-passage-a-la-retraite-le-lien-social-et-lestime-de-soi\/","title":{"rendered":"Contrex\u00e9ville &#8211; Spectacle-d\u00e9bat \u00ab Nouvelle Saison \u00bb sur le passage \u00e0 la retraite, le lien social et l\u2019estime de soi"},"content":{"rendered":"<h4 style=\"text-align: justify;\"><a href=\"\/2017\/11\/Capture.jpg\"><img decoding=\"async\" class=\"aligncenter size-full wp-image-92790\" src=\"\/2017\/11\/Capture.jpg\" alt=\"Capture\" width=\"599\" height=\"397\" \/><\/a><\/h4>\n<h4 style=\"text-align: justify;\">Le jeudi 16 novembre \u00e0 14h, la commune accueille la compagnie Soleil sous la pluie et son spetacle-d\u00e9bat \u00ab\u00a0Nouvelle Saison\u00a0\u00bb sur le passage \u00e0 la retraite, le lien social et l&rsquo;estime de soi.<\/h4>\n<p style=\"text-align: justify;\">Nouvelle Saison est une fiction th\u00e9\u00e2trale suivie d&rsquo;un d\u00e9bat, \u00e9crite \u00e0 l&rsquo;issue d&rsquo;une s\u00e9rie de rencontres men\u00e9es avec la population du territoire des Vosges et des professionnels de la sant\u00e9. Les th\u00e8mes du passage \u00e0 la retraite, du lien social et de l&rsquo;estime de soi seront abord\u00e9s. Ce projet poursuit la r\u00e9flexion sur la vieillesse commenc\u00e9e avec Tango et Chocolat et Dans tes bras.<\/p>\n<p style=\"text-align: justify;\">Les questions telles que Comment cette transition s&rsquo;inscrit-elle dans la continuit\u00e9 d&rsquo;une vie, en relation avec une soci\u00e9t\u00e9 \u00e9volutive ? Comment vit-on la retraite ? Peut-on s&rsquo;y pr\u00e9parer ? Que nous renvoie le regard des autres ? y seront \u00e9galement abord\u00e9es.<\/p>\n<p style=\"text-align: justify;\">\n<p style=\"text-align: justify;\">A.J.<\/p>\n","protected":false},"excerpt":{"rendered":"<p>Le jeudi 16 novembre \u00e0 14h, la commune accueille la compagnie Soleil sous la pluie et son spetacle-d\u00e9bat \u00ab\u00a0Nouvelle Saison\u00a0\u00bb [&hellip;]<\/p>\n","protected":false},"author":1,"featured_media":15449,"comment_status":"open","ping_status":"open","sticky":false,"template":"","format":"standard","meta":{"footnotes":""},"categories":[29,79,37,13],"tags":[177,5614,5616,5615,516],"class_list":["post-15448","post","type-post","status-publish","format-standard","has-post-thumbnail","hentry","category-a-la-une","category-contrexeville-la-plaine","category-la-plaine","category-societe","tag-contrexeville","tag-debat-nouvelle-saison-sur-le-passage-a-la-retraite","tag-lestime-de-soi","tag-le-lien-social","tag-spectacle"],"acf":[],"yoast_head":"<!-- This site is optimized with the Yoast SEO plugin v22.5 - https:\/\/yoast.com\/wordpress\/plugins\/seo\/ -->\n<title>Contrex\u00e9ville - Spectacle-d\u00e9bat \u00ab Nouvelle Saison \u00bb sur le passage \u00e0 la retraite, le lien social et l\u2019estime de soi - La Plaine des Vosges<\/title>\n<meta name=\"robots\" content=\"index, follow, max-snippet:-1, max-image-preview:large, max-video-preview:-1\" \/>\n<link rel=\"canonical\" href=\"https:\/\/vosgesinfo.fr\/laplainedesvosgesinfo\/2017\/11\/contrexeville-spectacle-debat-nouvelle-saison-sur-le-passage-a-la-retraite-le-lien-social-et-lestime-de-soi\/\" \/>\n<meta name=\"twitter:card\" content=\"summary_large_image\" \/>\n<meta name=\"twitter:title\" content=\"Contrex\u00e9ville - Spectacle-d\u00e9bat \u00ab Nouvelle Saison \u00bb sur le passage \u00e0 la retraite, le lien social et l\u2019estime de soi - La Plaine des Vosges\" \/>\n<meta name=\"twitter:description\" content=\"Le jeudi 16 novembre \u00e0 14h, la commune accueille la compagnie Soleil sous la pluie et son spetacle-d\u00e9bat \u00ab\u00a0Nouvelle Saison\u00a0\u00bb [&hellip;]\" \/>\n<meta name=\"twitter:image\" content=\"https:\/\/vosgesinfo.fr\/app\/uploads\/sites\/2\/2024\/06\/201711capture.jpg\" \/>\n<meta name=\"twitter:creator\" content=\"@VosgesInfo88\" \/>\n<meta name=\"twitter:site\" content=\"@VosgesInfo88\" \/>\n<meta name=\"twitter:label1\" content=\"\u00c9crit par\" \/>\n\t<meta name=\"twitter:data1\" content=\"qs_admin\" \/>\n\t<meta name=\"twitter:label2\" content=\"Dur\u00e9e de lecture estim\u00e9e\" \/>\n\t<meta name=\"twitter:data2\" content=\"1 minute\" \/>\n<script type=\"application\/ld+json\" class=\"yoast-schema-graph\">{\"@context\":\"https:\/\/schema.org\",\"@graph\":[{\"@type\":\"Article\",\"@id\":\"https:\/\/vosgesinfo.fr\/laplainedesvosgesinfo\/2017\/11\/contrexeville-spectacle-debat-nouvelle-saison-sur-le-passage-a-la-retraite-le-lien-social-et-lestime-de-soi\/#article\",\"isPartOf\":{\"@id\":\"https:\/\/vosgesinfo.fr\/laplainedesvosgesinfo\/2017\/11\/contrexeville-spectacle-debat-nouvelle-saison-sur-le-passage-a-la-retraite-le-lien-social-et-lestime-de-soi\/\"},\"author\":{\"name\":\"qs_admin\",\"@id\":\"https:\/\/vosgesinfo.fr\/laplainedesvosgesinfo\/#\/schema\/person\/bc5d02d71e6932e81b6dadb7386667b1\"},\"headline\":\"Contrex\u00e9ville &#8211; Spectacle-d\u00e9bat \u00ab Nouvelle Saison \u00bb sur le passage \u00e0 la retraite, le lien social et l\u2019estime de soi\",\"datePublished\":\"2017-11-14T15:10:45+00:00\",\"dateModified\":\"2017-11-14T15:10:45+00:00\",\"mainEntityOfPage\":{\"@id\":\"https:\/\/vosgesinfo.fr\/laplainedesvosgesinfo\/2017\/11\/contrexeville-spectacle-debat-nouvelle-saison-sur-le-passage-a-la-retraite-le-lien-social-et-lestime-de-soi\/\"},\"wordCount\":171,\"commentCount\":0,\"publisher\":{\"@id\":\"https:\/\/vosgesinfo.fr\/laplainedesvosgesinfo\/#organization\"},\"image\":{\"@id\":\"https:\/\/vosgesinfo.fr\/laplainedesvosgesinfo\/2017\/11\/contrexeville-spectacle-debat-nouvelle-saison-sur-le-passage-a-la-retraite-le-lien-social-et-lestime-de-soi\/#primaryimage\"},\"thumbnailUrl\":\"https:\/\/vosgesinfo.fr\/app\/uploads\/sites\/2\/2024\/06\/201711capture.jpg\",\"keywords\":[\"Contrex\u00e9ville\",\"d\u00e9bat \u00ab Nouvelle Saison \u00bb sur le passage \u00e0 la retraite\",\"l\u2019estime de soi\",\"le lien social\",\"spectacle\"],\"articleSection\":[\"A la Une\",\"Contrex\u00e9ville\",\"La Plaine\",\"Soci\u00e9t\u00e9\"],\"inLanguage\":\"fr-FR\",\"potentialAction\":[{\"@type\":\"CommentAction\",\"name\":\"Comment\",\"target\":[\"https:\/\/vosgesinfo.fr\/laplainedesvosgesinfo\/2017\/11\/contrexeville-spectacle-debat-nouvelle-saison-sur-le-passage-a-la-retraite-le-lien-social-et-lestime-de-soi\/#respond\"]}]},{\"@type\":\"WebPage\",\"@id\":\"https:\/\/vosgesinfo.fr\/laplainedesvosgesinfo\/2017\/11\/contrexeville-spectacle-debat-nouvelle-saison-sur-le-passage-a-la-retraite-le-lien-social-et-lestime-de-soi\/\",\"url\":\"https:\/\/vosgesinfo.fr\/laplainedesvosgesinfo\/2017\/11\/contrexeville-spectacle-debat-nouvelle-saison-sur-le-passage-a-la-retraite-le-lien-social-et-lestime-de-soi\/\",\"name\":\"Contrex\u00e9ville - Spectacle-d\u00e9bat \u00ab Nouvelle Saison \u00bb sur le passage \u00e0 la retraite, le lien social et l\u2019estime de soi - La Plaine des Vosges\",\"isPartOf\":{\"@id\":\"https:\/\/vosgesinfo.fr\/laplainedesvosgesinfo\/#website\"},\"primaryImageOfPage\":{\"@id\":\"https:\/\/vosgesinfo.fr\/laplainedesvosgesinfo\/2017\/11\/contrexeville-spectacle-debat-nouvelle-saison-sur-le-passage-a-la-retraite-le-lien-social-et-lestime-de-soi\/#primaryimage\"},\"image\":{\"@id\":\"https:\/\/vosgesinfo.fr\/laplainedesvosgesinfo\/2017\/11\/contrexeville-spectacle-debat-nouvelle-saison-sur-le-passage-a-la-retraite-le-lien-social-et-lestime-de-soi\/#primaryimage\"},\"thumbnailUrl\":\"https:\/\/vosgesinfo.fr\/app\/uploads\/sites\/2\/2024\/06\/201711capture.jpg\",\"datePublished\":\"2017-11-14T15:10:45+00:00\",\"dateModified\":\"2017-11-14T15:10:45+00:00\",\"breadcrumb\":{\"@id\":\"https:\/\/vosgesinfo.fr\/laplainedesvosgesinfo\/2017\/11\/contrexeville-spectacle-debat-nouvelle-saison-sur-le-passage-a-la-retraite-le-lien-social-et-lestime-de-soi\/#breadcrumb\"},\"inLanguage\":\"fr-FR\",\"potentialAction\":[{\"@type\":\"ReadAction\",\"target\":[\"https:\/\/vosgesinfo.fr\/laplainedesvosgesinfo\/2017\/11\/contrexeville-spectacle-debat-nouvelle-saison-sur-le-passage-a-la-retraite-le-lien-social-et-lestime-de-soi\/\"]}]},{\"@type\":\"ImageObject\",\"inLanguage\":\"fr-FR\",\"@id\":\"https:\/\/vosgesinfo.fr\/laplainedesvosgesinfo\/2017\/11\/contrexeville-spectacle-debat-nouvelle-saison-sur-le-passage-a-la-retraite-le-lien-social-et-lestime-de-soi\/#primaryimage\",\"url\":\"https:\/\/vosgesinfo.fr\/app\/uploads\/sites\/2\/2024\/06\/201711capture.jpg\",\"contentUrl\":\"https:\/\/vosgesinfo.fr\/app\/uploads\/sites\/2\/2024\/06\/201711capture.jpg\",\"width\":599,\"height\":397},{\"@type\":\"BreadcrumbList\",\"@id\":\"https:\/\/vosgesinfo.fr\/laplainedesvosgesinfo\/2017\/11\/contrexeville-spectacle-debat-nouvelle-saison-sur-le-passage-a-la-retraite-le-lien-social-et-lestime-de-soi\/#breadcrumb\",\"itemListElement\":[{\"@type\":\"ListItem\",\"position\":1,\"name\":\"Home\",\"item\":\"https:\/\/vosgesinfo.fr\/laplainedesvosgesinfo\/\"},{\"@type\":\"ListItem\",\"position\":2,\"name\":\"Contrex\u00e9ville &#8211; Spectacle-d\u00e9bat \u00ab Nouvelle Saison \u00bb sur le passage \u00e0 la retraite, le lien social et l\u2019estime de soi\"}]},{\"@type\":\"WebSite\",\"@id\":\"https:\/\/vosgesinfo.fr\/laplainedesvosgesinfo\/#website\",\"url\":\"https:\/\/vosgesinfo.fr\/laplainedesvosgesinfo\/\",\"name\":\"La Plaine des Vosges\",\"description\":\"Toute l&#039;actualit\u00e9 de la plaine de Vosges\",\"publisher\":{\"@id\":\"https:\/\/vosgesinfo.fr\/laplainedesvosgesinfo\/#organization\"},\"alternateName\":\"Toute l'actualit\u00e9 de la plaine des Vosges\",\"potentialAction\":[{\"@type\":\"SearchAction\",\"target\":{\"@type\":\"EntryPoint\",\"urlTemplate\":\"https:\/\/vosgesinfo.fr\/laplainedesvosgesinfo\/?s={search_term_string}\"},\"query-input\":\"required name=search_term_string\"}],\"inLanguage\":\"fr-FR\"},{\"@type\":\"Organization\",\"@id\":\"https:\/\/vosgesinfo.fr\/laplainedesvosgesinfo\/#organization\",\"name\":\"La Plaine des Vosges\",\"url\":\"https:\/\/vosgesinfo.fr\/laplainedesvosgesinfo\/\",\"logo\":{\"@type\":\"ImageObject\",\"inLanguage\":\"fr-FR\",\"@id\":\"https:\/\/vosgesinfo.fr\/laplainedesvosgesinfo\/#\/schema\/logo\/image\/\",\"url\":\"https:\/\/vosgesinfo.fr\/app\/uploads\/sites\/2\/2023\/08\/logo-laplaineinfo.svg\",\"contentUrl\":\"https:\/\/vosgesinfo.fr\/app\/uploads\/sites\/2\/2023\/08\/logo-laplaineinfo.svg\",\"width\":1,\"height\":1,\"caption\":\"La Plaine des Vosges\"},\"image\":{\"@id\":\"https:\/\/vosgesinfo.fr\/laplainedesvosgesinfo\/#\/schema\/logo\/image\/\"},\"sameAs\":[\"https:\/\/www.facebook.com\/laplainedesvosges\",\"https:\/\/x.com\/VosgesInfo88\",\"https:\/\/www.youtube.com\/@vosgesinfo\"]},{\"@type\":\"Person\",\"@id\":\"https:\/\/vosgesinfo.fr\/laplainedesvosgesinfo\/#\/schema\/person\/bc5d02d71e6932e81b6dadb7386667b1\",\"name\":\"qs_admin\",\"image\":{\"@type\":\"ImageObject\",\"inLanguage\":\"fr-FR\",\"@id\":\"https:\/\/vosgesinfo.fr\/laplainedesvosgesinfo\/#\/schema\/person\/image\/\",\"url\":\"https:\/\/secure.gravatar.com\/avatar\/94b18ee0ed79e4a42ea2f2931277b6841a8999fc6fde214600c78057cf1fe1de?s=96&d=mm&r=g\",\"contentUrl\":\"https:\/\/secure.gravatar.com\/avatar\/94b18ee0ed79e4a42ea2f2931277b6841a8999fc6fde214600c78057cf1fe1de?s=96&d=mm&r=g\",\"caption\":\"qs_admin\"},\"sameAs\":[\"https:\/\/vosgesinfo.fr\/wp\"],\"url\":\"https:\/\/vosgesinfo.fr\/laplainedesvosgesinfo\/author\/qs_admin\/\"}]}<\/script>\n<!-- \/ Yoast SEO plugin. -->","yoast_head_json":{"title":"Contrex\u00e9ville - Spectacle-d\u00e9bat \u00ab Nouvelle Saison \u00bb sur le passage \u00e0 la retraite, le lien social et l\u2019estime de soi - La Plaine des Vosges","robots":{"index":"index","follow":"follow","max-snippet":"max-snippet:-1","max-image-preview":"max-image-preview:large","max-video-preview":"max-video-preview:-1"},"canonical":"https:\/\/vosgesinfo.fr\/laplainedesvosgesinfo\/2017\/11\/contrexeville-spectacle-debat-nouvelle-saison-sur-le-passage-a-la-retraite-le-lien-social-et-lestime-de-soi\/","twitter_card":"summary_large_image","twitter_title":"Contrex\u00e9ville - Spectacle-d\u00e9bat \u00ab Nouvelle Saison \u00bb sur le passage \u00e0 la retraite, le lien social et l\u2019estime de soi - La Plaine des Vosges","twitter_description":"Le jeudi 16 novembre \u00e0 14h, la commune accueille la compagnie Soleil sous la pluie et son spetacle-d\u00e9bat \u00ab\u00a0Nouvelle Saison\u00a0\u00bb [&hellip;]","twitter_image":"https:\/\/vosgesinfo.fr\/app\/uploads\/sites\/2\/2024\/06\/201711capture.jpg","twitter_creator":"@VosgesInfo88","twitter_site":"@VosgesInfo88","twitter_misc":{"\u00c9crit par":"qs_admin","Dur\u00e9e de lecture estim\u00e9e":"1 minute"},"schema":{"@context":"https:\/\/schema.org","@graph":[{"@type":"Article","@id":"https:\/\/vosgesinfo.fr\/laplainedesvosgesinfo\/2017\/11\/contrexeville-spectacle-debat-nouvelle-saison-sur-le-passage-a-la-retraite-le-lien-social-et-lestime-de-soi\/#article","isPartOf":{"@id":"https:\/\/vosgesinfo.fr\/laplainedesvosgesinfo\/2017\/11\/contrexeville-spectacle-debat-nouvelle-saison-sur-le-passage-a-la-retraite-le-lien-social-et-lestime-de-soi\/"},"author":{"name":"qs_admin","@id":"https:\/\/vosgesinfo.fr\/laplainedesvosgesinfo\/#\/schema\/person\/bc5d02d71e6932e81b6dadb7386667b1"},"headline":"Contrex\u00e9ville &#8211; Spectacle-d\u00e9bat \u00ab Nouvelle Saison \u00bb sur le passage \u00e0 la retraite, le lien social et l\u2019estime de soi","datePublished":"2017-11-14T15:10:45+00:00","dateModified":"2017-11-14T15:10:45+00:00","mainEntityOfPage":{"@id":"https:\/\/vosgesinfo.fr\/laplainedesvosgesinfo\/2017\/11\/contrexeville-spectacle-debat-nouvelle-saison-sur-le-passage-a-la-retraite-le-lien-social-et-lestime-de-soi\/"},"wordCount":171,"commentCount":0,"publisher":{"@id":"https:\/\/vosgesinfo.fr\/laplainedesvosgesinfo\/#organization"},"image":{"@id":"https:\/\/vosgesinfo.fr\/laplainedesvosgesinfo\/2017\/11\/contrexeville-spectacle-debat-nouvelle-saison-sur-le-passage-a-la-retraite-le-lien-social-et-lestime-de-soi\/#primaryimage"},"thumbnailUrl":"https:\/\/vosgesinfo.fr\/app\/uploads\/sites\/2\/2024\/06\/201711capture.jpg","keywords":["Contrex\u00e9ville","d\u00e9bat \u00ab Nouvelle Saison \u00bb sur le passage \u00e0 la retraite","l\u2019estime de soi","le lien social","spectacle"],"articleSection":["A la Une","Contrex\u00e9ville","La Plaine","Soci\u00e9t\u00e9"],"inLanguage":"fr-FR","potentialAction":[{"@type":"CommentAction","name":"Comment","target":["https:\/\/vosgesinfo.fr\/laplainedesvosgesinfo\/2017\/11\/contrexeville-spectacle-debat-nouvelle-saison-sur-le-passage-a-la-retraite-le-lien-social-et-lestime-de-soi\/#respond"]}]},{"@type":"WebPage","@id":"https:\/\/vosgesinfo.fr\/laplainedesvosgesinfo\/2017\/11\/contrexeville-spectacle-debat-nouvelle-saison-sur-le-passage-a-la-retraite-le-lien-social-et-lestime-de-soi\/","url":"https:\/\/vosgesinfo.fr\/laplainedesvosgesinfo\/2017\/11\/contrexeville-spectacle-debat-nouvelle-saison-sur-le-passage-a-la-retraite-le-lien-social-et-lestime-de-soi\/","name":"Contrex\u00e9ville - Spectacle-d\u00e9bat \u00ab Nouvelle Saison \u00bb sur le passage \u00e0 la retraite, le lien social et l\u2019estime de soi - La Plaine des Vosges","isPartOf":{"@id":"https:\/\/vosgesinfo.fr\/laplainedesvosgesinfo\/#website"},"primaryImageOfPage":{"@id":"https:\/\/vosgesinfo.fr\/laplainedesvosgesinfo\/2017\/11\/contrexeville-spectacle-debat-nouvelle-saison-sur-le-passage-a-la-retraite-le-lien-social-et-lestime-de-soi\/#primaryimage"},"image":{"@id":"https:\/\/vosgesinfo.fr\/laplainedesvosgesinfo\/2017\/11\/contrexeville-spectacle-debat-nouvelle-saison-sur-le-passage-a-la-retraite-le-lien-social-et-lestime-de-soi\/#primaryimage"},"thumbnailUrl":"https:\/\/vosgesinfo.fr\/app\/uploads\/sites\/2\/2024\/06\/201711capture.jpg","datePublished":"2017-11-14T15:10:45+00:00","dateModified":"2017-11-14T15:10:45+00:00","breadcrumb":{"@id":"https:\/\/vosgesinfo.fr\/laplainedesvosgesinfo\/2017\/11\/contrexeville-spectacle-debat-nouvelle-saison-sur-le-passage-a-la-retraite-le-lien-social-et-lestime-de-soi\/#breadcrumb"},"inLanguage":"fr-FR","potentialAction":[{"@type":"ReadAction","target":["https:\/\/vosgesinfo.fr\/laplainedesvosgesinfo\/2017\/11\/contrexeville-spectacle-debat-nouvelle-saison-sur-le-passage-a-la-retraite-le-lien-social-et-lestime-de-soi\/"]}]},{"@type":"ImageObject","inLanguage":"fr-FR","@id":"https:\/\/vosgesinfo.fr\/laplainedesvosgesinfo\/2017\/11\/contrexeville-spectacle-debat-nouvelle-saison-sur-le-passage-a-la-retraite-le-lien-social-et-lestime-de-soi\/#primaryimage","url":"https:\/\/vosgesinfo.fr\/app\/uploads\/sites\/2\/2024\/06\/201711capture.jpg","contentUrl":"https:\/\/vosgesinfo.fr\/app\/uploads\/sites\/2\/2024\/06\/201711capture.jpg","width":599,"height":397},{"@type":"BreadcrumbList","@id":"https:\/\/vosgesinfo.fr\/laplainedesvosgesinfo\/2017\/11\/contrexeville-spectacle-debat-nouvelle-saison-sur-le-passage-a-la-retraite-le-lien-social-et-lestime-de-soi\/#breadcrumb","itemListElement":[{"@type":"ListItem","position":1,"name":"Home","item":"https:\/\/vosgesinfo.fr\/laplainedesvosgesinfo\/"},{"@type":"ListItem","position":2,"name":"Contrex\u00e9ville &#8211; Spectacle-d\u00e9bat \u00ab Nouvelle Saison \u00bb sur le passage \u00e0 la retraite, le lien social et l\u2019estime de soi"}]},{"@type":"WebSite","@id":"https:\/\/vosgesinfo.fr\/laplainedesvosgesinfo\/#website","url":"https:\/\/vosgesinfo.fr\/laplainedesvosgesinfo\/","name":"La Plaine des Vosges","description":"Toute l&#039;actualit\u00e9 de la plaine de Vosges","publisher":{"@id":"https:\/\/vosgesinfo.fr\/laplainedesvosgesinfo\/#organization"},"alternateName":"Toute l'actualit\u00e9 de la plaine des Vosges","potentialAction":[{"@type":"SearchAction","target":{"@type":"EntryPoint","urlTemplate":"https:\/\/vosgesinfo.fr\/laplainedesvosgesinfo\/?s={search_term_string}"},"query-input":"required name=search_term_string"}],"inLanguage":"fr-FR"},{"@type":"Organization","@id":"https:\/\/vosgesinfo.fr\/laplainedesvosgesinfo\/#organization","name":"La Plaine des Vosges","url":"https:\/\/vosgesinfo.fr\/laplainedesvosgesinfo\/","logo":{"@type":"ImageObject","inLanguage":"fr-FR","@id":"https:\/\/vosgesinfo.fr\/laplainedesvosgesinfo\/#\/schema\/logo\/image\/","url":"https:\/\/vosgesinfo.fr\/app\/uploads\/sites\/2\/2023\/08\/logo-laplaineinfo.svg","contentUrl":"https:\/\/vosgesinfo.fr\/app\/uploads\/sites\/2\/2023\/08\/logo-laplaineinfo.svg","width":1,"height":1,"caption":"La Plaine des Vosges"},"image":{"@id":"https:\/\/vosgesinfo.fr\/laplainedesvosgesinfo\/#\/schema\/logo\/image\/"},"sameAs":["https:\/\/www.facebook.com\/laplainedesvosges","https:\/\/x.com\/VosgesInfo88","https:\/\/www.youtube.com\/@vosgesinfo"]},{"@type":"Person","@id":"https:\/\/vosgesinfo.fr\/laplainedesvosgesinfo\/#\/schema\/person\/bc5d02d71e6932e81b6dadb7386667b1","name":"qs_admin","image":{"@type":"ImageObject","inLanguage":"fr-FR","@id":"https:\/\/vosgesinfo.fr\/laplainedesvosgesinfo\/#\/schema\/person\/image\/","url":"https:\/\/secure.gravatar.com\/avatar\/94b18ee0ed79e4a42ea2f2931277b6841a8999fc6fde214600c78057cf1fe1de?s=96&d=mm&r=g","contentUrl":"https:\/\/secure.gravatar.com\/avatar\/94b18ee0ed79e4a42ea2f2931277b6841a8999fc6fde214600c78057cf1fe1de?s=96&d=mm&r=g","caption":"qs_admin"},"sameAs":["https:\/\/vosgesinfo.fr\/wp"],"url":"https:\/\/vosgesinfo.fr\/laplainedesvosgesinfo\/author\/qs_admin\/"}]}},"_links":{"self":[{"href":"https:\/\/vosgesinfo.fr\/laplainedesvosgesinfo\/wp-json\/wp\/v2\/posts\/15448","targetHints":{"allow":["GET"]}}],"collection":[{"href":"https:\/\/vosgesinfo.fr\/laplainedesvosgesinfo\/wp-json\/wp\/v2\/posts"}],"about":[{"href":"https:\/\/vosgesinfo.fr\/laplainedesvosgesinfo\/wp-json\/wp\/v2\/types\/post"}],"author":[{"embeddable":true,"href":"https:\/\/vosgesinfo.fr\/laplainedesvosgesinfo\/wp-json\/wp\/v2\/users\/1"}],"replies":[{"embeddable":true,"href":"https:\/\/vosgesinfo.fr\/laplainedesvosgesinfo\/wp-json\/wp\/v2\/comments?post=15448"}],"version-history":[{"count":0,"href":"https:\/\/vosgesinfo.fr\/laplainedesvosgesinfo\/wp-json\/wp\/v2\/posts\/15448\/revisions"}],"wp:featuredmedia":[{"embeddable":true,"href":"https:\/\/vosgesinfo.fr\/laplainedesvosgesinfo\/wp-json\/wp\/v2\/media\/15449"}],"wp:attachment":[{"href":"https:\/\/vosgesinfo.fr\/laplainedesvosgesinfo\/wp-json\/wp\/v2\/media?parent=15448"}],"wp:term":[{"taxonomy":"category","embeddable":true,"href":"https:\/\/vosgesinfo.fr\/laplainedesvosgesinfo\/wp-json\/wp\/v2\/categories?post=15448"},{"taxonomy":"post_tag","embeddable":true,"href":"https:\/\/vosgesinfo.fr\/laplainedesvosgesinfo\/wp-json\/wp\/v2\/tags?post=15448"}],"curies":[{"name":"wp","href":"https:\/\/api.w.org\/{rel}","templated":true}]}}