{"id":15488,"date":"2017-11-16T09:52:55","date_gmt":"2017-11-16T08:52:55","guid":{"rendered":"https:\/\/vosgesinfo.fr\/laplainedesvosgesinfo\/2017\/11\/2-500-concurrents-au-cross-departemental-de-lunss\/"},"modified":"2017-11-16T09:52:55","modified_gmt":"2017-11-16T08:52:55","slug":"2-500-concurrents-au-cross-departemental-de-lunss","status":"publish","type":"post","link":"https:\/\/vosgesinfo.fr\/laplainedesvosgesinfo\/2017\/11\/2-500-concurrents-au-cross-departemental-de-lunss\/","title":{"rendered":"2 500 concurrents au cross d\u00e9partemental de l\u2019UNSS"},"content":{"rendered":"<p style=\"text-align: justify;\"><a href=\"\/2017\/11\/02-D-\u00aepart-CE-2-Cross-UNSS-Matin.jpg\"><img decoding=\"async\" class=\"aligncenter size-full wp-image-92844\" src=\"\/2017\/11\/02-D-\u00aepart-CE-2-Cross-UNSS-Matin.jpg\" alt=\"02-D-\u00aepart-CE-2-Cross-UNSS-Matin\" width=\"1181\" height=\"886\" \/><\/a><\/p>\n<p style=\"text-align: justify;\">Quelque 2.500 jeunes gens ont particip\u00e9 aux championnats des Vosges de cross-country de l\u2019UNSS (Union Nationale du Sport Scolaire) ce mercredi 15 novembre 2017 \u00e0 Saint-Nabord. Ils \u00e9taient un millier des \u00e9coles primaires du bassin de Remiremont le matin et 1.500 des coll\u00e8ges et lyc\u00e9es du d\u00e9partement l\u2019apr\u00e8s-midi.<\/p>\n<p style=\"text-align: justify;\">919 coll\u00e9giens et lyc\u00e9ens r\u00e9partis en 385 benjamins, 304 minimes gar\u00e7ons, 167 cadets, 63 juniors gar\u00e7ons et 549 coll\u00e9giennes et lyc\u00e9ennes r\u00e9parties en 245 benjamines, 192 minimes, 91 cadettes et 21 juniores.<\/p>\n<p style=\"text-align: justify;\">A ce jeu, les titres sont revenus \u00e0<\/p>\n<ul style=\"text-align: justify;\">\n<li>Louane Parissse (coll\u00e8ge Jean Mont\u00e9mont de Rupt-sur-Moselle) en benjamines,<\/li>\n<li>Adelson Paugain (coll\u00e8ge Cl\u00e9menceau Epinal) en benjamines,<\/li>\n<li>Cl\u00e9mence Choffel (coll\u00e8ge Lyautey Contrex\u00e9ville) en minimes filles,<\/li>\n<li>Tom Rochat (coll\u00e8ge La Haie Griselle G\u00e9rardmer) en minimes,<\/li>\n<li>Emma Scheibel (lyc\u00e9e Claude Gell\u00e9e Epinal) en cadettes,<\/li>\n<li>Pierre Dazy (lyc\u00e9e Jean Lur\u00e7at Bruy\u00e8res) en cadets,<\/li>\n<li>Marl\u00e8ne Candau (lyc\u00e9e agricole Mirecourt) en juniores,<\/li>\n<li>Romain Didierlaurent (lyc\u00e9e La Haie-Griselle G\u00e9rardmer) en juniors.<\/li>\n<\/ul>\n<p style=\"text-align: justify;\">Par \u00e9quipes, les titres couronnent le coll\u00e8ge Louis-Armand de Golbey en benjamins, le coll\u00e8ge La Haie-Griselle de G\u00e9rardmer en minimes, le lyc\u00e9e La Haie-Griselle de G\u00e9rardmer en lyc\u00e9es mixtes et le lyc\u00e9e Viviani d\u2019Epinal en lyc\u00e9es professionnels.<\/p>\n<p style=\"text-align: justify;\"><strong>D.J.<\/strong><\/p>\n<p style=\"text-align: justify;\">Tous les r\u00e9sultats individuels<\/p>\n<p style=\"text-align: justify;\"><a href=\"http:\/\/remiremontinfo.fr\/wp-content\/uploads\/2017\/11\/Classement-INDI-Toutes-UNSS.pdf\">des coll\u00e8ges et lyc\u00e9es <\/a><\/p>\n<p style=\"text-align: justify;\"><a href=\"http:\/\/remiremontinfo.fr\/wp-content\/uploads\/2017\/11\/RESULTATS-PRIMAIRES.pdf\">des \u00e9coles primaires<\/a><\/p>\n<p style=\"text-align: justify;\"><a href=\"http:\/\/remiremontinfo.fr\/wp-content\/uploads\/2017\/11\/Classement-par-\u00e9quipe-UNSS.pdf\">par \u00e9quipes UNSS<\/a>.<\/p>\n<p style=\"text-align: justify;\"><strong>Photographies : Jean-Claude Olczyk.\u00a0<\/strong><\/p>\n","protected":false},"excerpt":{"rendered":"<p>Quelque 2.500 jeunes gens ont particip\u00e9 aux championnats des Vosges de cross-country de l\u2019UNSS (Union Nationale du Sport Scolaire) ce [&hellip;]<\/p>\n","protected":false},"author":1,"featured_media":15489,"comment_status":"open","ping_status":"open","sticky":false,"template":"","format":"standard","meta":{"footnotes":""},"categories":[29,14,18],"tags":[5629,233],"class_list":["post-15488","post","type-post","status-publish","format-standard","has-post-thumbnail","hentry","category-a-la-une","category-sport","category-vosges","tag-2-500-concurrents-au-cross-departemental-de-lunss","tag-vosges"],"acf":[],"yoast_head":"<!-- This site is optimized with the Yoast SEO plugin v22.5 - https:\/\/yoast.com\/wordpress\/plugins\/seo\/ -->\n<title>2 500 concurrents au cross d\u00e9partemental de l\u2019UNSS - La Plaine des Vosges<\/title>\n<meta name=\"robots\" content=\"index, follow, max-snippet:-1, max-image-preview:large, max-video-preview:-1\" \/>\n<link rel=\"canonical\" href=\"https:\/\/vosgesinfo.fr\/laplainedesvosgesinfo\/2017\/11\/2-500-concurrents-au-cross-departemental-de-lunss\/\" \/>\n<meta name=\"twitter:card\" content=\"summary_large_image\" \/>\n<meta name=\"twitter:title\" content=\"2 500 concurrents au cross d\u00e9partemental de l\u2019UNSS - La Plaine des Vosges\" \/>\n<meta name=\"twitter:description\" content=\"Quelque 2.500 jeunes gens ont particip\u00e9 aux championnats des Vosges de cross-country de l\u2019UNSS (Union Nationale du Sport Scolaire) ce [&hellip;]\" \/>\n<meta name=\"twitter:image\" content=\"https:\/\/vosgesinfo.fr\/app\/uploads\/sites\/2\/2024\/06\/20171102-d-\u00aepart-ce-2-cross-unss-matin.jpg\" \/>\n<meta name=\"twitter:creator\" content=\"@VosgesInfo88\" \/>\n<meta name=\"twitter:site\" content=\"@VosgesInfo88\" \/>\n<meta name=\"twitter:label1\" content=\"\u00c9crit par\" \/>\n\t<meta name=\"twitter:data1\" content=\"qs_admin\" \/>\n\t<meta name=\"twitter:label2\" content=\"Dur\u00e9e de lecture estim\u00e9e\" \/>\n\t<meta name=\"twitter:data2\" content=\"1 minute\" \/>\n<script type=\"application\/ld+json\" class=\"yoast-schema-graph\">{\"@context\":\"https:\/\/schema.org\",\"@graph\":[{\"@type\":\"Article\",\"@id\":\"https:\/\/vosgesinfo.fr\/laplainedesvosgesinfo\/2017\/11\/2-500-concurrents-au-cross-departemental-de-lunss\/#article\",\"isPartOf\":{\"@id\":\"https:\/\/vosgesinfo.fr\/laplainedesvosgesinfo\/2017\/11\/2-500-concurrents-au-cross-departemental-de-lunss\/\"},\"author\":{\"name\":\"qs_admin\",\"@id\":\"https:\/\/vosgesinfo.fr\/laplainedesvosgesinfo\/#\/schema\/person\/bc5d02d71e6932e81b6dadb7386667b1\"},\"headline\":\"2 500 concurrents au cross d\u00e9partemental de l\u2019UNSS\",\"datePublished\":\"2017-11-16T08:52:55+00:00\",\"dateModified\":\"2017-11-16T08:52:55+00:00\",\"mainEntityOfPage\":{\"@id\":\"https:\/\/vosgesinfo.fr\/laplainedesvosgesinfo\/2017\/11\/2-500-concurrents-au-cross-departemental-de-lunss\/\"},\"wordCount\":244,\"commentCount\":0,\"publisher\":{\"@id\":\"https:\/\/vosgesinfo.fr\/laplainedesvosgesinfo\/#organization\"},\"image\":{\"@id\":\"https:\/\/vosgesinfo.fr\/laplainedesvosgesinfo\/2017\/11\/2-500-concurrents-au-cross-departemental-de-lunss\/#primaryimage\"},\"thumbnailUrl\":\"https:\/\/vosgesinfo.fr\/app\/uploads\/sites\/2\/2024\/06\/20171102-d-\u00aepart-ce-2-cross-unss-matin.jpg\",\"keywords\":[\"2 500 concurrents au cross d\u00e9partemental de l\u2019UNSS\",\"Vosges\"],\"articleSection\":[\"A la Une\",\"Sport\",\"Vosges\"],\"inLanguage\":\"fr-FR\",\"potentialAction\":[{\"@type\":\"CommentAction\",\"name\":\"Comment\",\"target\":[\"https:\/\/vosgesinfo.fr\/laplainedesvosgesinfo\/2017\/11\/2-500-concurrents-au-cross-departemental-de-lunss\/#respond\"]}]},{\"@type\":\"WebPage\",\"@id\":\"https:\/\/vosgesinfo.fr\/laplainedesvosgesinfo\/2017\/11\/2-500-concurrents-au-cross-departemental-de-lunss\/\",\"url\":\"https:\/\/vosgesinfo.fr\/laplainedesvosgesinfo\/2017\/11\/2-500-concurrents-au-cross-departemental-de-lunss\/\",\"name\":\"2 500 concurrents au cross d\u00e9partemental de l\u2019UNSS - La Plaine des Vosges\",\"isPartOf\":{\"@id\":\"https:\/\/vosgesinfo.fr\/laplainedesvosgesinfo\/#website\"},\"primaryImageOfPage\":{\"@id\":\"https:\/\/vosgesinfo.fr\/laplainedesvosgesinfo\/2017\/11\/2-500-concurrents-au-cross-departemental-de-lunss\/#primaryimage\"},\"image\":{\"@id\":\"https:\/\/vosgesinfo.fr\/laplainedesvosgesinfo\/2017\/11\/2-500-concurrents-au-cross-departemental-de-lunss\/#primaryimage\"},\"thumbnailUrl\":\"https:\/\/vosgesinfo.fr\/app\/uploads\/sites\/2\/2024\/06\/20171102-d-\u00aepart-ce-2-cross-unss-matin.jpg\",\"datePublished\":\"2017-11-16T08:52:55+00:00\",\"dateModified\":\"2017-11-16T08:52:55+00:00\",\"breadcrumb\":{\"@id\":\"https:\/\/vosgesinfo.fr\/laplainedesvosgesinfo\/2017\/11\/2-500-concurrents-au-cross-departemental-de-lunss\/#breadcrumb\"},\"inLanguage\":\"fr-FR\",\"potentialAction\":[{\"@type\":\"ReadAction\",\"target\":[\"https:\/\/vosgesinfo.fr\/laplainedesvosgesinfo\/2017\/11\/2-500-concurrents-au-cross-departemental-de-lunss\/\"]}]},{\"@type\":\"ImageObject\",\"inLanguage\":\"fr-FR\",\"@id\":\"https:\/\/vosgesinfo.fr\/laplainedesvosgesinfo\/2017\/11\/2-500-concurrents-au-cross-departemental-de-lunss\/#primaryimage\",\"url\":\"https:\/\/vosgesinfo.fr\/app\/uploads\/sites\/2\/2024\/06\/20171102-d-\u00aepart-ce-2-cross-unss-matin.jpg\",\"contentUrl\":\"https:\/\/vosgesinfo.fr\/app\/uploads\/sites\/2\/2024\/06\/20171102-d-\u00aepart-ce-2-cross-unss-matin.jpg\",\"width\":1181,\"height\":886},{\"@type\":\"BreadcrumbList\",\"@id\":\"https:\/\/vosgesinfo.fr\/laplainedesvosgesinfo\/2017\/11\/2-500-concurrents-au-cross-departemental-de-lunss\/#breadcrumb\",\"itemListElement\":[{\"@type\":\"ListItem\",\"position\":1,\"name\":\"Home\",\"item\":\"https:\/\/vosgesinfo.fr\/laplainedesvosgesinfo\/\"},{\"@type\":\"ListItem\",\"position\":2,\"name\":\"2 500 concurrents au cross d\u00e9partemental de l\u2019UNSS\"}]},{\"@type\":\"WebSite\",\"@id\":\"https:\/\/vosgesinfo.fr\/laplainedesvosgesinfo\/#website\",\"url\":\"https:\/\/vosgesinfo.fr\/laplainedesvosgesinfo\/\",\"name\":\"La Plaine des Vosges\",\"description\":\"Toute l&#039;actualit\u00e9 de la plaine de Vosges\",\"publisher\":{\"@id\":\"https:\/\/vosgesinfo.fr\/laplainedesvosgesinfo\/#organization\"},\"alternateName\":\"Toute l'actualit\u00e9 de la plaine des Vosges\",\"potentialAction\":[{\"@type\":\"SearchAction\",\"target\":{\"@type\":\"EntryPoint\",\"urlTemplate\":\"https:\/\/vosgesinfo.fr\/laplainedesvosgesinfo\/?s={search_term_string}\"},\"query-input\":\"required name=search_term_string\"}],\"inLanguage\":\"fr-FR\"},{\"@type\":\"Organization\",\"@id\":\"https:\/\/vosgesinfo.fr\/laplainedesvosgesinfo\/#organization\",\"name\":\"La Plaine des Vosges\",\"url\":\"https:\/\/vosgesinfo.fr\/laplainedesvosgesinfo\/\",\"logo\":{\"@type\":\"ImageObject\",\"inLanguage\":\"fr-FR\",\"@id\":\"https:\/\/vosgesinfo.fr\/laplainedesvosgesinfo\/#\/schema\/logo\/image\/\",\"url\":\"https:\/\/vosgesinfo.fr\/app\/uploads\/sites\/2\/2023\/08\/logo-laplaineinfo.svg\",\"contentUrl\":\"https:\/\/vosgesinfo.fr\/app\/uploads\/sites\/2\/2023\/08\/logo-laplaineinfo.svg\",\"width\":1,\"height\":1,\"caption\":\"La Plaine des Vosges\"},\"image\":{\"@id\":\"https:\/\/vosgesinfo.fr\/laplainedesvosgesinfo\/#\/schema\/logo\/image\/\"},\"sameAs\":[\"https:\/\/www.facebook.com\/laplainedesvosges\",\"https:\/\/x.com\/VosgesInfo88\",\"https:\/\/www.youtube.com\/@vosgesinfo\"]},{\"@type\":\"Person\",\"@id\":\"https:\/\/vosgesinfo.fr\/laplainedesvosgesinfo\/#\/schema\/person\/bc5d02d71e6932e81b6dadb7386667b1\",\"name\":\"qs_admin\",\"image\":{\"@type\":\"ImageObject\",\"inLanguage\":\"fr-FR\",\"@id\":\"https:\/\/vosgesinfo.fr\/laplainedesvosgesinfo\/#\/schema\/person\/image\/\",\"url\":\"https:\/\/secure.gravatar.com\/avatar\/94b18ee0ed79e4a42ea2f2931277b6841a8999fc6fde214600c78057cf1fe1de?s=96&d=mm&r=g\",\"contentUrl\":\"https:\/\/secure.gravatar.com\/avatar\/94b18ee0ed79e4a42ea2f2931277b6841a8999fc6fde214600c78057cf1fe1de?s=96&d=mm&r=g\",\"caption\":\"qs_admin\"},\"sameAs\":[\"https:\/\/vosgesinfo.fr\/wp\"],\"url\":\"https:\/\/vosgesinfo.fr\/laplainedesvosgesinfo\/author\/qs_admin\/\"}]}<\/script>\n<!-- \/ Yoast SEO plugin. -->","yoast_head_json":{"title":"2 500 concurrents au cross d\u00e9partemental de l\u2019UNSS - La Plaine des Vosges","robots":{"index":"index","follow":"follow","max-snippet":"max-snippet:-1","max-image-preview":"max-image-preview:large","max-video-preview":"max-video-preview:-1"},"canonical":"https:\/\/vosgesinfo.fr\/laplainedesvosgesinfo\/2017\/11\/2-500-concurrents-au-cross-departemental-de-lunss\/","twitter_card":"summary_large_image","twitter_title":"2 500 concurrents au cross d\u00e9partemental de l\u2019UNSS - La Plaine des Vosges","twitter_description":"Quelque 2.500 jeunes gens ont particip\u00e9 aux championnats des Vosges de cross-country de l\u2019UNSS (Union Nationale du Sport Scolaire) ce [&hellip;]","twitter_image":"https:\/\/vosgesinfo.fr\/app\/uploads\/sites\/2\/2024\/06\/20171102-d-\u00aepart-ce-2-cross-unss-matin.jpg","twitter_creator":"@VosgesInfo88","twitter_site":"@VosgesInfo88","twitter_misc":{"\u00c9crit par":"qs_admin","Dur\u00e9e de lecture estim\u00e9e":"1 minute"},"schema":{"@context":"https:\/\/schema.org","@graph":[{"@type":"Article","@id":"https:\/\/vosgesinfo.fr\/laplainedesvosgesinfo\/2017\/11\/2-500-concurrents-au-cross-departemental-de-lunss\/#article","isPartOf":{"@id":"https:\/\/vosgesinfo.fr\/laplainedesvosgesinfo\/2017\/11\/2-500-concurrents-au-cross-departemental-de-lunss\/"},"author":{"name":"qs_admin","@id":"https:\/\/vosgesinfo.fr\/laplainedesvosgesinfo\/#\/schema\/person\/bc5d02d71e6932e81b6dadb7386667b1"},"headline":"2 500 concurrents au cross d\u00e9partemental de l\u2019UNSS","datePublished":"2017-11-16T08:52:55+00:00","dateModified":"2017-11-16T08:52:55+00:00","mainEntityOfPage":{"@id":"https:\/\/vosgesinfo.fr\/laplainedesvosgesinfo\/2017\/11\/2-500-concurrents-au-cross-departemental-de-lunss\/"},"wordCount":244,"commentCount":0,"publisher":{"@id":"https:\/\/vosgesinfo.fr\/laplainedesvosgesinfo\/#organization"},"image":{"@id":"https:\/\/vosgesinfo.fr\/laplainedesvosgesinfo\/2017\/11\/2-500-concurrents-au-cross-departemental-de-lunss\/#primaryimage"},"thumbnailUrl":"https:\/\/vosgesinfo.fr\/app\/uploads\/sites\/2\/2024\/06\/20171102-d-\u00aepart-ce-2-cross-unss-matin.jpg","keywords":["2 500 concurrents au cross d\u00e9partemental de l\u2019UNSS","Vosges"],"articleSection":["A la Une","Sport","Vosges"],"inLanguage":"fr-FR","potentialAction":[{"@type":"CommentAction","name":"Comment","target":["https:\/\/vosgesinfo.fr\/laplainedesvosgesinfo\/2017\/11\/2-500-concurrents-au-cross-departemental-de-lunss\/#respond"]}]},{"@type":"WebPage","@id":"https:\/\/vosgesinfo.fr\/laplainedesvosgesinfo\/2017\/11\/2-500-concurrents-au-cross-departemental-de-lunss\/","url":"https:\/\/vosgesinfo.fr\/laplainedesvosgesinfo\/2017\/11\/2-500-concurrents-au-cross-departemental-de-lunss\/","name":"2 500 concurrents au cross d\u00e9partemental de l\u2019UNSS - La Plaine des Vosges","isPartOf":{"@id":"https:\/\/vosgesinfo.fr\/laplainedesvosgesinfo\/#website"},"primaryImageOfPage":{"@id":"https:\/\/vosgesinfo.fr\/laplainedesvosgesinfo\/2017\/11\/2-500-concurrents-au-cross-departemental-de-lunss\/#primaryimage"},"image":{"@id":"https:\/\/vosgesinfo.fr\/laplainedesvosgesinfo\/2017\/11\/2-500-concurrents-au-cross-departemental-de-lunss\/#primaryimage"},"thumbnailUrl":"https:\/\/vosgesinfo.fr\/app\/uploads\/sites\/2\/2024\/06\/20171102-d-\u00aepart-ce-2-cross-unss-matin.jpg","datePublished":"2017-11-16T08:52:55+00:00","dateModified":"2017-11-16T08:52:55+00:00","breadcrumb":{"@id":"https:\/\/vosgesinfo.fr\/laplainedesvosgesinfo\/2017\/11\/2-500-concurrents-au-cross-departemental-de-lunss\/#breadcrumb"},"inLanguage":"fr-FR","potentialAction":[{"@type":"ReadAction","target":["https:\/\/vosgesinfo.fr\/laplainedesvosgesinfo\/2017\/11\/2-500-concurrents-au-cross-departemental-de-lunss\/"]}]},{"@type":"ImageObject","inLanguage":"fr-FR","@id":"https:\/\/vosgesinfo.fr\/laplainedesvosgesinfo\/2017\/11\/2-500-concurrents-au-cross-departemental-de-lunss\/#primaryimage","url":"https:\/\/vosgesinfo.fr\/app\/uploads\/sites\/2\/2024\/06\/20171102-d-\u00aepart-ce-2-cross-unss-matin.jpg","contentUrl":"https:\/\/vosgesinfo.fr\/app\/uploads\/sites\/2\/2024\/06\/20171102-d-\u00aepart-ce-2-cross-unss-matin.jpg","width":1181,"height":886},{"@type":"BreadcrumbList","@id":"https:\/\/vosgesinfo.fr\/laplainedesvosgesinfo\/2017\/11\/2-500-concurrents-au-cross-departemental-de-lunss\/#breadcrumb","itemListElement":[{"@type":"ListItem","position":1,"name":"Home","item":"https:\/\/vosgesinfo.fr\/laplainedesvosgesinfo\/"},{"@type":"ListItem","position":2,"name":"2 500 concurrents au cross d\u00e9partemental de l\u2019UNSS"}]},{"@type":"WebSite","@id":"https:\/\/vosgesinfo.fr\/laplainedesvosgesinfo\/#website","url":"https:\/\/vosgesinfo.fr\/laplainedesvosgesinfo\/","name":"La Plaine des Vosges","description":"Toute l&#039;actualit\u00e9 de la plaine de Vosges","publisher":{"@id":"https:\/\/vosgesinfo.fr\/laplainedesvosgesinfo\/#organization"},"alternateName":"Toute l'actualit\u00e9 de la plaine des Vosges","potentialAction":[{"@type":"SearchAction","target":{"@type":"EntryPoint","urlTemplate":"https:\/\/vosgesinfo.fr\/laplainedesvosgesinfo\/?s={search_term_string}"},"query-input":"required name=search_term_string"}],"inLanguage":"fr-FR"},{"@type":"Organization","@id":"https:\/\/vosgesinfo.fr\/laplainedesvosgesinfo\/#organization","name":"La Plaine des Vosges","url":"https:\/\/vosgesinfo.fr\/laplainedesvosgesinfo\/","logo":{"@type":"ImageObject","inLanguage":"fr-FR","@id":"https:\/\/vosgesinfo.fr\/laplainedesvosgesinfo\/#\/schema\/logo\/image\/","url":"https:\/\/vosgesinfo.fr\/app\/uploads\/sites\/2\/2023\/08\/logo-laplaineinfo.svg","contentUrl":"https:\/\/vosgesinfo.fr\/app\/uploads\/sites\/2\/2023\/08\/logo-laplaineinfo.svg","width":1,"height":1,"caption":"La Plaine des Vosges"},"image":{"@id":"https:\/\/vosgesinfo.fr\/laplainedesvosgesinfo\/#\/schema\/logo\/image\/"},"sameAs":["https:\/\/www.facebook.com\/laplainedesvosges","https:\/\/x.com\/VosgesInfo88","https:\/\/www.youtube.com\/@vosgesinfo"]},{"@type":"Person","@id":"https:\/\/vosgesinfo.fr\/laplainedesvosgesinfo\/#\/schema\/person\/bc5d02d71e6932e81b6dadb7386667b1","name":"qs_admin","image":{"@type":"ImageObject","inLanguage":"fr-FR","@id":"https:\/\/vosgesinfo.fr\/laplainedesvosgesinfo\/#\/schema\/person\/image\/","url":"https:\/\/secure.gravatar.com\/avatar\/94b18ee0ed79e4a42ea2f2931277b6841a8999fc6fde214600c78057cf1fe1de?s=96&d=mm&r=g","contentUrl":"https:\/\/secure.gravatar.com\/avatar\/94b18ee0ed79e4a42ea2f2931277b6841a8999fc6fde214600c78057cf1fe1de?s=96&d=mm&r=g","caption":"qs_admin"},"sameAs":["https:\/\/vosgesinfo.fr\/wp"],"url":"https:\/\/vosgesinfo.fr\/laplainedesvosgesinfo\/author\/qs_admin\/"}]}},"_links":{"self":[{"href":"https:\/\/vosgesinfo.fr\/laplainedesvosgesinfo\/wp-json\/wp\/v2\/posts\/15488","targetHints":{"allow":["GET"]}}],"collection":[{"href":"https:\/\/vosgesinfo.fr\/laplainedesvosgesinfo\/wp-json\/wp\/v2\/posts"}],"about":[{"href":"https:\/\/vosgesinfo.fr\/laplainedesvosgesinfo\/wp-json\/wp\/v2\/types\/post"}],"author":[{"embeddable":true,"href":"https:\/\/vosgesinfo.fr\/laplainedesvosgesinfo\/wp-json\/wp\/v2\/users\/1"}],"replies":[{"embeddable":true,"href":"https:\/\/vosgesinfo.fr\/laplainedesvosgesinfo\/wp-json\/wp\/v2\/comments?post=15488"}],"version-history":[{"count":0,"href":"https:\/\/vosgesinfo.fr\/laplainedesvosgesinfo\/wp-json\/wp\/v2\/posts\/15488\/revisions"}],"wp:featuredmedia":[{"embeddable":true,"href":"https:\/\/vosgesinfo.fr\/laplainedesvosgesinfo\/wp-json\/wp\/v2\/media\/15489"}],"wp:attachment":[{"href":"https:\/\/vosgesinfo.fr\/laplainedesvosgesinfo\/wp-json\/wp\/v2\/media?parent=15488"}],"wp:term":[{"taxonomy":"category","embeddable":true,"href":"https:\/\/vosgesinfo.fr\/laplainedesvosgesinfo\/wp-json\/wp\/v2\/categories?post=15488"},{"taxonomy":"post_tag","embeddable":true,"href":"https:\/\/vosgesinfo.fr\/laplainedesvosgesinfo\/wp-json\/wp\/v2\/tags?post=15488"}],"curies":[{"name":"wp","href":"https:\/\/api.w.org\/{rel}","templated":true}]}}