{"id":1614,"date":"2024-02-21T13:31:17","date_gmt":"2024-02-21T12:31:17","guid":{"rendered":"https:\/\/vosgesinfo.fr\/laplainedesvosgesinfo\/?p=1614"},"modified":"2024-02-21T13:31:17","modified_gmt":"2024-02-21T12:31:17","slug":"mirecourt-a-lordre-du-jour-du-prochain-conseil-municipal","status":"publish","type":"post","link":"https:\/\/vosgesinfo.fr\/laplainedesvosgesinfo\/2024\/02\/mirecourt-a-lordre-du-jour-du-prochain-conseil-municipal\/","title":{"rendered":"Mirecourt &#8211; \u00e0 l&rsquo;ordre du jour du prochain conseil municipal"},"content":{"rendered":"<p><a href=\"https:\/\/vosgesinfo.fr\/app\/uploads\/sites\/2\/2020\/03\/conseil-municipal.jpg\"><img decoding=\"async\" class=\"aligncenter size-medium wp-image-600\" src=\"https:\/\/vosgesinfo.fr\/app\/uploads\/sites\/2\/2020\/03\/conseil-municipal-300x145.jpg\" alt=\"\" width=\"300\" height=\"145\" srcset=\"https:\/\/vosgesinfo.fr\/app\/uploads\/sites\/2\/2020\/03\/conseil-municipal-300x145.jpg 300w, https:\/\/vosgesinfo.fr\/app\/uploads\/sites\/2\/2020\/03\/conseil-municipal.jpg 715w\" sizes=\"(max-width: 300px) 100vw, 300px\" \/><\/a><\/p>\n<p>&nbsp;<\/p>\n<p>La prochaine r\u00e9union aura lieu MIRECOURT &#8211; Espace Flambeau, le mardi 27 f\u00e9vrier 2024 \u00e0 20 h 00.<br \/>\nL&rsquo;ordre du jour sera le suivant :<br \/>\n\u2022 Oi. Approbation des PV des r\u00e9unions pr\u00e9c\u00e9dentes<br \/>\n\u2022 Oii. Approbation des compte rendu des d\u00e9cisions de la Pr\u00e9sidente<br \/>\n\u2022 Oiii. Approbation des d\u00e9cisions du Bureau<br \/>\n\u2022 1. Installation d&rsquo;un nouveau conseiller communautaire<br \/>\n\u2022 2.Commissions intercommunales th\u00e9matiques<br \/>\n\u2022 3. Comptes de gestion<br \/>\n\u2022 4.a Compte administratif Budget Principal 2023<br \/>\n\u2022 4.b Compte administratif Budget Assainissement 2023<br \/>\n\u2022 4.c Compte administratif Budget ZAE 2023<br \/>\n\u2022 5.a Affectation de r\u00e9sultats Budget Principal 2023<br \/>\n\u2022 5.b Affectation de r\u00e9sultats Budget Assainissement 2023<br \/>\n\u2022 5.c Affectation de r\u00e9sultats Budget ZAE 2023<br \/>\n\u2022 6. D\u00e9bat d&rsquo;orientation budg\u00e9taire 2024 ;<br \/>\n\u2022 7. Ouverture de cr\u00e9dits d\u2019investissements 2024<br \/>\n\u2022 8. R\u00e8glement budg\u00e9taire et financier<br \/>\n\u2022 9. Participation financi\u00e8re pour la gestion des r\u00e9seaux unitaires au titre de l&rsquo;ann\u00e9e 2025 ;<br \/>\n\u2022 10. Extension des r\u00e9seaux secs pour alimenter la station d\u2019\u00e9puration d\u2019O\u00eblleville<br \/>\n\u2022 11. D\u00e9signation des repr\u00e9sentants \u00e0 la SCALEN<br \/>\n\u2022 12a. Tableau des effectifs : cr\u00e9ation de poste changement de fili\u00e8re<br \/>\n\u2022 12b.tableau des effectif : cr\u00e9ation de poste chef de projet m\u00e9tier d&rsquo;art<br \/>\n\u2022 12c.Tableau des effectifs : cr\u00e9ation de poste ingenieur<br \/>\n\u2022 12d. Tableau des effectifs : suppressions de postes<br \/>\n\u2022 12e. Tableau des effectifs : cr\u00e9ation de poste: animateur<br \/>\n\u2022 13. R\u00e8gles d\u2019ouverture, de fonctionnement, de gestion, d\u2019utilisation et de cl\u00f4ture du compte<br \/>\n\u00e9pargne-temps ;<br \/>\n\u2022 14. Autorisation absence pour pathologies chroniques ;<br \/>\n\u2022 15. Don de cong\u00e9s<br \/>\n\u2022 16. AMI (Appel \u00e0 Manifestation d\u2019Int\u00e9r\u00eat) \u00ab Rebond industriel \u00bb<br \/>\n\u2022 17. Adh\u00e9sion \u00e0 l&rsquo;Agence D\u00e9partemental pour le Logement (ADIL)<br \/>\n\u2022 18. D\u00e9signation d\u2019un r\u00e9f\u00e9rent d\u00e9ontologue \u00e9lu local ;<br \/>\nQuestion(s) diverse(s) :<br \/>\n\u2022 Questions et informations diverses : [[[<\/p>\n","protected":false},"excerpt":{"rendered":"<p>&nbsp; La prochaine r\u00e9union aura lieu MIRECOURT &#8211; Espace Flambeau, le mardi 27 f\u00e9vrier 2024 \u00e0 20 h 00. L&rsquo;ordre [&hellip;]<\/p>\n","protected":false},"author":42,"featured_media":600,"comment_status":"open","ping_status":"open","sticky":false,"template":"","format":"standard","meta":{"footnotes":""},"categories":[29,21,10],"tags":[],"class_list":["post-1614","post","type-post","status-publish","format-standard","has-post-thumbnail","hentry","category-a-la-une","category-mirecourt","category-politique"],"acf":[],"yoast_head":"<!-- This site is optimized with the Yoast SEO plugin v22.5 - https:\/\/yoast.com\/wordpress\/plugins\/seo\/ -->\n<title>Mirecourt - \u00e0 l&#039;ordre du jour du prochain conseil municipal - La Plaine des Vosges<\/title>\n<meta name=\"robots\" content=\"index, follow, max-snippet:-1, max-image-preview:large, max-video-preview:-1\" \/>\n<link rel=\"canonical\" href=\"https:\/\/vosgesinfo.fr\/laplainedesvosgesinfo\/2024\/02\/mirecourt-a-lordre-du-jour-du-prochain-conseil-municipal\/\" \/>\n<meta name=\"twitter:card\" content=\"summary_large_image\" \/>\n<meta name=\"twitter:title\" content=\"Mirecourt - \u00e0 l&#039;ordre du jour du prochain conseil municipal - La Plaine des Vosges\" \/>\n<meta name=\"twitter:description\" content=\"&nbsp; La prochaine r\u00e9union aura lieu MIRECOURT &#8211; Espace Flambeau, le mardi 27 f\u00e9vrier 2024 \u00e0 20 h 00. L&rsquo;ordre [&hellip;]\" \/>\n<meta name=\"twitter:image\" content=\"https:\/\/vosgesinfo.fr\/app\/uploads\/sites\/2\/2020\/03\/conseil-municipal.jpg\" \/>\n<meta name=\"twitter:creator\" content=\"@VosgesInfo88\" \/>\n<meta name=\"twitter:site\" content=\"@VosgesInfo88\" \/>\n<meta name=\"twitter:label1\" content=\"\u00c9crit par\" \/>\n\t<meta name=\"twitter:data1\" content=\"QG\" \/>\n\t<meta name=\"twitter:label2\" content=\"Dur\u00e9e de lecture estim\u00e9e\" \/>\n\t<meta name=\"twitter:data2\" content=\"1 minute\" \/>\n<script type=\"application\/ld+json\" class=\"yoast-schema-graph\">{\"@context\":\"https:\/\/schema.org\",\"@graph\":[{\"@type\":\"Article\",\"@id\":\"https:\/\/vosgesinfo.fr\/laplainedesvosgesinfo\/2024\/02\/mirecourt-a-lordre-du-jour-du-prochain-conseil-municipal\/#article\",\"isPartOf\":{\"@id\":\"https:\/\/vosgesinfo.fr\/laplainedesvosgesinfo\/2024\/02\/mirecourt-a-lordre-du-jour-du-prochain-conseil-municipal\/\"},\"author\":{\"name\":\"QG\",\"@id\":\"https:\/\/vosgesinfo.fr\/laplainedesvosgesinfo\/#\/schema\/person\/db5605779a843dad16b5368f3e7613a5\"},\"headline\":\"Mirecourt &#8211; \u00e0 l&rsquo;ordre du jour du prochain conseil municipal\",\"datePublished\":\"2024-02-21T12:31:17+00:00\",\"dateModified\":\"2024-02-21T12:31:17+00:00\",\"mainEntityOfPage\":{\"@id\":\"https:\/\/vosgesinfo.fr\/laplainedesvosgesinfo\/2024\/02\/mirecourt-a-lordre-du-jour-du-prochain-conseil-municipal\/\"},\"wordCount\":282,\"commentCount\":0,\"publisher\":{\"@id\":\"https:\/\/vosgesinfo.fr\/laplainedesvosgesinfo\/#organization\"},\"image\":{\"@id\":\"https:\/\/vosgesinfo.fr\/laplainedesvosgesinfo\/2024\/02\/mirecourt-a-lordre-du-jour-du-prochain-conseil-municipal\/#primaryimage\"},\"thumbnailUrl\":\"https:\/\/vosgesinfo.fr\/app\/uploads\/sites\/2\/2020\/03\/conseil-municipal.jpg\",\"articleSection\":[\"A la Une\",\"Mirecourt\",\"Politique\"],\"inLanguage\":\"fr-FR\",\"potentialAction\":[{\"@type\":\"CommentAction\",\"name\":\"Comment\",\"target\":[\"https:\/\/vosgesinfo.fr\/laplainedesvosgesinfo\/2024\/02\/mirecourt-a-lordre-du-jour-du-prochain-conseil-municipal\/#respond\"]}]},{\"@type\":\"WebPage\",\"@id\":\"https:\/\/vosgesinfo.fr\/laplainedesvosgesinfo\/2024\/02\/mirecourt-a-lordre-du-jour-du-prochain-conseil-municipal\/\",\"url\":\"https:\/\/vosgesinfo.fr\/laplainedesvosgesinfo\/2024\/02\/mirecourt-a-lordre-du-jour-du-prochain-conseil-municipal\/\",\"name\":\"Mirecourt - \u00e0 l'ordre du jour du prochain conseil municipal - La Plaine des Vosges\",\"isPartOf\":{\"@id\":\"https:\/\/vosgesinfo.fr\/laplainedesvosgesinfo\/#website\"},\"primaryImageOfPage\":{\"@id\":\"https:\/\/vosgesinfo.fr\/laplainedesvosgesinfo\/2024\/02\/mirecourt-a-lordre-du-jour-du-prochain-conseil-municipal\/#primaryimage\"},\"image\":{\"@id\":\"https:\/\/vosgesinfo.fr\/laplainedesvosgesinfo\/2024\/02\/mirecourt-a-lordre-du-jour-du-prochain-conseil-municipal\/#primaryimage\"},\"thumbnailUrl\":\"https:\/\/vosgesinfo.fr\/app\/uploads\/sites\/2\/2020\/03\/conseil-municipal.jpg\",\"datePublished\":\"2024-02-21T12:31:17+00:00\",\"dateModified\":\"2024-02-21T12:31:17+00:00\",\"breadcrumb\":{\"@id\":\"https:\/\/vosgesinfo.fr\/laplainedesvosgesinfo\/2024\/02\/mirecourt-a-lordre-du-jour-du-prochain-conseil-municipal\/#breadcrumb\"},\"inLanguage\":\"fr-FR\",\"potentialAction\":[{\"@type\":\"ReadAction\",\"target\":[\"https:\/\/vosgesinfo.fr\/laplainedesvosgesinfo\/2024\/02\/mirecourt-a-lordre-du-jour-du-prochain-conseil-municipal\/\"]}]},{\"@type\":\"ImageObject\",\"inLanguage\":\"fr-FR\",\"@id\":\"https:\/\/vosgesinfo.fr\/laplainedesvosgesinfo\/2024\/02\/mirecourt-a-lordre-du-jour-du-prochain-conseil-municipal\/#primaryimage\",\"url\":\"https:\/\/vosgesinfo.fr\/app\/uploads\/sites\/2\/2020\/03\/conseil-municipal.jpg\",\"contentUrl\":\"https:\/\/vosgesinfo.fr\/app\/uploads\/sites\/2\/2020\/03\/conseil-municipal.jpg\",\"width\":715,\"height\":345},{\"@type\":\"BreadcrumbList\",\"@id\":\"https:\/\/vosgesinfo.fr\/laplainedesvosgesinfo\/2024\/02\/mirecourt-a-lordre-du-jour-du-prochain-conseil-municipal\/#breadcrumb\",\"itemListElement\":[{\"@type\":\"ListItem\",\"position\":1,\"name\":\"Home\",\"item\":\"https:\/\/vosgesinfo.fr\/laplainedesvosgesinfo\/\"},{\"@type\":\"ListItem\",\"position\":2,\"name\":\"Mirecourt &#8211; \u00e0 l&rsquo;ordre du jour du prochain conseil municipal\"}]},{\"@type\":\"WebSite\",\"@id\":\"https:\/\/vosgesinfo.fr\/laplainedesvosgesinfo\/#website\",\"url\":\"https:\/\/vosgesinfo.fr\/laplainedesvosgesinfo\/\",\"name\":\"La Plaine des Vosges\",\"description\":\"Toute l&#039;actualit\u00e9 de la plaine de Vosges\",\"publisher\":{\"@id\":\"https:\/\/vosgesinfo.fr\/laplainedesvosgesinfo\/#organization\"},\"alternateName\":\"Toute l'actualit\u00e9 de la plaine des Vosges\",\"potentialAction\":[{\"@type\":\"SearchAction\",\"target\":{\"@type\":\"EntryPoint\",\"urlTemplate\":\"https:\/\/vosgesinfo.fr\/laplainedesvosgesinfo\/?s={search_term_string}\"},\"query-input\":\"required name=search_term_string\"}],\"inLanguage\":\"fr-FR\"},{\"@type\":\"Organization\",\"@id\":\"https:\/\/vosgesinfo.fr\/laplainedesvosgesinfo\/#organization\",\"name\":\"La Plaine des Vosges\",\"url\":\"https:\/\/vosgesinfo.fr\/laplainedesvosgesinfo\/\",\"logo\":{\"@type\":\"ImageObject\",\"inLanguage\":\"fr-FR\",\"@id\":\"https:\/\/vosgesinfo.fr\/laplainedesvosgesinfo\/#\/schema\/logo\/image\/\",\"url\":\"https:\/\/vosgesinfo.fr\/app\/uploads\/sites\/2\/2023\/08\/logo-laplaineinfo.svg\",\"contentUrl\":\"https:\/\/vosgesinfo.fr\/app\/uploads\/sites\/2\/2023\/08\/logo-laplaineinfo.svg\",\"width\":1,\"height\":1,\"caption\":\"La Plaine des Vosges\"},\"image\":{\"@id\":\"https:\/\/vosgesinfo.fr\/laplainedesvosgesinfo\/#\/schema\/logo\/image\/\"},\"sameAs\":[\"https:\/\/www.facebook.com\/laplainedesvosges\",\"https:\/\/x.com\/VosgesInfo88\",\"https:\/\/www.youtube.com\/@vosgesinfo\"]},{\"@type\":\"Person\",\"@id\":\"https:\/\/vosgesinfo.fr\/laplainedesvosgesinfo\/#\/schema\/person\/db5605779a843dad16b5368f3e7613a5\",\"name\":\"QG\",\"image\":{\"@type\":\"ImageObject\",\"inLanguage\":\"fr-FR\",\"@id\":\"https:\/\/vosgesinfo.fr\/laplainedesvosgesinfo\/#\/schema\/person\/image\/\",\"url\":\"https:\/\/secure.gravatar.com\/avatar\/ea80c42c204b534408512832fde52504ecabb9706bcb6151cf6175e5b64e6793?s=96&d=mm&r=g\",\"contentUrl\":\"https:\/\/secure.gravatar.com\/avatar\/ea80c42c204b534408512832fde52504ecabb9706bcb6151cf6175e5b64e6793?s=96&d=mm&r=g\",\"caption\":\"QG\"},\"url\":\"https:\/\/vosgesinfo.fr\/laplainedesvosgesinfo\/author\/quentin88\/\"}]}<\/script>\n<!-- \/ Yoast SEO plugin. -->","yoast_head_json":{"title":"Mirecourt - \u00e0 l'ordre du jour du prochain conseil municipal - La Plaine des Vosges","robots":{"index":"index","follow":"follow","max-snippet":"max-snippet:-1","max-image-preview":"max-image-preview:large","max-video-preview":"max-video-preview:-1"},"canonical":"https:\/\/vosgesinfo.fr\/laplainedesvosgesinfo\/2024\/02\/mirecourt-a-lordre-du-jour-du-prochain-conseil-municipal\/","twitter_card":"summary_large_image","twitter_title":"Mirecourt - \u00e0 l'ordre du jour du prochain conseil municipal - La Plaine des Vosges","twitter_description":"&nbsp; La prochaine r\u00e9union aura lieu MIRECOURT &#8211; Espace Flambeau, le mardi 27 f\u00e9vrier 2024 \u00e0 20 h 00. L&rsquo;ordre [&hellip;]","twitter_image":"https:\/\/vosgesinfo.fr\/app\/uploads\/sites\/2\/2020\/03\/conseil-municipal.jpg","twitter_creator":"@VosgesInfo88","twitter_site":"@VosgesInfo88","twitter_misc":{"\u00c9crit par":"QG","Dur\u00e9e de lecture estim\u00e9e":"1 minute"},"schema":{"@context":"https:\/\/schema.org","@graph":[{"@type":"Article","@id":"https:\/\/vosgesinfo.fr\/laplainedesvosgesinfo\/2024\/02\/mirecourt-a-lordre-du-jour-du-prochain-conseil-municipal\/#article","isPartOf":{"@id":"https:\/\/vosgesinfo.fr\/laplainedesvosgesinfo\/2024\/02\/mirecourt-a-lordre-du-jour-du-prochain-conseil-municipal\/"},"author":{"name":"QG","@id":"https:\/\/vosgesinfo.fr\/laplainedesvosgesinfo\/#\/schema\/person\/db5605779a843dad16b5368f3e7613a5"},"headline":"Mirecourt &#8211; \u00e0 l&rsquo;ordre du jour du prochain conseil municipal","datePublished":"2024-02-21T12:31:17+00:00","dateModified":"2024-02-21T12:31:17+00:00","mainEntityOfPage":{"@id":"https:\/\/vosgesinfo.fr\/laplainedesvosgesinfo\/2024\/02\/mirecourt-a-lordre-du-jour-du-prochain-conseil-municipal\/"},"wordCount":282,"commentCount":0,"publisher":{"@id":"https:\/\/vosgesinfo.fr\/laplainedesvosgesinfo\/#organization"},"image":{"@id":"https:\/\/vosgesinfo.fr\/laplainedesvosgesinfo\/2024\/02\/mirecourt-a-lordre-du-jour-du-prochain-conseil-municipal\/#primaryimage"},"thumbnailUrl":"https:\/\/vosgesinfo.fr\/app\/uploads\/sites\/2\/2020\/03\/conseil-municipal.jpg","articleSection":["A la Une","Mirecourt","Politique"],"inLanguage":"fr-FR","potentialAction":[{"@type":"CommentAction","name":"Comment","target":["https:\/\/vosgesinfo.fr\/laplainedesvosgesinfo\/2024\/02\/mirecourt-a-lordre-du-jour-du-prochain-conseil-municipal\/#respond"]}]},{"@type":"WebPage","@id":"https:\/\/vosgesinfo.fr\/laplainedesvosgesinfo\/2024\/02\/mirecourt-a-lordre-du-jour-du-prochain-conseil-municipal\/","url":"https:\/\/vosgesinfo.fr\/laplainedesvosgesinfo\/2024\/02\/mirecourt-a-lordre-du-jour-du-prochain-conseil-municipal\/","name":"Mirecourt - \u00e0 l'ordre du jour du prochain conseil municipal - La Plaine des Vosges","isPartOf":{"@id":"https:\/\/vosgesinfo.fr\/laplainedesvosgesinfo\/#website"},"primaryImageOfPage":{"@id":"https:\/\/vosgesinfo.fr\/laplainedesvosgesinfo\/2024\/02\/mirecourt-a-lordre-du-jour-du-prochain-conseil-municipal\/#primaryimage"},"image":{"@id":"https:\/\/vosgesinfo.fr\/laplainedesvosgesinfo\/2024\/02\/mirecourt-a-lordre-du-jour-du-prochain-conseil-municipal\/#primaryimage"},"thumbnailUrl":"https:\/\/vosgesinfo.fr\/app\/uploads\/sites\/2\/2020\/03\/conseil-municipal.jpg","datePublished":"2024-02-21T12:31:17+00:00","dateModified":"2024-02-21T12:31:17+00:00","breadcrumb":{"@id":"https:\/\/vosgesinfo.fr\/laplainedesvosgesinfo\/2024\/02\/mirecourt-a-lordre-du-jour-du-prochain-conseil-municipal\/#breadcrumb"},"inLanguage":"fr-FR","potentialAction":[{"@type":"ReadAction","target":["https:\/\/vosgesinfo.fr\/laplainedesvosgesinfo\/2024\/02\/mirecourt-a-lordre-du-jour-du-prochain-conseil-municipal\/"]}]},{"@type":"ImageObject","inLanguage":"fr-FR","@id":"https:\/\/vosgesinfo.fr\/laplainedesvosgesinfo\/2024\/02\/mirecourt-a-lordre-du-jour-du-prochain-conseil-municipal\/#primaryimage","url":"https:\/\/vosgesinfo.fr\/app\/uploads\/sites\/2\/2020\/03\/conseil-municipal.jpg","contentUrl":"https:\/\/vosgesinfo.fr\/app\/uploads\/sites\/2\/2020\/03\/conseil-municipal.jpg","width":715,"height":345},{"@type":"BreadcrumbList","@id":"https:\/\/vosgesinfo.fr\/laplainedesvosgesinfo\/2024\/02\/mirecourt-a-lordre-du-jour-du-prochain-conseil-municipal\/#breadcrumb","itemListElement":[{"@type":"ListItem","position":1,"name":"Home","item":"https:\/\/vosgesinfo.fr\/laplainedesvosgesinfo\/"},{"@type":"ListItem","position":2,"name":"Mirecourt &#8211; \u00e0 l&rsquo;ordre du jour du prochain conseil municipal"}]},{"@type":"WebSite","@id":"https:\/\/vosgesinfo.fr\/laplainedesvosgesinfo\/#website","url":"https:\/\/vosgesinfo.fr\/laplainedesvosgesinfo\/","name":"La Plaine des Vosges","description":"Toute l&#039;actualit\u00e9 de la plaine de Vosges","publisher":{"@id":"https:\/\/vosgesinfo.fr\/laplainedesvosgesinfo\/#organization"},"alternateName":"Toute l'actualit\u00e9 de la plaine des Vosges","potentialAction":[{"@type":"SearchAction","target":{"@type":"EntryPoint","urlTemplate":"https:\/\/vosgesinfo.fr\/laplainedesvosgesinfo\/?s={search_term_string}"},"query-input":"required name=search_term_string"}],"inLanguage":"fr-FR"},{"@type":"Organization","@id":"https:\/\/vosgesinfo.fr\/laplainedesvosgesinfo\/#organization","name":"La Plaine des Vosges","url":"https:\/\/vosgesinfo.fr\/laplainedesvosgesinfo\/","logo":{"@type":"ImageObject","inLanguage":"fr-FR","@id":"https:\/\/vosgesinfo.fr\/laplainedesvosgesinfo\/#\/schema\/logo\/image\/","url":"https:\/\/vosgesinfo.fr\/app\/uploads\/sites\/2\/2023\/08\/logo-laplaineinfo.svg","contentUrl":"https:\/\/vosgesinfo.fr\/app\/uploads\/sites\/2\/2023\/08\/logo-laplaineinfo.svg","width":1,"height":1,"caption":"La Plaine des Vosges"},"image":{"@id":"https:\/\/vosgesinfo.fr\/laplainedesvosgesinfo\/#\/schema\/logo\/image\/"},"sameAs":["https:\/\/www.facebook.com\/laplainedesvosges","https:\/\/x.com\/VosgesInfo88","https:\/\/www.youtube.com\/@vosgesinfo"]},{"@type":"Person","@id":"https:\/\/vosgesinfo.fr\/laplainedesvosgesinfo\/#\/schema\/person\/db5605779a843dad16b5368f3e7613a5","name":"QG","image":{"@type":"ImageObject","inLanguage":"fr-FR","@id":"https:\/\/vosgesinfo.fr\/laplainedesvosgesinfo\/#\/schema\/person\/image\/","url":"https:\/\/secure.gravatar.com\/avatar\/ea80c42c204b534408512832fde52504ecabb9706bcb6151cf6175e5b64e6793?s=96&d=mm&r=g","contentUrl":"https:\/\/secure.gravatar.com\/avatar\/ea80c42c204b534408512832fde52504ecabb9706bcb6151cf6175e5b64e6793?s=96&d=mm&r=g","caption":"QG"},"url":"https:\/\/vosgesinfo.fr\/laplainedesvosgesinfo\/author\/quentin88\/"}]}},"_links":{"self":[{"href":"https:\/\/vosgesinfo.fr\/laplainedesvosgesinfo\/wp-json\/wp\/v2\/posts\/1614","targetHints":{"allow":["GET"]}}],"collection":[{"href":"https:\/\/vosgesinfo.fr\/laplainedesvosgesinfo\/wp-json\/wp\/v2\/posts"}],"about":[{"href":"https:\/\/vosgesinfo.fr\/laplainedesvosgesinfo\/wp-json\/wp\/v2\/types\/post"}],"author":[{"embeddable":true,"href":"https:\/\/vosgesinfo.fr\/laplainedesvosgesinfo\/wp-json\/wp\/v2\/users\/42"}],"replies":[{"embeddable":true,"href":"https:\/\/vosgesinfo.fr\/laplainedesvosgesinfo\/wp-json\/wp\/v2\/comments?post=1614"}],"version-history":[{"count":1,"href":"https:\/\/vosgesinfo.fr\/laplainedesvosgesinfo\/wp-json\/wp\/v2\/posts\/1614\/revisions"}],"predecessor-version":[{"id":1615,"href":"https:\/\/vosgesinfo.fr\/laplainedesvosgesinfo\/wp-json\/wp\/v2\/posts\/1614\/revisions\/1615"}],"wp:featuredmedia":[{"embeddable":true,"href":"https:\/\/vosgesinfo.fr\/laplainedesvosgesinfo\/wp-json\/wp\/v2\/media\/600"}],"wp:attachment":[{"href":"https:\/\/vosgesinfo.fr\/laplainedesvosgesinfo\/wp-json\/wp\/v2\/media?parent=1614"}],"wp:term":[{"taxonomy":"category","embeddable":true,"href":"https:\/\/vosgesinfo.fr\/laplainedesvosgesinfo\/wp-json\/wp\/v2\/categories?post=1614"},{"taxonomy":"post_tag","embeddable":true,"href":"https:\/\/vosgesinfo.fr\/laplainedesvosgesinfo\/wp-json\/wp\/v2\/tags?post=1614"}],"curies":[{"name":"wp","href":"https:\/\/api.w.org\/{rel}","templated":true}]}}