{"id":17140,"date":"2020-10-05T15:26:30","date_gmt":"2020-10-05T13:26:30","guid":{"rendered":"https:\/\/vosgesinfo.fr\/laplainedesvosgesinfo\/2020\/10\/vittel-comme-ils-disent-une-comedie-qui-donne-rendez-vous-le-samedi-24-octobre-a-lalhambra\/"},"modified":"2020-10-05T15:26:30","modified_gmt":"2020-10-05T13:26:30","slug":"vittel-comme-ils-disent-une-comedie-qui-donne-rendez-vous-le-samedi-24-octobre-a-lalhambra","status":"publish","type":"post","link":"https:\/\/vosgesinfo.fr\/laplainedesvosgesinfo\/2020\/10\/vittel-comme-ils-disent-une-comedie-qui-donne-rendez-vous-le-samedi-24-octobre-a-lalhambra\/","title":{"rendered":"Vittel : \u00abComme ils disent\u00bb, une com\u00e9die qui donne rendez-vous le samedi 24 octobre \u00e0 l&rsquo;Alhambra"},"content":{"rendered":"<p style=\"font-weight: 400;\"><a href=\"\/2020\/10\/unnamed.jpg\"><img decoding=\"async\" class=\"aligncenter size-full wp-image-116877\" src=\"\/2020\/10\/unnamed.jpg\" alt=\"unnamed\" width=\"533\" height=\"800\" \/><\/a><\/p>\n<p style=\"font-weight: 400;\">La Ville de Vittel et son service culturel que dirige Michael Scherer, est heureux d\u2019accueillir la com\u00e9die \u00abComme ils disent\u00bb, dans le cadre de notre saison culturelle, <strong>samedi 24 octobre \u00e0 l\u2019Espace Alhambra, \u00e0 20 h 30.<\/strong><\/p>\n<p style=\"font-weight: 400; text-align: justify;\"><strong>Vous croyez que la vie de couple est un long fleuve tranquille ?<\/strong><br \/>\nAu travers de situations de la vie quotidienne, Phil et David vont bousculer vos illusions ! Entrez dans l&rsquo;intimit\u00e9 de ces deux personnages hauts en couleur qui se lient, s&rsquo;\u00e9loignent, se rejoignent&#8230; Ils s&rsquo;aiment, s&rsquo;engueulent, se r\u00e9concilient, oscillent entre une sinc\u00e9rit\u00e9 profonde et une mauvaise foi notoire. Bel hymne \u00e0 la tol\u00e9rance dans cette pi\u00e8ce o\u00f9 l&rsquo;on rit beaucoup. Tout le monde se reconna\u00eet et on finit par oublier que ce sont deux \u00ab\u00a0homos\u00a0\u00bb, comme ils disent !<br \/>\nApr\u00e8s avoir affich\u00e9 complet durant tout le Festival Off d&rsquo;Avignon en 2018 et 2019, puis class\u00e9 parmi les vingt meilleures com\u00e9dies du Festival Off 2019, \u00ab\u00a0Comme ils Disent\u00a0\u00bb part en tourn\u00e9e pour vous rencontrer&#8230; Et vous faire rire !<\/p>\n<p><strong>\u00abComme ils disent\u00bb : s<\/strong><strong>amedi 24 octobre, \u00e0 20 h 30 \u00e0 l\u2019espace Alhambra<\/strong><\/p>\n<p><strong>Tarif plein : 15 euros (placement libre).\u00a0Tarif r\u00e9duit : 10 euros<\/strong><\/p>\n","protected":false},"excerpt":{"rendered":"<p>La Ville de Vittel et son service culturel que dirige Michael Scherer, est heureux d\u2019accueillir la com\u00e9die \u00abComme ils disent\u00bb, [&hellip;]<\/p>\n","protected":false},"author":126,"featured_media":17141,"comment_status":"open","ping_status":"open","sticky":false,"template":"","format":"standard","meta":{"footnotes":""},"categories":[29,37,38],"tags":[],"class_list":["post-17140","post","type-post","status-publish","format-standard","has-post-thumbnail","hentry","category-a-la-une","category-la-plaine","category-vittel-la-plaine"],"acf":[],"yoast_head":"<!-- This site is optimized with the Yoast SEO plugin v22.5 - https:\/\/yoast.com\/wordpress\/plugins\/seo\/ -->\n<title>Vittel : \u00abComme ils disent\u00bb, une com\u00e9die qui donne rendez-vous le samedi 24 octobre \u00e0 l&#039;Alhambra - La Plaine des Vosges<\/title>\n<meta name=\"robots\" content=\"index, follow, max-snippet:-1, max-image-preview:large, max-video-preview:-1\" \/>\n<link rel=\"canonical\" href=\"https:\/\/vosgesinfo.fr\/laplainedesvosgesinfo\/2020\/10\/vittel-comme-ils-disent-une-comedie-qui-donne-rendez-vous-le-samedi-24-octobre-a-lalhambra\/\" \/>\n<meta name=\"twitter:card\" content=\"summary_large_image\" \/>\n<meta name=\"twitter:title\" content=\"Vittel : \u00abComme ils disent\u00bb, une com\u00e9die qui donne rendez-vous le samedi 24 octobre \u00e0 l&#039;Alhambra - La Plaine des Vosges\" \/>\n<meta name=\"twitter:description\" content=\"La Ville de Vittel et son service culturel que dirige Michael Scherer, est heureux d\u2019accueillir la com\u00e9die \u00abComme ils disent\u00bb, [&hellip;]\" \/>\n<meta name=\"twitter:image\" content=\"https:\/\/vosgesinfo.fr\/app\/uploads\/sites\/2\/2024\/07\/202010unnamed.jpg\" \/>\n<meta name=\"twitter:creator\" content=\"@VosgesInfo88\" \/>\n<meta name=\"twitter:site\" content=\"@VosgesInfo88\" \/>\n<meta name=\"twitter:label1\" content=\"\u00c9crit par\" \/>\n\t<meta name=\"twitter:data1\" content=\"La R\u00e9daction\" \/>\n\t<meta name=\"twitter:label2\" content=\"Dur\u00e9e de lecture estim\u00e9e\" \/>\n\t<meta name=\"twitter:data2\" content=\"1 minute\" \/>\n<script type=\"application\/ld+json\" class=\"yoast-schema-graph\">{\"@context\":\"https:\/\/schema.org\",\"@graph\":[{\"@type\":\"Article\",\"@id\":\"https:\/\/vosgesinfo.fr\/laplainedesvosgesinfo\/2020\/10\/vittel-comme-ils-disent-une-comedie-qui-donne-rendez-vous-le-samedi-24-octobre-a-lalhambra\/#article\",\"isPartOf\":{\"@id\":\"https:\/\/vosgesinfo.fr\/laplainedesvosgesinfo\/2020\/10\/vittel-comme-ils-disent-une-comedie-qui-donne-rendez-vous-le-samedi-24-octobre-a-lalhambra\/\"},\"author\":{\"name\":\"La R\u00e9daction\",\"@id\":\"https:\/\/vosgesinfo.fr\/laplainedesvosgesinfo\/#\/schema\/person\/db412391f749f1ee67e177e1dc017316\"},\"headline\":\"Vittel : \u00abComme ils disent\u00bb, une com\u00e9die qui donne rendez-vous le samedi 24 octobre \u00e0 l&rsquo;Alhambra\",\"datePublished\":\"2020-10-05T13:26:30+00:00\",\"dateModified\":\"2020-10-05T13:26:30+00:00\",\"mainEntityOfPage\":{\"@id\":\"https:\/\/vosgesinfo.fr\/laplainedesvosgesinfo\/2020\/10\/vittel-comme-ils-disent-une-comedie-qui-donne-rendez-vous-le-samedi-24-octobre-a-lalhambra\/\"},\"wordCount\":205,\"commentCount\":0,\"publisher\":{\"@id\":\"https:\/\/vosgesinfo.fr\/laplainedesvosgesinfo\/#organization\"},\"image\":{\"@id\":\"https:\/\/vosgesinfo.fr\/laplainedesvosgesinfo\/2020\/10\/vittel-comme-ils-disent-une-comedie-qui-donne-rendez-vous-le-samedi-24-octobre-a-lalhambra\/#primaryimage\"},\"thumbnailUrl\":\"https:\/\/vosgesinfo.fr\/app\/uploads\/sites\/2\/2024\/07\/202010unnamed.jpg\",\"articleSection\":[\"A la Une\",\"La Plaine\",\"Vittel\"],\"inLanguage\":\"fr-FR\",\"potentialAction\":[{\"@type\":\"CommentAction\",\"name\":\"Comment\",\"target\":[\"https:\/\/vosgesinfo.fr\/laplainedesvosgesinfo\/2020\/10\/vittel-comme-ils-disent-une-comedie-qui-donne-rendez-vous-le-samedi-24-octobre-a-lalhambra\/#respond\"]}]},{\"@type\":\"WebPage\",\"@id\":\"https:\/\/vosgesinfo.fr\/laplainedesvosgesinfo\/2020\/10\/vittel-comme-ils-disent-une-comedie-qui-donne-rendez-vous-le-samedi-24-octobre-a-lalhambra\/\",\"url\":\"https:\/\/vosgesinfo.fr\/laplainedesvosgesinfo\/2020\/10\/vittel-comme-ils-disent-une-comedie-qui-donne-rendez-vous-le-samedi-24-octobre-a-lalhambra\/\",\"name\":\"Vittel : \u00abComme ils disent\u00bb, une com\u00e9die qui donne rendez-vous le samedi 24 octobre \u00e0 l'Alhambra - La Plaine des Vosges\",\"isPartOf\":{\"@id\":\"https:\/\/vosgesinfo.fr\/laplainedesvosgesinfo\/#website\"},\"primaryImageOfPage\":{\"@id\":\"https:\/\/vosgesinfo.fr\/laplainedesvosgesinfo\/2020\/10\/vittel-comme-ils-disent-une-comedie-qui-donne-rendez-vous-le-samedi-24-octobre-a-lalhambra\/#primaryimage\"},\"image\":{\"@id\":\"https:\/\/vosgesinfo.fr\/laplainedesvosgesinfo\/2020\/10\/vittel-comme-ils-disent-une-comedie-qui-donne-rendez-vous-le-samedi-24-octobre-a-lalhambra\/#primaryimage\"},\"thumbnailUrl\":\"https:\/\/vosgesinfo.fr\/app\/uploads\/sites\/2\/2024\/07\/202010unnamed.jpg\",\"datePublished\":\"2020-10-05T13:26:30+00:00\",\"dateModified\":\"2020-10-05T13:26:30+00:00\",\"breadcrumb\":{\"@id\":\"https:\/\/vosgesinfo.fr\/laplainedesvosgesinfo\/2020\/10\/vittel-comme-ils-disent-une-comedie-qui-donne-rendez-vous-le-samedi-24-octobre-a-lalhambra\/#breadcrumb\"},\"inLanguage\":\"fr-FR\",\"potentialAction\":[{\"@type\":\"ReadAction\",\"target\":[\"https:\/\/vosgesinfo.fr\/laplainedesvosgesinfo\/2020\/10\/vittel-comme-ils-disent-une-comedie-qui-donne-rendez-vous-le-samedi-24-octobre-a-lalhambra\/\"]}]},{\"@type\":\"ImageObject\",\"inLanguage\":\"fr-FR\",\"@id\":\"https:\/\/vosgesinfo.fr\/laplainedesvosgesinfo\/2020\/10\/vittel-comme-ils-disent-une-comedie-qui-donne-rendez-vous-le-samedi-24-octobre-a-lalhambra\/#primaryimage\",\"url\":\"https:\/\/vosgesinfo.fr\/app\/uploads\/sites\/2\/2024\/07\/202010unnamed.jpg\",\"contentUrl\":\"https:\/\/vosgesinfo.fr\/app\/uploads\/sites\/2\/2024\/07\/202010unnamed.jpg\",\"width\":533,\"height\":800},{\"@type\":\"BreadcrumbList\",\"@id\":\"https:\/\/vosgesinfo.fr\/laplainedesvosgesinfo\/2020\/10\/vittel-comme-ils-disent-une-comedie-qui-donne-rendez-vous-le-samedi-24-octobre-a-lalhambra\/#breadcrumb\",\"itemListElement\":[{\"@type\":\"ListItem\",\"position\":1,\"name\":\"Home\",\"item\":\"https:\/\/vosgesinfo.fr\/laplainedesvosgesinfo\/\"},{\"@type\":\"ListItem\",\"position\":2,\"name\":\"Vittel : \u00abComme ils disent\u00bb, une com\u00e9die qui donne rendez-vous le samedi 24 octobre \u00e0 l&rsquo;Alhambra\"}]},{\"@type\":\"WebSite\",\"@id\":\"https:\/\/vosgesinfo.fr\/laplainedesvosgesinfo\/#website\",\"url\":\"https:\/\/vosgesinfo.fr\/laplainedesvosgesinfo\/\",\"name\":\"La Plaine des Vosges\",\"description\":\"Toute l&#039;actualit\u00e9 de la plaine de Vosges\",\"publisher\":{\"@id\":\"https:\/\/vosgesinfo.fr\/laplainedesvosgesinfo\/#organization\"},\"alternateName\":\"Toute l'actualit\u00e9 de la plaine des Vosges\",\"potentialAction\":[{\"@type\":\"SearchAction\",\"target\":{\"@type\":\"EntryPoint\",\"urlTemplate\":\"https:\/\/vosgesinfo.fr\/laplainedesvosgesinfo\/?s={search_term_string}\"},\"query-input\":\"required name=search_term_string\"}],\"inLanguage\":\"fr-FR\"},{\"@type\":\"Organization\",\"@id\":\"https:\/\/vosgesinfo.fr\/laplainedesvosgesinfo\/#organization\",\"name\":\"La Plaine des Vosges\",\"url\":\"https:\/\/vosgesinfo.fr\/laplainedesvosgesinfo\/\",\"logo\":{\"@type\":\"ImageObject\",\"inLanguage\":\"fr-FR\",\"@id\":\"https:\/\/vosgesinfo.fr\/laplainedesvosgesinfo\/#\/schema\/logo\/image\/\",\"url\":\"https:\/\/vosgesinfo.fr\/app\/uploads\/sites\/2\/2023\/08\/logo-laplaineinfo.svg\",\"contentUrl\":\"https:\/\/vosgesinfo.fr\/app\/uploads\/sites\/2\/2023\/08\/logo-laplaineinfo.svg\",\"width\":1,\"height\":1,\"caption\":\"La Plaine des Vosges\"},\"image\":{\"@id\":\"https:\/\/vosgesinfo.fr\/laplainedesvosgesinfo\/#\/schema\/logo\/image\/\"},\"sameAs\":[\"https:\/\/www.facebook.com\/laplainedesvosges\",\"https:\/\/x.com\/VosgesInfo88\",\"https:\/\/www.youtube.com\/@vosgesinfo\"]},{\"@type\":\"Person\",\"@id\":\"https:\/\/vosgesinfo.fr\/laplainedesvosgesinfo\/#\/schema\/person\/db412391f749f1ee67e177e1dc017316\",\"name\":\"La R\u00e9daction\",\"image\":{\"@type\":\"ImageObject\",\"inLanguage\":\"fr-FR\",\"@id\":\"https:\/\/vosgesinfo.fr\/laplainedesvosgesinfo\/#\/schema\/person\/image\/\",\"url\":\"https:\/\/secure.gravatar.com\/avatar\/d10cfbea47ec464014dd9e55d3c353f7c4017b65068eb823d0882be0ff3b0ff6?s=96&d=mm&r=g\",\"contentUrl\":\"https:\/\/secure.gravatar.com\/avatar\/d10cfbea47ec464014dd9e55d3c353f7c4017b65068eb823d0882be0ff3b0ff6?s=96&d=mm&r=g\",\"caption\":\"La R\u00e9daction\"},\"url\":\"https:\/\/vosgesinfo.fr\/laplainedesvosgesinfo\/author\/redaction\/\"}]}<\/script>\n<!-- \/ Yoast SEO plugin. -->","yoast_head_json":{"title":"Vittel : \u00abComme ils disent\u00bb, une com\u00e9die qui donne rendez-vous le samedi 24 octobre \u00e0 l'Alhambra - La Plaine des Vosges","robots":{"index":"index","follow":"follow","max-snippet":"max-snippet:-1","max-image-preview":"max-image-preview:large","max-video-preview":"max-video-preview:-1"},"canonical":"https:\/\/vosgesinfo.fr\/laplainedesvosgesinfo\/2020\/10\/vittel-comme-ils-disent-une-comedie-qui-donne-rendez-vous-le-samedi-24-octobre-a-lalhambra\/","twitter_card":"summary_large_image","twitter_title":"Vittel : \u00abComme ils disent\u00bb, une com\u00e9die qui donne rendez-vous le samedi 24 octobre \u00e0 l'Alhambra - La Plaine des Vosges","twitter_description":"La Ville de Vittel et son service culturel que dirige Michael Scherer, est heureux d\u2019accueillir la com\u00e9die \u00abComme ils disent\u00bb, [&hellip;]","twitter_image":"https:\/\/vosgesinfo.fr\/app\/uploads\/sites\/2\/2024\/07\/202010unnamed.jpg","twitter_creator":"@VosgesInfo88","twitter_site":"@VosgesInfo88","twitter_misc":{"\u00c9crit par":"La R\u00e9daction","Dur\u00e9e de lecture estim\u00e9e":"1 minute"},"schema":{"@context":"https:\/\/schema.org","@graph":[{"@type":"Article","@id":"https:\/\/vosgesinfo.fr\/laplainedesvosgesinfo\/2020\/10\/vittel-comme-ils-disent-une-comedie-qui-donne-rendez-vous-le-samedi-24-octobre-a-lalhambra\/#article","isPartOf":{"@id":"https:\/\/vosgesinfo.fr\/laplainedesvosgesinfo\/2020\/10\/vittel-comme-ils-disent-une-comedie-qui-donne-rendez-vous-le-samedi-24-octobre-a-lalhambra\/"},"author":{"name":"La R\u00e9daction","@id":"https:\/\/vosgesinfo.fr\/laplainedesvosgesinfo\/#\/schema\/person\/db412391f749f1ee67e177e1dc017316"},"headline":"Vittel : \u00abComme ils disent\u00bb, une com\u00e9die qui donne rendez-vous le samedi 24 octobre \u00e0 l&rsquo;Alhambra","datePublished":"2020-10-05T13:26:30+00:00","dateModified":"2020-10-05T13:26:30+00:00","mainEntityOfPage":{"@id":"https:\/\/vosgesinfo.fr\/laplainedesvosgesinfo\/2020\/10\/vittel-comme-ils-disent-une-comedie-qui-donne-rendez-vous-le-samedi-24-octobre-a-lalhambra\/"},"wordCount":205,"commentCount":0,"publisher":{"@id":"https:\/\/vosgesinfo.fr\/laplainedesvosgesinfo\/#organization"},"image":{"@id":"https:\/\/vosgesinfo.fr\/laplainedesvosgesinfo\/2020\/10\/vittel-comme-ils-disent-une-comedie-qui-donne-rendez-vous-le-samedi-24-octobre-a-lalhambra\/#primaryimage"},"thumbnailUrl":"https:\/\/vosgesinfo.fr\/app\/uploads\/sites\/2\/2024\/07\/202010unnamed.jpg","articleSection":["A la Une","La Plaine","Vittel"],"inLanguage":"fr-FR","potentialAction":[{"@type":"CommentAction","name":"Comment","target":["https:\/\/vosgesinfo.fr\/laplainedesvosgesinfo\/2020\/10\/vittel-comme-ils-disent-une-comedie-qui-donne-rendez-vous-le-samedi-24-octobre-a-lalhambra\/#respond"]}]},{"@type":"WebPage","@id":"https:\/\/vosgesinfo.fr\/laplainedesvosgesinfo\/2020\/10\/vittel-comme-ils-disent-une-comedie-qui-donne-rendez-vous-le-samedi-24-octobre-a-lalhambra\/","url":"https:\/\/vosgesinfo.fr\/laplainedesvosgesinfo\/2020\/10\/vittel-comme-ils-disent-une-comedie-qui-donne-rendez-vous-le-samedi-24-octobre-a-lalhambra\/","name":"Vittel : \u00abComme ils disent\u00bb, une com\u00e9die qui donne rendez-vous le samedi 24 octobre \u00e0 l'Alhambra - La Plaine des Vosges","isPartOf":{"@id":"https:\/\/vosgesinfo.fr\/laplainedesvosgesinfo\/#website"},"primaryImageOfPage":{"@id":"https:\/\/vosgesinfo.fr\/laplainedesvosgesinfo\/2020\/10\/vittel-comme-ils-disent-une-comedie-qui-donne-rendez-vous-le-samedi-24-octobre-a-lalhambra\/#primaryimage"},"image":{"@id":"https:\/\/vosgesinfo.fr\/laplainedesvosgesinfo\/2020\/10\/vittel-comme-ils-disent-une-comedie-qui-donne-rendez-vous-le-samedi-24-octobre-a-lalhambra\/#primaryimage"},"thumbnailUrl":"https:\/\/vosgesinfo.fr\/app\/uploads\/sites\/2\/2024\/07\/202010unnamed.jpg","datePublished":"2020-10-05T13:26:30+00:00","dateModified":"2020-10-05T13:26:30+00:00","breadcrumb":{"@id":"https:\/\/vosgesinfo.fr\/laplainedesvosgesinfo\/2020\/10\/vittel-comme-ils-disent-une-comedie-qui-donne-rendez-vous-le-samedi-24-octobre-a-lalhambra\/#breadcrumb"},"inLanguage":"fr-FR","potentialAction":[{"@type":"ReadAction","target":["https:\/\/vosgesinfo.fr\/laplainedesvosgesinfo\/2020\/10\/vittel-comme-ils-disent-une-comedie-qui-donne-rendez-vous-le-samedi-24-octobre-a-lalhambra\/"]}]},{"@type":"ImageObject","inLanguage":"fr-FR","@id":"https:\/\/vosgesinfo.fr\/laplainedesvosgesinfo\/2020\/10\/vittel-comme-ils-disent-une-comedie-qui-donne-rendez-vous-le-samedi-24-octobre-a-lalhambra\/#primaryimage","url":"https:\/\/vosgesinfo.fr\/app\/uploads\/sites\/2\/2024\/07\/202010unnamed.jpg","contentUrl":"https:\/\/vosgesinfo.fr\/app\/uploads\/sites\/2\/2024\/07\/202010unnamed.jpg","width":533,"height":800},{"@type":"BreadcrumbList","@id":"https:\/\/vosgesinfo.fr\/laplainedesvosgesinfo\/2020\/10\/vittel-comme-ils-disent-une-comedie-qui-donne-rendez-vous-le-samedi-24-octobre-a-lalhambra\/#breadcrumb","itemListElement":[{"@type":"ListItem","position":1,"name":"Home","item":"https:\/\/vosgesinfo.fr\/laplainedesvosgesinfo\/"},{"@type":"ListItem","position":2,"name":"Vittel : \u00abComme ils disent\u00bb, une com\u00e9die qui donne rendez-vous le samedi 24 octobre \u00e0 l&rsquo;Alhambra"}]},{"@type":"WebSite","@id":"https:\/\/vosgesinfo.fr\/laplainedesvosgesinfo\/#website","url":"https:\/\/vosgesinfo.fr\/laplainedesvosgesinfo\/","name":"La Plaine des Vosges","description":"Toute l&#039;actualit\u00e9 de la plaine de Vosges","publisher":{"@id":"https:\/\/vosgesinfo.fr\/laplainedesvosgesinfo\/#organization"},"alternateName":"Toute l'actualit\u00e9 de la plaine des Vosges","potentialAction":[{"@type":"SearchAction","target":{"@type":"EntryPoint","urlTemplate":"https:\/\/vosgesinfo.fr\/laplainedesvosgesinfo\/?s={search_term_string}"},"query-input":"required name=search_term_string"}],"inLanguage":"fr-FR"},{"@type":"Organization","@id":"https:\/\/vosgesinfo.fr\/laplainedesvosgesinfo\/#organization","name":"La Plaine des Vosges","url":"https:\/\/vosgesinfo.fr\/laplainedesvosgesinfo\/","logo":{"@type":"ImageObject","inLanguage":"fr-FR","@id":"https:\/\/vosgesinfo.fr\/laplainedesvosgesinfo\/#\/schema\/logo\/image\/","url":"https:\/\/vosgesinfo.fr\/app\/uploads\/sites\/2\/2023\/08\/logo-laplaineinfo.svg","contentUrl":"https:\/\/vosgesinfo.fr\/app\/uploads\/sites\/2\/2023\/08\/logo-laplaineinfo.svg","width":1,"height":1,"caption":"La Plaine des Vosges"},"image":{"@id":"https:\/\/vosgesinfo.fr\/laplainedesvosgesinfo\/#\/schema\/logo\/image\/"},"sameAs":["https:\/\/www.facebook.com\/laplainedesvosges","https:\/\/x.com\/VosgesInfo88","https:\/\/www.youtube.com\/@vosgesinfo"]},{"@type":"Person","@id":"https:\/\/vosgesinfo.fr\/laplainedesvosgesinfo\/#\/schema\/person\/db412391f749f1ee67e177e1dc017316","name":"La R\u00e9daction","image":{"@type":"ImageObject","inLanguage":"fr-FR","@id":"https:\/\/vosgesinfo.fr\/laplainedesvosgesinfo\/#\/schema\/person\/image\/","url":"https:\/\/secure.gravatar.com\/avatar\/d10cfbea47ec464014dd9e55d3c353f7c4017b65068eb823d0882be0ff3b0ff6?s=96&d=mm&r=g","contentUrl":"https:\/\/secure.gravatar.com\/avatar\/d10cfbea47ec464014dd9e55d3c353f7c4017b65068eb823d0882be0ff3b0ff6?s=96&d=mm&r=g","caption":"La R\u00e9daction"},"url":"https:\/\/vosgesinfo.fr\/laplainedesvosgesinfo\/author\/redaction\/"}]}},"_links":{"self":[{"href":"https:\/\/vosgesinfo.fr\/laplainedesvosgesinfo\/wp-json\/wp\/v2\/posts\/17140","targetHints":{"allow":["GET"]}}],"collection":[{"href":"https:\/\/vosgesinfo.fr\/laplainedesvosgesinfo\/wp-json\/wp\/v2\/posts"}],"about":[{"href":"https:\/\/vosgesinfo.fr\/laplainedesvosgesinfo\/wp-json\/wp\/v2\/types\/post"}],"author":[{"embeddable":true,"href":"https:\/\/vosgesinfo.fr\/laplainedesvosgesinfo\/wp-json\/wp\/v2\/users\/126"}],"replies":[{"embeddable":true,"href":"https:\/\/vosgesinfo.fr\/laplainedesvosgesinfo\/wp-json\/wp\/v2\/comments?post=17140"}],"version-history":[{"count":0,"href":"https:\/\/vosgesinfo.fr\/laplainedesvosgesinfo\/wp-json\/wp\/v2\/posts\/17140\/revisions"}],"wp:featuredmedia":[{"embeddable":true,"href":"https:\/\/vosgesinfo.fr\/laplainedesvosgesinfo\/wp-json\/wp\/v2\/media\/17141"}],"wp:attachment":[{"href":"https:\/\/vosgesinfo.fr\/laplainedesvosgesinfo\/wp-json\/wp\/v2\/media?parent=17140"}],"wp:term":[{"taxonomy":"category","embeddable":true,"href":"https:\/\/vosgesinfo.fr\/laplainedesvosgesinfo\/wp-json\/wp\/v2\/categories?post=17140"},{"taxonomy":"post_tag","embeddable":true,"href":"https:\/\/vosgesinfo.fr\/laplainedesvosgesinfo\/wp-json\/wp\/v2\/tags?post=17140"}],"curies":[{"name":"wp","href":"https:\/\/api.w.org\/{rel}","templated":true}]}}