{"id":17142,"date":"2020-10-05T22:00:37","date_gmt":"2020-10-05T20:00:37","guid":{"rendered":"https:\/\/vosgesinfo.fr\/laplainedesvosgesinfo\/2020\/10\/coronavirus-situation-au-5-octobre-du-covid-19-toujours-deux-vosgiens-encore-hospitalises\/"},"modified":"2020-10-05T22:00:37","modified_gmt":"2020-10-05T20:00:37","slug":"coronavirus-situation-au-5-octobre-du-covid-19-toujours-deux-vosgiens-encore-hospitalises","status":"publish","type":"post","link":"https:\/\/vosgesinfo.fr\/laplainedesvosgesinfo\/2020\/10\/coronavirus-situation-au-5-octobre-du-covid-19-toujours-deux-vosgiens-encore-hospitalises\/","title":{"rendered":"Coronavirus : situation au 5 octobre du Covid-19. Toujours deux Vosgiens encore hospitalis\u00e9s"},"content":{"rendered":"<p style=\"text-align: justify;\"><a href=\"\/2020\/09\/Covid-19.jpg\"><img decoding=\"async\" class=\"aligncenter size-full wp-image-116727\" src=\"\/2020\/09\/Covid-19.jpg\" alt=\"Covid-19\" width=\"800\" height=\"450\" \/><\/a><\/p>\n<p style=\"text-align: justify;\"><strong>Au 2 octobre, 277 personnes sont encore hospitalis\u00e9es dans le Grand Est (- 18 de moins par rapport au 1 octobre), dont 46 toujours en r\u00e9animation. Pour l\u2019heure, sept personnes ont rejoints un service de r\u00e9animation dans le Grand Est (1 en Haute-Marne, 2 en Meurthe-et-Moselle, 3 en Moselle, et 1 dans le Haut-Rhin).<\/strong><\/p>\n<p style=\"text-align: justify;\">Le nombre total de d\u00e9c\u00e8s de patients d\u00e9clar\u00e9s par les \u00e9tablissements sanitaires du Grand Est s\u2019\u00e9l\u00e8ve \u00e0 3 744 depuis le d\u00e9but de l\u2019\u00e9pid\u00e9mie.<\/p>\n<p style=\"text-align: justify;\">Pour le d\u00e9partement des Vosges, 2 personnes sont toujours hospitalis\u00e9es, mais aucun patient en r\u00e9animation. On d\u00e9nombre 268 d\u00e9c\u00e8s au 2 octobre, depuis le 1<sup>er<\/sup> mars.<\/p>\n<p style=\"text-align: justify;\">A noter que le d\u00e9partement des Vosges a 17 sites de pr\u00e9l\u00e8vement de test RT-PCR.<\/p>\n<p style=\"text-align: justify;\">Au 5 octobre, 267 clusters ont \u00e9t\u00e9 signal\u00e9s depuis le 14 mai dont 130 sont en cours d\u2019investigation.<\/p>\n<p style=\"text-align: justify;\"><a href=\"\/2020\/09\/Utilisation-masque.jpg\"><img decoding=\"async\" class=\"aligncenter size-full wp-image-116728\" src=\"\/2020\/09\/Utilisation-masque.jpg\" alt=\"Utilisation masque\" width=\"646\" height=\"790\" \/><\/a><\/p>\n<p style=\"text-align: center;\"><strong>Rappel des consignes \u00e0 respecter<\/strong><\/p>\n<p style=\"text-align: justify;\">L\u2019action de tous est indispensable pour continuer \u00e0 freiner la propagation du virus. Pour esp\u00e9rer maintenir cette tendance \u00e0 la stabilisation des entr\u00e9es en r\u00e9animation, l\u2019ARS du Grand Est rappelle qu\u2019il faut absolument continuer \u00e0 observer les mesures barri\u00e8res pour pr\u00e9server votre sant\u00e9 et celle de votre entourage :<\/p>\n<ul style=\"text-align: justify;\">\n<li>Se laver tr\u00e8s r\u00e9guli\u00e8rement les mains avec du savon ou utiliser une solution hydro alcoolique,<\/li>\n<\/ul>\n<ul style=\"text-align: justify;\">\n<li>Tousser ou \u00e9ternuer dans son coude ou dans un mouchoir,<\/li>\n<\/ul>\n<ul style=\"text-align: justify;\">\n<li>Utiliser un mouchoir \u00e0 usage unique et le jeter,<\/li>\n<\/ul>\n<ul style=\"text-align: justify;\">\n<li>Saluer sans se serrer la main et \u00e9viter les embrassades,<\/li>\n<\/ul>\n<ul style=\"text-align: justify;\">\n<li><strong>Demeurer \u00e0 au moins un m\u00e8tre d\u2019autrui, \u00e9viter les rassemblements \u00e9viter les d\u00e9placements et les contacts : respecter le confinement<\/strong><\/li>\n<\/ul>\n<p style=\"text-align: justify;\"><strong>Vous avez des sympt\u00f4mes (toux, fi\u00e8vre) qui vous font penser au Covid-19 : restez \u00e0 domicile, \u00e9vitez les contacts, appelez un m\u00e9decin et ne vous rendez pas \u00e0 son cabinet. Vous pouvez \u00e9galement b\u00e9n\u00e9ficier d\u2019une t\u00e9l\u00e9consultation.<\/strong><\/p>\n<p style=\"text-align: justify;\"><strong>Si les sympt\u00f4mes s\u2019aggravent avec des difficult\u00e9s respiratoires et signes d\u2019\u00e9touffement, appelez le SAMU-Centre 15.<\/strong><\/p>\n<p style=\"text-align: justify;\"><a href=\"\/2020\/09\/Consignes-Covid-19.jpg\"><img decoding=\"async\" class=\"aligncenter size-full wp-image-116729\" src=\"\/2020\/09\/Consignes-Covid-19.jpg\" alt=\"Consignes Covid-19\" width=\"800\" height=\"800\" \/><\/a><\/p>\n<p style=\"text-align: justify;\">Pour toute autre situation et information g\u00e9n\u00e9rale : appelez le num\u00e9ro vert national au <strong>0 800 130 000 <\/strong>qui vous indiquera la conduite \u00e0 tenir.<\/p>\n<p style=\"text-align: justify;\"><strong>Vous retrouverez plus d\u2019informations sur les sites internet du <\/strong><a href=\"https:\/\/www.gouvernement.fr\/info-coronavirus\"><strong>Gouvernement<\/strong> <\/a><strong>du <\/strong><a href=\"https:\/\/solidarites-sante.gouv.fr\/soins-et-maladies\/maladies\/maladies-infectieuses\/coronavirus\/coronavirus-questions-reponses\"><strong>Minist\u00e8re des<\/strong><\/a> <a href=\"https:\/\/solidarites-sante.gouv.fr\/soins-et-maladies\/maladies\/maladies-infectieuses\/coronavirus\/coronavirus-questions-reponses\"><strong>Solidarit\u00e9s et de la Sant\u00e9<\/strong> <\/a><strong>et<\/strong> <strong>de<\/strong> <a href=\"https:\/\/www.santepubliquefrance.fr\/maladies-et-traumatismes\/maladies-et-infections-respiratoires\/infection-a-coronavirus\/articles\/infection-au-nouveau-coronavirus-sars-cov-2-covid-19-france-et-monde\"><strong>Sant\u00e9 publique France<\/strong><strong>.<\/strong><\/a><\/p>\n<p style=\"text-align: justify;\"><a href=\"\/2020\/10\/Tableau-de-bord-d\u00e9taill\u00e9-au-5-octobre-2020.pdf\">Tableau de bord d\u00e9taill\u00e9 au 5 octobre 2020<\/a><\/p>\n","protected":false},"excerpt":{"rendered":"<p>Au 2 octobre, 277 personnes sont encore hospitalis\u00e9es dans le Grand Est (- 18 de moins par rapport au 1 [&hellip;]<\/p>\n","protected":false},"author":126,"featured_media":17143,"comment_status":"open","ping_status":"open","sticky":false,"template":"","format":"standard","meta":{"footnotes":""},"categories":[29,12,18],"tags":[],"class_list":["post-17142","post","type-post","status-publish","format-standard","has-post-thumbnail","hentry","category-a-la-une","category-sante","category-vosges"],"acf":[],"yoast_head":"<!-- This site is optimized with the Yoast SEO plugin v22.5 - https:\/\/yoast.com\/wordpress\/plugins\/seo\/ -->\n<title>Coronavirus : situation au 5 octobre du Covid-19. Toujours deux Vosgiens encore hospitalis\u00e9s - La Plaine des Vosges<\/title>\n<meta name=\"robots\" content=\"index, follow, max-snippet:-1, max-image-preview:large, max-video-preview:-1\" \/>\n<link rel=\"canonical\" href=\"https:\/\/vosgesinfo.fr\/laplainedesvosgesinfo\/2020\/10\/coronavirus-situation-au-5-octobre-du-covid-19-toujours-deux-vosgiens-encore-hospitalises\/\" \/>\n<meta name=\"twitter:card\" content=\"summary_large_image\" \/>\n<meta name=\"twitter:title\" content=\"Coronavirus : situation au 5 octobre du Covid-19. Toujours deux Vosgiens encore hospitalis\u00e9s - La Plaine des Vosges\" \/>\n<meta name=\"twitter:description\" content=\"Au 2 octobre, 277 personnes sont encore hospitalis\u00e9es dans le Grand Est (- 18 de moins par rapport au 1 [&hellip;]\" \/>\n<meta name=\"twitter:image\" content=\"https:\/\/vosgesinfo.fr\/app\/uploads\/sites\/2\/2024\/07\/202009covid-19-1.jpg\" \/>\n<meta name=\"twitter:creator\" content=\"@VosgesInfo88\" \/>\n<meta name=\"twitter:site\" content=\"@VosgesInfo88\" \/>\n<meta name=\"twitter:label1\" content=\"\u00c9crit par\" \/>\n\t<meta name=\"twitter:data1\" content=\"La R\u00e9daction\" \/>\n\t<meta name=\"twitter:label2\" content=\"Dur\u00e9e de lecture estim\u00e9e\" \/>\n\t<meta name=\"twitter:data2\" content=\"2 minutes\" \/>\n<script type=\"application\/ld+json\" class=\"yoast-schema-graph\">{\"@context\":\"https:\/\/schema.org\",\"@graph\":[{\"@type\":\"Article\",\"@id\":\"https:\/\/vosgesinfo.fr\/laplainedesvosgesinfo\/2020\/10\/coronavirus-situation-au-5-octobre-du-covid-19-toujours-deux-vosgiens-encore-hospitalises\/#article\",\"isPartOf\":{\"@id\":\"https:\/\/vosgesinfo.fr\/laplainedesvosgesinfo\/2020\/10\/coronavirus-situation-au-5-octobre-du-covid-19-toujours-deux-vosgiens-encore-hospitalises\/\"},\"author\":{\"name\":\"La R\u00e9daction\",\"@id\":\"https:\/\/vosgesinfo.fr\/laplainedesvosgesinfo\/#\/schema\/person\/db412391f749f1ee67e177e1dc017316\"},\"headline\":\"Coronavirus : situation au 5 octobre du Covid-19. Toujours deux Vosgiens encore hospitalis\u00e9s\",\"datePublished\":\"2020-10-05T20:00:37+00:00\",\"dateModified\":\"2020-10-05T20:00:37+00:00\",\"mainEntityOfPage\":{\"@id\":\"https:\/\/vosgesinfo.fr\/laplainedesvosgesinfo\/2020\/10\/coronavirus-situation-au-5-octobre-du-covid-19-toujours-deux-vosgiens-encore-hospitalises\/\"},\"wordCount\":391,\"commentCount\":0,\"publisher\":{\"@id\":\"https:\/\/vosgesinfo.fr\/laplainedesvosgesinfo\/#organization\"},\"image\":{\"@id\":\"https:\/\/vosgesinfo.fr\/laplainedesvosgesinfo\/2020\/10\/coronavirus-situation-au-5-octobre-du-covid-19-toujours-deux-vosgiens-encore-hospitalises\/#primaryimage\"},\"thumbnailUrl\":\"https:\/\/vosgesinfo.fr\/app\/uploads\/sites\/2\/2024\/07\/202009covid-19-1.jpg\",\"articleSection\":[\"A la Une\",\"Sant\u00e9\",\"Vosges\"],\"inLanguage\":\"fr-FR\",\"potentialAction\":[{\"@type\":\"CommentAction\",\"name\":\"Comment\",\"target\":[\"https:\/\/vosgesinfo.fr\/laplainedesvosgesinfo\/2020\/10\/coronavirus-situation-au-5-octobre-du-covid-19-toujours-deux-vosgiens-encore-hospitalises\/#respond\"]}]},{\"@type\":\"WebPage\",\"@id\":\"https:\/\/vosgesinfo.fr\/laplainedesvosgesinfo\/2020\/10\/coronavirus-situation-au-5-octobre-du-covid-19-toujours-deux-vosgiens-encore-hospitalises\/\",\"url\":\"https:\/\/vosgesinfo.fr\/laplainedesvosgesinfo\/2020\/10\/coronavirus-situation-au-5-octobre-du-covid-19-toujours-deux-vosgiens-encore-hospitalises\/\",\"name\":\"Coronavirus : situation au 5 octobre du Covid-19. Toujours deux Vosgiens encore hospitalis\u00e9s - La Plaine des Vosges\",\"isPartOf\":{\"@id\":\"https:\/\/vosgesinfo.fr\/laplainedesvosgesinfo\/#website\"},\"primaryImageOfPage\":{\"@id\":\"https:\/\/vosgesinfo.fr\/laplainedesvosgesinfo\/2020\/10\/coronavirus-situation-au-5-octobre-du-covid-19-toujours-deux-vosgiens-encore-hospitalises\/#primaryimage\"},\"image\":{\"@id\":\"https:\/\/vosgesinfo.fr\/laplainedesvosgesinfo\/2020\/10\/coronavirus-situation-au-5-octobre-du-covid-19-toujours-deux-vosgiens-encore-hospitalises\/#primaryimage\"},\"thumbnailUrl\":\"https:\/\/vosgesinfo.fr\/app\/uploads\/sites\/2\/2024\/07\/202009covid-19-1.jpg\",\"datePublished\":\"2020-10-05T20:00:37+00:00\",\"dateModified\":\"2020-10-05T20:00:37+00:00\",\"breadcrumb\":{\"@id\":\"https:\/\/vosgesinfo.fr\/laplainedesvosgesinfo\/2020\/10\/coronavirus-situation-au-5-octobre-du-covid-19-toujours-deux-vosgiens-encore-hospitalises\/#breadcrumb\"},\"inLanguage\":\"fr-FR\",\"potentialAction\":[{\"@type\":\"ReadAction\",\"target\":[\"https:\/\/vosgesinfo.fr\/laplainedesvosgesinfo\/2020\/10\/coronavirus-situation-au-5-octobre-du-covid-19-toujours-deux-vosgiens-encore-hospitalises\/\"]}]},{\"@type\":\"ImageObject\",\"inLanguage\":\"fr-FR\",\"@id\":\"https:\/\/vosgesinfo.fr\/laplainedesvosgesinfo\/2020\/10\/coronavirus-situation-au-5-octobre-du-covid-19-toujours-deux-vosgiens-encore-hospitalises\/#primaryimage\",\"url\":\"https:\/\/vosgesinfo.fr\/app\/uploads\/sites\/2\/2024\/07\/202009covid-19-1.jpg\",\"contentUrl\":\"https:\/\/vosgesinfo.fr\/app\/uploads\/sites\/2\/2024\/07\/202009covid-19-1.jpg\",\"width\":800,\"height\":450},{\"@type\":\"BreadcrumbList\",\"@id\":\"https:\/\/vosgesinfo.fr\/laplainedesvosgesinfo\/2020\/10\/coronavirus-situation-au-5-octobre-du-covid-19-toujours-deux-vosgiens-encore-hospitalises\/#breadcrumb\",\"itemListElement\":[{\"@type\":\"ListItem\",\"position\":1,\"name\":\"Home\",\"item\":\"https:\/\/vosgesinfo.fr\/laplainedesvosgesinfo\/\"},{\"@type\":\"ListItem\",\"position\":2,\"name\":\"Coronavirus : situation au 5 octobre du Covid-19. Toujours deux Vosgiens encore hospitalis\u00e9s\"}]},{\"@type\":\"WebSite\",\"@id\":\"https:\/\/vosgesinfo.fr\/laplainedesvosgesinfo\/#website\",\"url\":\"https:\/\/vosgesinfo.fr\/laplainedesvosgesinfo\/\",\"name\":\"La Plaine des Vosges\",\"description\":\"Toute l&#039;actualit\u00e9 de la plaine de Vosges\",\"publisher\":{\"@id\":\"https:\/\/vosgesinfo.fr\/laplainedesvosgesinfo\/#organization\"},\"alternateName\":\"Toute l'actualit\u00e9 de la plaine des Vosges\",\"potentialAction\":[{\"@type\":\"SearchAction\",\"target\":{\"@type\":\"EntryPoint\",\"urlTemplate\":\"https:\/\/vosgesinfo.fr\/laplainedesvosgesinfo\/?s={search_term_string}\"},\"query-input\":\"required name=search_term_string\"}],\"inLanguage\":\"fr-FR\"},{\"@type\":\"Organization\",\"@id\":\"https:\/\/vosgesinfo.fr\/laplainedesvosgesinfo\/#organization\",\"name\":\"La Plaine des Vosges\",\"url\":\"https:\/\/vosgesinfo.fr\/laplainedesvosgesinfo\/\",\"logo\":{\"@type\":\"ImageObject\",\"inLanguage\":\"fr-FR\",\"@id\":\"https:\/\/vosgesinfo.fr\/laplainedesvosgesinfo\/#\/schema\/logo\/image\/\",\"url\":\"https:\/\/vosgesinfo.fr\/app\/uploads\/sites\/2\/2023\/08\/logo-laplaineinfo.svg\",\"contentUrl\":\"https:\/\/vosgesinfo.fr\/app\/uploads\/sites\/2\/2023\/08\/logo-laplaineinfo.svg\",\"width\":1,\"height\":1,\"caption\":\"La Plaine des Vosges\"},\"image\":{\"@id\":\"https:\/\/vosgesinfo.fr\/laplainedesvosgesinfo\/#\/schema\/logo\/image\/\"},\"sameAs\":[\"https:\/\/www.facebook.com\/laplainedesvosges\",\"https:\/\/x.com\/VosgesInfo88\",\"https:\/\/www.youtube.com\/@vosgesinfo\"]},{\"@type\":\"Person\",\"@id\":\"https:\/\/vosgesinfo.fr\/laplainedesvosgesinfo\/#\/schema\/person\/db412391f749f1ee67e177e1dc017316\",\"name\":\"La R\u00e9daction\",\"image\":{\"@type\":\"ImageObject\",\"inLanguage\":\"fr-FR\",\"@id\":\"https:\/\/vosgesinfo.fr\/laplainedesvosgesinfo\/#\/schema\/person\/image\/\",\"url\":\"https:\/\/secure.gravatar.com\/avatar\/d10cfbea47ec464014dd9e55d3c353f7c4017b65068eb823d0882be0ff3b0ff6?s=96&d=mm&r=g\",\"contentUrl\":\"https:\/\/secure.gravatar.com\/avatar\/d10cfbea47ec464014dd9e55d3c353f7c4017b65068eb823d0882be0ff3b0ff6?s=96&d=mm&r=g\",\"caption\":\"La R\u00e9daction\"},\"url\":\"https:\/\/vosgesinfo.fr\/laplainedesvosgesinfo\/author\/redaction\/\"}]}<\/script>\n<!-- \/ Yoast SEO plugin. -->","yoast_head_json":{"title":"Coronavirus : situation au 5 octobre du Covid-19. Toujours deux Vosgiens encore hospitalis\u00e9s - La Plaine des Vosges","robots":{"index":"index","follow":"follow","max-snippet":"max-snippet:-1","max-image-preview":"max-image-preview:large","max-video-preview":"max-video-preview:-1"},"canonical":"https:\/\/vosgesinfo.fr\/laplainedesvosgesinfo\/2020\/10\/coronavirus-situation-au-5-octobre-du-covid-19-toujours-deux-vosgiens-encore-hospitalises\/","twitter_card":"summary_large_image","twitter_title":"Coronavirus : situation au 5 octobre du Covid-19. Toujours deux Vosgiens encore hospitalis\u00e9s - La Plaine des Vosges","twitter_description":"Au 2 octobre, 277 personnes sont encore hospitalis\u00e9es dans le Grand Est (- 18 de moins par rapport au 1 [&hellip;]","twitter_image":"https:\/\/vosgesinfo.fr\/app\/uploads\/sites\/2\/2024\/07\/202009covid-19-1.jpg","twitter_creator":"@VosgesInfo88","twitter_site":"@VosgesInfo88","twitter_misc":{"\u00c9crit par":"La R\u00e9daction","Dur\u00e9e de lecture estim\u00e9e":"2 minutes"},"schema":{"@context":"https:\/\/schema.org","@graph":[{"@type":"Article","@id":"https:\/\/vosgesinfo.fr\/laplainedesvosgesinfo\/2020\/10\/coronavirus-situation-au-5-octobre-du-covid-19-toujours-deux-vosgiens-encore-hospitalises\/#article","isPartOf":{"@id":"https:\/\/vosgesinfo.fr\/laplainedesvosgesinfo\/2020\/10\/coronavirus-situation-au-5-octobre-du-covid-19-toujours-deux-vosgiens-encore-hospitalises\/"},"author":{"name":"La R\u00e9daction","@id":"https:\/\/vosgesinfo.fr\/laplainedesvosgesinfo\/#\/schema\/person\/db412391f749f1ee67e177e1dc017316"},"headline":"Coronavirus : situation au 5 octobre du Covid-19. Toujours deux Vosgiens encore hospitalis\u00e9s","datePublished":"2020-10-05T20:00:37+00:00","dateModified":"2020-10-05T20:00:37+00:00","mainEntityOfPage":{"@id":"https:\/\/vosgesinfo.fr\/laplainedesvosgesinfo\/2020\/10\/coronavirus-situation-au-5-octobre-du-covid-19-toujours-deux-vosgiens-encore-hospitalises\/"},"wordCount":391,"commentCount":0,"publisher":{"@id":"https:\/\/vosgesinfo.fr\/laplainedesvosgesinfo\/#organization"},"image":{"@id":"https:\/\/vosgesinfo.fr\/laplainedesvosgesinfo\/2020\/10\/coronavirus-situation-au-5-octobre-du-covid-19-toujours-deux-vosgiens-encore-hospitalises\/#primaryimage"},"thumbnailUrl":"https:\/\/vosgesinfo.fr\/app\/uploads\/sites\/2\/2024\/07\/202009covid-19-1.jpg","articleSection":["A la Une","Sant\u00e9","Vosges"],"inLanguage":"fr-FR","potentialAction":[{"@type":"CommentAction","name":"Comment","target":["https:\/\/vosgesinfo.fr\/laplainedesvosgesinfo\/2020\/10\/coronavirus-situation-au-5-octobre-du-covid-19-toujours-deux-vosgiens-encore-hospitalises\/#respond"]}]},{"@type":"WebPage","@id":"https:\/\/vosgesinfo.fr\/laplainedesvosgesinfo\/2020\/10\/coronavirus-situation-au-5-octobre-du-covid-19-toujours-deux-vosgiens-encore-hospitalises\/","url":"https:\/\/vosgesinfo.fr\/laplainedesvosgesinfo\/2020\/10\/coronavirus-situation-au-5-octobre-du-covid-19-toujours-deux-vosgiens-encore-hospitalises\/","name":"Coronavirus : situation au 5 octobre du Covid-19. Toujours deux Vosgiens encore hospitalis\u00e9s - La Plaine des Vosges","isPartOf":{"@id":"https:\/\/vosgesinfo.fr\/laplainedesvosgesinfo\/#website"},"primaryImageOfPage":{"@id":"https:\/\/vosgesinfo.fr\/laplainedesvosgesinfo\/2020\/10\/coronavirus-situation-au-5-octobre-du-covid-19-toujours-deux-vosgiens-encore-hospitalises\/#primaryimage"},"image":{"@id":"https:\/\/vosgesinfo.fr\/laplainedesvosgesinfo\/2020\/10\/coronavirus-situation-au-5-octobre-du-covid-19-toujours-deux-vosgiens-encore-hospitalises\/#primaryimage"},"thumbnailUrl":"https:\/\/vosgesinfo.fr\/app\/uploads\/sites\/2\/2024\/07\/202009covid-19-1.jpg","datePublished":"2020-10-05T20:00:37+00:00","dateModified":"2020-10-05T20:00:37+00:00","breadcrumb":{"@id":"https:\/\/vosgesinfo.fr\/laplainedesvosgesinfo\/2020\/10\/coronavirus-situation-au-5-octobre-du-covid-19-toujours-deux-vosgiens-encore-hospitalises\/#breadcrumb"},"inLanguage":"fr-FR","potentialAction":[{"@type":"ReadAction","target":["https:\/\/vosgesinfo.fr\/laplainedesvosgesinfo\/2020\/10\/coronavirus-situation-au-5-octobre-du-covid-19-toujours-deux-vosgiens-encore-hospitalises\/"]}]},{"@type":"ImageObject","inLanguage":"fr-FR","@id":"https:\/\/vosgesinfo.fr\/laplainedesvosgesinfo\/2020\/10\/coronavirus-situation-au-5-octobre-du-covid-19-toujours-deux-vosgiens-encore-hospitalises\/#primaryimage","url":"https:\/\/vosgesinfo.fr\/app\/uploads\/sites\/2\/2024\/07\/202009covid-19-1.jpg","contentUrl":"https:\/\/vosgesinfo.fr\/app\/uploads\/sites\/2\/2024\/07\/202009covid-19-1.jpg","width":800,"height":450},{"@type":"BreadcrumbList","@id":"https:\/\/vosgesinfo.fr\/laplainedesvosgesinfo\/2020\/10\/coronavirus-situation-au-5-octobre-du-covid-19-toujours-deux-vosgiens-encore-hospitalises\/#breadcrumb","itemListElement":[{"@type":"ListItem","position":1,"name":"Home","item":"https:\/\/vosgesinfo.fr\/laplainedesvosgesinfo\/"},{"@type":"ListItem","position":2,"name":"Coronavirus : situation au 5 octobre du Covid-19. Toujours deux Vosgiens encore hospitalis\u00e9s"}]},{"@type":"WebSite","@id":"https:\/\/vosgesinfo.fr\/laplainedesvosgesinfo\/#website","url":"https:\/\/vosgesinfo.fr\/laplainedesvosgesinfo\/","name":"La Plaine des Vosges","description":"Toute l&#039;actualit\u00e9 de la plaine de Vosges","publisher":{"@id":"https:\/\/vosgesinfo.fr\/laplainedesvosgesinfo\/#organization"},"alternateName":"Toute l'actualit\u00e9 de la plaine des Vosges","potentialAction":[{"@type":"SearchAction","target":{"@type":"EntryPoint","urlTemplate":"https:\/\/vosgesinfo.fr\/laplainedesvosgesinfo\/?s={search_term_string}"},"query-input":"required name=search_term_string"}],"inLanguage":"fr-FR"},{"@type":"Organization","@id":"https:\/\/vosgesinfo.fr\/laplainedesvosgesinfo\/#organization","name":"La Plaine des Vosges","url":"https:\/\/vosgesinfo.fr\/laplainedesvosgesinfo\/","logo":{"@type":"ImageObject","inLanguage":"fr-FR","@id":"https:\/\/vosgesinfo.fr\/laplainedesvosgesinfo\/#\/schema\/logo\/image\/","url":"https:\/\/vosgesinfo.fr\/app\/uploads\/sites\/2\/2023\/08\/logo-laplaineinfo.svg","contentUrl":"https:\/\/vosgesinfo.fr\/app\/uploads\/sites\/2\/2023\/08\/logo-laplaineinfo.svg","width":1,"height":1,"caption":"La Plaine des Vosges"},"image":{"@id":"https:\/\/vosgesinfo.fr\/laplainedesvosgesinfo\/#\/schema\/logo\/image\/"},"sameAs":["https:\/\/www.facebook.com\/laplainedesvosges","https:\/\/x.com\/VosgesInfo88","https:\/\/www.youtube.com\/@vosgesinfo"]},{"@type":"Person","@id":"https:\/\/vosgesinfo.fr\/laplainedesvosgesinfo\/#\/schema\/person\/db412391f749f1ee67e177e1dc017316","name":"La R\u00e9daction","image":{"@type":"ImageObject","inLanguage":"fr-FR","@id":"https:\/\/vosgesinfo.fr\/laplainedesvosgesinfo\/#\/schema\/person\/image\/","url":"https:\/\/secure.gravatar.com\/avatar\/d10cfbea47ec464014dd9e55d3c353f7c4017b65068eb823d0882be0ff3b0ff6?s=96&d=mm&r=g","contentUrl":"https:\/\/secure.gravatar.com\/avatar\/d10cfbea47ec464014dd9e55d3c353f7c4017b65068eb823d0882be0ff3b0ff6?s=96&d=mm&r=g","caption":"La R\u00e9daction"},"url":"https:\/\/vosgesinfo.fr\/laplainedesvosgesinfo\/author\/redaction\/"}]}},"_links":{"self":[{"href":"https:\/\/vosgesinfo.fr\/laplainedesvosgesinfo\/wp-json\/wp\/v2\/posts\/17142","targetHints":{"allow":["GET"]}}],"collection":[{"href":"https:\/\/vosgesinfo.fr\/laplainedesvosgesinfo\/wp-json\/wp\/v2\/posts"}],"about":[{"href":"https:\/\/vosgesinfo.fr\/laplainedesvosgesinfo\/wp-json\/wp\/v2\/types\/post"}],"author":[{"embeddable":true,"href":"https:\/\/vosgesinfo.fr\/laplainedesvosgesinfo\/wp-json\/wp\/v2\/users\/126"}],"replies":[{"embeddable":true,"href":"https:\/\/vosgesinfo.fr\/laplainedesvosgesinfo\/wp-json\/wp\/v2\/comments?post=17142"}],"version-history":[{"count":0,"href":"https:\/\/vosgesinfo.fr\/laplainedesvosgesinfo\/wp-json\/wp\/v2\/posts\/17142\/revisions"}],"wp:featuredmedia":[{"embeddable":true,"href":"https:\/\/vosgesinfo.fr\/laplainedesvosgesinfo\/wp-json\/wp\/v2\/media\/17143"}],"wp:attachment":[{"href":"https:\/\/vosgesinfo.fr\/laplainedesvosgesinfo\/wp-json\/wp\/v2\/media?parent=17142"}],"wp:term":[{"taxonomy":"category","embeddable":true,"href":"https:\/\/vosgesinfo.fr\/laplainedesvosgesinfo\/wp-json\/wp\/v2\/categories?post=17142"},{"taxonomy":"post_tag","embeddable":true,"href":"https:\/\/vosgesinfo.fr\/laplainedesvosgesinfo\/wp-json\/wp\/v2\/tags?post=17142"}],"curies":[{"name":"wp","href":"https:\/\/api.w.org\/{rel}","templated":true}]}}