{"id":17324,"date":"2020-10-19T12:40:26","date_gmt":"2020-10-19T10:40:26","guid":{"rendered":"https:\/\/vosgesinfo.fr\/laplainedesvosgesinfo\/2020\/10\/vittel-circulation-restreinte-a-lentree-de-vittel-a-partir-du-19-octobre\/"},"modified":"2020-10-19T12:40:26","modified_gmt":"2020-10-19T10:40:26","slug":"vittel-circulation-restreinte-a-lentree-de-vittel-a-partir-du-19-octobre","status":"publish","type":"post","link":"https:\/\/vosgesinfo.fr\/laplainedesvosgesinfo\/2020\/10\/vittel-circulation-restreinte-a-lentree-de-vittel-a-partir-du-19-octobre\/","title":{"rendered":"Vittel : circulation restreinte \u00e0 l\u2019entr\u00e9e de Vittel \u00e0 partir du 19 octobre"},"content":{"rendered":"<p style=\"text-align: justify;\"><a href=\"\/2020\/02\/Infos-Travaux3.jpg\"><img decoding=\"async\" class=\"aligncenter size-full wp-image-111761\" src=\"\/2020\/02\/Infos-Travaux3.jpg\" alt=\"Infos Travaux\" width=\"1366\" height=\"550\" \/><\/a><\/p>\n<p style=\"text-align: justify;\">Le D\u00e9partement des Vosges va entamer des travaux de s\u00e9curisation des foss\u00e9s b\u00e9tons sur la RD229 (entr\u00e9e de Vittel, c\u00f4t\u00e9 Epinal) qui n\u00e9cessiteront, pour acc\u00e9der \u00e0 Vittel et They-sous-Montfort, d\u2019emprunter la RD165 (voie de contournement) direction A31.\u00a0<strong>A partir du lundi 19 octobre pour une dur\u00e9e \u00e9valu\u00e9e \u00e0 trois semaines.<\/strong><\/p>\n<p style=\"text-align: justify;\">La circulation sera ainsi interdite \u00e0 partir du giratoire d\u2019Har\u00e9ville,\u00a0en direction de Vittel-Centre. A l\u2019issue de ces travaux, une deuxi\u00e8me phase de mise en \u0153uvre d\u2019enrob\u00e9s n\u00e9cessitera une interdiction de circulation dans les\u00a0deux sens cette fois, pour une dur\u00e9e estim\u00e9e \u00e0 quatre jours. Pour acc\u00e9der et sortir de Vittel-Centre, les automobilistes devront alors emprunter la RD165 (voie de contournement).<\/p>\n<p style=\"text-align: justify;\"><a href=\"\/2020\/10\/travaux-octobre.png\"><img decoding=\"async\" class=\"aligncenter size-full wp-image-117167\" src=\"\/2020\/10\/travaux-octobre.png\" alt=\"travaux octobre\" width=\"800\" height=\"733\" \/><\/a><\/p>\n","protected":false},"excerpt":{"rendered":"<p>Le D\u00e9partement des Vosges va entamer des travaux de s\u00e9curisation des foss\u00e9s b\u00e9tons sur la RD229 (entr\u00e9e de Vittel, c\u00f4t\u00e9 [&hellip;]<\/p>\n","protected":false},"author":126,"featured_media":17325,"comment_status":"open","ping_status":"open","sticky":false,"template":"","format":"standard","meta":{"footnotes":""},"categories":[29,37,38],"tags":[],"class_list":["post-17324","post","type-post","status-publish","format-standard","has-post-thumbnail","hentry","category-a-la-une","category-la-plaine","category-vittel-la-plaine"],"acf":[],"yoast_head":"<!-- This site is optimized with the Yoast SEO plugin v22.5 - https:\/\/yoast.com\/wordpress\/plugins\/seo\/ -->\n<title>Vittel : circulation restreinte \u00e0 l\u2019entr\u00e9e de Vittel \u00e0 partir du 19 octobre - La Plaine des Vosges<\/title>\n<meta name=\"robots\" content=\"index, follow, max-snippet:-1, max-image-preview:large, max-video-preview:-1\" \/>\n<link rel=\"canonical\" href=\"https:\/\/vosgesinfo.fr\/laplainedesvosgesinfo\/2020\/10\/vittel-circulation-restreinte-a-lentree-de-vittel-a-partir-du-19-octobre\/\" \/>\n<meta name=\"twitter:card\" content=\"summary_large_image\" \/>\n<meta name=\"twitter:title\" content=\"Vittel : circulation restreinte \u00e0 l\u2019entr\u00e9e de Vittel \u00e0 partir du 19 octobre - La Plaine des Vosges\" \/>\n<meta name=\"twitter:description\" content=\"Le D\u00e9partement des Vosges va entamer des travaux de s\u00e9curisation des foss\u00e9s b\u00e9tons sur la RD229 (entr\u00e9e de Vittel, c\u00f4t\u00e9 [&hellip;]\" \/>\n<meta name=\"twitter:image\" content=\"https:\/\/vosgesinfo.fr\/app\/uploads\/sites\/2\/2024\/07\/202010travaux-octobre.png\" \/>\n<meta name=\"twitter:creator\" content=\"@VosgesInfo88\" \/>\n<meta name=\"twitter:site\" content=\"@VosgesInfo88\" \/>\n<meta name=\"twitter:label1\" content=\"\u00c9crit par\" \/>\n\t<meta name=\"twitter:data1\" content=\"La R\u00e9daction\" \/>\n\t<meta name=\"twitter:label2\" content=\"Dur\u00e9e de lecture estim\u00e9e\" \/>\n\t<meta name=\"twitter:data2\" content=\"1 minute\" \/>\n<script type=\"application\/ld+json\" class=\"yoast-schema-graph\">{\"@context\":\"https:\/\/schema.org\",\"@graph\":[{\"@type\":\"Article\",\"@id\":\"https:\/\/vosgesinfo.fr\/laplainedesvosgesinfo\/2020\/10\/vittel-circulation-restreinte-a-lentree-de-vittel-a-partir-du-19-octobre\/#article\",\"isPartOf\":{\"@id\":\"https:\/\/vosgesinfo.fr\/laplainedesvosgesinfo\/2020\/10\/vittel-circulation-restreinte-a-lentree-de-vittel-a-partir-du-19-octobre\/\"},\"author\":{\"name\":\"La R\u00e9daction\",\"@id\":\"https:\/\/vosgesinfo.fr\/laplainedesvosgesinfo\/#\/schema\/person\/db412391f749f1ee67e177e1dc017316\"},\"headline\":\"Vittel : circulation restreinte \u00e0 l\u2019entr\u00e9e de Vittel \u00e0 partir du 19 octobre\",\"datePublished\":\"2020-10-19T10:40:26+00:00\",\"dateModified\":\"2020-10-19T10:40:26+00:00\",\"mainEntityOfPage\":{\"@id\":\"https:\/\/vosgesinfo.fr\/laplainedesvosgesinfo\/2020\/10\/vittel-circulation-restreinte-a-lentree-de-vittel-a-partir-du-19-octobre\/\"},\"wordCount\":138,\"commentCount\":0,\"publisher\":{\"@id\":\"https:\/\/vosgesinfo.fr\/laplainedesvosgesinfo\/#organization\"},\"image\":{\"@id\":\"https:\/\/vosgesinfo.fr\/laplainedesvosgesinfo\/2020\/10\/vittel-circulation-restreinte-a-lentree-de-vittel-a-partir-du-19-octobre\/#primaryimage\"},\"thumbnailUrl\":\"https:\/\/vosgesinfo.fr\/app\/uploads\/sites\/2\/2024\/07\/202010travaux-octobre.png\",\"articleSection\":[\"A la Une\",\"La Plaine\",\"Vittel\"],\"inLanguage\":\"fr-FR\",\"potentialAction\":[{\"@type\":\"CommentAction\",\"name\":\"Comment\",\"target\":[\"https:\/\/vosgesinfo.fr\/laplainedesvosgesinfo\/2020\/10\/vittel-circulation-restreinte-a-lentree-de-vittel-a-partir-du-19-octobre\/#respond\"]}]},{\"@type\":\"WebPage\",\"@id\":\"https:\/\/vosgesinfo.fr\/laplainedesvosgesinfo\/2020\/10\/vittel-circulation-restreinte-a-lentree-de-vittel-a-partir-du-19-octobre\/\",\"url\":\"https:\/\/vosgesinfo.fr\/laplainedesvosgesinfo\/2020\/10\/vittel-circulation-restreinte-a-lentree-de-vittel-a-partir-du-19-octobre\/\",\"name\":\"Vittel : circulation restreinte \u00e0 l\u2019entr\u00e9e de Vittel \u00e0 partir du 19 octobre - La Plaine des Vosges\",\"isPartOf\":{\"@id\":\"https:\/\/vosgesinfo.fr\/laplainedesvosgesinfo\/#website\"},\"primaryImageOfPage\":{\"@id\":\"https:\/\/vosgesinfo.fr\/laplainedesvosgesinfo\/2020\/10\/vittel-circulation-restreinte-a-lentree-de-vittel-a-partir-du-19-octobre\/#primaryimage\"},\"image\":{\"@id\":\"https:\/\/vosgesinfo.fr\/laplainedesvosgesinfo\/2020\/10\/vittel-circulation-restreinte-a-lentree-de-vittel-a-partir-du-19-octobre\/#primaryimage\"},\"thumbnailUrl\":\"https:\/\/vosgesinfo.fr\/app\/uploads\/sites\/2\/2024\/07\/202010travaux-octobre.png\",\"datePublished\":\"2020-10-19T10:40:26+00:00\",\"dateModified\":\"2020-10-19T10:40:26+00:00\",\"breadcrumb\":{\"@id\":\"https:\/\/vosgesinfo.fr\/laplainedesvosgesinfo\/2020\/10\/vittel-circulation-restreinte-a-lentree-de-vittel-a-partir-du-19-octobre\/#breadcrumb\"},\"inLanguage\":\"fr-FR\",\"potentialAction\":[{\"@type\":\"ReadAction\",\"target\":[\"https:\/\/vosgesinfo.fr\/laplainedesvosgesinfo\/2020\/10\/vittel-circulation-restreinte-a-lentree-de-vittel-a-partir-du-19-octobre\/\"]}]},{\"@type\":\"ImageObject\",\"inLanguage\":\"fr-FR\",\"@id\":\"https:\/\/vosgesinfo.fr\/laplainedesvosgesinfo\/2020\/10\/vittel-circulation-restreinte-a-lentree-de-vittel-a-partir-du-19-octobre\/#primaryimage\",\"url\":\"https:\/\/vosgesinfo.fr\/app\/uploads\/sites\/2\/2024\/07\/202010travaux-octobre.png\",\"contentUrl\":\"https:\/\/vosgesinfo.fr\/app\/uploads\/sites\/2\/2024\/07\/202010travaux-octobre.png\",\"width\":800,\"height\":733},{\"@type\":\"BreadcrumbList\",\"@id\":\"https:\/\/vosgesinfo.fr\/laplainedesvosgesinfo\/2020\/10\/vittel-circulation-restreinte-a-lentree-de-vittel-a-partir-du-19-octobre\/#breadcrumb\",\"itemListElement\":[{\"@type\":\"ListItem\",\"position\":1,\"name\":\"Home\",\"item\":\"https:\/\/vosgesinfo.fr\/laplainedesvosgesinfo\/\"},{\"@type\":\"ListItem\",\"position\":2,\"name\":\"Vittel : circulation restreinte \u00e0 l\u2019entr\u00e9e de Vittel \u00e0 partir du 19 octobre\"}]},{\"@type\":\"WebSite\",\"@id\":\"https:\/\/vosgesinfo.fr\/laplainedesvosgesinfo\/#website\",\"url\":\"https:\/\/vosgesinfo.fr\/laplainedesvosgesinfo\/\",\"name\":\"La Plaine des Vosges\",\"description\":\"Toute l&#039;actualit\u00e9 de la plaine de Vosges\",\"publisher\":{\"@id\":\"https:\/\/vosgesinfo.fr\/laplainedesvosgesinfo\/#organization\"},\"alternateName\":\"Toute l'actualit\u00e9 de la plaine des Vosges\",\"potentialAction\":[{\"@type\":\"SearchAction\",\"target\":{\"@type\":\"EntryPoint\",\"urlTemplate\":\"https:\/\/vosgesinfo.fr\/laplainedesvosgesinfo\/?s={search_term_string}\"},\"query-input\":\"required name=search_term_string\"}],\"inLanguage\":\"fr-FR\"},{\"@type\":\"Organization\",\"@id\":\"https:\/\/vosgesinfo.fr\/laplainedesvosgesinfo\/#organization\",\"name\":\"La Plaine des Vosges\",\"url\":\"https:\/\/vosgesinfo.fr\/laplainedesvosgesinfo\/\",\"logo\":{\"@type\":\"ImageObject\",\"inLanguage\":\"fr-FR\",\"@id\":\"https:\/\/vosgesinfo.fr\/laplainedesvosgesinfo\/#\/schema\/logo\/image\/\",\"url\":\"https:\/\/vosgesinfo.fr\/app\/uploads\/sites\/2\/2023\/08\/logo-laplaineinfo.svg\",\"contentUrl\":\"https:\/\/vosgesinfo.fr\/app\/uploads\/sites\/2\/2023\/08\/logo-laplaineinfo.svg\",\"width\":1,\"height\":1,\"caption\":\"La Plaine des Vosges\"},\"image\":{\"@id\":\"https:\/\/vosgesinfo.fr\/laplainedesvosgesinfo\/#\/schema\/logo\/image\/\"},\"sameAs\":[\"https:\/\/www.facebook.com\/laplainedesvosges\",\"https:\/\/x.com\/VosgesInfo88\",\"https:\/\/www.youtube.com\/@vosgesinfo\"]},{\"@type\":\"Person\",\"@id\":\"https:\/\/vosgesinfo.fr\/laplainedesvosgesinfo\/#\/schema\/person\/db412391f749f1ee67e177e1dc017316\",\"name\":\"La R\u00e9daction\",\"image\":{\"@type\":\"ImageObject\",\"inLanguage\":\"fr-FR\",\"@id\":\"https:\/\/vosgesinfo.fr\/laplainedesvosgesinfo\/#\/schema\/person\/image\/\",\"url\":\"https:\/\/secure.gravatar.com\/avatar\/d10cfbea47ec464014dd9e55d3c353f7c4017b65068eb823d0882be0ff3b0ff6?s=96&d=mm&r=g\",\"contentUrl\":\"https:\/\/secure.gravatar.com\/avatar\/d10cfbea47ec464014dd9e55d3c353f7c4017b65068eb823d0882be0ff3b0ff6?s=96&d=mm&r=g\",\"caption\":\"La R\u00e9daction\"},\"url\":\"https:\/\/vosgesinfo.fr\/laplainedesvosgesinfo\/author\/redaction\/\"}]}<\/script>\n<!-- \/ Yoast SEO plugin. -->","yoast_head_json":{"title":"Vittel : circulation restreinte \u00e0 l\u2019entr\u00e9e de Vittel \u00e0 partir du 19 octobre - La Plaine des Vosges","robots":{"index":"index","follow":"follow","max-snippet":"max-snippet:-1","max-image-preview":"max-image-preview:large","max-video-preview":"max-video-preview:-1"},"canonical":"https:\/\/vosgesinfo.fr\/laplainedesvosgesinfo\/2020\/10\/vittel-circulation-restreinte-a-lentree-de-vittel-a-partir-du-19-octobre\/","twitter_card":"summary_large_image","twitter_title":"Vittel : circulation restreinte \u00e0 l\u2019entr\u00e9e de Vittel \u00e0 partir du 19 octobre - La Plaine des Vosges","twitter_description":"Le D\u00e9partement des Vosges va entamer des travaux de s\u00e9curisation des foss\u00e9s b\u00e9tons sur la RD229 (entr\u00e9e de Vittel, c\u00f4t\u00e9 [&hellip;]","twitter_image":"https:\/\/vosgesinfo.fr\/app\/uploads\/sites\/2\/2024\/07\/202010travaux-octobre.png","twitter_creator":"@VosgesInfo88","twitter_site":"@VosgesInfo88","twitter_misc":{"\u00c9crit par":"La R\u00e9daction","Dur\u00e9e de lecture estim\u00e9e":"1 minute"},"schema":{"@context":"https:\/\/schema.org","@graph":[{"@type":"Article","@id":"https:\/\/vosgesinfo.fr\/laplainedesvosgesinfo\/2020\/10\/vittel-circulation-restreinte-a-lentree-de-vittel-a-partir-du-19-octobre\/#article","isPartOf":{"@id":"https:\/\/vosgesinfo.fr\/laplainedesvosgesinfo\/2020\/10\/vittel-circulation-restreinte-a-lentree-de-vittel-a-partir-du-19-octobre\/"},"author":{"name":"La R\u00e9daction","@id":"https:\/\/vosgesinfo.fr\/laplainedesvosgesinfo\/#\/schema\/person\/db412391f749f1ee67e177e1dc017316"},"headline":"Vittel : circulation restreinte \u00e0 l\u2019entr\u00e9e de Vittel \u00e0 partir du 19 octobre","datePublished":"2020-10-19T10:40:26+00:00","dateModified":"2020-10-19T10:40:26+00:00","mainEntityOfPage":{"@id":"https:\/\/vosgesinfo.fr\/laplainedesvosgesinfo\/2020\/10\/vittel-circulation-restreinte-a-lentree-de-vittel-a-partir-du-19-octobre\/"},"wordCount":138,"commentCount":0,"publisher":{"@id":"https:\/\/vosgesinfo.fr\/laplainedesvosgesinfo\/#organization"},"image":{"@id":"https:\/\/vosgesinfo.fr\/laplainedesvosgesinfo\/2020\/10\/vittel-circulation-restreinte-a-lentree-de-vittel-a-partir-du-19-octobre\/#primaryimage"},"thumbnailUrl":"https:\/\/vosgesinfo.fr\/app\/uploads\/sites\/2\/2024\/07\/202010travaux-octobre.png","articleSection":["A la Une","La Plaine","Vittel"],"inLanguage":"fr-FR","potentialAction":[{"@type":"CommentAction","name":"Comment","target":["https:\/\/vosgesinfo.fr\/laplainedesvosgesinfo\/2020\/10\/vittel-circulation-restreinte-a-lentree-de-vittel-a-partir-du-19-octobre\/#respond"]}]},{"@type":"WebPage","@id":"https:\/\/vosgesinfo.fr\/laplainedesvosgesinfo\/2020\/10\/vittel-circulation-restreinte-a-lentree-de-vittel-a-partir-du-19-octobre\/","url":"https:\/\/vosgesinfo.fr\/laplainedesvosgesinfo\/2020\/10\/vittel-circulation-restreinte-a-lentree-de-vittel-a-partir-du-19-octobre\/","name":"Vittel : circulation restreinte \u00e0 l\u2019entr\u00e9e de Vittel \u00e0 partir du 19 octobre - La Plaine des Vosges","isPartOf":{"@id":"https:\/\/vosgesinfo.fr\/laplainedesvosgesinfo\/#website"},"primaryImageOfPage":{"@id":"https:\/\/vosgesinfo.fr\/laplainedesvosgesinfo\/2020\/10\/vittel-circulation-restreinte-a-lentree-de-vittel-a-partir-du-19-octobre\/#primaryimage"},"image":{"@id":"https:\/\/vosgesinfo.fr\/laplainedesvosgesinfo\/2020\/10\/vittel-circulation-restreinte-a-lentree-de-vittel-a-partir-du-19-octobre\/#primaryimage"},"thumbnailUrl":"https:\/\/vosgesinfo.fr\/app\/uploads\/sites\/2\/2024\/07\/202010travaux-octobre.png","datePublished":"2020-10-19T10:40:26+00:00","dateModified":"2020-10-19T10:40:26+00:00","breadcrumb":{"@id":"https:\/\/vosgesinfo.fr\/laplainedesvosgesinfo\/2020\/10\/vittel-circulation-restreinte-a-lentree-de-vittel-a-partir-du-19-octobre\/#breadcrumb"},"inLanguage":"fr-FR","potentialAction":[{"@type":"ReadAction","target":["https:\/\/vosgesinfo.fr\/laplainedesvosgesinfo\/2020\/10\/vittel-circulation-restreinte-a-lentree-de-vittel-a-partir-du-19-octobre\/"]}]},{"@type":"ImageObject","inLanguage":"fr-FR","@id":"https:\/\/vosgesinfo.fr\/laplainedesvosgesinfo\/2020\/10\/vittel-circulation-restreinte-a-lentree-de-vittel-a-partir-du-19-octobre\/#primaryimage","url":"https:\/\/vosgesinfo.fr\/app\/uploads\/sites\/2\/2024\/07\/202010travaux-octobre.png","contentUrl":"https:\/\/vosgesinfo.fr\/app\/uploads\/sites\/2\/2024\/07\/202010travaux-octobre.png","width":800,"height":733},{"@type":"BreadcrumbList","@id":"https:\/\/vosgesinfo.fr\/laplainedesvosgesinfo\/2020\/10\/vittel-circulation-restreinte-a-lentree-de-vittel-a-partir-du-19-octobre\/#breadcrumb","itemListElement":[{"@type":"ListItem","position":1,"name":"Home","item":"https:\/\/vosgesinfo.fr\/laplainedesvosgesinfo\/"},{"@type":"ListItem","position":2,"name":"Vittel : circulation restreinte \u00e0 l\u2019entr\u00e9e de Vittel \u00e0 partir du 19 octobre"}]},{"@type":"WebSite","@id":"https:\/\/vosgesinfo.fr\/laplainedesvosgesinfo\/#website","url":"https:\/\/vosgesinfo.fr\/laplainedesvosgesinfo\/","name":"La Plaine des Vosges","description":"Toute l&#039;actualit\u00e9 de la plaine de Vosges","publisher":{"@id":"https:\/\/vosgesinfo.fr\/laplainedesvosgesinfo\/#organization"},"alternateName":"Toute l'actualit\u00e9 de la plaine des Vosges","potentialAction":[{"@type":"SearchAction","target":{"@type":"EntryPoint","urlTemplate":"https:\/\/vosgesinfo.fr\/laplainedesvosgesinfo\/?s={search_term_string}"},"query-input":"required name=search_term_string"}],"inLanguage":"fr-FR"},{"@type":"Organization","@id":"https:\/\/vosgesinfo.fr\/laplainedesvosgesinfo\/#organization","name":"La Plaine des Vosges","url":"https:\/\/vosgesinfo.fr\/laplainedesvosgesinfo\/","logo":{"@type":"ImageObject","inLanguage":"fr-FR","@id":"https:\/\/vosgesinfo.fr\/laplainedesvosgesinfo\/#\/schema\/logo\/image\/","url":"https:\/\/vosgesinfo.fr\/app\/uploads\/sites\/2\/2023\/08\/logo-laplaineinfo.svg","contentUrl":"https:\/\/vosgesinfo.fr\/app\/uploads\/sites\/2\/2023\/08\/logo-laplaineinfo.svg","width":1,"height":1,"caption":"La Plaine des Vosges"},"image":{"@id":"https:\/\/vosgesinfo.fr\/laplainedesvosgesinfo\/#\/schema\/logo\/image\/"},"sameAs":["https:\/\/www.facebook.com\/laplainedesvosges","https:\/\/x.com\/VosgesInfo88","https:\/\/www.youtube.com\/@vosgesinfo"]},{"@type":"Person","@id":"https:\/\/vosgesinfo.fr\/laplainedesvosgesinfo\/#\/schema\/person\/db412391f749f1ee67e177e1dc017316","name":"La R\u00e9daction","image":{"@type":"ImageObject","inLanguage":"fr-FR","@id":"https:\/\/vosgesinfo.fr\/laplainedesvosgesinfo\/#\/schema\/person\/image\/","url":"https:\/\/secure.gravatar.com\/avatar\/d10cfbea47ec464014dd9e55d3c353f7c4017b65068eb823d0882be0ff3b0ff6?s=96&d=mm&r=g","contentUrl":"https:\/\/secure.gravatar.com\/avatar\/d10cfbea47ec464014dd9e55d3c353f7c4017b65068eb823d0882be0ff3b0ff6?s=96&d=mm&r=g","caption":"La R\u00e9daction"},"url":"https:\/\/vosgesinfo.fr\/laplainedesvosgesinfo\/author\/redaction\/"}]}},"_links":{"self":[{"href":"https:\/\/vosgesinfo.fr\/laplainedesvosgesinfo\/wp-json\/wp\/v2\/posts\/17324","targetHints":{"allow":["GET"]}}],"collection":[{"href":"https:\/\/vosgesinfo.fr\/laplainedesvosgesinfo\/wp-json\/wp\/v2\/posts"}],"about":[{"href":"https:\/\/vosgesinfo.fr\/laplainedesvosgesinfo\/wp-json\/wp\/v2\/types\/post"}],"author":[{"embeddable":true,"href":"https:\/\/vosgesinfo.fr\/laplainedesvosgesinfo\/wp-json\/wp\/v2\/users\/126"}],"replies":[{"embeddable":true,"href":"https:\/\/vosgesinfo.fr\/laplainedesvosgesinfo\/wp-json\/wp\/v2\/comments?post=17324"}],"version-history":[{"count":0,"href":"https:\/\/vosgesinfo.fr\/laplainedesvosgesinfo\/wp-json\/wp\/v2\/posts\/17324\/revisions"}],"wp:featuredmedia":[{"embeddable":true,"href":"https:\/\/vosgesinfo.fr\/laplainedesvosgesinfo\/wp-json\/wp\/v2\/media\/17325"}],"wp:attachment":[{"href":"https:\/\/vosgesinfo.fr\/laplainedesvosgesinfo\/wp-json\/wp\/v2\/media?parent=17324"}],"wp:term":[{"taxonomy":"category","embeddable":true,"href":"https:\/\/vosgesinfo.fr\/laplainedesvosgesinfo\/wp-json\/wp\/v2\/categories?post=17324"},{"taxonomy":"post_tag","embeddable":true,"href":"https:\/\/vosgesinfo.fr\/laplainedesvosgesinfo\/wp-json\/wp\/v2\/tags?post=17324"}],"curies":[{"name":"wp","href":"https:\/\/api.w.org\/{rel}","templated":true}]}}