{"id":17888,"date":"2020-12-04T18:52:27","date_gmt":"2020-12-04T17:52:27","guid":{"rendered":"https:\/\/vosgesinfo.fr\/laplainedesvosgesinfo\/2020\/12\/vittel-lassociation-le-courageux-combat-dantoine-est-reconnue-dinteret-general\/"},"modified":"2020-12-04T18:52:27","modified_gmt":"2020-12-04T17:52:27","slug":"vittel-lassociation-le-courageux-combat-dantoine-est-reconnue-dinteret-general","status":"publish","type":"post","link":"https:\/\/vosgesinfo.fr\/laplainedesvosgesinfo\/2020\/12\/vittel-lassociation-le-courageux-combat-dantoine-est-reconnue-dinteret-general\/","title":{"rendered":"Vittel : l\u2019association \u00abLe courageux combat d\u2019Antoine\u00bb est reconnue d\u2019int\u00e9r\u00eat g\u00e9n\u00e9ral"},"content":{"rendered":"\n<p style=\"text-align: justify;\">L\u2019association \u00abLe courageux combat d\u2019Antoine\u00bb qui a \u00e9t\u00e9 cr\u00e9\u00e9e en septembre 2012, et pr\u00e9sid\u00e9e par sa fondatrice Christine Audinot-Poinsot, voit son travail r\u00e9compens\u00e9 par la reconnaissance d\u2019int\u00e9r\u00eat g\u00e9n\u00e9ral.<\/p>\n<p style=\"text-align: justify;\">Un organisme d&rsquo;int\u00e9r\u00eat g\u00e9n\u00e9ral peut s&rsquo;assurer aupr\u00e8s de l&rsquo;administration fiscale qu&rsquo;il a bien cette qualit\u00e9 par la proc\u00e9dure du rescrit fiscal. De l\u00e0, l\u2019association \u00abLe courageux combat d\u2019Antoine\u00bb pourra d\u00e9livrer des re\u00e7us fiscaux \u00e0 ses donateurs et membres, afin qu&rsquo;ils puissent b\u00e9n\u00e9ficier d&rsquo;une r\u00e9duction d\u2019imp\u00f4t. Un avantage non n\u00e9gligeable pour les g\u00e9n\u00e9reux bienfaiteurs, et pour la structure associatif qui aura un argument suppl\u00e9mentaire pour solliciter les contributeurs.<\/p>\n<p style=\"text-align: justify;\">N\u2019h\u00e9sitez pas \u00e0 soutenir l\u2019association \u00abLe courageux combat d\u2019Antoine\u00bb dans ses actions pour les enfants malades.<\/p>\n<p style=\"text-align: justify;\"><strong>lecourageuxcombatdantoine@gmail.com<\/strong><\/p>\n<p style=\"text-align: justify;\"><strong>760 avenue Division Leclerc<\/strong><\/p>\n<p style=\"text-align: justify;\"><strong>88800 Remoncourt<\/strong><\/p>\n<p><strong>T\u00e9l. : 06 85 26 61 06<\/strong><\/p>\n<p><a href=\"\/2020\/12\/Bulletin-dadh\u00e9sion-2020.jpg\"><img decoding=\"async\" class=\"aligncenter size-full wp-image-118210\" src=\"\/2020\/12\/Bulletin-dadh\u00e9sion-2020.jpg\" alt=\"Bulletin d'adh\u00e9sion 2020\" width=\"565\" height=\"800\" \/><\/a><\/p>\n<p>&nbsp;<\/p>\n","protected":false},"excerpt":{"rendered":"<p>L\u2019association \u00abLe courageux combat d\u2019Antoine\u00bb qui a \u00e9t\u00e9 cr\u00e9\u00e9e en septembre 2012, et pr\u00e9sid\u00e9e par sa fondatrice Christine Audinot-Poinsot, voit [&hellip;]<\/p>\n","protected":false},"author":126,"featured_media":17889,"comment_status":"open","ping_status":"open","sticky":false,"template":"","format":"standard","meta":{"footnotes":""},"categories":[29,37,17,38],"tags":[583,5307,5917,77],"class_list":["post-17888","post","type-post","status-publish","format-standard","has-post-thumbnail","hentry","category-a-la-une","category-la-plaine","category-vie-associative","category-vittel-la-plaine","tag-association","tag-le-courageux-combat-dantoine","tag-reconnaissance-dinteret-general","tag-vittel"],"acf":[],"yoast_head":"<!-- This site is optimized with the Yoast SEO plugin v22.5 - https:\/\/yoast.com\/wordpress\/plugins\/seo\/ -->\n<title>Vittel : l\u2019association \u00abLe courageux combat d\u2019Antoine\u00bb est reconnue d\u2019int\u00e9r\u00eat g\u00e9n\u00e9ral - La Plaine des Vosges<\/title>\n<meta name=\"robots\" content=\"index, follow, max-snippet:-1, max-image-preview:large, max-video-preview:-1\" \/>\n<link rel=\"canonical\" href=\"https:\/\/vosgesinfo.fr\/laplainedesvosgesinfo\/2020\/12\/vittel-lassociation-le-courageux-combat-dantoine-est-reconnue-dinteret-general\/\" \/>\n<meta name=\"twitter:card\" content=\"summary_large_image\" \/>\n<meta name=\"twitter:title\" content=\"Vittel : l\u2019association \u00abLe courageux combat d\u2019Antoine\u00bb est reconnue d\u2019int\u00e9r\u00eat g\u00e9n\u00e9ral - La Plaine des Vosges\" \/>\n<meta name=\"twitter:description\" content=\"L\u2019association \u00abLe courageux combat d\u2019Antoine\u00bb qui a \u00e9t\u00e9 cr\u00e9\u00e9e en septembre 2012, et pr\u00e9sid\u00e9e par sa fondatrice Christine Audinot-Poinsot, voit [&hellip;]\" \/>\n<meta name=\"twitter:image\" content=\"https:\/\/vosgesinfo.fr\/app\/uploads\/sites\/2\/2024\/07\/202012imgp6618.jpg\" \/>\n<meta name=\"twitter:creator\" content=\"@VosgesInfo88\" \/>\n<meta name=\"twitter:site\" content=\"@VosgesInfo88\" \/>\n<meta name=\"twitter:label1\" content=\"\u00c9crit par\" \/>\n\t<meta name=\"twitter:data1\" content=\"La R\u00e9daction\" \/>\n\t<meta name=\"twitter:label2\" content=\"Dur\u00e9e de lecture estim\u00e9e\" \/>\n\t<meta name=\"twitter:data2\" content=\"1 minute\" \/>\n<script type=\"application\/ld+json\" class=\"yoast-schema-graph\">{\"@context\":\"https:\/\/schema.org\",\"@graph\":[{\"@type\":\"Article\",\"@id\":\"https:\/\/vosgesinfo.fr\/laplainedesvosgesinfo\/2020\/12\/vittel-lassociation-le-courageux-combat-dantoine-est-reconnue-dinteret-general\/#article\",\"isPartOf\":{\"@id\":\"https:\/\/vosgesinfo.fr\/laplainedesvosgesinfo\/2020\/12\/vittel-lassociation-le-courageux-combat-dantoine-est-reconnue-dinteret-general\/\"},\"author\":{\"name\":\"La R\u00e9daction\",\"@id\":\"https:\/\/vosgesinfo.fr\/laplainedesvosgesinfo\/#\/schema\/person\/db412391f749f1ee67e177e1dc017316\"},\"headline\":\"Vittel : l\u2019association \u00abLe courageux combat d\u2019Antoine\u00bb est reconnue d\u2019int\u00e9r\u00eat g\u00e9n\u00e9ral\",\"datePublished\":\"2020-12-04T17:52:27+00:00\",\"dateModified\":\"2020-12-04T17:52:27+00:00\",\"mainEntityOfPage\":{\"@id\":\"https:\/\/vosgesinfo.fr\/laplainedesvosgesinfo\/2020\/12\/vittel-lassociation-le-courageux-combat-dantoine-est-reconnue-dinteret-general\/\"},\"wordCount\":181,\"commentCount\":0,\"publisher\":{\"@id\":\"https:\/\/vosgesinfo.fr\/laplainedesvosgesinfo\/#organization\"},\"image\":{\"@id\":\"https:\/\/vosgesinfo.fr\/laplainedesvosgesinfo\/2020\/12\/vittel-lassociation-le-courageux-combat-dantoine-est-reconnue-dinteret-general\/#primaryimage\"},\"thumbnailUrl\":\"https:\/\/vosgesinfo.fr\/app\/uploads\/sites\/2\/2024\/07\/202012imgp6618.jpg\",\"keywords\":[\"association\",\"le courageux combat d'Antoine\",\"Reconnaissance d'int\u00e9r\u00eat g\u00e9n\u00e9ral\",\"Vittel\"],\"articleSection\":[\"A la Une\",\"La Plaine\",\"Vie Associative\",\"Vittel\"],\"inLanguage\":\"fr-FR\",\"potentialAction\":[{\"@type\":\"CommentAction\",\"name\":\"Comment\",\"target\":[\"https:\/\/vosgesinfo.fr\/laplainedesvosgesinfo\/2020\/12\/vittel-lassociation-le-courageux-combat-dantoine-est-reconnue-dinteret-general\/#respond\"]}]},{\"@type\":\"WebPage\",\"@id\":\"https:\/\/vosgesinfo.fr\/laplainedesvosgesinfo\/2020\/12\/vittel-lassociation-le-courageux-combat-dantoine-est-reconnue-dinteret-general\/\",\"url\":\"https:\/\/vosgesinfo.fr\/laplainedesvosgesinfo\/2020\/12\/vittel-lassociation-le-courageux-combat-dantoine-est-reconnue-dinteret-general\/\",\"name\":\"Vittel : l\u2019association \u00abLe courageux combat d\u2019Antoine\u00bb est reconnue d\u2019int\u00e9r\u00eat g\u00e9n\u00e9ral - La Plaine des Vosges\",\"isPartOf\":{\"@id\":\"https:\/\/vosgesinfo.fr\/laplainedesvosgesinfo\/#website\"},\"primaryImageOfPage\":{\"@id\":\"https:\/\/vosgesinfo.fr\/laplainedesvosgesinfo\/2020\/12\/vittel-lassociation-le-courageux-combat-dantoine-est-reconnue-dinteret-general\/#primaryimage\"},\"image\":{\"@id\":\"https:\/\/vosgesinfo.fr\/laplainedesvosgesinfo\/2020\/12\/vittel-lassociation-le-courageux-combat-dantoine-est-reconnue-dinteret-general\/#primaryimage\"},\"thumbnailUrl\":\"https:\/\/vosgesinfo.fr\/app\/uploads\/sites\/2\/2024\/07\/202012imgp6618.jpg\",\"datePublished\":\"2020-12-04T17:52:27+00:00\",\"dateModified\":\"2020-12-04T17:52:27+00:00\",\"breadcrumb\":{\"@id\":\"https:\/\/vosgesinfo.fr\/laplainedesvosgesinfo\/2020\/12\/vittel-lassociation-le-courageux-combat-dantoine-est-reconnue-dinteret-general\/#breadcrumb\"},\"inLanguage\":\"fr-FR\",\"potentialAction\":[{\"@type\":\"ReadAction\",\"target\":[\"https:\/\/vosgesinfo.fr\/laplainedesvosgesinfo\/2020\/12\/vittel-lassociation-le-courageux-combat-dantoine-est-reconnue-dinteret-general\/\"]}]},{\"@type\":\"ImageObject\",\"inLanguage\":\"fr-FR\",\"@id\":\"https:\/\/vosgesinfo.fr\/laplainedesvosgesinfo\/2020\/12\/vittel-lassociation-le-courageux-combat-dantoine-est-reconnue-dinteret-general\/#primaryimage\",\"url\":\"https:\/\/vosgesinfo.fr\/app\/uploads\/sites\/2\/2024\/07\/202012imgp6618.jpg\",\"contentUrl\":\"https:\/\/vosgesinfo.fr\/app\/uploads\/sites\/2\/2024\/07\/202012imgp6618.jpg\",\"width\":533,\"height\":800},{\"@type\":\"BreadcrumbList\",\"@id\":\"https:\/\/vosgesinfo.fr\/laplainedesvosgesinfo\/2020\/12\/vittel-lassociation-le-courageux-combat-dantoine-est-reconnue-dinteret-general\/#breadcrumb\",\"itemListElement\":[{\"@type\":\"ListItem\",\"position\":1,\"name\":\"Home\",\"item\":\"https:\/\/vosgesinfo.fr\/laplainedesvosgesinfo\/\"},{\"@type\":\"ListItem\",\"position\":2,\"name\":\"Vittel : l\u2019association \u00abLe courageux combat d\u2019Antoine\u00bb est reconnue d\u2019int\u00e9r\u00eat g\u00e9n\u00e9ral\"}]},{\"@type\":\"WebSite\",\"@id\":\"https:\/\/vosgesinfo.fr\/laplainedesvosgesinfo\/#website\",\"url\":\"https:\/\/vosgesinfo.fr\/laplainedesvosgesinfo\/\",\"name\":\"La Plaine des Vosges\",\"description\":\"Toute l&#039;actualit\u00e9 de la plaine de Vosges\",\"publisher\":{\"@id\":\"https:\/\/vosgesinfo.fr\/laplainedesvosgesinfo\/#organization\"},\"alternateName\":\"Toute l'actualit\u00e9 de la plaine des Vosges\",\"potentialAction\":[{\"@type\":\"SearchAction\",\"target\":{\"@type\":\"EntryPoint\",\"urlTemplate\":\"https:\/\/vosgesinfo.fr\/laplainedesvosgesinfo\/?s={search_term_string}\"},\"query-input\":\"required name=search_term_string\"}],\"inLanguage\":\"fr-FR\"},{\"@type\":\"Organization\",\"@id\":\"https:\/\/vosgesinfo.fr\/laplainedesvosgesinfo\/#organization\",\"name\":\"La Plaine des Vosges\",\"url\":\"https:\/\/vosgesinfo.fr\/laplainedesvosgesinfo\/\",\"logo\":{\"@type\":\"ImageObject\",\"inLanguage\":\"fr-FR\",\"@id\":\"https:\/\/vosgesinfo.fr\/laplainedesvosgesinfo\/#\/schema\/logo\/image\/\",\"url\":\"https:\/\/vosgesinfo.fr\/app\/uploads\/sites\/2\/2023\/08\/logo-laplaineinfo.svg\",\"contentUrl\":\"https:\/\/vosgesinfo.fr\/app\/uploads\/sites\/2\/2023\/08\/logo-laplaineinfo.svg\",\"width\":1,\"height\":1,\"caption\":\"La Plaine des Vosges\"},\"image\":{\"@id\":\"https:\/\/vosgesinfo.fr\/laplainedesvosgesinfo\/#\/schema\/logo\/image\/\"},\"sameAs\":[\"https:\/\/www.facebook.com\/laplainedesvosges\",\"https:\/\/x.com\/VosgesInfo88\",\"https:\/\/www.youtube.com\/@vosgesinfo\"]},{\"@type\":\"Person\",\"@id\":\"https:\/\/vosgesinfo.fr\/laplainedesvosgesinfo\/#\/schema\/person\/db412391f749f1ee67e177e1dc017316\",\"name\":\"La R\u00e9daction\",\"image\":{\"@type\":\"ImageObject\",\"inLanguage\":\"fr-FR\",\"@id\":\"https:\/\/vosgesinfo.fr\/laplainedesvosgesinfo\/#\/schema\/person\/image\/\",\"url\":\"https:\/\/secure.gravatar.com\/avatar\/d10cfbea47ec464014dd9e55d3c353f7c4017b65068eb823d0882be0ff3b0ff6?s=96&d=mm&r=g\",\"contentUrl\":\"https:\/\/secure.gravatar.com\/avatar\/d10cfbea47ec464014dd9e55d3c353f7c4017b65068eb823d0882be0ff3b0ff6?s=96&d=mm&r=g\",\"caption\":\"La R\u00e9daction\"},\"url\":\"https:\/\/vosgesinfo.fr\/laplainedesvosgesinfo\/author\/redaction\/\"}]}<\/script>\n<!-- \/ Yoast SEO plugin. -->","yoast_head_json":{"title":"Vittel : l\u2019association \u00abLe courageux combat d\u2019Antoine\u00bb est reconnue d\u2019int\u00e9r\u00eat g\u00e9n\u00e9ral - La Plaine des Vosges","robots":{"index":"index","follow":"follow","max-snippet":"max-snippet:-1","max-image-preview":"max-image-preview:large","max-video-preview":"max-video-preview:-1"},"canonical":"https:\/\/vosgesinfo.fr\/laplainedesvosgesinfo\/2020\/12\/vittel-lassociation-le-courageux-combat-dantoine-est-reconnue-dinteret-general\/","twitter_card":"summary_large_image","twitter_title":"Vittel : l\u2019association \u00abLe courageux combat d\u2019Antoine\u00bb est reconnue d\u2019int\u00e9r\u00eat g\u00e9n\u00e9ral - La Plaine des Vosges","twitter_description":"L\u2019association \u00abLe courageux combat d\u2019Antoine\u00bb qui a \u00e9t\u00e9 cr\u00e9\u00e9e en septembre 2012, et pr\u00e9sid\u00e9e par sa fondatrice Christine Audinot-Poinsot, voit [&hellip;]","twitter_image":"https:\/\/vosgesinfo.fr\/app\/uploads\/sites\/2\/2024\/07\/202012imgp6618.jpg","twitter_creator":"@VosgesInfo88","twitter_site":"@VosgesInfo88","twitter_misc":{"\u00c9crit par":"La R\u00e9daction","Dur\u00e9e de lecture estim\u00e9e":"1 minute"},"schema":{"@context":"https:\/\/schema.org","@graph":[{"@type":"Article","@id":"https:\/\/vosgesinfo.fr\/laplainedesvosgesinfo\/2020\/12\/vittel-lassociation-le-courageux-combat-dantoine-est-reconnue-dinteret-general\/#article","isPartOf":{"@id":"https:\/\/vosgesinfo.fr\/laplainedesvosgesinfo\/2020\/12\/vittel-lassociation-le-courageux-combat-dantoine-est-reconnue-dinteret-general\/"},"author":{"name":"La R\u00e9daction","@id":"https:\/\/vosgesinfo.fr\/laplainedesvosgesinfo\/#\/schema\/person\/db412391f749f1ee67e177e1dc017316"},"headline":"Vittel : l\u2019association \u00abLe courageux combat d\u2019Antoine\u00bb est reconnue d\u2019int\u00e9r\u00eat g\u00e9n\u00e9ral","datePublished":"2020-12-04T17:52:27+00:00","dateModified":"2020-12-04T17:52:27+00:00","mainEntityOfPage":{"@id":"https:\/\/vosgesinfo.fr\/laplainedesvosgesinfo\/2020\/12\/vittel-lassociation-le-courageux-combat-dantoine-est-reconnue-dinteret-general\/"},"wordCount":181,"commentCount":0,"publisher":{"@id":"https:\/\/vosgesinfo.fr\/laplainedesvosgesinfo\/#organization"},"image":{"@id":"https:\/\/vosgesinfo.fr\/laplainedesvosgesinfo\/2020\/12\/vittel-lassociation-le-courageux-combat-dantoine-est-reconnue-dinteret-general\/#primaryimage"},"thumbnailUrl":"https:\/\/vosgesinfo.fr\/app\/uploads\/sites\/2\/2024\/07\/202012imgp6618.jpg","keywords":["association","le courageux combat d'Antoine","Reconnaissance d'int\u00e9r\u00eat g\u00e9n\u00e9ral","Vittel"],"articleSection":["A la Une","La Plaine","Vie Associative","Vittel"],"inLanguage":"fr-FR","potentialAction":[{"@type":"CommentAction","name":"Comment","target":["https:\/\/vosgesinfo.fr\/laplainedesvosgesinfo\/2020\/12\/vittel-lassociation-le-courageux-combat-dantoine-est-reconnue-dinteret-general\/#respond"]}]},{"@type":"WebPage","@id":"https:\/\/vosgesinfo.fr\/laplainedesvosgesinfo\/2020\/12\/vittel-lassociation-le-courageux-combat-dantoine-est-reconnue-dinteret-general\/","url":"https:\/\/vosgesinfo.fr\/laplainedesvosgesinfo\/2020\/12\/vittel-lassociation-le-courageux-combat-dantoine-est-reconnue-dinteret-general\/","name":"Vittel : l\u2019association \u00abLe courageux combat d\u2019Antoine\u00bb est reconnue d\u2019int\u00e9r\u00eat g\u00e9n\u00e9ral - La Plaine des Vosges","isPartOf":{"@id":"https:\/\/vosgesinfo.fr\/laplainedesvosgesinfo\/#website"},"primaryImageOfPage":{"@id":"https:\/\/vosgesinfo.fr\/laplainedesvosgesinfo\/2020\/12\/vittel-lassociation-le-courageux-combat-dantoine-est-reconnue-dinteret-general\/#primaryimage"},"image":{"@id":"https:\/\/vosgesinfo.fr\/laplainedesvosgesinfo\/2020\/12\/vittel-lassociation-le-courageux-combat-dantoine-est-reconnue-dinteret-general\/#primaryimage"},"thumbnailUrl":"https:\/\/vosgesinfo.fr\/app\/uploads\/sites\/2\/2024\/07\/202012imgp6618.jpg","datePublished":"2020-12-04T17:52:27+00:00","dateModified":"2020-12-04T17:52:27+00:00","breadcrumb":{"@id":"https:\/\/vosgesinfo.fr\/laplainedesvosgesinfo\/2020\/12\/vittel-lassociation-le-courageux-combat-dantoine-est-reconnue-dinteret-general\/#breadcrumb"},"inLanguage":"fr-FR","potentialAction":[{"@type":"ReadAction","target":["https:\/\/vosgesinfo.fr\/laplainedesvosgesinfo\/2020\/12\/vittel-lassociation-le-courageux-combat-dantoine-est-reconnue-dinteret-general\/"]}]},{"@type":"ImageObject","inLanguage":"fr-FR","@id":"https:\/\/vosgesinfo.fr\/laplainedesvosgesinfo\/2020\/12\/vittel-lassociation-le-courageux-combat-dantoine-est-reconnue-dinteret-general\/#primaryimage","url":"https:\/\/vosgesinfo.fr\/app\/uploads\/sites\/2\/2024\/07\/202012imgp6618.jpg","contentUrl":"https:\/\/vosgesinfo.fr\/app\/uploads\/sites\/2\/2024\/07\/202012imgp6618.jpg","width":533,"height":800},{"@type":"BreadcrumbList","@id":"https:\/\/vosgesinfo.fr\/laplainedesvosgesinfo\/2020\/12\/vittel-lassociation-le-courageux-combat-dantoine-est-reconnue-dinteret-general\/#breadcrumb","itemListElement":[{"@type":"ListItem","position":1,"name":"Home","item":"https:\/\/vosgesinfo.fr\/laplainedesvosgesinfo\/"},{"@type":"ListItem","position":2,"name":"Vittel : l\u2019association \u00abLe courageux combat d\u2019Antoine\u00bb est reconnue d\u2019int\u00e9r\u00eat g\u00e9n\u00e9ral"}]},{"@type":"WebSite","@id":"https:\/\/vosgesinfo.fr\/laplainedesvosgesinfo\/#website","url":"https:\/\/vosgesinfo.fr\/laplainedesvosgesinfo\/","name":"La Plaine des Vosges","description":"Toute l&#039;actualit\u00e9 de la plaine de Vosges","publisher":{"@id":"https:\/\/vosgesinfo.fr\/laplainedesvosgesinfo\/#organization"},"alternateName":"Toute l'actualit\u00e9 de la plaine des Vosges","potentialAction":[{"@type":"SearchAction","target":{"@type":"EntryPoint","urlTemplate":"https:\/\/vosgesinfo.fr\/laplainedesvosgesinfo\/?s={search_term_string}"},"query-input":"required name=search_term_string"}],"inLanguage":"fr-FR"},{"@type":"Organization","@id":"https:\/\/vosgesinfo.fr\/laplainedesvosgesinfo\/#organization","name":"La Plaine des Vosges","url":"https:\/\/vosgesinfo.fr\/laplainedesvosgesinfo\/","logo":{"@type":"ImageObject","inLanguage":"fr-FR","@id":"https:\/\/vosgesinfo.fr\/laplainedesvosgesinfo\/#\/schema\/logo\/image\/","url":"https:\/\/vosgesinfo.fr\/app\/uploads\/sites\/2\/2023\/08\/logo-laplaineinfo.svg","contentUrl":"https:\/\/vosgesinfo.fr\/app\/uploads\/sites\/2\/2023\/08\/logo-laplaineinfo.svg","width":1,"height":1,"caption":"La Plaine des Vosges"},"image":{"@id":"https:\/\/vosgesinfo.fr\/laplainedesvosgesinfo\/#\/schema\/logo\/image\/"},"sameAs":["https:\/\/www.facebook.com\/laplainedesvosges","https:\/\/x.com\/VosgesInfo88","https:\/\/www.youtube.com\/@vosgesinfo"]},{"@type":"Person","@id":"https:\/\/vosgesinfo.fr\/laplainedesvosgesinfo\/#\/schema\/person\/db412391f749f1ee67e177e1dc017316","name":"La R\u00e9daction","image":{"@type":"ImageObject","inLanguage":"fr-FR","@id":"https:\/\/vosgesinfo.fr\/laplainedesvosgesinfo\/#\/schema\/person\/image\/","url":"https:\/\/secure.gravatar.com\/avatar\/d10cfbea47ec464014dd9e55d3c353f7c4017b65068eb823d0882be0ff3b0ff6?s=96&d=mm&r=g","contentUrl":"https:\/\/secure.gravatar.com\/avatar\/d10cfbea47ec464014dd9e55d3c353f7c4017b65068eb823d0882be0ff3b0ff6?s=96&d=mm&r=g","caption":"La R\u00e9daction"},"url":"https:\/\/vosgesinfo.fr\/laplainedesvosgesinfo\/author\/redaction\/"}]}},"_links":{"self":[{"href":"https:\/\/vosgesinfo.fr\/laplainedesvosgesinfo\/wp-json\/wp\/v2\/posts\/17888","targetHints":{"allow":["GET"]}}],"collection":[{"href":"https:\/\/vosgesinfo.fr\/laplainedesvosgesinfo\/wp-json\/wp\/v2\/posts"}],"about":[{"href":"https:\/\/vosgesinfo.fr\/laplainedesvosgesinfo\/wp-json\/wp\/v2\/types\/post"}],"author":[{"embeddable":true,"href":"https:\/\/vosgesinfo.fr\/laplainedesvosgesinfo\/wp-json\/wp\/v2\/users\/126"}],"replies":[{"embeddable":true,"href":"https:\/\/vosgesinfo.fr\/laplainedesvosgesinfo\/wp-json\/wp\/v2\/comments?post=17888"}],"version-history":[{"count":0,"href":"https:\/\/vosgesinfo.fr\/laplainedesvosgesinfo\/wp-json\/wp\/v2\/posts\/17888\/revisions"}],"wp:featuredmedia":[{"embeddable":true,"href":"https:\/\/vosgesinfo.fr\/laplainedesvosgesinfo\/wp-json\/wp\/v2\/media\/17889"}],"wp:attachment":[{"href":"https:\/\/vosgesinfo.fr\/laplainedesvosgesinfo\/wp-json\/wp\/v2\/media?parent=17888"}],"wp:term":[{"taxonomy":"category","embeddable":true,"href":"https:\/\/vosgesinfo.fr\/laplainedesvosgesinfo\/wp-json\/wp\/v2\/categories?post=17888"},{"taxonomy":"post_tag","embeddable":true,"href":"https:\/\/vosgesinfo.fr\/laplainedesvosgesinfo\/wp-json\/wp\/v2\/tags?post=17888"}],"curies":[{"name":"wp","href":"https:\/\/api.w.org\/{rel}","templated":true}]}}