{"id":17895,"date":"2020-12-05T14:19:43","date_gmt":"2020-12-05T13:19:43","guid":{"rendered":"https:\/\/vosgesinfo.fr\/laplainedesvosgesinfo\/2020\/12\/liffol-le-grand-la-maison-de-retraite-saint-simon-frappee-de-plein-fouet-par-la-covid-19\/"},"modified":"2020-12-05T14:19:43","modified_gmt":"2020-12-05T13:19:43","slug":"liffol-le-grand-la-maison-de-retraite-saint-simon-frappee-de-plein-fouet-par-la-covid-19","status":"publish","type":"post","link":"https:\/\/vosgesinfo.fr\/laplainedesvosgesinfo\/2020\/12\/liffol-le-grand-la-maison-de-retraite-saint-simon-frappee-de-plein-fouet-par-la-covid-19\/","title":{"rendered":"Liffol-le-Grand : la maison de retraite Saint-Simon frapp\u00e9e de plein fouet par la Covid-19"},"content":{"rendered":"<div id=\"attachment_118219\" style=\"width: 312px\" class=\"wp-caption aligncenter\"><a href=\"\/2020\/12\/maison_de_traite_Saint_Simon_liffol3804.jpg\"><img decoding=\"async\" aria-describedby=\"caption-attachment-118219\" class=\"size-full wp-image-118219\" src=\"\/2020\/12\/maison_de_traite_Saint_Simon_liffol3804.jpg\" alt=\"Maison de retraite Saint-Simon \u00e0 Liffol-le-Grand.\" width=\"302\" height=\"227\" \/><\/a><p id=\"caption-attachment-118219\" class=\"wp-caption-text\">Maison de retraite Saint-Simon \u00e0 Liffol-le-Grand.<\/p><\/div>\n<p style=\"text-align: justify;\">Les chiffres du coronavirus sont d\u00e9sormais \u00e0 la baisse, mais pour certains il ne faut pas leur parler de ces chiffres, car \u00e0 la maison de retraite Saint-Simon, la Covid-19 frappe de plein fouet. Lors de la premi\u00e8re vague tr\u00e8s peu de cas avait \u00e9t\u00e9 \u00e0 signaler. Mais sur cette deuxi\u00e8me p\u00e9riode, ce sont d\u00e9j\u00e0 seize personnes qui sont d\u00e9c\u00e9d\u00e9es du coronavirus et\/ou de solitude. Le personnel, est \u00a0lui aussi fortement touch\u00e9, et c\u2019est la consternation car quinze personnes de l\u2019\u00e9quipe ont \u00e9t\u00e9 test\u00e9s positif et malade. Sans compter leur entourage, souvent touch\u00e9 par la maladie \u00e9galement.<\/p>\n<p style=\"text-align: justify;\">Le jeune Th\u00e9o, en contrat \u00e0 dur\u00e9e d\u00e9termin\u00e9, vient de terminer son contrat en arr\u00eat maladie car il est touch\u00e9 par la Covid-19. Son regret sera de ne pas pu avoir saluer une derni\u00e8re fois ses coll\u00e8gues, puis ses \u00abpapy\u00bb et \u00abmamie\u00bb.<\/p>\n<p style=\"text-align: justify;\">Les soignants travaillent chaque jour dans la peur pour eux, mais aussi pour leurs proches car ils ne sont pas \u00e0 l\u2019abri de \u00abramener\u00bb le coronavirus dans leur foyer. Stress, fatigue et incompr\u00e9hension totale, comment la Covid 19 a pu \u00abentrer\u00bb dans la maison de retraite alors que toutes les pr\u00e9cautions sanitaires ont \u00e9t\u00e9 respect\u00e9s ?<\/p>\n<p style=\"text-align: justify;\">Ce vendredi Cyril Vidot, le maire de la commune, a publi\u00e9 un message sur la page Facebook de la mairie, o\u00f9 il exprime tout son soutien et sa sollicitude \u00e0 l\u2019ensemble des r\u00e9sidents et \u00e0 leurs familles. Dans son communiqu\u00e9, l\u2019\u00e9dile lance un appel \u00e0 ses administr\u00e9s. <em>\u00abJe souhaite que nous fassions parvenir nos encouragements et remerciements aux membres du personnel pour leur travail d\u00e9vou\u00e9. Je propose que ceux qui le souhaitent, viennent d\u00e9poser en mairie un petit mot d\u2019encouragement \u00e0 l\u2019attention des membres de l\u2019EHPAD afin de leur rappeler que nous pensons tr\u00e8s fort \u00e0 eux, et que nous sommes conscient de leur implication sans faille.\u00bb<\/em><\/p>\n<p style=\"text-align: justify;\">Tous types de communication est envisageable, m\u00eame en vid\u00e9o ou en musique. Les commer\u00e7ants peuvent eux aussi participer \u00e0 leur fa\u00e7on. Le maire reste \u00e0 leur disposition si besoin. Pour l\u2019ensemble des Fran\u00e7ais, les f\u00eates de No\u00ebl auront un go\u00fbt particulier mais encore plus amer du cot\u00e9 de Liffol-le-Grand.<\/p>\n<p style=\"text-align: justify;\">D.S.<\/p>\n","protected":false},"excerpt":{"rendered":"<p>Les chiffres du coronavirus sont d\u00e9sormais \u00e0 la baisse, mais pour certains il ne faut pas leur parler de ces [&hellip;]<\/p>\n","protected":false},"author":126,"featured_media":17896,"comment_status":"open","ping_status":"open","sticky":false,"template":"","format":"standard","meta":{"footnotes":""},"categories":[29,89],"tags":[5919,5855,5920,91],"class_list":["post-17895","post","type-post","status-publish","format-standard","has-post-thumbnail","hentry","category-a-la-une","category-liffol-le-grand","tag-cas-de-covid-19","tag-coronavirus","tag-lehpad-saint-simon","tag-liffol-le-grand"],"acf":[],"yoast_head":"<!-- This site is optimized with the Yoast SEO plugin v22.5 - https:\/\/yoast.com\/wordpress\/plugins\/seo\/ -->\n<title>Liffol-le-Grand : la maison de retraite Saint-Simon frapp\u00e9e de plein fouet par la Covid-19 - La Plaine des Vosges<\/title>\n<meta name=\"robots\" content=\"index, follow, max-snippet:-1, max-image-preview:large, max-video-preview:-1\" \/>\n<link rel=\"canonical\" href=\"https:\/\/vosgesinfo.fr\/laplainedesvosgesinfo\/2020\/12\/liffol-le-grand-la-maison-de-retraite-saint-simon-frappee-de-plein-fouet-par-la-covid-19\/\" \/>\n<meta name=\"twitter:card\" content=\"summary_large_image\" \/>\n<meta name=\"twitter:title\" content=\"Liffol-le-Grand : la maison de retraite Saint-Simon frapp\u00e9e de plein fouet par la Covid-19 - La Plaine des Vosges\" \/>\n<meta name=\"twitter:description\" content=\"Les chiffres du coronavirus sont d\u00e9sormais \u00e0 la baisse, mais pour certains il ne faut pas leur parler de ces [&hellip;]\" \/>\n<meta name=\"twitter:image\" content=\"https:\/\/vosgesinfo.fr\/app\/uploads\/sites\/2\/2024\/07\/202012maison-de-traite-saint-simon-liffol3804.jpg\" \/>\n<meta name=\"twitter:creator\" content=\"@VosgesInfo88\" \/>\n<meta name=\"twitter:site\" content=\"@VosgesInfo88\" \/>\n<meta name=\"twitter:label1\" content=\"\u00c9crit par\" \/>\n\t<meta name=\"twitter:data1\" content=\"La R\u00e9daction\" \/>\n\t<meta name=\"twitter:label2\" content=\"Dur\u00e9e de lecture estim\u00e9e\" \/>\n\t<meta name=\"twitter:data2\" content=\"2 minutes\" \/>\n<script type=\"application\/ld+json\" class=\"yoast-schema-graph\">{\"@context\":\"https:\/\/schema.org\",\"@graph\":[{\"@type\":\"Article\",\"@id\":\"https:\/\/vosgesinfo.fr\/laplainedesvosgesinfo\/2020\/12\/liffol-le-grand-la-maison-de-retraite-saint-simon-frappee-de-plein-fouet-par-la-covid-19\/#article\",\"isPartOf\":{\"@id\":\"https:\/\/vosgesinfo.fr\/laplainedesvosgesinfo\/2020\/12\/liffol-le-grand-la-maison-de-retraite-saint-simon-frappee-de-plein-fouet-par-la-covid-19\/\"},\"author\":{\"name\":\"La R\u00e9daction\",\"@id\":\"https:\/\/vosgesinfo.fr\/laplainedesvosgesinfo\/#\/schema\/person\/db412391f749f1ee67e177e1dc017316\"},\"headline\":\"Liffol-le-Grand : la maison de retraite Saint-Simon frapp\u00e9e de plein fouet par la Covid-19\",\"datePublished\":\"2020-12-05T13:19:43+00:00\",\"dateModified\":\"2020-12-05T13:19:43+00:00\",\"mainEntityOfPage\":{\"@id\":\"https:\/\/vosgesinfo.fr\/laplainedesvosgesinfo\/2020\/12\/liffol-le-grand-la-maison-de-retraite-saint-simon-frappee-de-plein-fouet-par-la-covid-19\/\"},\"wordCount\":407,\"commentCount\":0,\"publisher\":{\"@id\":\"https:\/\/vosgesinfo.fr\/laplainedesvosgesinfo\/#organization\"},\"image\":{\"@id\":\"https:\/\/vosgesinfo.fr\/laplainedesvosgesinfo\/2020\/12\/liffol-le-grand-la-maison-de-retraite-saint-simon-frappee-de-plein-fouet-par-la-covid-19\/#primaryimage\"},\"thumbnailUrl\":\"https:\/\/vosgesinfo.fr\/app\/uploads\/sites\/2\/2024\/07\/202012maison-de-traite-saint-simon-liffol3804.jpg\",\"keywords\":[\"Cas de Covid-19\",\"Coronavirus\",\"L'EHPAD Saint-Simon\",\"Liffol-le-Grand\"],\"articleSection\":[\"A la Une\",\"Liffol-le-Grand\"],\"inLanguage\":\"fr-FR\",\"potentialAction\":[{\"@type\":\"CommentAction\",\"name\":\"Comment\",\"target\":[\"https:\/\/vosgesinfo.fr\/laplainedesvosgesinfo\/2020\/12\/liffol-le-grand-la-maison-de-retraite-saint-simon-frappee-de-plein-fouet-par-la-covid-19\/#respond\"]}]},{\"@type\":\"WebPage\",\"@id\":\"https:\/\/vosgesinfo.fr\/laplainedesvosgesinfo\/2020\/12\/liffol-le-grand-la-maison-de-retraite-saint-simon-frappee-de-plein-fouet-par-la-covid-19\/\",\"url\":\"https:\/\/vosgesinfo.fr\/laplainedesvosgesinfo\/2020\/12\/liffol-le-grand-la-maison-de-retraite-saint-simon-frappee-de-plein-fouet-par-la-covid-19\/\",\"name\":\"Liffol-le-Grand : la maison de retraite Saint-Simon frapp\u00e9e de plein fouet par la Covid-19 - La Plaine des Vosges\",\"isPartOf\":{\"@id\":\"https:\/\/vosgesinfo.fr\/laplainedesvosgesinfo\/#website\"},\"primaryImageOfPage\":{\"@id\":\"https:\/\/vosgesinfo.fr\/laplainedesvosgesinfo\/2020\/12\/liffol-le-grand-la-maison-de-retraite-saint-simon-frappee-de-plein-fouet-par-la-covid-19\/#primaryimage\"},\"image\":{\"@id\":\"https:\/\/vosgesinfo.fr\/laplainedesvosgesinfo\/2020\/12\/liffol-le-grand-la-maison-de-retraite-saint-simon-frappee-de-plein-fouet-par-la-covid-19\/#primaryimage\"},\"thumbnailUrl\":\"https:\/\/vosgesinfo.fr\/app\/uploads\/sites\/2\/2024\/07\/202012maison-de-traite-saint-simon-liffol3804.jpg\",\"datePublished\":\"2020-12-05T13:19:43+00:00\",\"dateModified\":\"2020-12-05T13:19:43+00:00\",\"breadcrumb\":{\"@id\":\"https:\/\/vosgesinfo.fr\/laplainedesvosgesinfo\/2020\/12\/liffol-le-grand-la-maison-de-retraite-saint-simon-frappee-de-plein-fouet-par-la-covid-19\/#breadcrumb\"},\"inLanguage\":\"fr-FR\",\"potentialAction\":[{\"@type\":\"ReadAction\",\"target\":[\"https:\/\/vosgesinfo.fr\/laplainedesvosgesinfo\/2020\/12\/liffol-le-grand-la-maison-de-retraite-saint-simon-frappee-de-plein-fouet-par-la-covid-19\/\"]}]},{\"@type\":\"ImageObject\",\"inLanguage\":\"fr-FR\",\"@id\":\"https:\/\/vosgesinfo.fr\/laplainedesvosgesinfo\/2020\/12\/liffol-le-grand-la-maison-de-retraite-saint-simon-frappee-de-plein-fouet-par-la-covid-19\/#primaryimage\",\"url\":\"https:\/\/vosgesinfo.fr\/app\/uploads\/sites\/2\/2024\/07\/202012maison-de-traite-saint-simon-liffol3804.jpg\",\"contentUrl\":\"https:\/\/vosgesinfo.fr\/app\/uploads\/sites\/2\/2024\/07\/202012maison-de-traite-saint-simon-liffol3804.jpg\",\"width\":302,\"height\":227},{\"@type\":\"BreadcrumbList\",\"@id\":\"https:\/\/vosgesinfo.fr\/laplainedesvosgesinfo\/2020\/12\/liffol-le-grand-la-maison-de-retraite-saint-simon-frappee-de-plein-fouet-par-la-covid-19\/#breadcrumb\",\"itemListElement\":[{\"@type\":\"ListItem\",\"position\":1,\"name\":\"Home\",\"item\":\"https:\/\/vosgesinfo.fr\/laplainedesvosgesinfo\/\"},{\"@type\":\"ListItem\",\"position\":2,\"name\":\"Liffol-le-Grand : la maison de retraite Saint-Simon frapp\u00e9e de plein fouet par la Covid-19\"}]},{\"@type\":\"WebSite\",\"@id\":\"https:\/\/vosgesinfo.fr\/laplainedesvosgesinfo\/#website\",\"url\":\"https:\/\/vosgesinfo.fr\/laplainedesvosgesinfo\/\",\"name\":\"La Plaine des Vosges\",\"description\":\"Toute l&#039;actualit\u00e9 de la plaine de Vosges\",\"publisher\":{\"@id\":\"https:\/\/vosgesinfo.fr\/laplainedesvosgesinfo\/#organization\"},\"alternateName\":\"Toute l'actualit\u00e9 de la plaine des Vosges\",\"potentialAction\":[{\"@type\":\"SearchAction\",\"target\":{\"@type\":\"EntryPoint\",\"urlTemplate\":\"https:\/\/vosgesinfo.fr\/laplainedesvosgesinfo\/?s={search_term_string}\"},\"query-input\":\"required name=search_term_string\"}],\"inLanguage\":\"fr-FR\"},{\"@type\":\"Organization\",\"@id\":\"https:\/\/vosgesinfo.fr\/laplainedesvosgesinfo\/#organization\",\"name\":\"La Plaine des Vosges\",\"url\":\"https:\/\/vosgesinfo.fr\/laplainedesvosgesinfo\/\",\"logo\":{\"@type\":\"ImageObject\",\"inLanguage\":\"fr-FR\",\"@id\":\"https:\/\/vosgesinfo.fr\/laplainedesvosgesinfo\/#\/schema\/logo\/image\/\",\"url\":\"https:\/\/vosgesinfo.fr\/app\/uploads\/sites\/2\/2023\/08\/logo-laplaineinfo.svg\",\"contentUrl\":\"https:\/\/vosgesinfo.fr\/app\/uploads\/sites\/2\/2023\/08\/logo-laplaineinfo.svg\",\"width\":1,\"height\":1,\"caption\":\"La Plaine des Vosges\"},\"image\":{\"@id\":\"https:\/\/vosgesinfo.fr\/laplainedesvosgesinfo\/#\/schema\/logo\/image\/\"},\"sameAs\":[\"https:\/\/www.facebook.com\/laplainedesvosges\",\"https:\/\/x.com\/VosgesInfo88\",\"https:\/\/www.youtube.com\/@vosgesinfo\"]},{\"@type\":\"Person\",\"@id\":\"https:\/\/vosgesinfo.fr\/laplainedesvosgesinfo\/#\/schema\/person\/db412391f749f1ee67e177e1dc017316\",\"name\":\"La R\u00e9daction\",\"image\":{\"@type\":\"ImageObject\",\"inLanguage\":\"fr-FR\",\"@id\":\"https:\/\/vosgesinfo.fr\/laplainedesvosgesinfo\/#\/schema\/person\/image\/\",\"url\":\"https:\/\/secure.gravatar.com\/avatar\/d10cfbea47ec464014dd9e55d3c353f7c4017b65068eb823d0882be0ff3b0ff6?s=96&d=mm&r=g\",\"contentUrl\":\"https:\/\/secure.gravatar.com\/avatar\/d10cfbea47ec464014dd9e55d3c353f7c4017b65068eb823d0882be0ff3b0ff6?s=96&d=mm&r=g\",\"caption\":\"La R\u00e9daction\"},\"url\":\"https:\/\/vosgesinfo.fr\/laplainedesvosgesinfo\/author\/redaction\/\"}]}<\/script>\n<!-- \/ Yoast SEO plugin. -->","yoast_head_json":{"title":"Liffol-le-Grand : la maison de retraite Saint-Simon frapp\u00e9e de plein fouet par la Covid-19 - La Plaine des Vosges","robots":{"index":"index","follow":"follow","max-snippet":"max-snippet:-1","max-image-preview":"max-image-preview:large","max-video-preview":"max-video-preview:-1"},"canonical":"https:\/\/vosgesinfo.fr\/laplainedesvosgesinfo\/2020\/12\/liffol-le-grand-la-maison-de-retraite-saint-simon-frappee-de-plein-fouet-par-la-covid-19\/","twitter_card":"summary_large_image","twitter_title":"Liffol-le-Grand : la maison de retraite Saint-Simon frapp\u00e9e de plein fouet par la Covid-19 - La Plaine des Vosges","twitter_description":"Les chiffres du coronavirus sont d\u00e9sormais \u00e0 la baisse, mais pour certains il ne faut pas leur parler de ces [&hellip;]","twitter_image":"https:\/\/vosgesinfo.fr\/app\/uploads\/sites\/2\/2024\/07\/202012maison-de-traite-saint-simon-liffol3804.jpg","twitter_creator":"@VosgesInfo88","twitter_site":"@VosgesInfo88","twitter_misc":{"\u00c9crit par":"La R\u00e9daction","Dur\u00e9e de lecture estim\u00e9e":"2 minutes"},"schema":{"@context":"https:\/\/schema.org","@graph":[{"@type":"Article","@id":"https:\/\/vosgesinfo.fr\/laplainedesvosgesinfo\/2020\/12\/liffol-le-grand-la-maison-de-retraite-saint-simon-frappee-de-plein-fouet-par-la-covid-19\/#article","isPartOf":{"@id":"https:\/\/vosgesinfo.fr\/laplainedesvosgesinfo\/2020\/12\/liffol-le-grand-la-maison-de-retraite-saint-simon-frappee-de-plein-fouet-par-la-covid-19\/"},"author":{"name":"La R\u00e9daction","@id":"https:\/\/vosgesinfo.fr\/laplainedesvosgesinfo\/#\/schema\/person\/db412391f749f1ee67e177e1dc017316"},"headline":"Liffol-le-Grand : la maison de retraite Saint-Simon frapp\u00e9e de plein fouet par la Covid-19","datePublished":"2020-12-05T13:19:43+00:00","dateModified":"2020-12-05T13:19:43+00:00","mainEntityOfPage":{"@id":"https:\/\/vosgesinfo.fr\/laplainedesvosgesinfo\/2020\/12\/liffol-le-grand-la-maison-de-retraite-saint-simon-frappee-de-plein-fouet-par-la-covid-19\/"},"wordCount":407,"commentCount":0,"publisher":{"@id":"https:\/\/vosgesinfo.fr\/laplainedesvosgesinfo\/#organization"},"image":{"@id":"https:\/\/vosgesinfo.fr\/laplainedesvosgesinfo\/2020\/12\/liffol-le-grand-la-maison-de-retraite-saint-simon-frappee-de-plein-fouet-par-la-covid-19\/#primaryimage"},"thumbnailUrl":"https:\/\/vosgesinfo.fr\/app\/uploads\/sites\/2\/2024\/07\/202012maison-de-traite-saint-simon-liffol3804.jpg","keywords":["Cas de Covid-19","Coronavirus","L'EHPAD Saint-Simon","Liffol-le-Grand"],"articleSection":["A la Une","Liffol-le-Grand"],"inLanguage":"fr-FR","potentialAction":[{"@type":"CommentAction","name":"Comment","target":["https:\/\/vosgesinfo.fr\/laplainedesvosgesinfo\/2020\/12\/liffol-le-grand-la-maison-de-retraite-saint-simon-frappee-de-plein-fouet-par-la-covid-19\/#respond"]}]},{"@type":"WebPage","@id":"https:\/\/vosgesinfo.fr\/laplainedesvosgesinfo\/2020\/12\/liffol-le-grand-la-maison-de-retraite-saint-simon-frappee-de-plein-fouet-par-la-covid-19\/","url":"https:\/\/vosgesinfo.fr\/laplainedesvosgesinfo\/2020\/12\/liffol-le-grand-la-maison-de-retraite-saint-simon-frappee-de-plein-fouet-par-la-covid-19\/","name":"Liffol-le-Grand : la maison de retraite Saint-Simon frapp\u00e9e de plein fouet par la Covid-19 - La Plaine des Vosges","isPartOf":{"@id":"https:\/\/vosgesinfo.fr\/laplainedesvosgesinfo\/#website"},"primaryImageOfPage":{"@id":"https:\/\/vosgesinfo.fr\/laplainedesvosgesinfo\/2020\/12\/liffol-le-grand-la-maison-de-retraite-saint-simon-frappee-de-plein-fouet-par-la-covid-19\/#primaryimage"},"image":{"@id":"https:\/\/vosgesinfo.fr\/laplainedesvosgesinfo\/2020\/12\/liffol-le-grand-la-maison-de-retraite-saint-simon-frappee-de-plein-fouet-par-la-covid-19\/#primaryimage"},"thumbnailUrl":"https:\/\/vosgesinfo.fr\/app\/uploads\/sites\/2\/2024\/07\/202012maison-de-traite-saint-simon-liffol3804.jpg","datePublished":"2020-12-05T13:19:43+00:00","dateModified":"2020-12-05T13:19:43+00:00","breadcrumb":{"@id":"https:\/\/vosgesinfo.fr\/laplainedesvosgesinfo\/2020\/12\/liffol-le-grand-la-maison-de-retraite-saint-simon-frappee-de-plein-fouet-par-la-covid-19\/#breadcrumb"},"inLanguage":"fr-FR","potentialAction":[{"@type":"ReadAction","target":["https:\/\/vosgesinfo.fr\/laplainedesvosgesinfo\/2020\/12\/liffol-le-grand-la-maison-de-retraite-saint-simon-frappee-de-plein-fouet-par-la-covid-19\/"]}]},{"@type":"ImageObject","inLanguage":"fr-FR","@id":"https:\/\/vosgesinfo.fr\/laplainedesvosgesinfo\/2020\/12\/liffol-le-grand-la-maison-de-retraite-saint-simon-frappee-de-plein-fouet-par-la-covid-19\/#primaryimage","url":"https:\/\/vosgesinfo.fr\/app\/uploads\/sites\/2\/2024\/07\/202012maison-de-traite-saint-simon-liffol3804.jpg","contentUrl":"https:\/\/vosgesinfo.fr\/app\/uploads\/sites\/2\/2024\/07\/202012maison-de-traite-saint-simon-liffol3804.jpg","width":302,"height":227},{"@type":"BreadcrumbList","@id":"https:\/\/vosgesinfo.fr\/laplainedesvosgesinfo\/2020\/12\/liffol-le-grand-la-maison-de-retraite-saint-simon-frappee-de-plein-fouet-par-la-covid-19\/#breadcrumb","itemListElement":[{"@type":"ListItem","position":1,"name":"Home","item":"https:\/\/vosgesinfo.fr\/laplainedesvosgesinfo\/"},{"@type":"ListItem","position":2,"name":"Liffol-le-Grand : la maison de retraite Saint-Simon frapp\u00e9e de plein fouet par la Covid-19"}]},{"@type":"WebSite","@id":"https:\/\/vosgesinfo.fr\/laplainedesvosgesinfo\/#website","url":"https:\/\/vosgesinfo.fr\/laplainedesvosgesinfo\/","name":"La Plaine des Vosges","description":"Toute l&#039;actualit\u00e9 de la plaine de Vosges","publisher":{"@id":"https:\/\/vosgesinfo.fr\/laplainedesvosgesinfo\/#organization"},"alternateName":"Toute l'actualit\u00e9 de la plaine des Vosges","potentialAction":[{"@type":"SearchAction","target":{"@type":"EntryPoint","urlTemplate":"https:\/\/vosgesinfo.fr\/laplainedesvosgesinfo\/?s={search_term_string}"},"query-input":"required name=search_term_string"}],"inLanguage":"fr-FR"},{"@type":"Organization","@id":"https:\/\/vosgesinfo.fr\/laplainedesvosgesinfo\/#organization","name":"La Plaine des Vosges","url":"https:\/\/vosgesinfo.fr\/laplainedesvosgesinfo\/","logo":{"@type":"ImageObject","inLanguage":"fr-FR","@id":"https:\/\/vosgesinfo.fr\/laplainedesvosgesinfo\/#\/schema\/logo\/image\/","url":"https:\/\/vosgesinfo.fr\/app\/uploads\/sites\/2\/2023\/08\/logo-laplaineinfo.svg","contentUrl":"https:\/\/vosgesinfo.fr\/app\/uploads\/sites\/2\/2023\/08\/logo-laplaineinfo.svg","width":1,"height":1,"caption":"La Plaine des Vosges"},"image":{"@id":"https:\/\/vosgesinfo.fr\/laplainedesvosgesinfo\/#\/schema\/logo\/image\/"},"sameAs":["https:\/\/www.facebook.com\/laplainedesvosges","https:\/\/x.com\/VosgesInfo88","https:\/\/www.youtube.com\/@vosgesinfo"]},{"@type":"Person","@id":"https:\/\/vosgesinfo.fr\/laplainedesvosgesinfo\/#\/schema\/person\/db412391f749f1ee67e177e1dc017316","name":"La R\u00e9daction","image":{"@type":"ImageObject","inLanguage":"fr-FR","@id":"https:\/\/vosgesinfo.fr\/laplainedesvosgesinfo\/#\/schema\/person\/image\/","url":"https:\/\/secure.gravatar.com\/avatar\/d10cfbea47ec464014dd9e55d3c353f7c4017b65068eb823d0882be0ff3b0ff6?s=96&d=mm&r=g","contentUrl":"https:\/\/secure.gravatar.com\/avatar\/d10cfbea47ec464014dd9e55d3c353f7c4017b65068eb823d0882be0ff3b0ff6?s=96&d=mm&r=g","caption":"La R\u00e9daction"},"url":"https:\/\/vosgesinfo.fr\/laplainedesvosgesinfo\/author\/redaction\/"}]}},"_links":{"self":[{"href":"https:\/\/vosgesinfo.fr\/laplainedesvosgesinfo\/wp-json\/wp\/v2\/posts\/17895","targetHints":{"allow":["GET"]}}],"collection":[{"href":"https:\/\/vosgesinfo.fr\/laplainedesvosgesinfo\/wp-json\/wp\/v2\/posts"}],"about":[{"href":"https:\/\/vosgesinfo.fr\/laplainedesvosgesinfo\/wp-json\/wp\/v2\/types\/post"}],"author":[{"embeddable":true,"href":"https:\/\/vosgesinfo.fr\/laplainedesvosgesinfo\/wp-json\/wp\/v2\/users\/126"}],"replies":[{"embeddable":true,"href":"https:\/\/vosgesinfo.fr\/laplainedesvosgesinfo\/wp-json\/wp\/v2\/comments?post=17895"}],"version-history":[{"count":0,"href":"https:\/\/vosgesinfo.fr\/laplainedesvosgesinfo\/wp-json\/wp\/v2\/posts\/17895\/revisions"}],"wp:featuredmedia":[{"embeddable":true,"href":"https:\/\/vosgesinfo.fr\/laplainedesvosgesinfo\/wp-json\/wp\/v2\/media\/17896"}],"wp:attachment":[{"href":"https:\/\/vosgesinfo.fr\/laplainedesvosgesinfo\/wp-json\/wp\/v2\/media?parent=17895"}],"wp:term":[{"taxonomy":"category","embeddable":true,"href":"https:\/\/vosgesinfo.fr\/laplainedesvosgesinfo\/wp-json\/wp\/v2\/categories?post=17895"},{"taxonomy":"post_tag","embeddable":true,"href":"https:\/\/vosgesinfo.fr\/laplainedesvosgesinfo\/wp-json\/wp\/v2\/tags?post=17895"}],"curies":[{"name":"wp","href":"https:\/\/api.w.org\/{rel}","templated":true}]}}