{"id":17903,"date":"2020-12-07T10:34:08","date_gmt":"2020-12-07T09:34:08","guid":{"rendered":"https:\/\/vosgesinfo.fr\/laplainedesvosgesinfo\/2020\/12\/vosges-un-4x4-detruit-une-piste-de-ski-de-fond-entre-le-lac-blanc-et-la-schlucht\/"},"modified":"2020-12-07T10:34:08","modified_gmt":"2020-12-07T09:34:08","slug":"vosges-un-4x4-detruit-une-piste-de-ski-de-fond-entre-le-lac-blanc-et-la-schlucht","status":"publish","type":"post","link":"https:\/\/vosgesinfo.fr\/laplainedesvosgesinfo\/2020\/12\/vosges-un-4x4-detruit-une-piste-de-ski-de-fond-entre-le-lac-blanc-et-la-schlucht\/","title":{"rendered":"Vosges : un 4\u00d74 d\u00e9truit une piste de ski de fond entre le Lac Blanc et la Schlucht"},"content":{"rendered":"<h2><strong>\u00ab\u00a0Dans la nuit de samedi \u00e0 dimanche, un v\u00e9hicule 4\u00d74 a d\u00e9fonc\u00e9 la piste de ski de fond, \u00e0 partir du Lac Blanc et ceci jusqu\u2019\u00e0 la Schlucht\u00a0\u00bb, nous apprend l\u2019\u00e9quipe de la page \u00ab\u00a0Ski nordique et raquette au Lac Blanc\u00a0\u00bb, qui fournit des renseignements et fait la\u00a0promotion de ces activit\u00e9s de sport d\u2019hiver.<\/strong><\/h2>\n<p>\u00ab\u00a0Le travail du dameur a permis de tout remettre en \u00e9tat\u00a0\u00bb pour permettre l\u2019ouverture des pistes ce dimanche. \u00ab\u00a0Dommage d\u2019avoir \u00e0 vivre ce genre d\u2019incidents\u00a0\u00bb. Voil\u00e0 qui a compliqu\u00e9 encore un peu travail de ceux qui \u00ab\u00a0gal\u00e8rent d\u00e9j\u00e0 \u00e0 proposer des activit\u00e9s skiables\u00a0\u00bb en cette p\u00e9riode marqu\u00e9e par les mesures de restriction impos\u00e9es dans le cadre de la crise de la Covid-19.<\/p>\n<div id=\"attachment_118233\" style=\"width: 450px\" class=\"wp-caption aligncenter\"><a href=\"\/2020\/12\/4x4-ski-de-fond-schlucht.jpg\"><img decoding=\"async\" aria-describedby=\"caption-attachment-118233\" class=\"size-full wp-image-118233\" src=\"\/2020\/12\/4x4-ski-de-fond-schlucht.jpg\" alt=\"Photo de la page \u00ab Ski nordique et raquette au Lac Blanc \u00bb\" width=\"440\" height=\"800\" \/><\/a><p id=\"caption-attachment-118233\" class=\"wp-caption-text\">Photo de la page \u00ab Ski nordique et raquette au Lac Blanc \u00bb<\/p><\/div>\n","protected":false},"excerpt":{"rendered":"<p>\u00ab\u00a0Dans la nuit de samedi \u00e0 dimanche, un v\u00e9hicule 4\u00d74 a d\u00e9fonc\u00e9 la piste de ski de fond, \u00e0 partir [&hellip;]<\/p>\n","protected":false},"author":126,"featured_media":17904,"comment_status":"open","ping_status":"open","sticky":false,"template":"","format":"standard","meta":{"footnotes":""},"categories":[29,8,18],"tags":[1419],"class_list":["post-17903","post","type-post","status-publish","format-standard","has-post-thumbnail","hentry","category-a-la-une","category-faits-divers","category-vosges","tag-col-de-la-schlucht"],"acf":[],"yoast_head":"<!-- This site is optimized with the Yoast SEO plugin v22.5 - https:\/\/yoast.com\/wordpress\/plugins\/seo\/ -->\n<title>Vosges : un 4\u00d74 d\u00e9truit une piste de ski de fond entre le Lac Blanc et la Schlucht - La Plaine des Vosges<\/title>\n<meta name=\"robots\" content=\"index, follow, max-snippet:-1, max-image-preview:large, max-video-preview:-1\" \/>\n<link rel=\"canonical\" href=\"https:\/\/vosgesinfo.fr\/laplainedesvosgesinfo\/2020\/12\/vosges-un-4x4-detruit-une-piste-de-ski-de-fond-entre-le-lac-blanc-et-la-schlucht\/\" \/>\n<meta name=\"twitter:card\" content=\"summary_large_image\" \/>\n<meta name=\"twitter:title\" content=\"Vosges : un 4\u00d74 d\u00e9truit une piste de ski de fond entre le Lac Blanc et la Schlucht - La Plaine des Vosges\" \/>\n<meta name=\"twitter:description\" content=\"\u00ab\u00a0Dans la nuit de samedi \u00e0 dimanche, un v\u00e9hicule 4\u00d74 a d\u00e9fonc\u00e9 la piste de ski de fond, \u00e0 partir [&hellip;]\" \/>\n<meta name=\"twitter:image\" content=\"https:\/\/vosgesinfo.fr\/app\/uploads\/sites\/2\/2024\/07\/2020124x4-ski-de-fond-schlucht.jpg\" \/>\n<meta name=\"twitter:creator\" content=\"@VosgesInfo88\" \/>\n<meta name=\"twitter:site\" content=\"@VosgesInfo88\" \/>\n<meta name=\"twitter:label1\" content=\"\u00c9crit par\" \/>\n\t<meta name=\"twitter:data1\" content=\"La R\u00e9daction\" \/>\n\t<meta name=\"twitter:label2\" content=\"Dur\u00e9e de lecture estim\u00e9e\" \/>\n\t<meta name=\"twitter:data2\" content=\"1 minute\" \/>\n<script type=\"application\/ld+json\" class=\"yoast-schema-graph\">{\"@context\":\"https:\/\/schema.org\",\"@graph\":[{\"@type\":\"Article\",\"@id\":\"https:\/\/vosgesinfo.fr\/laplainedesvosgesinfo\/2020\/12\/vosges-un-4x4-detruit-une-piste-de-ski-de-fond-entre-le-lac-blanc-et-la-schlucht\/#article\",\"isPartOf\":{\"@id\":\"https:\/\/vosgesinfo.fr\/laplainedesvosgesinfo\/2020\/12\/vosges-un-4x4-detruit-une-piste-de-ski-de-fond-entre-le-lac-blanc-et-la-schlucht\/\"},\"author\":{\"name\":\"La R\u00e9daction\",\"@id\":\"https:\/\/vosgesinfo.fr\/laplainedesvosgesinfo\/#\/schema\/person\/db412391f749f1ee67e177e1dc017316\"},\"headline\":\"Vosges : un 4\u00d74 d\u00e9truit une piste de ski de fond entre le Lac Blanc et la Schlucht\",\"datePublished\":\"2020-12-07T09:34:08+00:00\",\"dateModified\":\"2020-12-07T09:34:08+00:00\",\"mainEntityOfPage\":{\"@id\":\"https:\/\/vosgesinfo.fr\/laplainedesvosgesinfo\/2020\/12\/vosges-un-4x4-detruit-une-piste-de-ski-de-fond-entre-le-lac-blanc-et-la-schlucht\/\"},\"wordCount\":161,\"commentCount\":0,\"publisher\":{\"@id\":\"https:\/\/vosgesinfo.fr\/laplainedesvosgesinfo\/#organization\"},\"image\":{\"@id\":\"https:\/\/vosgesinfo.fr\/laplainedesvosgesinfo\/2020\/12\/vosges-un-4x4-detruit-une-piste-de-ski-de-fond-entre-le-lac-blanc-et-la-schlucht\/#primaryimage\"},\"thumbnailUrl\":\"https:\/\/vosgesinfo.fr\/app\/uploads\/sites\/2\/2024\/07\/2020124x4-ski-de-fond-schlucht.jpg\",\"keywords\":[\"col de la schlucht\"],\"articleSection\":[\"A la Une\",\"Faits-divers\",\"Vosges\"],\"inLanguage\":\"fr-FR\",\"potentialAction\":[{\"@type\":\"CommentAction\",\"name\":\"Comment\",\"target\":[\"https:\/\/vosgesinfo.fr\/laplainedesvosgesinfo\/2020\/12\/vosges-un-4x4-detruit-une-piste-de-ski-de-fond-entre-le-lac-blanc-et-la-schlucht\/#respond\"]}]},{\"@type\":\"WebPage\",\"@id\":\"https:\/\/vosgesinfo.fr\/laplainedesvosgesinfo\/2020\/12\/vosges-un-4x4-detruit-une-piste-de-ski-de-fond-entre-le-lac-blanc-et-la-schlucht\/\",\"url\":\"https:\/\/vosgesinfo.fr\/laplainedesvosgesinfo\/2020\/12\/vosges-un-4x4-detruit-une-piste-de-ski-de-fond-entre-le-lac-blanc-et-la-schlucht\/\",\"name\":\"Vosges : un 4\u00d74 d\u00e9truit une piste de ski de fond entre le Lac Blanc et la Schlucht - La Plaine des Vosges\",\"isPartOf\":{\"@id\":\"https:\/\/vosgesinfo.fr\/laplainedesvosgesinfo\/#website\"},\"primaryImageOfPage\":{\"@id\":\"https:\/\/vosgesinfo.fr\/laplainedesvosgesinfo\/2020\/12\/vosges-un-4x4-detruit-une-piste-de-ski-de-fond-entre-le-lac-blanc-et-la-schlucht\/#primaryimage\"},\"image\":{\"@id\":\"https:\/\/vosgesinfo.fr\/laplainedesvosgesinfo\/2020\/12\/vosges-un-4x4-detruit-une-piste-de-ski-de-fond-entre-le-lac-blanc-et-la-schlucht\/#primaryimage\"},\"thumbnailUrl\":\"https:\/\/vosgesinfo.fr\/app\/uploads\/sites\/2\/2024\/07\/2020124x4-ski-de-fond-schlucht.jpg\",\"datePublished\":\"2020-12-07T09:34:08+00:00\",\"dateModified\":\"2020-12-07T09:34:08+00:00\",\"breadcrumb\":{\"@id\":\"https:\/\/vosgesinfo.fr\/laplainedesvosgesinfo\/2020\/12\/vosges-un-4x4-detruit-une-piste-de-ski-de-fond-entre-le-lac-blanc-et-la-schlucht\/#breadcrumb\"},\"inLanguage\":\"fr-FR\",\"potentialAction\":[{\"@type\":\"ReadAction\",\"target\":[\"https:\/\/vosgesinfo.fr\/laplainedesvosgesinfo\/2020\/12\/vosges-un-4x4-detruit-une-piste-de-ski-de-fond-entre-le-lac-blanc-et-la-schlucht\/\"]}]},{\"@type\":\"ImageObject\",\"inLanguage\":\"fr-FR\",\"@id\":\"https:\/\/vosgesinfo.fr\/laplainedesvosgesinfo\/2020\/12\/vosges-un-4x4-detruit-une-piste-de-ski-de-fond-entre-le-lac-blanc-et-la-schlucht\/#primaryimage\",\"url\":\"https:\/\/vosgesinfo.fr\/app\/uploads\/sites\/2\/2024\/07\/2020124x4-ski-de-fond-schlucht.jpg\",\"contentUrl\":\"https:\/\/vosgesinfo.fr\/app\/uploads\/sites\/2\/2024\/07\/2020124x4-ski-de-fond-schlucht.jpg\",\"width\":440,\"height\":800},{\"@type\":\"BreadcrumbList\",\"@id\":\"https:\/\/vosgesinfo.fr\/laplainedesvosgesinfo\/2020\/12\/vosges-un-4x4-detruit-une-piste-de-ski-de-fond-entre-le-lac-blanc-et-la-schlucht\/#breadcrumb\",\"itemListElement\":[{\"@type\":\"ListItem\",\"position\":1,\"name\":\"Home\",\"item\":\"https:\/\/vosgesinfo.fr\/laplainedesvosgesinfo\/\"},{\"@type\":\"ListItem\",\"position\":2,\"name\":\"Vosges : un 4\u00d74 d\u00e9truit une piste de ski de fond entre le Lac Blanc et la Schlucht\"}]},{\"@type\":\"WebSite\",\"@id\":\"https:\/\/vosgesinfo.fr\/laplainedesvosgesinfo\/#website\",\"url\":\"https:\/\/vosgesinfo.fr\/laplainedesvosgesinfo\/\",\"name\":\"La Plaine des Vosges\",\"description\":\"Toute l&#039;actualit\u00e9 de la plaine de Vosges\",\"publisher\":{\"@id\":\"https:\/\/vosgesinfo.fr\/laplainedesvosgesinfo\/#organization\"},\"alternateName\":\"Toute l'actualit\u00e9 de la plaine des Vosges\",\"potentialAction\":[{\"@type\":\"SearchAction\",\"target\":{\"@type\":\"EntryPoint\",\"urlTemplate\":\"https:\/\/vosgesinfo.fr\/laplainedesvosgesinfo\/?s={search_term_string}\"},\"query-input\":\"required name=search_term_string\"}],\"inLanguage\":\"fr-FR\"},{\"@type\":\"Organization\",\"@id\":\"https:\/\/vosgesinfo.fr\/laplainedesvosgesinfo\/#organization\",\"name\":\"La Plaine des Vosges\",\"url\":\"https:\/\/vosgesinfo.fr\/laplainedesvosgesinfo\/\",\"logo\":{\"@type\":\"ImageObject\",\"inLanguage\":\"fr-FR\",\"@id\":\"https:\/\/vosgesinfo.fr\/laplainedesvosgesinfo\/#\/schema\/logo\/image\/\",\"url\":\"https:\/\/vosgesinfo.fr\/app\/uploads\/sites\/2\/2023\/08\/logo-laplaineinfo.svg\",\"contentUrl\":\"https:\/\/vosgesinfo.fr\/app\/uploads\/sites\/2\/2023\/08\/logo-laplaineinfo.svg\",\"width\":1,\"height\":1,\"caption\":\"La Plaine des Vosges\"},\"image\":{\"@id\":\"https:\/\/vosgesinfo.fr\/laplainedesvosgesinfo\/#\/schema\/logo\/image\/\"},\"sameAs\":[\"https:\/\/www.facebook.com\/laplainedesvosges\",\"https:\/\/x.com\/VosgesInfo88\",\"https:\/\/www.youtube.com\/@vosgesinfo\"]},{\"@type\":\"Person\",\"@id\":\"https:\/\/vosgesinfo.fr\/laplainedesvosgesinfo\/#\/schema\/person\/db412391f749f1ee67e177e1dc017316\",\"name\":\"La R\u00e9daction\",\"image\":{\"@type\":\"ImageObject\",\"inLanguage\":\"fr-FR\",\"@id\":\"https:\/\/vosgesinfo.fr\/laplainedesvosgesinfo\/#\/schema\/person\/image\/\",\"url\":\"https:\/\/secure.gravatar.com\/avatar\/d10cfbea47ec464014dd9e55d3c353f7c4017b65068eb823d0882be0ff3b0ff6?s=96&d=mm&r=g\",\"contentUrl\":\"https:\/\/secure.gravatar.com\/avatar\/d10cfbea47ec464014dd9e55d3c353f7c4017b65068eb823d0882be0ff3b0ff6?s=96&d=mm&r=g\",\"caption\":\"La R\u00e9daction\"},\"url\":\"https:\/\/vosgesinfo.fr\/laplainedesvosgesinfo\/author\/redaction\/\"}]}<\/script>\n<!-- \/ Yoast SEO plugin. -->","yoast_head_json":{"title":"Vosges : un 4\u00d74 d\u00e9truit une piste de ski de fond entre le Lac Blanc et la Schlucht - La Plaine des Vosges","robots":{"index":"index","follow":"follow","max-snippet":"max-snippet:-1","max-image-preview":"max-image-preview:large","max-video-preview":"max-video-preview:-1"},"canonical":"https:\/\/vosgesinfo.fr\/laplainedesvosgesinfo\/2020\/12\/vosges-un-4x4-detruit-une-piste-de-ski-de-fond-entre-le-lac-blanc-et-la-schlucht\/","twitter_card":"summary_large_image","twitter_title":"Vosges : un 4\u00d74 d\u00e9truit une piste de ski de fond entre le Lac Blanc et la Schlucht - La Plaine des Vosges","twitter_description":"\u00ab\u00a0Dans la nuit de samedi \u00e0 dimanche, un v\u00e9hicule 4\u00d74 a d\u00e9fonc\u00e9 la piste de ski de fond, \u00e0 partir [&hellip;]","twitter_image":"https:\/\/vosgesinfo.fr\/app\/uploads\/sites\/2\/2024\/07\/2020124x4-ski-de-fond-schlucht.jpg","twitter_creator":"@VosgesInfo88","twitter_site":"@VosgesInfo88","twitter_misc":{"\u00c9crit par":"La R\u00e9daction","Dur\u00e9e de lecture estim\u00e9e":"1 minute"},"schema":{"@context":"https:\/\/schema.org","@graph":[{"@type":"Article","@id":"https:\/\/vosgesinfo.fr\/laplainedesvosgesinfo\/2020\/12\/vosges-un-4x4-detruit-une-piste-de-ski-de-fond-entre-le-lac-blanc-et-la-schlucht\/#article","isPartOf":{"@id":"https:\/\/vosgesinfo.fr\/laplainedesvosgesinfo\/2020\/12\/vosges-un-4x4-detruit-une-piste-de-ski-de-fond-entre-le-lac-blanc-et-la-schlucht\/"},"author":{"name":"La R\u00e9daction","@id":"https:\/\/vosgesinfo.fr\/laplainedesvosgesinfo\/#\/schema\/person\/db412391f749f1ee67e177e1dc017316"},"headline":"Vosges : un 4\u00d74 d\u00e9truit une piste de ski de fond entre le Lac Blanc et la Schlucht","datePublished":"2020-12-07T09:34:08+00:00","dateModified":"2020-12-07T09:34:08+00:00","mainEntityOfPage":{"@id":"https:\/\/vosgesinfo.fr\/laplainedesvosgesinfo\/2020\/12\/vosges-un-4x4-detruit-une-piste-de-ski-de-fond-entre-le-lac-blanc-et-la-schlucht\/"},"wordCount":161,"commentCount":0,"publisher":{"@id":"https:\/\/vosgesinfo.fr\/laplainedesvosgesinfo\/#organization"},"image":{"@id":"https:\/\/vosgesinfo.fr\/laplainedesvosgesinfo\/2020\/12\/vosges-un-4x4-detruit-une-piste-de-ski-de-fond-entre-le-lac-blanc-et-la-schlucht\/#primaryimage"},"thumbnailUrl":"https:\/\/vosgesinfo.fr\/app\/uploads\/sites\/2\/2024\/07\/2020124x4-ski-de-fond-schlucht.jpg","keywords":["col de la schlucht"],"articleSection":["A la Une","Faits-divers","Vosges"],"inLanguage":"fr-FR","potentialAction":[{"@type":"CommentAction","name":"Comment","target":["https:\/\/vosgesinfo.fr\/laplainedesvosgesinfo\/2020\/12\/vosges-un-4x4-detruit-une-piste-de-ski-de-fond-entre-le-lac-blanc-et-la-schlucht\/#respond"]}]},{"@type":"WebPage","@id":"https:\/\/vosgesinfo.fr\/laplainedesvosgesinfo\/2020\/12\/vosges-un-4x4-detruit-une-piste-de-ski-de-fond-entre-le-lac-blanc-et-la-schlucht\/","url":"https:\/\/vosgesinfo.fr\/laplainedesvosgesinfo\/2020\/12\/vosges-un-4x4-detruit-une-piste-de-ski-de-fond-entre-le-lac-blanc-et-la-schlucht\/","name":"Vosges : un 4\u00d74 d\u00e9truit une piste de ski de fond entre le Lac Blanc et la Schlucht - La Plaine des Vosges","isPartOf":{"@id":"https:\/\/vosgesinfo.fr\/laplainedesvosgesinfo\/#website"},"primaryImageOfPage":{"@id":"https:\/\/vosgesinfo.fr\/laplainedesvosgesinfo\/2020\/12\/vosges-un-4x4-detruit-une-piste-de-ski-de-fond-entre-le-lac-blanc-et-la-schlucht\/#primaryimage"},"image":{"@id":"https:\/\/vosgesinfo.fr\/laplainedesvosgesinfo\/2020\/12\/vosges-un-4x4-detruit-une-piste-de-ski-de-fond-entre-le-lac-blanc-et-la-schlucht\/#primaryimage"},"thumbnailUrl":"https:\/\/vosgesinfo.fr\/app\/uploads\/sites\/2\/2024\/07\/2020124x4-ski-de-fond-schlucht.jpg","datePublished":"2020-12-07T09:34:08+00:00","dateModified":"2020-12-07T09:34:08+00:00","breadcrumb":{"@id":"https:\/\/vosgesinfo.fr\/laplainedesvosgesinfo\/2020\/12\/vosges-un-4x4-detruit-une-piste-de-ski-de-fond-entre-le-lac-blanc-et-la-schlucht\/#breadcrumb"},"inLanguage":"fr-FR","potentialAction":[{"@type":"ReadAction","target":["https:\/\/vosgesinfo.fr\/laplainedesvosgesinfo\/2020\/12\/vosges-un-4x4-detruit-une-piste-de-ski-de-fond-entre-le-lac-blanc-et-la-schlucht\/"]}]},{"@type":"ImageObject","inLanguage":"fr-FR","@id":"https:\/\/vosgesinfo.fr\/laplainedesvosgesinfo\/2020\/12\/vosges-un-4x4-detruit-une-piste-de-ski-de-fond-entre-le-lac-blanc-et-la-schlucht\/#primaryimage","url":"https:\/\/vosgesinfo.fr\/app\/uploads\/sites\/2\/2024\/07\/2020124x4-ski-de-fond-schlucht.jpg","contentUrl":"https:\/\/vosgesinfo.fr\/app\/uploads\/sites\/2\/2024\/07\/2020124x4-ski-de-fond-schlucht.jpg","width":440,"height":800},{"@type":"BreadcrumbList","@id":"https:\/\/vosgesinfo.fr\/laplainedesvosgesinfo\/2020\/12\/vosges-un-4x4-detruit-une-piste-de-ski-de-fond-entre-le-lac-blanc-et-la-schlucht\/#breadcrumb","itemListElement":[{"@type":"ListItem","position":1,"name":"Home","item":"https:\/\/vosgesinfo.fr\/laplainedesvosgesinfo\/"},{"@type":"ListItem","position":2,"name":"Vosges : un 4\u00d74 d\u00e9truit une piste de ski de fond entre le Lac Blanc et la Schlucht"}]},{"@type":"WebSite","@id":"https:\/\/vosgesinfo.fr\/laplainedesvosgesinfo\/#website","url":"https:\/\/vosgesinfo.fr\/laplainedesvosgesinfo\/","name":"La Plaine des Vosges","description":"Toute l&#039;actualit\u00e9 de la plaine de Vosges","publisher":{"@id":"https:\/\/vosgesinfo.fr\/laplainedesvosgesinfo\/#organization"},"alternateName":"Toute l'actualit\u00e9 de la plaine des Vosges","potentialAction":[{"@type":"SearchAction","target":{"@type":"EntryPoint","urlTemplate":"https:\/\/vosgesinfo.fr\/laplainedesvosgesinfo\/?s={search_term_string}"},"query-input":"required name=search_term_string"}],"inLanguage":"fr-FR"},{"@type":"Organization","@id":"https:\/\/vosgesinfo.fr\/laplainedesvosgesinfo\/#organization","name":"La Plaine des Vosges","url":"https:\/\/vosgesinfo.fr\/laplainedesvosgesinfo\/","logo":{"@type":"ImageObject","inLanguage":"fr-FR","@id":"https:\/\/vosgesinfo.fr\/laplainedesvosgesinfo\/#\/schema\/logo\/image\/","url":"https:\/\/vosgesinfo.fr\/app\/uploads\/sites\/2\/2023\/08\/logo-laplaineinfo.svg","contentUrl":"https:\/\/vosgesinfo.fr\/app\/uploads\/sites\/2\/2023\/08\/logo-laplaineinfo.svg","width":1,"height":1,"caption":"La Plaine des Vosges"},"image":{"@id":"https:\/\/vosgesinfo.fr\/laplainedesvosgesinfo\/#\/schema\/logo\/image\/"},"sameAs":["https:\/\/www.facebook.com\/laplainedesvosges","https:\/\/x.com\/VosgesInfo88","https:\/\/www.youtube.com\/@vosgesinfo"]},{"@type":"Person","@id":"https:\/\/vosgesinfo.fr\/laplainedesvosgesinfo\/#\/schema\/person\/db412391f749f1ee67e177e1dc017316","name":"La R\u00e9daction","image":{"@type":"ImageObject","inLanguage":"fr-FR","@id":"https:\/\/vosgesinfo.fr\/laplainedesvosgesinfo\/#\/schema\/person\/image\/","url":"https:\/\/secure.gravatar.com\/avatar\/d10cfbea47ec464014dd9e55d3c353f7c4017b65068eb823d0882be0ff3b0ff6?s=96&d=mm&r=g","contentUrl":"https:\/\/secure.gravatar.com\/avatar\/d10cfbea47ec464014dd9e55d3c353f7c4017b65068eb823d0882be0ff3b0ff6?s=96&d=mm&r=g","caption":"La R\u00e9daction"},"url":"https:\/\/vosgesinfo.fr\/laplainedesvosgesinfo\/author\/redaction\/"}]}},"_links":{"self":[{"href":"https:\/\/vosgesinfo.fr\/laplainedesvosgesinfo\/wp-json\/wp\/v2\/posts\/17903","targetHints":{"allow":["GET"]}}],"collection":[{"href":"https:\/\/vosgesinfo.fr\/laplainedesvosgesinfo\/wp-json\/wp\/v2\/posts"}],"about":[{"href":"https:\/\/vosgesinfo.fr\/laplainedesvosgesinfo\/wp-json\/wp\/v2\/types\/post"}],"author":[{"embeddable":true,"href":"https:\/\/vosgesinfo.fr\/laplainedesvosgesinfo\/wp-json\/wp\/v2\/users\/126"}],"replies":[{"embeddable":true,"href":"https:\/\/vosgesinfo.fr\/laplainedesvosgesinfo\/wp-json\/wp\/v2\/comments?post=17903"}],"version-history":[{"count":0,"href":"https:\/\/vosgesinfo.fr\/laplainedesvosgesinfo\/wp-json\/wp\/v2\/posts\/17903\/revisions"}],"wp:featuredmedia":[{"embeddable":true,"href":"https:\/\/vosgesinfo.fr\/laplainedesvosgesinfo\/wp-json\/wp\/v2\/media\/17904"}],"wp:attachment":[{"href":"https:\/\/vosgesinfo.fr\/laplainedesvosgesinfo\/wp-json\/wp\/v2\/media?parent=17903"}],"wp:term":[{"taxonomy":"category","embeddable":true,"href":"https:\/\/vosgesinfo.fr\/laplainedesvosgesinfo\/wp-json\/wp\/v2\/categories?post=17903"},{"taxonomy":"post_tag","embeddable":true,"href":"https:\/\/vosgesinfo.fr\/laplainedesvosgesinfo\/wp-json\/wp\/v2\/tags?post=17903"}],"curies":[{"name":"wp","href":"https:\/\/api.w.org\/{rel}","templated":true}]}}