{"id":18638,"date":"2021-03-03T18:58:55","date_gmt":"2021-03-03T17:58:55","guid":{"rendered":"https:\/\/vosgesinfo.fr\/laplainedesvosgesinfo\/2021\/03\/neufchateau-la-maison-de-retraite-bientot-demolie\/"},"modified":"2021-03-03T18:58:55","modified_gmt":"2021-03-03T17:58:55","slug":"neufchateau-la-maison-de-retraite-bientot-demolie","status":"publish","type":"post","link":"https:\/\/vosgesinfo.fr\/laplainedesvosgesinfo\/2021\/03\/neufchateau-la-maison-de-retraite-bientot-demolie\/","title":{"rendered":"Neufch\u00e2teau: la maison de retraite bient\u00f4t d\u00e9molie"},"content":{"rendered":"<p><span id=\"p51\"><a href=\"\/2021\/03\/demoli1.jpg\"><img decoding=\"async\" class=\"wp-image-119551 aligncenter\" src=\"\/2021\/03\/demoli1-340x255.jpg\" alt=\"demoli1\" width=\"345\" height=\"259\" \/><\/a><\/span><\/p>\n<p>Les travaux de d\u00e9molition de l&rsquo;ancienne maison de retraite du Val-de-Meuse ont d\u00e9but\u00e9 et sont pris en charge int\u00e9gralement en charge par l&rsquo;\u00e9tablissement public foncier du\u00a0<span id=\"56\" class=\"s-rg-t\">Grand-Est<\/span>\u00a0pour une somme globale de 900 000 \u20ac.<\/p>\n<p><span id=\"p52\">Le d\u00e9samiantage des b\u00e2timents devrait durer environ trois mois, viendra ensuite l&rsquo;\u00e9tape du curage qui consiste \u00e0 d\u00e9molir les b\u00e2timents partiellement en enlevant les \u00e9l\u00e9ments non-constructifs tels que les rev\u00eatements des murs et sols, les cloisons en pl\u00e2tre, les menuiseries et b\u00e9ton\u00a0<span id=\"57\">d\u00e9t\u00e9rior\u00e9<\/span>.<\/span><br \/>\n<span id=\"p53\">Tous les mat\u00e9riaux seront tri\u00e9s puis envoy\u00e9s en d\u00e9chetterie avant d&rsquo;\u00eatre recycl\u00e9s <span id=\"58\" class=\"s-or-t\">\u00e0<\/span>\u00a095 %.<\/span><span id=\"p61\">\u00a0Apr\u00e8s la phase de d\u00e9molition des b\u00e2timents et la remise en \u00e9tat du terrain, le projet municipal du Parc des Confluences pourra \u00eatre am\u00e9nag\u00e9 pour accueillir ses premiers promeneurs en 2023.<\/span><span id=\"p55\">\u00a0Le parc sera un v\u00e9ritable poumon vert en plein centre ville, il proposera des espaces privil\u00e9giant la rencontre et adapt\u00e9s \u00e0 tous les \u00e2ges\u00a0:<\/span><br \/>\n<span id=\"p65\">-Un espace de convivialit\u00e9 o\u00f9 les habitants pourront se retrouver et passer des moments d&rsquo;\u00e9changes et de d\u00e9tente<\/span><br \/>\n<span id=\"p31\">-Une zone de\u00a0<span id=\"46\" class=\"s-rg-t\">street<\/span>\u00a0<span id=\"47\" class=\"s-rg-t\">work-out<\/span><\/span><br \/>\n<span id=\"p32\">-Un parcours ludique d\u00e9di\u00e9 aux enfants.<\/span><span id=\"p33\">\u00a0Il sera accessible \u00e0 tous et notamment aux poussettes, des jeux d&rsquo;eau seront particuli\u00e8rement appr\u00e9ci\u00e9s des familles en p\u00e9riode estivale.<\/span><br \/>\n<span id=\"p34\">-Un jardin clos<\/span><br \/>\n<span id=\"p64\">-Des zones de stationnement<\/span><br \/>\n<span id=\"p36\">DS<\/span><\/p>\n<p><a href=\"\/2021\/03\/demoli3.jpg\"><img decoding=\"async\" class=\"alignnone size-medium wp-image-119552\" src=\"\/2021\/03\/demoli3-400x209.jpg\" alt=\"demoli3\" width=\"400\" height=\"209\" \/><\/a><a href=\"\/2021\/03\/demoli.jpg\"><img decoding=\"async\" class=\"alignnone size-medium wp-image-119550\" src=\"\/2021\/03\/demoli-340x255.jpg\" alt=\"demoli\" width=\"340\" height=\"255\" \/><\/a><\/p>\n","protected":false},"excerpt":{"rendered":"<p>Les travaux de d\u00e9molition de l&rsquo;ancienne maison de retraite du Val-de-Meuse ont d\u00e9but\u00e9 et sont pris en charge int\u00e9gralement en [&hellip;]<\/p>\n","protected":false},"author":1,"featured_media":18639,"comment_status":"open","ping_status":"open","sticky":false,"template":"","format":"standard","meta":{"footnotes":""},"categories":[29,7,37,428,90],"tags":[455,533],"class_list":["post-18638","post","type-post","status-publish","format-standard","has-post-thumbnail","hentry","category-a-la-une","category-environnement","category-la-plaine","category-neufchateau-la-plaine","category-travaux","tag-neufchateau","tag-travaux"],"acf":[],"yoast_head":"<!-- This site is optimized with the Yoast SEO plugin v22.5 - https:\/\/yoast.com\/wordpress\/plugins\/seo\/ -->\n<title>Neufch\u00e2teau: la maison de retraite bient\u00f4t d\u00e9molie - La Plaine des Vosges<\/title>\n<meta name=\"robots\" content=\"index, follow, max-snippet:-1, max-image-preview:large, max-video-preview:-1\" \/>\n<link rel=\"canonical\" href=\"https:\/\/vosgesinfo.fr\/laplainedesvosgesinfo\/2021\/03\/neufchateau-la-maison-de-retraite-bientot-demolie\/\" \/>\n<meta name=\"twitter:card\" content=\"summary_large_image\" \/>\n<meta name=\"twitter:title\" content=\"Neufch\u00e2teau: la maison de retraite bient\u00f4t d\u00e9molie - La Plaine des Vosges\" \/>\n<meta name=\"twitter:description\" content=\"Les travaux de d\u00e9molition de l&rsquo;ancienne maison de retraite du Val-de-Meuse ont d\u00e9but\u00e9 et sont pris en charge int\u00e9gralement en [&hellip;]\" \/>\n<meta name=\"twitter:image\" content=\"https:\/\/vosgesinfo.fr\/app\/uploads\/sites\/2\/2024\/07\/202103demoli1.jpg\" \/>\n<meta name=\"twitter:creator\" content=\"@VosgesInfo88\" \/>\n<meta name=\"twitter:site\" content=\"@VosgesInfo88\" \/>\n<meta name=\"twitter:label1\" content=\"\u00c9crit par\" \/>\n\t<meta name=\"twitter:data1\" content=\"qs_admin\" \/>\n\t<meta name=\"twitter:label2\" content=\"Dur\u00e9e de lecture estim\u00e9e\" \/>\n\t<meta name=\"twitter:data2\" content=\"1 minute\" \/>\n<script type=\"application\/ld+json\" class=\"yoast-schema-graph\">{\"@context\":\"https:\/\/schema.org\",\"@graph\":[{\"@type\":\"Article\",\"@id\":\"https:\/\/vosgesinfo.fr\/laplainedesvosgesinfo\/2021\/03\/neufchateau-la-maison-de-retraite-bientot-demolie\/#article\",\"isPartOf\":{\"@id\":\"https:\/\/vosgesinfo.fr\/laplainedesvosgesinfo\/2021\/03\/neufchateau-la-maison-de-retraite-bientot-demolie\/\"},\"author\":{\"name\":\"qs_admin\",\"@id\":\"https:\/\/vosgesinfo.fr\/laplainedesvosgesinfo\/#\/schema\/person\/bc5d02d71e6932e81b6dadb7386667b1\"},\"headline\":\"Neufch\u00e2teau: la maison de retraite bient\u00f4t d\u00e9molie\",\"datePublished\":\"2021-03-03T17:58:55+00:00\",\"dateModified\":\"2021-03-03T17:58:55+00:00\",\"mainEntityOfPage\":{\"@id\":\"https:\/\/vosgesinfo.fr\/laplainedesvosgesinfo\/2021\/03\/neufchateau-la-maison-de-retraite-bientot-demolie\/\"},\"wordCount\":242,\"commentCount\":0,\"publisher\":{\"@id\":\"https:\/\/vosgesinfo.fr\/laplainedesvosgesinfo\/#organization\"},\"image\":{\"@id\":\"https:\/\/vosgesinfo.fr\/laplainedesvosgesinfo\/2021\/03\/neufchateau-la-maison-de-retraite-bientot-demolie\/#primaryimage\"},\"thumbnailUrl\":\"https:\/\/vosgesinfo.fr\/app\/uploads\/sites\/2\/2024\/07\/202103demoli1.jpg\",\"keywords\":[\"neufchateau\",\"travaux\"],\"articleSection\":[\"A la Une\",\"Environnement\",\"La Plaine\",\"Neufch\u00e2teau\",\"Travaux\"],\"inLanguage\":\"fr-FR\",\"potentialAction\":[{\"@type\":\"CommentAction\",\"name\":\"Comment\",\"target\":[\"https:\/\/vosgesinfo.fr\/laplainedesvosgesinfo\/2021\/03\/neufchateau-la-maison-de-retraite-bientot-demolie\/#respond\"]}]},{\"@type\":\"WebPage\",\"@id\":\"https:\/\/vosgesinfo.fr\/laplainedesvosgesinfo\/2021\/03\/neufchateau-la-maison-de-retraite-bientot-demolie\/\",\"url\":\"https:\/\/vosgesinfo.fr\/laplainedesvosgesinfo\/2021\/03\/neufchateau-la-maison-de-retraite-bientot-demolie\/\",\"name\":\"Neufch\u00e2teau: la maison de retraite bient\u00f4t d\u00e9molie - La Plaine des Vosges\",\"isPartOf\":{\"@id\":\"https:\/\/vosgesinfo.fr\/laplainedesvosgesinfo\/#website\"},\"primaryImageOfPage\":{\"@id\":\"https:\/\/vosgesinfo.fr\/laplainedesvosgesinfo\/2021\/03\/neufchateau-la-maison-de-retraite-bientot-demolie\/#primaryimage\"},\"image\":{\"@id\":\"https:\/\/vosgesinfo.fr\/laplainedesvosgesinfo\/2021\/03\/neufchateau-la-maison-de-retraite-bientot-demolie\/#primaryimage\"},\"thumbnailUrl\":\"https:\/\/vosgesinfo.fr\/app\/uploads\/sites\/2\/2024\/07\/202103demoli1.jpg\",\"datePublished\":\"2021-03-03T17:58:55+00:00\",\"dateModified\":\"2021-03-03T17:58:55+00:00\",\"breadcrumb\":{\"@id\":\"https:\/\/vosgesinfo.fr\/laplainedesvosgesinfo\/2021\/03\/neufchateau-la-maison-de-retraite-bientot-demolie\/#breadcrumb\"},\"inLanguage\":\"fr-FR\",\"potentialAction\":[{\"@type\":\"ReadAction\",\"target\":[\"https:\/\/vosgesinfo.fr\/laplainedesvosgesinfo\/2021\/03\/neufchateau-la-maison-de-retraite-bientot-demolie\/\"]}]},{\"@type\":\"ImageObject\",\"inLanguage\":\"fr-FR\",\"@id\":\"https:\/\/vosgesinfo.fr\/laplainedesvosgesinfo\/2021\/03\/neufchateau-la-maison-de-retraite-bientot-demolie\/#primaryimage\",\"url\":\"https:\/\/vosgesinfo.fr\/app\/uploads\/sites\/2\/2024\/07\/202103demoli1.jpg\",\"contentUrl\":\"https:\/\/vosgesinfo.fr\/app\/uploads\/sites\/2\/2024\/07\/202103demoli1.jpg\",\"width\":800,\"height\":600},{\"@type\":\"BreadcrumbList\",\"@id\":\"https:\/\/vosgesinfo.fr\/laplainedesvosgesinfo\/2021\/03\/neufchateau-la-maison-de-retraite-bientot-demolie\/#breadcrumb\",\"itemListElement\":[{\"@type\":\"ListItem\",\"position\":1,\"name\":\"Home\",\"item\":\"https:\/\/vosgesinfo.fr\/laplainedesvosgesinfo\/\"},{\"@type\":\"ListItem\",\"position\":2,\"name\":\"Neufch\u00e2teau: la maison de retraite bient\u00f4t d\u00e9molie\"}]},{\"@type\":\"WebSite\",\"@id\":\"https:\/\/vosgesinfo.fr\/laplainedesvosgesinfo\/#website\",\"url\":\"https:\/\/vosgesinfo.fr\/laplainedesvosgesinfo\/\",\"name\":\"La Plaine des Vosges\",\"description\":\"Toute l&#039;actualit\u00e9 de la plaine de Vosges\",\"publisher\":{\"@id\":\"https:\/\/vosgesinfo.fr\/laplainedesvosgesinfo\/#organization\"},\"alternateName\":\"Toute l'actualit\u00e9 de la plaine des Vosges\",\"potentialAction\":[{\"@type\":\"SearchAction\",\"target\":{\"@type\":\"EntryPoint\",\"urlTemplate\":\"https:\/\/vosgesinfo.fr\/laplainedesvosgesinfo\/?s={search_term_string}\"},\"query-input\":\"required name=search_term_string\"}],\"inLanguage\":\"fr-FR\"},{\"@type\":\"Organization\",\"@id\":\"https:\/\/vosgesinfo.fr\/laplainedesvosgesinfo\/#organization\",\"name\":\"La Plaine des Vosges\",\"url\":\"https:\/\/vosgesinfo.fr\/laplainedesvosgesinfo\/\",\"logo\":{\"@type\":\"ImageObject\",\"inLanguage\":\"fr-FR\",\"@id\":\"https:\/\/vosgesinfo.fr\/laplainedesvosgesinfo\/#\/schema\/logo\/image\/\",\"url\":\"https:\/\/vosgesinfo.fr\/app\/uploads\/sites\/2\/2023\/08\/logo-laplaineinfo.svg\",\"contentUrl\":\"https:\/\/vosgesinfo.fr\/app\/uploads\/sites\/2\/2023\/08\/logo-laplaineinfo.svg\",\"width\":1,\"height\":1,\"caption\":\"La Plaine des Vosges\"},\"image\":{\"@id\":\"https:\/\/vosgesinfo.fr\/laplainedesvosgesinfo\/#\/schema\/logo\/image\/\"},\"sameAs\":[\"https:\/\/www.facebook.com\/laplainedesvosges\",\"https:\/\/x.com\/VosgesInfo88\",\"https:\/\/www.youtube.com\/@vosgesinfo\"]},{\"@type\":\"Person\",\"@id\":\"https:\/\/vosgesinfo.fr\/laplainedesvosgesinfo\/#\/schema\/person\/bc5d02d71e6932e81b6dadb7386667b1\",\"name\":\"qs_admin\",\"image\":{\"@type\":\"ImageObject\",\"inLanguage\":\"fr-FR\",\"@id\":\"https:\/\/vosgesinfo.fr\/laplainedesvosgesinfo\/#\/schema\/person\/image\/\",\"url\":\"https:\/\/secure.gravatar.com\/avatar\/94b18ee0ed79e4a42ea2f2931277b6841a8999fc6fde214600c78057cf1fe1de?s=96&d=mm&r=g\",\"contentUrl\":\"https:\/\/secure.gravatar.com\/avatar\/94b18ee0ed79e4a42ea2f2931277b6841a8999fc6fde214600c78057cf1fe1de?s=96&d=mm&r=g\",\"caption\":\"qs_admin\"},\"sameAs\":[\"https:\/\/vosgesinfo.fr\/wp\"],\"url\":\"https:\/\/vosgesinfo.fr\/laplainedesvosgesinfo\/author\/qs_admin\/\"}]}<\/script>\n<!-- \/ Yoast SEO plugin. -->","yoast_head_json":{"title":"Neufch\u00e2teau: la maison de retraite bient\u00f4t d\u00e9molie - La Plaine des Vosges","robots":{"index":"index","follow":"follow","max-snippet":"max-snippet:-1","max-image-preview":"max-image-preview:large","max-video-preview":"max-video-preview:-1"},"canonical":"https:\/\/vosgesinfo.fr\/laplainedesvosgesinfo\/2021\/03\/neufchateau-la-maison-de-retraite-bientot-demolie\/","twitter_card":"summary_large_image","twitter_title":"Neufch\u00e2teau: la maison de retraite bient\u00f4t d\u00e9molie - La Plaine des Vosges","twitter_description":"Les travaux de d\u00e9molition de l&rsquo;ancienne maison de retraite du Val-de-Meuse ont d\u00e9but\u00e9 et sont pris en charge int\u00e9gralement en [&hellip;]","twitter_image":"https:\/\/vosgesinfo.fr\/app\/uploads\/sites\/2\/2024\/07\/202103demoli1.jpg","twitter_creator":"@VosgesInfo88","twitter_site":"@VosgesInfo88","twitter_misc":{"\u00c9crit par":"qs_admin","Dur\u00e9e de lecture estim\u00e9e":"1 minute"},"schema":{"@context":"https:\/\/schema.org","@graph":[{"@type":"Article","@id":"https:\/\/vosgesinfo.fr\/laplainedesvosgesinfo\/2021\/03\/neufchateau-la-maison-de-retraite-bientot-demolie\/#article","isPartOf":{"@id":"https:\/\/vosgesinfo.fr\/laplainedesvosgesinfo\/2021\/03\/neufchateau-la-maison-de-retraite-bientot-demolie\/"},"author":{"name":"qs_admin","@id":"https:\/\/vosgesinfo.fr\/laplainedesvosgesinfo\/#\/schema\/person\/bc5d02d71e6932e81b6dadb7386667b1"},"headline":"Neufch\u00e2teau: la maison de retraite bient\u00f4t d\u00e9molie","datePublished":"2021-03-03T17:58:55+00:00","dateModified":"2021-03-03T17:58:55+00:00","mainEntityOfPage":{"@id":"https:\/\/vosgesinfo.fr\/laplainedesvosgesinfo\/2021\/03\/neufchateau-la-maison-de-retraite-bientot-demolie\/"},"wordCount":242,"commentCount":0,"publisher":{"@id":"https:\/\/vosgesinfo.fr\/laplainedesvosgesinfo\/#organization"},"image":{"@id":"https:\/\/vosgesinfo.fr\/laplainedesvosgesinfo\/2021\/03\/neufchateau-la-maison-de-retraite-bientot-demolie\/#primaryimage"},"thumbnailUrl":"https:\/\/vosgesinfo.fr\/app\/uploads\/sites\/2\/2024\/07\/202103demoli1.jpg","keywords":["neufchateau","travaux"],"articleSection":["A la Une","Environnement","La Plaine","Neufch\u00e2teau","Travaux"],"inLanguage":"fr-FR","potentialAction":[{"@type":"CommentAction","name":"Comment","target":["https:\/\/vosgesinfo.fr\/laplainedesvosgesinfo\/2021\/03\/neufchateau-la-maison-de-retraite-bientot-demolie\/#respond"]}]},{"@type":"WebPage","@id":"https:\/\/vosgesinfo.fr\/laplainedesvosgesinfo\/2021\/03\/neufchateau-la-maison-de-retraite-bientot-demolie\/","url":"https:\/\/vosgesinfo.fr\/laplainedesvosgesinfo\/2021\/03\/neufchateau-la-maison-de-retraite-bientot-demolie\/","name":"Neufch\u00e2teau: la maison de retraite bient\u00f4t d\u00e9molie - La Plaine des Vosges","isPartOf":{"@id":"https:\/\/vosgesinfo.fr\/laplainedesvosgesinfo\/#website"},"primaryImageOfPage":{"@id":"https:\/\/vosgesinfo.fr\/laplainedesvosgesinfo\/2021\/03\/neufchateau-la-maison-de-retraite-bientot-demolie\/#primaryimage"},"image":{"@id":"https:\/\/vosgesinfo.fr\/laplainedesvosgesinfo\/2021\/03\/neufchateau-la-maison-de-retraite-bientot-demolie\/#primaryimage"},"thumbnailUrl":"https:\/\/vosgesinfo.fr\/app\/uploads\/sites\/2\/2024\/07\/202103demoli1.jpg","datePublished":"2021-03-03T17:58:55+00:00","dateModified":"2021-03-03T17:58:55+00:00","breadcrumb":{"@id":"https:\/\/vosgesinfo.fr\/laplainedesvosgesinfo\/2021\/03\/neufchateau-la-maison-de-retraite-bientot-demolie\/#breadcrumb"},"inLanguage":"fr-FR","potentialAction":[{"@type":"ReadAction","target":["https:\/\/vosgesinfo.fr\/laplainedesvosgesinfo\/2021\/03\/neufchateau-la-maison-de-retraite-bientot-demolie\/"]}]},{"@type":"ImageObject","inLanguage":"fr-FR","@id":"https:\/\/vosgesinfo.fr\/laplainedesvosgesinfo\/2021\/03\/neufchateau-la-maison-de-retraite-bientot-demolie\/#primaryimage","url":"https:\/\/vosgesinfo.fr\/app\/uploads\/sites\/2\/2024\/07\/202103demoli1.jpg","contentUrl":"https:\/\/vosgesinfo.fr\/app\/uploads\/sites\/2\/2024\/07\/202103demoli1.jpg","width":800,"height":600},{"@type":"BreadcrumbList","@id":"https:\/\/vosgesinfo.fr\/laplainedesvosgesinfo\/2021\/03\/neufchateau-la-maison-de-retraite-bientot-demolie\/#breadcrumb","itemListElement":[{"@type":"ListItem","position":1,"name":"Home","item":"https:\/\/vosgesinfo.fr\/laplainedesvosgesinfo\/"},{"@type":"ListItem","position":2,"name":"Neufch\u00e2teau: la maison de retraite bient\u00f4t d\u00e9molie"}]},{"@type":"WebSite","@id":"https:\/\/vosgesinfo.fr\/laplainedesvosgesinfo\/#website","url":"https:\/\/vosgesinfo.fr\/laplainedesvosgesinfo\/","name":"La Plaine des Vosges","description":"Toute l&#039;actualit\u00e9 de la plaine de Vosges","publisher":{"@id":"https:\/\/vosgesinfo.fr\/laplainedesvosgesinfo\/#organization"},"alternateName":"Toute l'actualit\u00e9 de la plaine des Vosges","potentialAction":[{"@type":"SearchAction","target":{"@type":"EntryPoint","urlTemplate":"https:\/\/vosgesinfo.fr\/laplainedesvosgesinfo\/?s={search_term_string}"},"query-input":"required name=search_term_string"}],"inLanguage":"fr-FR"},{"@type":"Organization","@id":"https:\/\/vosgesinfo.fr\/laplainedesvosgesinfo\/#organization","name":"La Plaine des Vosges","url":"https:\/\/vosgesinfo.fr\/laplainedesvosgesinfo\/","logo":{"@type":"ImageObject","inLanguage":"fr-FR","@id":"https:\/\/vosgesinfo.fr\/laplainedesvosgesinfo\/#\/schema\/logo\/image\/","url":"https:\/\/vosgesinfo.fr\/app\/uploads\/sites\/2\/2023\/08\/logo-laplaineinfo.svg","contentUrl":"https:\/\/vosgesinfo.fr\/app\/uploads\/sites\/2\/2023\/08\/logo-laplaineinfo.svg","width":1,"height":1,"caption":"La Plaine des Vosges"},"image":{"@id":"https:\/\/vosgesinfo.fr\/laplainedesvosgesinfo\/#\/schema\/logo\/image\/"},"sameAs":["https:\/\/www.facebook.com\/laplainedesvosges","https:\/\/x.com\/VosgesInfo88","https:\/\/www.youtube.com\/@vosgesinfo"]},{"@type":"Person","@id":"https:\/\/vosgesinfo.fr\/laplainedesvosgesinfo\/#\/schema\/person\/bc5d02d71e6932e81b6dadb7386667b1","name":"qs_admin","image":{"@type":"ImageObject","inLanguage":"fr-FR","@id":"https:\/\/vosgesinfo.fr\/laplainedesvosgesinfo\/#\/schema\/person\/image\/","url":"https:\/\/secure.gravatar.com\/avatar\/94b18ee0ed79e4a42ea2f2931277b6841a8999fc6fde214600c78057cf1fe1de?s=96&d=mm&r=g","contentUrl":"https:\/\/secure.gravatar.com\/avatar\/94b18ee0ed79e4a42ea2f2931277b6841a8999fc6fde214600c78057cf1fe1de?s=96&d=mm&r=g","caption":"qs_admin"},"sameAs":["https:\/\/vosgesinfo.fr\/wp"],"url":"https:\/\/vosgesinfo.fr\/laplainedesvosgesinfo\/author\/qs_admin\/"}]}},"_links":{"self":[{"href":"https:\/\/vosgesinfo.fr\/laplainedesvosgesinfo\/wp-json\/wp\/v2\/posts\/18638","targetHints":{"allow":["GET"]}}],"collection":[{"href":"https:\/\/vosgesinfo.fr\/laplainedesvosgesinfo\/wp-json\/wp\/v2\/posts"}],"about":[{"href":"https:\/\/vosgesinfo.fr\/laplainedesvosgesinfo\/wp-json\/wp\/v2\/types\/post"}],"author":[{"embeddable":true,"href":"https:\/\/vosgesinfo.fr\/laplainedesvosgesinfo\/wp-json\/wp\/v2\/users\/1"}],"replies":[{"embeddable":true,"href":"https:\/\/vosgesinfo.fr\/laplainedesvosgesinfo\/wp-json\/wp\/v2\/comments?post=18638"}],"version-history":[{"count":0,"href":"https:\/\/vosgesinfo.fr\/laplainedesvosgesinfo\/wp-json\/wp\/v2\/posts\/18638\/revisions"}],"wp:featuredmedia":[{"embeddable":true,"href":"https:\/\/vosgesinfo.fr\/laplainedesvosgesinfo\/wp-json\/wp\/v2\/media\/18639"}],"wp:attachment":[{"href":"https:\/\/vosgesinfo.fr\/laplainedesvosgesinfo\/wp-json\/wp\/v2\/media?parent=18638"}],"wp:term":[{"taxonomy":"category","embeddable":true,"href":"https:\/\/vosgesinfo.fr\/laplainedesvosgesinfo\/wp-json\/wp\/v2\/categories?post=18638"},{"taxonomy":"post_tag","embeddable":true,"href":"https:\/\/vosgesinfo.fr\/laplainedesvosgesinfo\/wp-json\/wp\/v2\/tags?post=18638"}],"curies":[{"name":"wp","href":"https:\/\/api.w.org\/{rel}","templated":true}]}}