{"id":18948,"date":"2021-04-19T12:47:13","date_gmt":"2021-04-19T10:47:13","guid":{"rendered":"https:\/\/vosgesinfo.fr\/laplainedesvosgesinfo\/2021\/04\/jenny-willemin-et-jean-simonin-officialisent-leur-candidature-commune\/"},"modified":"2021-04-19T12:47:13","modified_gmt":"2021-04-19T10:47:13","slug":"jenny-willemin-et-jean-simonin-officialisent-leur-candidature-commune","status":"publish","type":"post","link":"https:\/\/vosgesinfo.fr\/laplainedesvosgesinfo\/2021\/04\/jenny-willemin-et-jean-simonin-officialisent-leur-candidature-commune\/","title":{"rendered":"Jenny Willemin et Jean Simonin officialisent leur candidature commune."},"content":{"rendered":"<p>\u00ab Valoriser notre canton de Neufch\u00e2teau et servir ses habitants \u00bb c\u2019est le cri du c\u0153ur de Jenny Willemin et Jean Simonin qui officialisent ainsi leur candidature commune.<\/p>\n<p>On les disait proches. Ils le confirment. Entre la jeune maire brillamment r\u00e9\u00e9lue de Martigny-les-Gerbonvaux et le notaire honoraire Jean Simonin, le courant est si bien pass\u00e9 que l\u2019une et l\u2019autre ont d\u00e9cid\u00e9 de faire cause commune pour ouvrir de nouvelles perspectives \u00e0 ce canton si essentiel pour l\u2019ouest vosgien. Canton-p\u00f4le sant\u00e9, canton-pivot de notre mobilit\u00e9, il doit affirmer son attractivit\u00e9 et gagner en autonomie.<\/p>\n<ul>\n<li>leur connaissance du terrain et leurs comp\u00e9tences : ruralit\u00e9, \u00e9coles et questions territoriales pour Jenny Willemin, d\u00e9veloppement \u00e9conomique, questions fonci\u00e8res, fiscalit\u00e9 pour Jean Simonin,<\/li>\n<li>leur \u00e9coute prononc\u00e9e des habitants,<\/li>\n<li>leur sensibilit\u00e9 personnelle aux th\u00e9matiques d\u2019aujourd\u2019hui, de l\u2019environnement au tourisme, de l\u2019agriculture au num\u00e9rique, de l\u2019enseignement au monde associatif constituent de s\u00e9rieux atouts pour offrir une belle alternative aux \u00e9lecteurs du canton avec des \u00e9lus renouvel\u00e9s, motiv\u00e9s et comp\u00e9tents, fiers d\u2019\u00eatre associ\u00e9s \u00e0 l\u2019avenir du d\u00e9partement des Vosges.<\/li>\n<\/ul>\n<p style=\"text-align: center\"><a href=\"\/2021\/04\/WILLEMIN-ET-SIMONIN.jpg\"><img decoding=\"async\" class=\"alignnone size-medium wp-image-120127\" src=\"\/2021\/04\/WILLEMIN-ET-SIMONIN-221x255.jpg\" alt=\"WILLEMIN ET SIMONIN\" width=\"221\" height=\"255\" \/><\/a><\/p>\n<p style=\"text-align: center\">Communiqu\u00e9 de presse Elections d\u00e9partementales des 20 et 27 juin<\/p>\n","protected":false},"excerpt":{"rendered":"<p>\u00ab Valoriser notre canton de Neufch\u00e2teau et servir ses habitants \u00bb c\u2019est le cri du c\u0153ur de Jenny Willemin et [&hellip;]<\/p>\n","protected":false},"author":1,"featured_media":18949,"comment_status":"open","ping_status":"open","sticky":false,"template":"","format":"standard","meta":{"footnotes":""},"categories":[29,6064,37,110,10],"tags":[2438,60],"class_list":["post-18948","post","type-post","status-publish","format-standard","has-post-thumbnail","hentry","category-a-la-une","category-elections-departementales","category-la-plaine","category-ouest-vosgien","category-politique","tag-election-departementale","tag-ouest-vosgien"],"acf":[],"yoast_head":"<!-- This site is optimized with the Yoast SEO plugin v22.5 - https:\/\/yoast.com\/wordpress\/plugins\/seo\/ -->\n<title>Jenny Willemin et Jean Simonin officialisent leur candidature commune. - La Plaine des Vosges<\/title>\n<meta name=\"robots\" content=\"index, follow, max-snippet:-1, max-image-preview:large, max-video-preview:-1\" \/>\n<link rel=\"canonical\" href=\"https:\/\/vosgesinfo.fr\/laplainedesvosgesinfo\/2021\/04\/jenny-willemin-et-jean-simonin-officialisent-leur-candidature-commune\/\" \/>\n<meta name=\"twitter:card\" content=\"summary_large_image\" \/>\n<meta name=\"twitter:title\" content=\"Jenny Willemin et Jean Simonin officialisent leur candidature commune. - La Plaine des Vosges\" \/>\n<meta name=\"twitter:description\" content=\"\u00ab Valoriser notre canton de Neufch\u00e2teau et servir ses habitants \u00bb c\u2019est le cri du c\u0153ur de Jenny Willemin et [&hellip;]\" \/>\n<meta name=\"twitter:image\" content=\"https:\/\/vosgesinfo.fr\/app\/uploads\/sites\/2\/2024\/07\/202104willemin-et-simonin.jpg\" \/>\n<meta name=\"twitter:creator\" content=\"@VosgesInfo88\" \/>\n<meta name=\"twitter:site\" content=\"@VosgesInfo88\" \/>\n<meta name=\"twitter:label1\" content=\"\u00c9crit par\" \/>\n\t<meta name=\"twitter:data1\" content=\"qs_admin\" \/>\n\t<meta name=\"twitter:label2\" content=\"Dur\u00e9e de lecture estim\u00e9e\" \/>\n\t<meta name=\"twitter:data2\" content=\"1 minute\" \/>\n<script type=\"application\/ld+json\" class=\"yoast-schema-graph\">{\"@context\":\"https:\/\/schema.org\",\"@graph\":[{\"@type\":\"Article\",\"@id\":\"https:\/\/vosgesinfo.fr\/laplainedesvosgesinfo\/2021\/04\/jenny-willemin-et-jean-simonin-officialisent-leur-candidature-commune\/#article\",\"isPartOf\":{\"@id\":\"https:\/\/vosgesinfo.fr\/laplainedesvosgesinfo\/2021\/04\/jenny-willemin-et-jean-simonin-officialisent-leur-candidature-commune\/\"},\"author\":{\"name\":\"qs_admin\",\"@id\":\"https:\/\/vosgesinfo.fr\/laplainedesvosgesinfo\/#\/schema\/person\/bc5d02d71e6932e81b6dadb7386667b1\"},\"headline\":\"Jenny Willemin et Jean Simonin officialisent leur candidature commune.\",\"datePublished\":\"2021-04-19T10:47:13+00:00\",\"dateModified\":\"2021-04-19T10:47:13+00:00\",\"mainEntityOfPage\":{\"@id\":\"https:\/\/vosgesinfo.fr\/laplainedesvosgesinfo\/2021\/04\/jenny-willemin-et-jean-simonin-officialisent-leur-candidature-commune\/\"},\"wordCount\":211,\"commentCount\":0,\"publisher\":{\"@id\":\"https:\/\/vosgesinfo.fr\/laplainedesvosgesinfo\/#organization\"},\"image\":{\"@id\":\"https:\/\/vosgesinfo.fr\/laplainedesvosgesinfo\/2021\/04\/jenny-willemin-et-jean-simonin-officialisent-leur-candidature-commune\/#primaryimage\"},\"thumbnailUrl\":\"https:\/\/vosgesinfo.fr\/app\/uploads\/sites\/2\/2024\/07\/202104willemin-et-simonin.jpg\",\"keywords\":[\"\u00e9lection d\u00e9partementale\",\"Ouest vosgien\"],\"articleSection\":[\"A la Une\",\"Elections d\u00e9partementales\",\"La Plaine\",\"Ouest Vosgien\",\"Politique\"],\"inLanguage\":\"fr-FR\",\"potentialAction\":[{\"@type\":\"CommentAction\",\"name\":\"Comment\",\"target\":[\"https:\/\/vosgesinfo.fr\/laplainedesvosgesinfo\/2021\/04\/jenny-willemin-et-jean-simonin-officialisent-leur-candidature-commune\/#respond\"]}]},{\"@type\":\"WebPage\",\"@id\":\"https:\/\/vosgesinfo.fr\/laplainedesvosgesinfo\/2021\/04\/jenny-willemin-et-jean-simonin-officialisent-leur-candidature-commune\/\",\"url\":\"https:\/\/vosgesinfo.fr\/laplainedesvosgesinfo\/2021\/04\/jenny-willemin-et-jean-simonin-officialisent-leur-candidature-commune\/\",\"name\":\"Jenny Willemin et Jean Simonin officialisent leur candidature commune. - La Plaine des Vosges\",\"isPartOf\":{\"@id\":\"https:\/\/vosgesinfo.fr\/laplainedesvosgesinfo\/#website\"},\"primaryImageOfPage\":{\"@id\":\"https:\/\/vosgesinfo.fr\/laplainedesvosgesinfo\/2021\/04\/jenny-willemin-et-jean-simonin-officialisent-leur-candidature-commune\/#primaryimage\"},\"image\":{\"@id\":\"https:\/\/vosgesinfo.fr\/laplainedesvosgesinfo\/2021\/04\/jenny-willemin-et-jean-simonin-officialisent-leur-candidature-commune\/#primaryimage\"},\"thumbnailUrl\":\"https:\/\/vosgesinfo.fr\/app\/uploads\/sites\/2\/2024\/07\/202104willemin-et-simonin.jpg\",\"datePublished\":\"2021-04-19T10:47:13+00:00\",\"dateModified\":\"2021-04-19T10:47:13+00:00\",\"breadcrumb\":{\"@id\":\"https:\/\/vosgesinfo.fr\/laplainedesvosgesinfo\/2021\/04\/jenny-willemin-et-jean-simonin-officialisent-leur-candidature-commune\/#breadcrumb\"},\"inLanguage\":\"fr-FR\",\"potentialAction\":[{\"@type\":\"ReadAction\",\"target\":[\"https:\/\/vosgesinfo.fr\/laplainedesvosgesinfo\/2021\/04\/jenny-willemin-et-jean-simonin-officialisent-leur-candidature-commune\/\"]}]},{\"@type\":\"ImageObject\",\"inLanguage\":\"fr-FR\",\"@id\":\"https:\/\/vosgesinfo.fr\/laplainedesvosgesinfo\/2021\/04\/jenny-willemin-et-jean-simonin-officialisent-leur-candidature-commune\/#primaryimage\",\"url\":\"https:\/\/vosgesinfo.fr\/app\/uploads\/sites\/2\/2024\/07\/202104willemin-et-simonin.jpg\",\"contentUrl\":\"https:\/\/vosgesinfo.fr\/app\/uploads\/sites\/2\/2024\/07\/202104willemin-et-simonin.jpg\",\"width\":694,\"height\":800},{\"@type\":\"BreadcrumbList\",\"@id\":\"https:\/\/vosgesinfo.fr\/laplainedesvosgesinfo\/2021\/04\/jenny-willemin-et-jean-simonin-officialisent-leur-candidature-commune\/#breadcrumb\",\"itemListElement\":[{\"@type\":\"ListItem\",\"position\":1,\"name\":\"Home\",\"item\":\"https:\/\/vosgesinfo.fr\/laplainedesvosgesinfo\/\"},{\"@type\":\"ListItem\",\"position\":2,\"name\":\"Jenny Willemin et Jean Simonin officialisent leur candidature commune.\"}]},{\"@type\":\"WebSite\",\"@id\":\"https:\/\/vosgesinfo.fr\/laplainedesvosgesinfo\/#website\",\"url\":\"https:\/\/vosgesinfo.fr\/laplainedesvosgesinfo\/\",\"name\":\"La Plaine des Vosges\",\"description\":\"Toute l&#039;actualit\u00e9 de la plaine de Vosges\",\"publisher\":{\"@id\":\"https:\/\/vosgesinfo.fr\/laplainedesvosgesinfo\/#organization\"},\"alternateName\":\"Toute l'actualit\u00e9 de la plaine des Vosges\",\"potentialAction\":[{\"@type\":\"SearchAction\",\"target\":{\"@type\":\"EntryPoint\",\"urlTemplate\":\"https:\/\/vosgesinfo.fr\/laplainedesvosgesinfo\/?s={search_term_string}\"},\"query-input\":\"required name=search_term_string\"}],\"inLanguage\":\"fr-FR\"},{\"@type\":\"Organization\",\"@id\":\"https:\/\/vosgesinfo.fr\/laplainedesvosgesinfo\/#organization\",\"name\":\"La Plaine des Vosges\",\"url\":\"https:\/\/vosgesinfo.fr\/laplainedesvosgesinfo\/\",\"logo\":{\"@type\":\"ImageObject\",\"inLanguage\":\"fr-FR\",\"@id\":\"https:\/\/vosgesinfo.fr\/laplainedesvosgesinfo\/#\/schema\/logo\/image\/\",\"url\":\"https:\/\/vosgesinfo.fr\/app\/uploads\/sites\/2\/2023\/08\/logo-laplaineinfo.svg\",\"contentUrl\":\"https:\/\/vosgesinfo.fr\/app\/uploads\/sites\/2\/2023\/08\/logo-laplaineinfo.svg\",\"width\":1,\"height\":1,\"caption\":\"La Plaine des Vosges\"},\"image\":{\"@id\":\"https:\/\/vosgesinfo.fr\/laplainedesvosgesinfo\/#\/schema\/logo\/image\/\"},\"sameAs\":[\"https:\/\/www.facebook.com\/laplainedesvosges\",\"https:\/\/x.com\/VosgesInfo88\",\"https:\/\/www.youtube.com\/@vosgesinfo\"]},{\"@type\":\"Person\",\"@id\":\"https:\/\/vosgesinfo.fr\/laplainedesvosgesinfo\/#\/schema\/person\/bc5d02d71e6932e81b6dadb7386667b1\",\"name\":\"qs_admin\",\"image\":{\"@type\":\"ImageObject\",\"inLanguage\":\"fr-FR\",\"@id\":\"https:\/\/vosgesinfo.fr\/laplainedesvosgesinfo\/#\/schema\/person\/image\/\",\"url\":\"https:\/\/secure.gravatar.com\/avatar\/94b18ee0ed79e4a42ea2f2931277b6841a8999fc6fde214600c78057cf1fe1de?s=96&d=mm&r=g\",\"contentUrl\":\"https:\/\/secure.gravatar.com\/avatar\/94b18ee0ed79e4a42ea2f2931277b6841a8999fc6fde214600c78057cf1fe1de?s=96&d=mm&r=g\",\"caption\":\"qs_admin\"},\"sameAs\":[\"https:\/\/vosgesinfo.fr\/wp\"],\"url\":\"https:\/\/vosgesinfo.fr\/laplainedesvosgesinfo\/author\/qs_admin\/\"}]}<\/script>\n<!-- \/ Yoast SEO plugin. -->","yoast_head_json":{"title":"Jenny Willemin et Jean Simonin officialisent leur candidature commune. - La Plaine des Vosges","robots":{"index":"index","follow":"follow","max-snippet":"max-snippet:-1","max-image-preview":"max-image-preview:large","max-video-preview":"max-video-preview:-1"},"canonical":"https:\/\/vosgesinfo.fr\/laplainedesvosgesinfo\/2021\/04\/jenny-willemin-et-jean-simonin-officialisent-leur-candidature-commune\/","twitter_card":"summary_large_image","twitter_title":"Jenny Willemin et Jean Simonin officialisent leur candidature commune. - La Plaine des Vosges","twitter_description":"\u00ab Valoriser notre canton de Neufch\u00e2teau et servir ses habitants \u00bb c\u2019est le cri du c\u0153ur de Jenny Willemin et [&hellip;]","twitter_image":"https:\/\/vosgesinfo.fr\/app\/uploads\/sites\/2\/2024\/07\/202104willemin-et-simonin.jpg","twitter_creator":"@VosgesInfo88","twitter_site":"@VosgesInfo88","twitter_misc":{"\u00c9crit par":"qs_admin","Dur\u00e9e de lecture estim\u00e9e":"1 minute"},"schema":{"@context":"https:\/\/schema.org","@graph":[{"@type":"Article","@id":"https:\/\/vosgesinfo.fr\/laplainedesvosgesinfo\/2021\/04\/jenny-willemin-et-jean-simonin-officialisent-leur-candidature-commune\/#article","isPartOf":{"@id":"https:\/\/vosgesinfo.fr\/laplainedesvosgesinfo\/2021\/04\/jenny-willemin-et-jean-simonin-officialisent-leur-candidature-commune\/"},"author":{"name":"qs_admin","@id":"https:\/\/vosgesinfo.fr\/laplainedesvosgesinfo\/#\/schema\/person\/bc5d02d71e6932e81b6dadb7386667b1"},"headline":"Jenny Willemin et Jean Simonin officialisent leur candidature commune.","datePublished":"2021-04-19T10:47:13+00:00","dateModified":"2021-04-19T10:47:13+00:00","mainEntityOfPage":{"@id":"https:\/\/vosgesinfo.fr\/laplainedesvosgesinfo\/2021\/04\/jenny-willemin-et-jean-simonin-officialisent-leur-candidature-commune\/"},"wordCount":211,"commentCount":0,"publisher":{"@id":"https:\/\/vosgesinfo.fr\/laplainedesvosgesinfo\/#organization"},"image":{"@id":"https:\/\/vosgesinfo.fr\/laplainedesvosgesinfo\/2021\/04\/jenny-willemin-et-jean-simonin-officialisent-leur-candidature-commune\/#primaryimage"},"thumbnailUrl":"https:\/\/vosgesinfo.fr\/app\/uploads\/sites\/2\/2024\/07\/202104willemin-et-simonin.jpg","keywords":["\u00e9lection d\u00e9partementale","Ouest vosgien"],"articleSection":["A la Une","Elections d\u00e9partementales","La Plaine","Ouest Vosgien","Politique"],"inLanguage":"fr-FR","potentialAction":[{"@type":"CommentAction","name":"Comment","target":["https:\/\/vosgesinfo.fr\/laplainedesvosgesinfo\/2021\/04\/jenny-willemin-et-jean-simonin-officialisent-leur-candidature-commune\/#respond"]}]},{"@type":"WebPage","@id":"https:\/\/vosgesinfo.fr\/laplainedesvosgesinfo\/2021\/04\/jenny-willemin-et-jean-simonin-officialisent-leur-candidature-commune\/","url":"https:\/\/vosgesinfo.fr\/laplainedesvosgesinfo\/2021\/04\/jenny-willemin-et-jean-simonin-officialisent-leur-candidature-commune\/","name":"Jenny Willemin et Jean Simonin officialisent leur candidature commune. - La Plaine des Vosges","isPartOf":{"@id":"https:\/\/vosgesinfo.fr\/laplainedesvosgesinfo\/#website"},"primaryImageOfPage":{"@id":"https:\/\/vosgesinfo.fr\/laplainedesvosgesinfo\/2021\/04\/jenny-willemin-et-jean-simonin-officialisent-leur-candidature-commune\/#primaryimage"},"image":{"@id":"https:\/\/vosgesinfo.fr\/laplainedesvosgesinfo\/2021\/04\/jenny-willemin-et-jean-simonin-officialisent-leur-candidature-commune\/#primaryimage"},"thumbnailUrl":"https:\/\/vosgesinfo.fr\/app\/uploads\/sites\/2\/2024\/07\/202104willemin-et-simonin.jpg","datePublished":"2021-04-19T10:47:13+00:00","dateModified":"2021-04-19T10:47:13+00:00","breadcrumb":{"@id":"https:\/\/vosgesinfo.fr\/laplainedesvosgesinfo\/2021\/04\/jenny-willemin-et-jean-simonin-officialisent-leur-candidature-commune\/#breadcrumb"},"inLanguage":"fr-FR","potentialAction":[{"@type":"ReadAction","target":["https:\/\/vosgesinfo.fr\/laplainedesvosgesinfo\/2021\/04\/jenny-willemin-et-jean-simonin-officialisent-leur-candidature-commune\/"]}]},{"@type":"ImageObject","inLanguage":"fr-FR","@id":"https:\/\/vosgesinfo.fr\/laplainedesvosgesinfo\/2021\/04\/jenny-willemin-et-jean-simonin-officialisent-leur-candidature-commune\/#primaryimage","url":"https:\/\/vosgesinfo.fr\/app\/uploads\/sites\/2\/2024\/07\/202104willemin-et-simonin.jpg","contentUrl":"https:\/\/vosgesinfo.fr\/app\/uploads\/sites\/2\/2024\/07\/202104willemin-et-simonin.jpg","width":694,"height":800},{"@type":"BreadcrumbList","@id":"https:\/\/vosgesinfo.fr\/laplainedesvosgesinfo\/2021\/04\/jenny-willemin-et-jean-simonin-officialisent-leur-candidature-commune\/#breadcrumb","itemListElement":[{"@type":"ListItem","position":1,"name":"Home","item":"https:\/\/vosgesinfo.fr\/laplainedesvosgesinfo\/"},{"@type":"ListItem","position":2,"name":"Jenny Willemin et Jean Simonin officialisent leur candidature commune."}]},{"@type":"WebSite","@id":"https:\/\/vosgesinfo.fr\/laplainedesvosgesinfo\/#website","url":"https:\/\/vosgesinfo.fr\/laplainedesvosgesinfo\/","name":"La Plaine des Vosges","description":"Toute l&#039;actualit\u00e9 de la plaine de Vosges","publisher":{"@id":"https:\/\/vosgesinfo.fr\/laplainedesvosgesinfo\/#organization"},"alternateName":"Toute l'actualit\u00e9 de la plaine des Vosges","potentialAction":[{"@type":"SearchAction","target":{"@type":"EntryPoint","urlTemplate":"https:\/\/vosgesinfo.fr\/laplainedesvosgesinfo\/?s={search_term_string}"},"query-input":"required name=search_term_string"}],"inLanguage":"fr-FR"},{"@type":"Organization","@id":"https:\/\/vosgesinfo.fr\/laplainedesvosgesinfo\/#organization","name":"La Plaine des Vosges","url":"https:\/\/vosgesinfo.fr\/laplainedesvosgesinfo\/","logo":{"@type":"ImageObject","inLanguage":"fr-FR","@id":"https:\/\/vosgesinfo.fr\/laplainedesvosgesinfo\/#\/schema\/logo\/image\/","url":"https:\/\/vosgesinfo.fr\/app\/uploads\/sites\/2\/2023\/08\/logo-laplaineinfo.svg","contentUrl":"https:\/\/vosgesinfo.fr\/app\/uploads\/sites\/2\/2023\/08\/logo-laplaineinfo.svg","width":1,"height":1,"caption":"La Plaine des Vosges"},"image":{"@id":"https:\/\/vosgesinfo.fr\/laplainedesvosgesinfo\/#\/schema\/logo\/image\/"},"sameAs":["https:\/\/www.facebook.com\/laplainedesvosges","https:\/\/x.com\/VosgesInfo88","https:\/\/www.youtube.com\/@vosgesinfo"]},{"@type":"Person","@id":"https:\/\/vosgesinfo.fr\/laplainedesvosgesinfo\/#\/schema\/person\/bc5d02d71e6932e81b6dadb7386667b1","name":"qs_admin","image":{"@type":"ImageObject","inLanguage":"fr-FR","@id":"https:\/\/vosgesinfo.fr\/laplainedesvosgesinfo\/#\/schema\/person\/image\/","url":"https:\/\/secure.gravatar.com\/avatar\/94b18ee0ed79e4a42ea2f2931277b6841a8999fc6fde214600c78057cf1fe1de?s=96&d=mm&r=g","contentUrl":"https:\/\/secure.gravatar.com\/avatar\/94b18ee0ed79e4a42ea2f2931277b6841a8999fc6fde214600c78057cf1fe1de?s=96&d=mm&r=g","caption":"qs_admin"},"sameAs":["https:\/\/vosgesinfo.fr\/wp"],"url":"https:\/\/vosgesinfo.fr\/laplainedesvosgesinfo\/author\/qs_admin\/"}]}},"_links":{"self":[{"href":"https:\/\/vosgesinfo.fr\/laplainedesvosgesinfo\/wp-json\/wp\/v2\/posts\/18948","targetHints":{"allow":["GET"]}}],"collection":[{"href":"https:\/\/vosgesinfo.fr\/laplainedesvosgesinfo\/wp-json\/wp\/v2\/posts"}],"about":[{"href":"https:\/\/vosgesinfo.fr\/laplainedesvosgesinfo\/wp-json\/wp\/v2\/types\/post"}],"author":[{"embeddable":true,"href":"https:\/\/vosgesinfo.fr\/laplainedesvosgesinfo\/wp-json\/wp\/v2\/users\/1"}],"replies":[{"embeddable":true,"href":"https:\/\/vosgesinfo.fr\/laplainedesvosgesinfo\/wp-json\/wp\/v2\/comments?post=18948"}],"version-history":[{"count":0,"href":"https:\/\/vosgesinfo.fr\/laplainedesvosgesinfo\/wp-json\/wp\/v2\/posts\/18948\/revisions"}],"wp:featuredmedia":[{"embeddable":true,"href":"https:\/\/vosgesinfo.fr\/laplainedesvosgesinfo\/wp-json\/wp\/v2\/media\/18949"}],"wp:attachment":[{"href":"https:\/\/vosgesinfo.fr\/laplainedesvosgesinfo\/wp-json\/wp\/v2\/media?parent=18948"}],"wp:term":[{"taxonomy":"category","embeddable":true,"href":"https:\/\/vosgesinfo.fr\/laplainedesvosgesinfo\/wp-json\/wp\/v2\/categories?post=18948"},{"taxonomy":"post_tag","embeddable":true,"href":"https:\/\/vosgesinfo.fr\/laplainedesvosgesinfo\/wp-json\/wp\/v2\/tags?post=18948"}],"curies":[{"name":"wp","href":"https:\/\/api.w.org\/{rel}","templated":true}]}}