{"id":19099,"date":"2021-05-26T16:22:48","date_gmt":"2021-05-26T14:22:48","guid":{"rendered":"https:\/\/vosgesinfo.fr\/laplainedesvosgesinfo\/2021\/05\/5-militaires-du-pgm-decores-pour-acte-de-courage-de-devouement\/"},"modified":"2021-05-26T16:22:48","modified_gmt":"2021-05-26T14:22:48","slug":"5-militaires-du-pgm-decores-pour-acte-de-courage-de-devouement","status":"publish","type":"post","link":"https:\/\/vosgesinfo.fr\/laplainedesvosgesinfo\/2021\/05\/5-militaires-du-pgm-decores-pour-acte-de-courage-de-devouement\/","title":{"rendered":"5 militaires du PGM d\u00e9cor\u00e9s pour \u00ab acte de courage &#038; de d\u00e9vouement \u00bb"},"content":{"rendered":"<h3>Ce mercredi 26 mai, M. le Pr\u00e9fet des Vosges Yves Seguy ainsi que Mme la Pr\u00e9f\u00e8te de la R\u00e9gion Josiane Chevalier se sont rendus sur le site du PGM de Xonrupt-Longemer afin de proc\u00e9der \u00e0 la remise de 5 m\u00e9dailles aux gendarmes ayant particip\u00e9 au sauvetage du 17 janvier dernier.<\/h3>\n<p>Une c\u00e9r\u00e9monie \u00e0 l\u2019abri de la pluie, men\u00e9e par le lieutenant-Colonel Alquier \u2013 Commandant en second du Groupement de Gendarmerie des Vosges \u2013 par un temps qui rappelait presque celui de cette courageuse intervention qui a eu lieu l\u2019hiver dernier, motivant ainsi M. le Pr\u00e9fet \u00e0 r\u00e9compenser les militaires concern\u00e9s pour<em> acte de courage et de d\u00e9vouement<\/em> : l\u2019adjudant-chef Guy Lacaille, commandant de peloton, a re\u00e7u la m\u00e9daille 2e classe argent. Il \u00e9tait accompagn\u00e9 de l\u2019adjudant Vincent Leuenberger, de Nicolas Vidigal, mar\u00e9chal des logis-chef, de Steve Thibout, gendarme, et du brigadier-chef Valentin Bimbaud qui ont tous les quatre re\u00e7u la m\u00e9daille de bronze.<\/p>\n","protected":false},"excerpt":{"rendered":"<p>Ce mercredi 26 mai, M. le Pr\u00e9fet des Vosges Yves Seguy ainsi que Mme la Pr\u00e9f\u00e8te de la R\u00e9gion Josiane [&hellip;]<\/p>\n","protected":false},"author":126,"featured_media":19100,"comment_status":"open","ping_status":"open","sticky":false,"template":"","format":"standard","meta":{"footnotes":""},"categories":[29,18],"tags":[5960,6008],"class_list":["post-19099","post","type-post","status-publish","format-standard","has-post-thumbnail","hentry","category-a-la-une","category-vosges","tag-josiane-chevalier","tag-pgm-de-xonrupt"],"acf":[],"yoast_head":"<!-- This site is optimized with the Yoast SEO plugin v22.5 - https:\/\/yoast.com\/wordpress\/plugins\/seo\/ -->\n<title>5 militaires du PGM d\u00e9cor\u00e9s pour \u00ab acte de courage &amp; de d\u00e9vouement \u00bb - La Plaine des Vosges<\/title>\n<meta name=\"robots\" content=\"index, follow, max-snippet:-1, max-image-preview:large, max-video-preview:-1\" \/>\n<link rel=\"canonical\" href=\"https:\/\/vosgesinfo.fr\/laplainedesvosgesinfo\/2021\/05\/5-militaires-du-pgm-decores-pour-acte-de-courage-de-devouement\/\" \/>\n<meta name=\"twitter:card\" content=\"summary_large_image\" \/>\n<meta name=\"twitter:title\" content=\"5 militaires du PGM d\u00e9cor\u00e9s pour \u00ab acte de courage &amp; de d\u00e9vouement \u00bb - La Plaine des Vosges\" \/>\n<meta name=\"twitter:description\" content=\"Ce mercredi 26 mai, M. le Pr\u00e9fet des Vosges Yves Seguy ainsi que Mme la Pr\u00e9f\u00e8te de la R\u00e9gion Josiane [&hellip;]\" \/>\n<meta name=\"twitter:image\" content=\"https:\/\/vosgesinfo.fr\/app\/uploads\/sites\/2\/2024\/07\/202105pgm-xonrupt-remise-medaille-josiane-chevalier-yves-seguy-5.jpg\" \/>\n<meta name=\"twitter:creator\" content=\"@VosgesInfo88\" \/>\n<meta name=\"twitter:site\" content=\"@VosgesInfo88\" \/>\n<meta name=\"twitter:label1\" content=\"\u00c9crit par\" \/>\n\t<meta name=\"twitter:data1\" content=\"La R\u00e9daction\" \/>\n\t<meta name=\"twitter:label2\" content=\"Dur\u00e9e de lecture estim\u00e9e\" \/>\n\t<meta name=\"twitter:data2\" content=\"1 minute\" \/>\n<script type=\"application\/ld+json\" class=\"yoast-schema-graph\">{\"@context\":\"https:\/\/schema.org\",\"@graph\":[{\"@type\":\"Article\",\"@id\":\"https:\/\/vosgesinfo.fr\/laplainedesvosgesinfo\/2021\/05\/5-militaires-du-pgm-decores-pour-acte-de-courage-de-devouement\/#article\",\"isPartOf\":{\"@id\":\"https:\/\/vosgesinfo.fr\/laplainedesvosgesinfo\/2021\/05\/5-militaires-du-pgm-decores-pour-acte-de-courage-de-devouement\/\"},\"author\":{\"name\":\"La R\u00e9daction\",\"@id\":\"https:\/\/vosgesinfo.fr\/laplainedesvosgesinfo\/#\/schema\/person\/db412391f749f1ee67e177e1dc017316\"},\"headline\":\"5 militaires du PGM d\u00e9cor\u00e9s pour \u00ab acte de courage &#038; de d\u00e9vouement \u00bb\",\"datePublished\":\"2021-05-26T14:22:48+00:00\",\"dateModified\":\"2021-05-26T14:22:48+00:00\",\"mainEntityOfPage\":{\"@id\":\"https:\/\/vosgesinfo.fr\/laplainedesvosgesinfo\/2021\/05\/5-militaires-du-pgm-decores-pour-acte-de-courage-de-devouement\/\"},\"wordCount\":179,\"commentCount\":0,\"publisher\":{\"@id\":\"https:\/\/vosgesinfo.fr\/laplainedesvosgesinfo\/#organization\"},\"image\":{\"@id\":\"https:\/\/vosgesinfo.fr\/laplainedesvosgesinfo\/2021\/05\/5-militaires-du-pgm-decores-pour-acte-de-courage-de-devouement\/#primaryimage\"},\"thumbnailUrl\":\"https:\/\/vosgesinfo.fr\/app\/uploads\/sites\/2\/2024\/07\/202105pgm-xonrupt-remise-medaille-josiane-chevalier-yves-seguy-5.jpg\",\"keywords\":[\"Josiane Chevalier\",\"PGM de xonrupt\"],\"articleSection\":[\"A la Une\",\"Vosges\"],\"inLanguage\":\"fr-FR\",\"potentialAction\":[{\"@type\":\"CommentAction\",\"name\":\"Comment\",\"target\":[\"https:\/\/vosgesinfo.fr\/laplainedesvosgesinfo\/2021\/05\/5-militaires-du-pgm-decores-pour-acte-de-courage-de-devouement\/#respond\"]}]},{\"@type\":\"WebPage\",\"@id\":\"https:\/\/vosgesinfo.fr\/laplainedesvosgesinfo\/2021\/05\/5-militaires-du-pgm-decores-pour-acte-de-courage-de-devouement\/\",\"url\":\"https:\/\/vosgesinfo.fr\/laplainedesvosgesinfo\/2021\/05\/5-militaires-du-pgm-decores-pour-acte-de-courage-de-devouement\/\",\"name\":\"5 militaires du PGM d\u00e9cor\u00e9s pour \u00ab acte de courage & de d\u00e9vouement \u00bb - La Plaine des Vosges\",\"isPartOf\":{\"@id\":\"https:\/\/vosgesinfo.fr\/laplainedesvosgesinfo\/#website\"},\"primaryImageOfPage\":{\"@id\":\"https:\/\/vosgesinfo.fr\/laplainedesvosgesinfo\/2021\/05\/5-militaires-du-pgm-decores-pour-acte-de-courage-de-devouement\/#primaryimage\"},\"image\":{\"@id\":\"https:\/\/vosgesinfo.fr\/laplainedesvosgesinfo\/2021\/05\/5-militaires-du-pgm-decores-pour-acte-de-courage-de-devouement\/#primaryimage\"},\"thumbnailUrl\":\"https:\/\/vosgesinfo.fr\/app\/uploads\/sites\/2\/2024\/07\/202105pgm-xonrupt-remise-medaille-josiane-chevalier-yves-seguy-5.jpg\",\"datePublished\":\"2021-05-26T14:22:48+00:00\",\"dateModified\":\"2021-05-26T14:22:48+00:00\",\"breadcrumb\":{\"@id\":\"https:\/\/vosgesinfo.fr\/laplainedesvosgesinfo\/2021\/05\/5-militaires-du-pgm-decores-pour-acte-de-courage-de-devouement\/#breadcrumb\"},\"inLanguage\":\"fr-FR\",\"potentialAction\":[{\"@type\":\"ReadAction\",\"target\":[\"https:\/\/vosgesinfo.fr\/laplainedesvosgesinfo\/2021\/05\/5-militaires-du-pgm-decores-pour-acte-de-courage-de-devouement\/\"]}]},{\"@type\":\"ImageObject\",\"inLanguage\":\"fr-FR\",\"@id\":\"https:\/\/vosgesinfo.fr\/laplainedesvosgesinfo\/2021\/05\/5-militaires-du-pgm-decores-pour-acte-de-courage-de-devouement\/#primaryimage\",\"url\":\"https:\/\/vosgesinfo.fr\/app\/uploads\/sites\/2\/2024\/07\/202105pgm-xonrupt-remise-medaille-josiane-chevalier-yves-seguy-5.jpg\",\"contentUrl\":\"https:\/\/vosgesinfo.fr\/app\/uploads\/sites\/2\/2024\/07\/202105pgm-xonrupt-remise-medaille-josiane-chevalier-yves-seguy-5.jpg\",\"width\":800,\"height\":600},{\"@type\":\"BreadcrumbList\",\"@id\":\"https:\/\/vosgesinfo.fr\/laplainedesvosgesinfo\/2021\/05\/5-militaires-du-pgm-decores-pour-acte-de-courage-de-devouement\/#breadcrumb\",\"itemListElement\":[{\"@type\":\"ListItem\",\"position\":1,\"name\":\"Home\",\"item\":\"https:\/\/vosgesinfo.fr\/laplainedesvosgesinfo\/\"},{\"@type\":\"ListItem\",\"position\":2,\"name\":\"5 militaires du PGM d\u00e9cor\u00e9s pour \u00ab acte de courage &#038; de d\u00e9vouement \u00bb\"}]},{\"@type\":\"WebSite\",\"@id\":\"https:\/\/vosgesinfo.fr\/laplainedesvosgesinfo\/#website\",\"url\":\"https:\/\/vosgesinfo.fr\/laplainedesvosgesinfo\/\",\"name\":\"La Plaine des Vosges\",\"description\":\"Toute l&#039;actualit\u00e9 de la plaine de Vosges\",\"publisher\":{\"@id\":\"https:\/\/vosgesinfo.fr\/laplainedesvosgesinfo\/#organization\"},\"alternateName\":\"Toute l'actualit\u00e9 de la plaine des Vosges\",\"potentialAction\":[{\"@type\":\"SearchAction\",\"target\":{\"@type\":\"EntryPoint\",\"urlTemplate\":\"https:\/\/vosgesinfo.fr\/laplainedesvosgesinfo\/?s={search_term_string}\"},\"query-input\":\"required name=search_term_string\"}],\"inLanguage\":\"fr-FR\"},{\"@type\":\"Organization\",\"@id\":\"https:\/\/vosgesinfo.fr\/laplainedesvosgesinfo\/#organization\",\"name\":\"La Plaine des Vosges\",\"url\":\"https:\/\/vosgesinfo.fr\/laplainedesvosgesinfo\/\",\"logo\":{\"@type\":\"ImageObject\",\"inLanguage\":\"fr-FR\",\"@id\":\"https:\/\/vosgesinfo.fr\/laplainedesvosgesinfo\/#\/schema\/logo\/image\/\",\"url\":\"https:\/\/vosgesinfo.fr\/app\/uploads\/sites\/2\/2023\/08\/logo-laplaineinfo.svg\",\"contentUrl\":\"https:\/\/vosgesinfo.fr\/app\/uploads\/sites\/2\/2023\/08\/logo-laplaineinfo.svg\",\"width\":1,\"height\":1,\"caption\":\"La Plaine des Vosges\"},\"image\":{\"@id\":\"https:\/\/vosgesinfo.fr\/laplainedesvosgesinfo\/#\/schema\/logo\/image\/\"},\"sameAs\":[\"https:\/\/www.facebook.com\/laplainedesvosges\",\"https:\/\/x.com\/VosgesInfo88\",\"https:\/\/www.youtube.com\/@vosgesinfo\"]},{\"@type\":\"Person\",\"@id\":\"https:\/\/vosgesinfo.fr\/laplainedesvosgesinfo\/#\/schema\/person\/db412391f749f1ee67e177e1dc017316\",\"name\":\"La R\u00e9daction\",\"image\":{\"@type\":\"ImageObject\",\"inLanguage\":\"fr-FR\",\"@id\":\"https:\/\/vosgesinfo.fr\/laplainedesvosgesinfo\/#\/schema\/person\/image\/\",\"url\":\"https:\/\/secure.gravatar.com\/avatar\/d10cfbea47ec464014dd9e55d3c353f7c4017b65068eb823d0882be0ff3b0ff6?s=96&d=mm&r=g\",\"contentUrl\":\"https:\/\/secure.gravatar.com\/avatar\/d10cfbea47ec464014dd9e55d3c353f7c4017b65068eb823d0882be0ff3b0ff6?s=96&d=mm&r=g\",\"caption\":\"La R\u00e9daction\"},\"url\":\"https:\/\/vosgesinfo.fr\/laplainedesvosgesinfo\/author\/redaction\/\"}]}<\/script>\n<!-- \/ Yoast SEO plugin. -->","yoast_head_json":{"title":"5 militaires du PGM d\u00e9cor\u00e9s pour \u00ab acte de courage & de d\u00e9vouement \u00bb - La Plaine des Vosges","robots":{"index":"index","follow":"follow","max-snippet":"max-snippet:-1","max-image-preview":"max-image-preview:large","max-video-preview":"max-video-preview:-1"},"canonical":"https:\/\/vosgesinfo.fr\/laplainedesvosgesinfo\/2021\/05\/5-militaires-du-pgm-decores-pour-acte-de-courage-de-devouement\/","twitter_card":"summary_large_image","twitter_title":"5 militaires du PGM d\u00e9cor\u00e9s pour \u00ab acte de courage & de d\u00e9vouement \u00bb - La Plaine des Vosges","twitter_description":"Ce mercredi 26 mai, M. le Pr\u00e9fet des Vosges Yves Seguy ainsi que Mme la Pr\u00e9f\u00e8te de la R\u00e9gion Josiane [&hellip;]","twitter_image":"https:\/\/vosgesinfo.fr\/app\/uploads\/sites\/2\/2024\/07\/202105pgm-xonrupt-remise-medaille-josiane-chevalier-yves-seguy-5.jpg","twitter_creator":"@VosgesInfo88","twitter_site":"@VosgesInfo88","twitter_misc":{"\u00c9crit par":"La R\u00e9daction","Dur\u00e9e de lecture estim\u00e9e":"1 minute"},"schema":{"@context":"https:\/\/schema.org","@graph":[{"@type":"Article","@id":"https:\/\/vosgesinfo.fr\/laplainedesvosgesinfo\/2021\/05\/5-militaires-du-pgm-decores-pour-acte-de-courage-de-devouement\/#article","isPartOf":{"@id":"https:\/\/vosgesinfo.fr\/laplainedesvosgesinfo\/2021\/05\/5-militaires-du-pgm-decores-pour-acte-de-courage-de-devouement\/"},"author":{"name":"La R\u00e9daction","@id":"https:\/\/vosgesinfo.fr\/laplainedesvosgesinfo\/#\/schema\/person\/db412391f749f1ee67e177e1dc017316"},"headline":"5 militaires du PGM d\u00e9cor\u00e9s pour \u00ab acte de courage &#038; de d\u00e9vouement \u00bb","datePublished":"2021-05-26T14:22:48+00:00","dateModified":"2021-05-26T14:22:48+00:00","mainEntityOfPage":{"@id":"https:\/\/vosgesinfo.fr\/laplainedesvosgesinfo\/2021\/05\/5-militaires-du-pgm-decores-pour-acte-de-courage-de-devouement\/"},"wordCount":179,"commentCount":0,"publisher":{"@id":"https:\/\/vosgesinfo.fr\/laplainedesvosgesinfo\/#organization"},"image":{"@id":"https:\/\/vosgesinfo.fr\/laplainedesvosgesinfo\/2021\/05\/5-militaires-du-pgm-decores-pour-acte-de-courage-de-devouement\/#primaryimage"},"thumbnailUrl":"https:\/\/vosgesinfo.fr\/app\/uploads\/sites\/2\/2024\/07\/202105pgm-xonrupt-remise-medaille-josiane-chevalier-yves-seguy-5.jpg","keywords":["Josiane Chevalier","PGM de xonrupt"],"articleSection":["A la Une","Vosges"],"inLanguage":"fr-FR","potentialAction":[{"@type":"CommentAction","name":"Comment","target":["https:\/\/vosgesinfo.fr\/laplainedesvosgesinfo\/2021\/05\/5-militaires-du-pgm-decores-pour-acte-de-courage-de-devouement\/#respond"]}]},{"@type":"WebPage","@id":"https:\/\/vosgesinfo.fr\/laplainedesvosgesinfo\/2021\/05\/5-militaires-du-pgm-decores-pour-acte-de-courage-de-devouement\/","url":"https:\/\/vosgesinfo.fr\/laplainedesvosgesinfo\/2021\/05\/5-militaires-du-pgm-decores-pour-acte-de-courage-de-devouement\/","name":"5 militaires du PGM d\u00e9cor\u00e9s pour \u00ab acte de courage & de d\u00e9vouement \u00bb - La Plaine des Vosges","isPartOf":{"@id":"https:\/\/vosgesinfo.fr\/laplainedesvosgesinfo\/#website"},"primaryImageOfPage":{"@id":"https:\/\/vosgesinfo.fr\/laplainedesvosgesinfo\/2021\/05\/5-militaires-du-pgm-decores-pour-acte-de-courage-de-devouement\/#primaryimage"},"image":{"@id":"https:\/\/vosgesinfo.fr\/laplainedesvosgesinfo\/2021\/05\/5-militaires-du-pgm-decores-pour-acte-de-courage-de-devouement\/#primaryimage"},"thumbnailUrl":"https:\/\/vosgesinfo.fr\/app\/uploads\/sites\/2\/2024\/07\/202105pgm-xonrupt-remise-medaille-josiane-chevalier-yves-seguy-5.jpg","datePublished":"2021-05-26T14:22:48+00:00","dateModified":"2021-05-26T14:22:48+00:00","breadcrumb":{"@id":"https:\/\/vosgesinfo.fr\/laplainedesvosgesinfo\/2021\/05\/5-militaires-du-pgm-decores-pour-acte-de-courage-de-devouement\/#breadcrumb"},"inLanguage":"fr-FR","potentialAction":[{"@type":"ReadAction","target":["https:\/\/vosgesinfo.fr\/laplainedesvosgesinfo\/2021\/05\/5-militaires-du-pgm-decores-pour-acte-de-courage-de-devouement\/"]}]},{"@type":"ImageObject","inLanguage":"fr-FR","@id":"https:\/\/vosgesinfo.fr\/laplainedesvosgesinfo\/2021\/05\/5-militaires-du-pgm-decores-pour-acte-de-courage-de-devouement\/#primaryimage","url":"https:\/\/vosgesinfo.fr\/app\/uploads\/sites\/2\/2024\/07\/202105pgm-xonrupt-remise-medaille-josiane-chevalier-yves-seguy-5.jpg","contentUrl":"https:\/\/vosgesinfo.fr\/app\/uploads\/sites\/2\/2024\/07\/202105pgm-xonrupt-remise-medaille-josiane-chevalier-yves-seguy-5.jpg","width":800,"height":600},{"@type":"BreadcrumbList","@id":"https:\/\/vosgesinfo.fr\/laplainedesvosgesinfo\/2021\/05\/5-militaires-du-pgm-decores-pour-acte-de-courage-de-devouement\/#breadcrumb","itemListElement":[{"@type":"ListItem","position":1,"name":"Home","item":"https:\/\/vosgesinfo.fr\/laplainedesvosgesinfo\/"},{"@type":"ListItem","position":2,"name":"5 militaires du PGM d\u00e9cor\u00e9s pour \u00ab acte de courage &#038; de d\u00e9vouement \u00bb"}]},{"@type":"WebSite","@id":"https:\/\/vosgesinfo.fr\/laplainedesvosgesinfo\/#website","url":"https:\/\/vosgesinfo.fr\/laplainedesvosgesinfo\/","name":"La Plaine des Vosges","description":"Toute l&#039;actualit\u00e9 de la plaine de Vosges","publisher":{"@id":"https:\/\/vosgesinfo.fr\/laplainedesvosgesinfo\/#organization"},"alternateName":"Toute l'actualit\u00e9 de la plaine des Vosges","potentialAction":[{"@type":"SearchAction","target":{"@type":"EntryPoint","urlTemplate":"https:\/\/vosgesinfo.fr\/laplainedesvosgesinfo\/?s={search_term_string}"},"query-input":"required name=search_term_string"}],"inLanguage":"fr-FR"},{"@type":"Organization","@id":"https:\/\/vosgesinfo.fr\/laplainedesvosgesinfo\/#organization","name":"La Plaine des Vosges","url":"https:\/\/vosgesinfo.fr\/laplainedesvosgesinfo\/","logo":{"@type":"ImageObject","inLanguage":"fr-FR","@id":"https:\/\/vosgesinfo.fr\/laplainedesvosgesinfo\/#\/schema\/logo\/image\/","url":"https:\/\/vosgesinfo.fr\/app\/uploads\/sites\/2\/2023\/08\/logo-laplaineinfo.svg","contentUrl":"https:\/\/vosgesinfo.fr\/app\/uploads\/sites\/2\/2023\/08\/logo-laplaineinfo.svg","width":1,"height":1,"caption":"La Plaine des Vosges"},"image":{"@id":"https:\/\/vosgesinfo.fr\/laplainedesvosgesinfo\/#\/schema\/logo\/image\/"},"sameAs":["https:\/\/www.facebook.com\/laplainedesvosges","https:\/\/x.com\/VosgesInfo88","https:\/\/www.youtube.com\/@vosgesinfo"]},{"@type":"Person","@id":"https:\/\/vosgesinfo.fr\/laplainedesvosgesinfo\/#\/schema\/person\/db412391f749f1ee67e177e1dc017316","name":"La R\u00e9daction","image":{"@type":"ImageObject","inLanguage":"fr-FR","@id":"https:\/\/vosgesinfo.fr\/laplainedesvosgesinfo\/#\/schema\/person\/image\/","url":"https:\/\/secure.gravatar.com\/avatar\/d10cfbea47ec464014dd9e55d3c353f7c4017b65068eb823d0882be0ff3b0ff6?s=96&d=mm&r=g","contentUrl":"https:\/\/secure.gravatar.com\/avatar\/d10cfbea47ec464014dd9e55d3c353f7c4017b65068eb823d0882be0ff3b0ff6?s=96&d=mm&r=g","caption":"La R\u00e9daction"},"url":"https:\/\/vosgesinfo.fr\/laplainedesvosgesinfo\/author\/redaction\/"}]}},"_links":{"self":[{"href":"https:\/\/vosgesinfo.fr\/laplainedesvosgesinfo\/wp-json\/wp\/v2\/posts\/19099","targetHints":{"allow":["GET"]}}],"collection":[{"href":"https:\/\/vosgesinfo.fr\/laplainedesvosgesinfo\/wp-json\/wp\/v2\/posts"}],"about":[{"href":"https:\/\/vosgesinfo.fr\/laplainedesvosgesinfo\/wp-json\/wp\/v2\/types\/post"}],"author":[{"embeddable":true,"href":"https:\/\/vosgesinfo.fr\/laplainedesvosgesinfo\/wp-json\/wp\/v2\/users\/126"}],"replies":[{"embeddable":true,"href":"https:\/\/vosgesinfo.fr\/laplainedesvosgesinfo\/wp-json\/wp\/v2\/comments?post=19099"}],"version-history":[{"count":0,"href":"https:\/\/vosgesinfo.fr\/laplainedesvosgesinfo\/wp-json\/wp\/v2\/posts\/19099\/revisions"}],"wp:featuredmedia":[{"embeddable":true,"href":"https:\/\/vosgesinfo.fr\/laplainedesvosgesinfo\/wp-json\/wp\/v2\/media\/19100"}],"wp:attachment":[{"href":"https:\/\/vosgesinfo.fr\/laplainedesvosgesinfo\/wp-json\/wp\/v2\/media?parent=19099"}],"wp:term":[{"taxonomy":"category","embeddable":true,"href":"https:\/\/vosgesinfo.fr\/laplainedesvosgesinfo\/wp-json\/wp\/v2\/categories?post=19099"},{"taxonomy":"post_tag","embeddable":true,"href":"https:\/\/vosgesinfo.fr\/laplainedesvosgesinfo\/wp-json\/wp\/v2\/tags?post=19099"}],"curies":[{"name":"wp","href":"https:\/\/api.w.org\/{rel}","templated":true}]}}