{"id":19103,"date":"2021-05-27T09:59:23","date_gmt":"2021-05-27T07:59:23","guid":{"rendered":"https:\/\/vosgesinfo.fr\/laplainedesvosgesinfo\/2021\/05\/domremy-la-pucelle-avec-jeanne-en-botte-de-sept-lieux\/"},"modified":"2021-05-27T09:59:23","modified_gmt":"2021-05-27T07:59:23","slug":"domremy-la-pucelle-avec-jeanne-en-botte-de-sept-lieux","status":"publish","type":"post","link":"https:\/\/vosgesinfo.fr\/laplainedesvosgesinfo\/2021\/05\/domremy-la-pucelle-avec-jeanne-en-botte-de-sept-lieux\/","title":{"rendered":"Domr\u00e9my-la-Pucelle: Avec Jeanne en botte de sept lieux"},"content":{"rendered":"<p><a href=\"\/2017\/09\/basilique-bois-chenu.jpg\"><img decoding=\"async\" class=\"size-medium wp-image-90787\" src=\"\/2017\/09\/basilique-bois-chenu-400x228.jpg\" alt=\"(Photographie Google Maps)\" width=\"400\" height=\"228\" \/><\/a><\/p>\n<p><span id=\"p0\">Un\u00a0p\u00e8lerinage\u00a0est sp\u00e9cialement organis\u00e9 le dimanche 30 mai 2021 entre la basilique du\u00a0<span id=\"26\" class=\"s-rg-t\">Bois-Chenu<\/span>, l&rsquo;\u00e9glise de Domr\u00e9my-la-Pucelle et l&rsquo;ermitage\u00a0Notre-dame\u00a0de\u00a0<span id=\"28\" class=\"s-rg-t\">Bermont<\/span>\u00a0afin de\u00a0c\u00e9l\u00e9brer\u00a0la sainte-vosgienne.<\/span><\/p>\n<p><span id=\"p1\">Toutes les personnes portant le pr\u00e9nom de Jeanne sous le patronage de sainte Jeanne d&rsquo;Arc sont invit\u00e9es \u00e0 converger vers la basilique ce dimanche 30 mai.<\/span><span id=\"p56\">\u00a0Elles b\u00e9n\u00e9ficieront d&rsquo;une b\u00e9n\u00e9diction sp\u00e9ciale, dans la joie de la f\u00eate.<\/span><\/p>\n<p><span id=\"p55\">La m\u00e9moire de Jeanne sera d\u00e9velopp\u00e9e de 8 h \u00e0 18 h, selon la disponibilit\u00e9 de chacun suivant l&rsquo;itin\u00e9raire ci-dessous :<\/span><\/p>\n<p><span id=\"p4\"><strong>8 h 00 &#8211; Rendez-vous \u00e0 l&rsquo;ermitage\u00a0Notre-dame\u00a0de\u00a0<span id=\"53\" class=\"s-rg-t\">Bermont<\/span><\/strong>.<\/span><\/p>\n<p><span id=\"p5\">Rendez-vous donn\u00e9 aux jeunes et moins jeunes.<\/span><span id=\"p6\">\u00a0Ermitage o\u00f9 Jeanne venait prier la Vierge.<\/span><span id=\"p57\">\u00a0<span id=\"58\" class=\"s-rg-t\">il<\/span>\u00a0est pr\u00e9vu de chanter les Laudes dominicales de la r\u00e9surrection au lever du soleil et de partager un petit-d\u00e9jeuner avant de faire la route \u00e0 pied jusqu&rsquo;\u00e0 la Basilique.<\/span><\/p>\n<p><strong><span id=\"p8\">11 h 00 &#8211; Eucharistie dominicale \u00e0 la Basilique.<\/span><\/strong><\/p>\n<p><span id=\"p9\">Eucharistie qui offrira aussi l&rsquo;occasion de b\u00e9nir tout sp\u00e9cialement les \u00ab Jeanne \u00bb venant de partout.<\/span><span id=\"p10\">\u00a0La messe sera suivie d&rsquo;un pique-nique en famille ou petits groupes aux alentours jusqu&rsquo;\u00e0 14 heures.<\/span><span id=\"p11\">\u00a0Le soleil devrait \u00eatre au rendez-vous.<\/span><\/p>\n<p><strong><span id=\"p61\">14 h 00 &#8211; sur l&rsquo;esplanade devant le clocher de la basilique d\u00e9bute l&rsquo;itin\u00e9raire \u00ab avec Jeanne en bottes de sept lieux \u00bb<\/span><\/strong><\/p>\n<p><span id=\"p62\">Une surprise donnera l\u00e0 le ton d&rsquo;ensemble de la d\u00e9marche, qui se poursuivra tout pr\u00e8s \u00e0 la \u00ab fontaine des fi\u00e9vreux \u00bb :<\/span><span id=\"p68\">\u00a0gu\u00e9rissons des malades assur\u00e9s !<\/span><\/p>\n<p><span id=\"p69\"><strong>Vers 15 h 00 &#8211;<\/strong> apr\u00e8s un bref arr\u00eat au calvaire dans la descente au village de\u00a0<span id=\"70\">Domr\u00e9my<\/span>, sur la place de la maison natale de Jeanne, comme autrefois autour de l&rsquo;Arbre aux f\u00e9es, le garde-champ\u00eatre donnera la parole \u00e0 Charles P\u00e9guy.<\/span><\/p>\n<p><strong><span id=\"p71\">15 h 30 &#8211; Halte dans l&rsquo;\u00e9glise paroissiale.<\/span><\/strong><\/p>\n<p><span id=\"p72\">\u00c9glise o\u00f9 Jeanne fut baptis\u00e9e et fit sa premi\u00e8re communion :<\/span><span id=\"p73\">\u00a0proposition de renouvellement des promesses du bapt\u00eame, chant sur un air connu \u00e0 Messire Saint-Nicolas patron de la Lorraine.<\/span><span id=\"p19\">\u00a0Puis mise en route vers\u00a0<span id=\"42\" class=\"s-rg-t\">Greux<\/span>.<\/span><\/p>\n<p><strong><span id=\"p20\">Vers 16 h 30 &#8211; Pause autour des statues au promontoire.<\/span><\/strong><\/p>\n<p><span id=\"p21\"><span id=\"44\">Promontoire<\/span>\u00a0pause autour des statues au promontoire o\u00f9 se\u00a0<span id=\"45\">trouvait<\/span>\u00a0l&rsquo;ancienne \u00e9glise de Greux , et derni\u00e8re ligne droite sur environ deux kilom\u00e8tres en pleine nature jusqu&rsquo;\u00e0 l&rsquo;ermitage\u00a0<span id=\"46\">Notre-Dame<\/span>\u00a0de\u00a0<span id=\"47\">Bermont<\/span>\u00a0en chantant, priant ou papotant.<\/span><\/p>\n<p><strong><span id=\"p22\">17 h 15 &#8211; A\u00a0Notre-dame\u00a0de\u00a0<span id=\"49\" class=\"s-rg-t\">Bermont<\/span>.<\/span><\/strong><\/p>\n<p><span id=\"p23\">Visite du petit sanctuaire historique, puis V\u00eapres solennelles, selon le temps et l&rsquo;affluence \u00e0 l&rsquo;int\u00e9rieur dans la petite chapelle ou \u00e0 l&rsquo;ext\u00e9rieur sur la grande prairie.<\/span><\/p>\n<p><span id=\"p24\"><strong>18 h 00 &#8211;<\/strong> Retour par navette en bus ou voitures priv\u00e9es qui prendront les p\u00e8lerins pour les ramener jusqu&rsquo;au parking du village ou de la basilique.<\/span><\/p>\n","protected":false},"excerpt":{"rendered":"<p>Un\u00a0p\u00e8lerinage\u00a0est sp\u00e9cialement organis\u00e9 le dimanche 30 mai 2021 entre la basilique du\u00a0Bois-Chenu, l&rsquo;\u00e9glise de Domr\u00e9my-la-Pucelle et l&rsquo;ermitage\u00a0Notre-dame\u00a0de\u00a0Bermont\u00a0afin de\u00a0c\u00e9l\u00e9brer\u00a0la sainte-vosgienne. Toutes [&hellip;]<\/p>\n","protected":false},"author":1,"featured_media":19104,"comment_status":"open","ping_status":"open","sticky":false,"template":"","format":"standard","meta":{"footnotes":""},"categories":[29,37],"tags":[984],"class_list":["post-19103","post","type-post","status-publish","format-standard","has-post-thumbnail","hentry","category-a-la-une","category-la-plaine","tag-domremy-la-pucelle"],"acf":[],"yoast_head":"<!-- This site is optimized with the Yoast SEO plugin v22.5 - https:\/\/yoast.com\/wordpress\/plugins\/seo\/ -->\n<title>Domr\u00e9my-la-Pucelle: Avec Jeanne en botte de sept lieux - La Plaine des Vosges<\/title>\n<meta name=\"robots\" content=\"index, follow, max-snippet:-1, max-image-preview:large, max-video-preview:-1\" \/>\n<link rel=\"canonical\" href=\"https:\/\/vosgesinfo.fr\/laplainedesvosgesinfo\/2021\/05\/domremy-la-pucelle-avec-jeanne-en-botte-de-sept-lieux\/\" \/>\n<meta name=\"twitter:card\" content=\"summary_large_image\" \/>\n<meta name=\"twitter:title\" content=\"Domr\u00e9my-la-Pucelle: Avec Jeanne en botte de sept lieux - La Plaine des Vosges\" \/>\n<meta name=\"twitter:description\" content=\"Un\u00a0p\u00e8lerinage\u00a0est sp\u00e9cialement organis\u00e9 le dimanche 30 mai 2021 entre la basilique du\u00a0Bois-Chenu, l&rsquo;\u00e9glise de Domr\u00e9my-la-Pucelle et l&rsquo;ermitage\u00a0Notre-dame\u00a0de\u00a0Bermont\u00a0afin de\u00a0c\u00e9l\u00e9brer\u00a0la sainte-vosgienne. Toutes [&hellip;]\" \/>\n<meta name=\"twitter:image\" content=\"https:\/\/vosgesinfo.fr\/app\/uploads\/sites\/2\/2024\/07\/201709basilique-bois-chenu.jpg\" \/>\n<meta name=\"twitter:creator\" content=\"@VosgesInfo88\" \/>\n<meta name=\"twitter:site\" content=\"@VosgesInfo88\" \/>\n<meta name=\"twitter:label1\" content=\"\u00c9crit par\" \/>\n\t<meta name=\"twitter:data1\" content=\"qs_admin\" \/>\n\t<meta name=\"twitter:label2\" content=\"Dur\u00e9e de lecture estim\u00e9e\" \/>\n\t<meta name=\"twitter:data2\" content=\"2 minutes\" \/>\n<script type=\"application\/ld+json\" class=\"yoast-schema-graph\">{\"@context\":\"https:\/\/schema.org\",\"@graph\":[{\"@type\":\"Article\",\"@id\":\"https:\/\/vosgesinfo.fr\/laplainedesvosgesinfo\/2021\/05\/domremy-la-pucelle-avec-jeanne-en-botte-de-sept-lieux\/#article\",\"isPartOf\":{\"@id\":\"https:\/\/vosgesinfo.fr\/laplainedesvosgesinfo\/2021\/05\/domremy-la-pucelle-avec-jeanne-en-botte-de-sept-lieux\/\"},\"author\":{\"name\":\"qs_admin\",\"@id\":\"https:\/\/vosgesinfo.fr\/laplainedesvosgesinfo\/#\/schema\/person\/bc5d02d71e6932e81b6dadb7386667b1\"},\"headline\":\"Domr\u00e9my-la-Pucelle: Avec Jeanne en botte de sept lieux\",\"datePublished\":\"2021-05-27T07:59:23+00:00\",\"dateModified\":\"2021-05-27T07:59:23+00:00\",\"mainEntityOfPage\":{\"@id\":\"https:\/\/vosgesinfo.fr\/laplainedesvosgesinfo\/2021\/05\/domremy-la-pucelle-avec-jeanne-en-botte-de-sept-lieux\/\"},\"wordCount\":462,\"commentCount\":0,\"publisher\":{\"@id\":\"https:\/\/vosgesinfo.fr\/laplainedesvosgesinfo\/#organization\"},\"image\":{\"@id\":\"https:\/\/vosgesinfo.fr\/laplainedesvosgesinfo\/2021\/05\/domremy-la-pucelle-avec-jeanne-en-botte-de-sept-lieux\/#primaryimage\"},\"thumbnailUrl\":\"https:\/\/vosgesinfo.fr\/app\/uploads\/sites\/2\/2024\/07\/201709basilique-bois-chenu.jpg\",\"keywords\":[\"Domremy-la-Pucelle\"],\"articleSection\":[\"A la Une\",\"La Plaine\"],\"inLanguage\":\"fr-FR\",\"potentialAction\":[{\"@type\":\"CommentAction\",\"name\":\"Comment\",\"target\":[\"https:\/\/vosgesinfo.fr\/laplainedesvosgesinfo\/2021\/05\/domremy-la-pucelle-avec-jeanne-en-botte-de-sept-lieux\/#respond\"]}]},{\"@type\":\"WebPage\",\"@id\":\"https:\/\/vosgesinfo.fr\/laplainedesvosgesinfo\/2021\/05\/domremy-la-pucelle-avec-jeanne-en-botte-de-sept-lieux\/\",\"url\":\"https:\/\/vosgesinfo.fr\/laplainedesvosgesinfo\/2021\/05\/domremy-la-pucelle-avec-jeanne-en-botte-de-sept-lieux\/\",\"name\":\"Domr\u00e9my-la-Pucelle: Avec Jeanne en botte de sept lieux - La Plaine des Vosges\",\"isPartOf\":{\"@id\":\"https:\/\/vosgesinfo.fr\/laplainedesvosgesinfo\/#website\"},\"primaryImageOfPage\":{\"@id\":\"https:\/\/vosgesinfo.fr\/laplainedesvosgesinfo\/2021\/05\/domremy-la-pucelle-avec-jeanne-en-botte-de-sept-lieux\/#primaryimage\"},\"image\":{\"@id\":\"https:\/\/vosgesinfo.fr\/laplainedesvosgesinfo\/2021\/05\/domremy-la-pucelle-avec-jeanne-en-botte-de-sept-lieux\/#primaryimage\"},\"thumbnailUrl\":\"https:\/\/vosgesinfo.fr\/app\/uploads\/sites\/2\/2024\/07\/201709basilique-bois-chenu.jpg\",\"datePublished\":\"2021-05-27T07:59:23+00:00\",\"dateModified\":\"2021-05-27T07:59:23+00:00\",\"breadcrumb\":{\"@id\":\"https:\/\/vosgesinfo.fr\/laplainedesvosgesinfo\/2021\/05\/domremy-la-pucelle-avec-jeanne-en-botte-de-sept-lieux\/#breadcrumb\"},\"inLanguage\":\"fr-FR\",\"potentialAction\":[{\"@type\":\"ReadAction\",\"target\":[\"https:\/\/vosgesinfo.fr\/laplainedesvosgesinfo\/2021\/05\/domremy-la-pucelle-avec-jeanne-en-botte-de-sept-lieux\/\"]}]},{\"@type\":\"ImageObject\",\"inLanguage\":\"fr-FR\",\"@id\":\"https:\/\/vosgesinfo.fr\/laplainedesvosgesinfo\/2021\/05\/domremy-la-pucelle-avec-jeanne-en-botte-de-sept-lieux\/#primaryimage\",\"url\":\"https:\/\/vosgesinfo.fr\/app\/uploads\/sites\/2\/2024\/07\/201709basilique-bois-chenu.jpg\",\"contentUrl\":\"https:\/\/vosgesinfo.fr\/app\/uploads\/sites\/2\/2024\/07\/201709basilique-bois-chenu.jpg\",\"width\":1424,\"height\":813},{\"@type\":\"BreadcrumbList\",\"@id\":\"https:\/\/vosgesinfo.fr\/laplainedesvosgesinfo\/2021\/05\/domremy-la-pucelle-avec-jeanne-en-botte-de-sept-lieux\/#breadcrumb\",\"itemListElement\":[{\"@type\":\"ListItem\",\"position\":1,\"name\":\"Home\",\"item\":\"https:\/\/vosgesinfo.fr\/laplainedesvosgesinfo\/\"},{\"@type\":\"ListItem\",\"position\":2,\"name\":\"Domr\u00e9my-la-Pucelle: Avec Jeanne en botte de sept lieux\"}]},{\"@type\":\"WebSite\",\"@id\":\"https:\/\/vosgesinfo.fr\/laplainedesvosgesinfo\/#website\",\"url\":\"https:\/\/vosgesinfo.fr\/laplainedesvosgesinfo\/\",\"name\":\"La Plaine des Vosges\",\"description\":\"Toute l&#039;actualit\u00e9 de la plaine de Vosges\",\"publisher\":{\"@id\":\"https:\/\/vosgesinfo.fr\/laplainedesvosgesinfo\/#organization\"},\"alternateName\":\"Toute l'actualit\u00e9 de la plaine des Vosges\",\"potentialAction\":[{\"@type\":\"SearchAction\",\"target\":{\"@type\":\"EntryPoint\",\"urlTemplate\":\"https:\/\/vosgesinfo.fr\/laplainedesvosgesinfo\/?s={search_term_string}\"},\"query-input\":\"required name=search_term_string\"}],\"inLanguage\":\"fr-FR\"},{\"@type\":\"Organization\",\"@id\":\"https:\/\/vosgesinfo.fr\/laplainedesvosgesinfo\/#organization\",\"name\":\"La Plaine des Vosges\",\"url\":\"https:\/\/vosgesinfo.fr\/laplainedesvosgesinfo\/\",\"logo\":{\"@type\":\"ImageObject\",\"inLanguage\":\"fr-FR\",\"@id\":\"https:\/\/vosgesinfo.fr\/laplainedesvosgesinfo\/#\/schema\/logo\/image\/\",\"url\":\"https:\/\/vosgesinfo.fr\/app\/uploads\/sites\/2\/2023\/08\/logo-laplaineinfo.svg\",\"contentUrl\":\"https:\/\/vosgesinfo.fr\/app\/uploads\/sites\/2\/2023\/08\/logo-laplaineinfo.svg\",\"width\":1,\"height\":1,\"caption\":\"La Plaine des Vosges\"},\"image\":{\"@id\":\"https:\/\/vosgesinfo.fr\/laplainedesvosgesinfo\/#\/schema\/logo\/image\/\"},\"sameAs\":[\"https:\/\/www.facebook.com\/laplainedesvosges\",\"https:\/\/x.com\/VosgesInfo88\",\"https:\/\/www.youtube.com\/@vosgesinfo\"]},{\"@type\":\"Person\",\"@id\":\"https:\/\/vosgesinfo.fr\/laplainedesvosgesinfo\/#\/schema\/person\/bc5d02d71e6932e81b6dadb7386667b1\",\"name\":\"qs_admin\",\"image\":{\"@type\":\"ImageObject\",\"inLanguage\":\"fr-FR\",\"@id\":\"https:\/\/vosgesinfo.fr\/laplainedesvosgesinfo\/#\/schema\/person\/image\/\",\"url\":\"https:\/\/secure.gravatar.com\/avatar\/94b18ee0ed79e4a42ea2f2931277b6841a8999fc6fde214600c78057cf1fe1de?s=96&d=mm&r=g\",\"contentUrl\":\"https:\/\/secure.gravatar.com\/avatar\/94b18ee0ed79e4a42ea2f2931277b6841a8999fc6fde214600c78057cf1fe1de?s=96&d=mm&r=g\",\"caption\":\"qs_admin\"},\"sameAs\":[\"https:\/\/vosgesinfo.fr\/wp\"],\"url\":\"https:\/\/vosgesinfo.fr\/laplainedesvosgesinfo\/author\/qs_admin\/\"}]}<\/script>\n<!-- \/ Yoast SEO plugin. -->","yoast_head_json":{"title":"Domr\u00e9my-la-Pucelle: Avec Jeanne en botte de sept lieux - La Plaine des Vosges","robots":{"index":"index","follow":"follow","max-snippet":"max-snippet:-1","max-image-preview":"max-image-preview:large","max-video-preview":"max-video-preview:-1"},"canonical":"https:\/\/vosgesinfo.fr\/laplainedesvosgesinfo\/2021\/05\/domremy-la-pucelle-avec-jeanne-en-botte-de-sept-lieux\/","twitter_card":"summary_large_image","twitter_title":"Domr\u00e9my-la-Pucelle: Avec Jeanne en botte de sept lieux - La Plaine des Vosges","twitter_description":"Un\u00a0p\u00e8lerinage\u00a0est sp\u00e9cialement organis\u00e9 le dimanche 30 mai 2021 entre la basilique du\u00a0Bois-Chenu, l&rsquo;\u00e9glise de Domr\u00e9my-la-Pucelle et l&rsquo;ermitage\u00a0Notre-dame\u00a0de\u00a0Bermont\u00a0afin de\u00a0c\u00e9l\u00e9brer\u00a0la sainte-vosgienne. Toutes [&hellip;]","twitter_image":"https:\/\/vosgesinfo.fr\/app\/uploads\/sites\/2\/2024\/07\/201709basilique-bois-chenu.jpg","twitter_creator":"@VosgesInfo88","twitter_site":"@VosgesInfo88","twitter_misc":{"\u00c9crit par":"qs_admin","Dur\u00e9e de lecture estim\u00e9e":"2 minutes"},"schema":{"@context":"https:\/\/schema.org","@graph":[{"@type":"Article","@id":"https:\/\/vosgesinfo.fr\/laplainedesvosgesinfo\/2021\/05\/domremy-la-pucelle-avec-jeanne-en-botte-de-sept-lieux\/#article","isPartOf":{"@id":"https:\/\/vosgesinfo.fr\/laplainedesvosgesinfo\/2021\/05\/domremy-la-pucelle-avec-jeanne-en-botte-de-sept-lieux\/"},"author":{"name":"qs_admin","@id":"https:\/\/vosgesinfo.fr\/laplainedesvosgesinfo\/#\/schema\/person\/bc5d02d71e6932e81b6dadb7386667b1"},"headline":"Domr\u00e9my-la-Pucelle: Avec Jeanne en botte de sept lieux","datePublished":"2021-05-27T07:59:23+00:00","dateModified":"2021-05-27T07:59:23+00:00","mainEntityOfPage":{"@id":"https:\/\/vosgesinfo.fr\/laplainedesvosgesinfo\/2021\/05\/domremy-la-pucelle-avec-jeanne-en-botte-de-sept-lieux\/"},"wordCount":462,"commentCount":0,"publisher":{"@id":"https:\/\/vosgesinfo.fr\/laplainedesvosgesinfo\/#organization"},"image":{"@id":"https:\/\/vosgesinfo.fr\/laplainedesvosgesinfo\/2021\/05\/domremy-la-pucelle-avec-jeanne-en-botte-de-sept-lieux\/#primaryimage"},"thumbnailUrl":"https:\/\/vosgesinfo.fr\/app\/uploads\/sites\/2\/2024\/07\/201709basilique-bois-chenu.jpg","keywords":["Domremy-la-Pucelle"],"articleSection":["A la Une","La Plaine"],"inLanguage":"fr-FR","potentialAction":[{"@type":"CommentAction","name":"Comment","target":["https:\/\/vosgesinfo.fr\/laplainedesvosgesinfo\/2021\/05\/domremy-la-pucelle-avec-jeanne-en-botte-de-sept-lieux\/#respond"]}]},{"@type":"WebPage","@id":"https:\/\/vosgesinfo.fr\/laplainedesvosgesinfo\/2021\/05\/domremy-la-pucelle-avec-jeanne-en-botte-de-sept-lieux\/","url":"https:\/\/vosgesinfo.fr\/laplainedesvosgesinfo\/2021\/05\/domremy-la-pucelle-avec-jeanne-en-botte-de-sept-lieux\/","name":"Domr\u00e9my-la-Pucelle: Avec Jeanne en botte de sept lieux - La Plaine des Vosges","isPartOf":{"@id":"https:\/\/vosgesinfo.fr\/laplainedesvosgesinfo\/#website"},"primaryImageOfPage":{"@id":"https:\/\/vosgesinfo.fr\/laplainedesvosgesinfo\/2021\/05\/domremy-la-pucelle-avec-jeanne-en-botte-de-sept-lieux\/#primaryimage"},"image":{"@id":"https:\/\/vosgesinfo.fr\/laplainedesvosgesinfo\/2021\/05\/domremy-la-pucelle-avec-jeanne-en-botte-de-sept-lieux\/#primaryimage"},"thumbnailUrl":"https:\/\/vosgesinfo.fr\/app\/uploads\/sites\/2\/2024\/07\/201709basilique-bois-chenu.jpg","datePublished":"2021-05-27T07:59:23+00:00","dateModified":"2021-05-27T07:59:23+00:00","breadcrumb":{"@id":"https:\/\/vosgesinfo.fr\/laplainedesvosgesinfo\/2021\/05\/domremy-la-pucelle-avec-jeanne-en-botte-de-sept-lieux\/#breadcrumb"},"inLanguage":"fr-FR","potentialAction":[{"@type":"ReadAction","target":["https:\/\/vosgesinfo.fr\/laplainedesvosgesinfo\/2021\/05\/domremy-la-pucelle-avec-jeanne-en-botte-de-sept-lieux\/"]}]},{"@type":"ImageObject","inLanguage":"fr-FR","@id":"https:\/\/vosgesinfo.fr\/laplainedesvosgesinfo\/2021\/05\/domremy-la-pucelle-avec-jeanne-en-botte-de-sept-lieux\/#primaryimage","url":"https:\/\/vosgesinfo.fr\/app\/uploads\/sites\/2\/2024\/07\/201709basilique-bois-chenu.jpg","contentUrl":"https:\/\/vosgesinfo.fr\/app\/uploads\/sites\/2\/2024\/07\/201709basilique-bois-chenu.jpg","width":1424,"height":813},{"@type":"BreadcrumbList","@id":"https:\/\/vosgesinfo.fr\/laplainedesvosgesinfo\/2021\/05\/domremy-la-pucelle-avec-jeanne-en-botte-de-sept-lieux\/#breadcrumb","itemListElement":[{"@type":"ListItem","position":1,"name":"Home","item":"https:\/\/vosgesinfo.fr\/laplainedesvosgesinfo\/"},{"@type":"ListItem","position":2,"name":"Domr\u00e9my-la-Pucelle: Avec Jeanne en botte de sept lieux"}]},{"@type":"WebSite","@id":"https:\/\/vosgesinfo.fr\/laplainedesvosgesinfo\/#website","url":"https:\/\/vosgesinfo.fr\/laplainedesvosgesinfo\/","name":"La Plaine des Vosges","description":"Toute l&#039;actualit\u00e9 de la plaine de Vosges","publisher":{"@id":"https:\/\/vosgesinfo.fr\/laplainedesvosgesinfo\/#organization"},"alternateName":"Toute l'actualit\u00e9 de la plaine des Vosges","potentialAction":[{"@type":"SearchAction","target":{"@type":"EntryPoint","urlTemplate":"https:\/\/vosgesinfo.fr\/laplainedesvosgesinfo\/?s={search_term_string}"},"query-input":"required name=search_term_string"}],"inLanguage":"fr-FR"},{"@type":"Organization","@id":"https:\/\/vosgesinfo.fr\/laplainedesvosgesinfo\/#organization","name":"La Plaine des Vosges","url":"https:\/\/vosgesinfo.fr\/laplainedesvosgesinfo\/","logo":{"@type":"ImageObject","inLanguage":"fr-FR","@id":"https:\/\/vosgesinfo.fr\/laplainedesvosgesinfo\/#\/schema\/logo\/image\/","url":"https:\/\/vosgesinfo.fr\/app\/uploads\/sites\/2\/2023\/08\/logo-laplaineinfo.svg","contentUrl":"https:\/\/vosgesinfo.fr\/app\/uploads\/sites\/2\/2023\/08\/logo-laplaineinfo.svg","width":1,"height":1,"caption":"La Plaine des Vosges"},"image":{"@id":"https:\/\/vosgesinfo.fr\/laplainedesvosgesinfo\/#\/schema\/logo\/image\/"},"sameAs":["https:\/\/www.facebook.com\/laplainedesvosges","https:\/\/x.com\/VosgesInfo88","https:\/\/www.youtube.com\/@vosgesinfo"]},{"@type":"Person","@id":"https:\/\/vosgesinfo.fr\/laplainedesvosgesinfo\/#\/schema\/person\/bc5d02d71e6932e81b6dadb7386667b1","name":"qs_admin","image":{"@type":"ImageObject","inLanguage":"fr-FR","@id":"https:\/\/vosgesinfo.fr\/laplainedesvosgesinfo\/#\/schema\/person\/image\/","url":"https:\/\/secure.gravatar.com\/avatar\/94b18ee0ed79e4a42ea2f2931277b6841a8999fc6fde214600c78057cf1fe1de?s=96&d=mm&r=g","contentUrl":"https:\/\/secure.gravatar.com\/avatar\/94b18ee0ed79e4a42ea2f2931277b6841a8999fc6fde214600c78057cf1fe1de?s=96&d=mm&r=g","caption":"qs_admin"},"sameAs":["https:\/\/vosgesinfo.fr\/wp"],"url":"https:\/\/vosgesinfo.fr\/laplainedesvosgesinfo\/author\/qs_admin\/"}]}},"_links":{"self":[{"href":"https:\/\/vosgesinfo.fr\/laplainedesvosgesinfo\/wp-json\/wp\/v2\/posts\/19103","targetHints":{"allow":["GET"]}}],"collection":[{"href":"https:\/\/vosgesinfo.fr\/laplainedesvosgesinfo\/wp-json\/wp\/v2\/posts"}],"about":[{"href":"https:\/\/vosgesinfo.fr\/laplainedesvosgesinfo\/wp-json\/wp\/v2\/types\/post"}],"author":[{"embeddable":true,"href":"https:\/\/vosgesinfo.fr\/laplainedesvosgesinfo\/wp-json\/wp\/v2\/users\/1"}],"replies":[{"embeddable":true,"href":"https:\/\/vosgesinfo.fr\/laplainedesvosgesinfo\/wp-json\/wp\/v2\/comments?post=19103"}],"version-history":[{"count":0,"href":"https:\/\/vosgesinfo.fr\/laplainedesvosgesinfo\/wp-json\/wp\/v2\/posts\/19103\/revisions"}],"wp:featuredmedia":[{"embeddable":true,"href":"https:\/\/vosgesinfo.fr\/laplainedesvosgesinfo\/wp-json\/wp\/v2\/media\/19104"}],"wp:attachment":[{"href":"https:\/\/vosgesinfo.fr\/laplainedesvosgesinfo\/wp-json\/wp\/v2\/media?parent=19103"}],"wp:term":[{"taxonomy":"category","embeddable":true,"href":"https:\/\/vosgesinfo.fr\/laplainedesvosgesinfo\/wp-json\/wp\/v2\/categories?post=19103"},{"taxonomy":"post_tag","embeddable":true,"href":"https:\/\/vosgesinfo.fr\/laplainedesvosgesinfo\/wp-json\/wp\/v2\/tags?post=19103"}],"curies":[{"name":"wp","href":"https:\/\/api.w.org\/{rel}","templated":true}]}}