{"id":19107,"date":"2021-05-27T14:51:07","date_gmt":"2021-05-27T12:51:07","guid":{"rendered":"https:\/\/vosgesinfo.fr\/laplainedesvosgesinfo\/2021\/05\/contrexeville-la-mairie-recherche-des-assesseurs-pour-les-elections-des-20-et-27-juin-2021\/"},"modified":"2021-05-27T14:51:07","modified_gmt":"2021-05-27T12:51:07","slug":"contrexeville-la-mairie-recherche-des-assesseurs-pour-les-elections-des-20-et-27-juin-2021","status":"publish","type":"post","link":"https:\/\/vosgesinfo.fr\/laplainedesvosgesinfo\/2021\/05\/contrexeville-la-mairie-recherche-des-assesseurs-pour-les-elections-des-20-et-27-juin-2021\/","title":{"rendered":"Contrex\u00e9ville- La mairie recherche des assesseurs pour les \u00e9lections des 20 et 27 juin 2021"},"content":{"rendered":"<p><a href=\"\/2021\/05\/assesseur.jpg\"><img decoding=\"async\" class=\"alignnone size-full wp-image-120669\" src=\"\/2021\/05\/assesseur.jpg\" alt=\"assesseur\" width=\"337\" height=\"175\" \/><\/a><\/p>\n<p>(photo d&rsquo;illustration)<\/p>\n<p>En vue des scrutins d\u00e9partementaux et r\u00e9gionaux, pr\u00e9vus les 20 et 27 juin 2021, la commune de CONTREXEVILLE lance un appel \u00e0 volontaires aupr\u00e8s des \u00e9lecteurs inscrits sur la liste \u00e9lectorale de la commune pour devenir assesseurs et participer \u00e0 la tenue des bureaux de vote.<\/p>\n<p>La commune dispose de 4 bureaux de vote, situ\u00e9s pour ces scrutins salle Georges BRASSENS de l\u2019espace Andr\u00e9e CHEDID.<\/p>\n<p><span style=\"text-decoration: underline;\">R\u00f4le et missions d\u2019un assesseur :<\/span> Plac\u00e9 sous la responsabilit\u00e9 du Pr\u00e9sident du bureau de vote, l\u2019assesseur participe au bon d\u00e9roulement des op\u00e9rations \u00e9lectorales et signe le proc\u00e8s verbal.<\/p>\n<p>&#8211; Il proc\u00e8de au contr\u00f4le de l\u2019identit\u00e9 de l\u2019\u00e9lecteur et v\u00e9rifie que l\u2019\u00e9lecteur est bien inscrit dans son bureau de vote<\/p>\n<p>&#8211; Il g\u00e8re le flux des \u00e9lecteurs dans le bureau de vote<\/p>\n<p>&#8211; Il fait signer l\u2019\u00e9lecteur sur la liste d\u2019\u00e9margement apr\u00e8s accord du Pr\u00e9sident du bureau<\/p>\n<p>&#8211; Il porte la date du scrutin sur la carte d\u2019\u00e9lecteur.<\/p>\n<p>Si vous \u00eates int\u00e9ress\u00e9 (e), merci de contacter le service \u00e9lections au 03.29.08.84.23 ou isabelle.mermet@contrexeville.fr avant le vendredi 11 juin.<\/p>\n","protected":false},"excerpt":{"rendered":"<p>(photo d&rsquo;illustration) En vue des scrutins d\u00e9partementaux et r\u00e9gionaux, pr\u00e9vus les 20 et 27 juin 2021, la commune de CONTREXEVILLE [&hellip;]<\/p>\n","protected":false},"author":1,"featured_media":19108,"comment_status":"open","ping_status":"open","sticky":false,"template":"","format":"standard","meta":{"footnotes":""},"categories":[29,79,6064,37],"tags":[177,2191],"class_list":["post-19107","post","type-post","status-publish","format-standard","has-post-thumbnail","hentry","category-a-la-une","category-contrexeville-la-plaine","category-elections-departementales","category-la-plaine","tag-contrexeville","tag-elections-departementales"],"acf":[],"yoast_head":"<!-- This site is optimized with the Yoast SEO plugin v22.5 - https:\/\/yoast.com\/wordpress\/plugins\/seo\/ -->\n<title>Contrex\u00e9ville- La mairie recherche des assesseurs pour les \u00e9lections des 20 et 27 juin 2021 - La Plaine des Vosges<\/title>\n<meta name=\"robots\" content=\"index, follow, max-snippet:-1, max-image-preview:large, max-video-preview:-1\" \/>\n<link rel=\"canonical\" href=\"https:\/\/vosgesinfo.fr\/laplainedesvosgesinfo\/2021\/05\/contrexeville-la-mairie-recherche-des-assesseurs-pour-les-elections-des-20-et-27-juin-2021\/\" \/>\n<meta name=\"twitter:card\" content=\"summary_large_image\" \/>\n<meta name=\"twitter:title\" content=\"Contrex\u00e9ville- La mairie recherche des assesseurs pour les \u00e9lections des 20 et 27 juin 2021 - La Plaine des Vosges\" \/>\n<meta name=\"twitter:description\" content=\"(photo d&rsquo;illustration) En vue des scrutins d\u00e9partementaux et r\u00e9gionaux, pr\u00e9vus les 20 et 27 juin 2021, la commune de CONTREXEVILLE [&hellip;]\" \/>\n<meta name=\"twitter:image\" content=\"https:\/\/vosgesinfo.fr\/app\/uploads\/sites\/2\/2024\/07\/202105assesseur.jpg\" \/>\n<meta name=\"twitter:creator\" content=\"@VosgesInfo88\" \/>\n<meta name=\"twitter:site\" content=\"@VosgesInfo88\" \/>\n<meta name=\"twitter:label1\" content=\"\u00c9crit par\" \/>\n\t<meta name=\"twitter:data1\" content=\"qs_admin\" \/>\n\t<meta name=\"twitter:label2\" content=\"Dur\u00e9e de lecture estim\u00e9e\" \/>\n\t<meta name=\"twitter:data2\" content=\"1 minute\" \/>\n<script type=\"application\/ld+json\" class=\"yoast-schema-graph\">{\"@context\":\"https:\/\/schema.org\",\"@graph\":[{\"@type\":\"Article\",\"@id\":\"https:\/\/vosgesinfo.fr\/laplainedesvosgesinfo\/2021\/05\/contrexeville-la-mairie-recherche-des-assesseurs-pour-les-elections-des-20-et-27-juin-2021\/#article\",\"isPartOf\":{\"@id\":\"https:\/\/vosgesinfo.fr\/laplainedesvosgesinfo\/2021\/05\/contrexeville-la-mairie-recherche-des-assesseurs-pour-les-elections-des-20-et-27-juin-2021\/\"},\"author\":{\"name\":\"qs_admin\",\"@id\":\"https:\/\/vosgesinfo.fr\/laplainedesvosgesinfo\/#\/schema\/person\/bc5d02d71e6932e81b6dadb7386667b1\"},\"headline\":\"Contrex\u00e9ville- La mairie recherche des assesseurs pour les \u00e9lections des 20 et 27 juin 2021\",\"datePublished\":\"2021-05-27T12:51:07+00:00\",\"dateModified\":\"2021-05-27T12:51:07+00:00\",\"mainEntityOfPage\":{\"@id\":\"https:\/\/vosgesinfo.fr\/laplainedesvosgesinfo\/2021\/05\/contrexeville-la-mairie-recherche-des-assesseurs-pour-les-elections-des-20-et-27-juin-2021\/\"},\"wordCount\":210,\"commentCount\":0,\"publisher\":{\"@id\":\"https:\/\/vosgesinfo.fr\/laplainedesvosgesinfo\/#organization\"},\"image\":{\"@id\":\"https:\/\/vosgesinfo.fr\/laplainedesvosgesinfo\/2021\/05\/contrexeville-la-mairie-recherche-des-assesseurs-pour-les-elections-des-20-et-27-juin-2021\/#primaryimage\"},\"thumbnailUrl\":\"https:\/\/vosgesinfo.fr\/app\/uploads\/sites\/2\/2024\/07\/202105assesseur.jpg\",\"keywords\":[\"Contrex\u00e9ville\",\"\u00e9lections d\u00e9partementales\"],\"articleSection\":[\"A la Une\",\"Contrex\u00e9ville\",\"Elections d\u00e9partementales\",\"La Plaine\"],\"inLanguage\":\"fr-FR\",\"potentialAction\":[{\"@type\":\"CommentAction\",\"name\":\"Comment\",\"target\":[\"https:\/\/vosgesinfo.fr\/laplainedesvosgesinfo\/2021\/05\/contrexeville-la-mairie-recherche-des-assesseurs-pour-les-elections-des-20-et-27-juin-2021\/#respond\"]}]},{\"@type\":\"WebPage\",\"@id\":\"https:\/\/vosgesinfo.fr\/laplainedesvosgesinfo\/2021\/05\/contrexeville-la-mairie-recherche-des-assesseurs-pour-les-elections-des-20-et-27-juin-2021\/\",\"url\":\"https:\/\/vosgesinfo.fr\/laplainedesvosgesinfo\/2021\/05\/contrexeville-la-mairie-recherche-des-assesseurs-pour-les-elections-des-20-et-27-juin-2021\/\",\"name\":\"Contrex\u00e9ville- La mairie recherche des assesseurs pour les \u00e9lections des 20 et 27 juin 2021 - La Plaine des Vosges\",\"isPartOf\":{\"@id\":\"https:\/\/vosgesinfo.fr\/laplainedesvosgesinfo\/#website\"},\"primaryImageOfPage\":{\"@id\":\"https:\/\/vosgesinfo.fr\/laplainedesvosgesinfo\/2021\/05\/contrexeville-la-mairie-recherche-des-assesseurs-pour-les-elections-des-20-et-27-juin-2021\/#primaryimage\"},\"image\":{\"@id\":\"https:\/\/vosgesinfo.fr\/laplainedesvosgesinfo\/2021\/05\/contrexeville-la-mairie-recherche-des-assesseurs-pour-les-elections-des-20-et-27-juin-2021\/#primaryimage\"},\"thumbnailUrl\":\"https:\/\/vosgesinfo.fr\/app\/uploads\/sites\/2\/2024\/07\/202105assesseur.jpg\",\"datePublished\":\"2021-05-27T12:51:07+00:00\",\"dateModified\":\"2021-05-27T12:51:07+00:00\",\"breadcrumb\":{\"@id\":\"https:\/\/vosgesinfo.fr\/laplainedesvosgesinfo\/2021\/05\/contrexeville-la-mairie-recherche-des-assesseurs-pour-les-elections-des-20-et-27-juin-2021\/#breadcrumb\"},\"inLanguage\":\"fr-FR\",\"potentialAction\":[{\"@type\":\"ReadAction\",\"target\":[\"https:\/\/vosgesinfo.fr\/laplainedesvosgesinfo\/2021\/05\/contrexeville-la-mairie-recherche-des-assesseurs-pour-les-elections-des-20-et-27-juin-2021\/\"]}]},{\"@type\":\"ImageObject\",\"inLanguage\":\"fr-FR\",\"@id\":\"https:\/\/vosgesinfo.fr\/laplainedesvosgesinfo\/2021\/05\/contrexeville-la-mairie-recherche-des-assesseurs-pour-les-elections-des-20-et-27-juin-2021\/#primaryimage\",\"url\":\"https:\/\/vosgesinfo.fr\/app\/uploads\/sites\/2\/2024\/07\/202105assesseur.jpg\",\"contentUrl\":\"https:\/\/vosgesinfo.fr\/app\/uploads\/sites\/2\/2024\/07\/202105assesseur.jpg\",\"width\":337,\"height\":175},{\"@type\":\"BreadcrumbList\",\"@id\":\"https:\/\/vosgesinfo.fr\/laplainedesvosgesinfo\/2021\/05\/contrexeville-la-mairie-recherche-des-assesseurs-pour-les-elections-des-20-et-27-juin-2021\/#breadcrumb\",\"itemListElement\":[{\"@type\":\"ListItem\",\"position\":1,\"name\":\"Home\",\"item\":\"https:\/\/vosgesinfo.fr\/laplainedesvosgesinfo\/\"},{\"@type\":\"ListItem\",\"position\":2,\"name\":\"Contrex\u00e9ville- La mairie recherche des assesseurs pour les \u00e9lections des 20 et 27 juin 2021\"}]},{\"@type\":\"WebSite\",\"@id\":\"https:\/\/vosgesinfo.fr\/laplainedesvosgesinfo\/#website\",\"url\":\"https:\/\/vosgesinfo.fr\/laplainedesvosgesinfo\/\",\"name\":\"La Plaine des Vosges\",\"description\":\"Toute l&#039;actualit\u00e9 de la plaine de Vosges\",\"publisher\":{\"@id\":\"https:\/\/vosgesinfo.fr\/laplainedesvosgesinfo\/#organization\"},\"alternateName\":\"Toute l'actualit\u00e9 de la plaine des Vosges\",\"potentialAction\":[{\"@type\":\"SearchAction\",\"target\":{\"@type\":\"EntryPoint\",\"urlTemplate\":\"https:\/\/vosgesinfo.fr\/laplainedesvosgesinfo\/?s={search_term_string}\"},\"query-input\":\"required name=search_term_string\"}],\"inLanguage\":\"fr-FR\"},{\"@type\":\"Organization\",\"@id\":\"https:\/\/vosgesinfo.fr\/laplainedesvosgesinfo\/#organization\",\"name\":\"La Plaine des Vosges\",\"url\":\"https:\/\/vosgesinfo.fr\/laplainedesvosgesinfo\/\",\"logo\":{\"@type\":\"ImageObject\",\"inLanguage\":\"fr-FR\",\"@id\":\"https:\/\/vosgesinfo.fr\/laplainedesvosgesinfo\/#\/schema\/logo\/image\/\",\"url\":\"https:\/\/vosgesinfo.fr\/app\/uploads\/sites\/2\/2023\/08\/logo-laplaineinfo.svg\",\"contentUrl\":\"https:\/\/vosgesinfo.fr\/app\/uploads\/sites\/2\/2023\/08\/logo-laplaineinfo.svg\",\"width\":1,\"height\":1,\"caption\":\"La Plaine des Vosges\"},\"image\":{\"@id\":\"https:\/\/vosgesinfo.fr\/laplainedesvosgesinfo\/#\/schema\/logo\/image\/\"},\"sameAs\":[\"https:\/\/www.facebook.com\/laplainedesvosges\",\"https:\/\/x.com\/VosgesInfo88\",\"https:\/\/www.youtube.com\/@vosgesinfo\"]},{\"@type\":\"Person\",\"@id\":\"https:\/\/vosgesinfo.fr\/laplainedesvosgesinfo\/#\/schema\/person\/bc5d02d71e6932e81b6dadb7386667b1\",\"name\":\"qs_admin\",\"image\":{\"@type\":\"ImageObject\",\"inLanguage\":\"fr-FR\",\"@id\":\"https:\/\/vosgesinfo.fr\/laplainedesvosgesinfo\/#\/schema\/person\/image\/\",\"url\":\"https:\/\/secure.gravatar.com\/avatar\/94b18ee0ed79e4a42ea2f2931277b6841a8999fc6fde214600c78057cf1fe1de?s=96&d=mm&r=g\",\"contentUrl\":\"https:\/\/secure.gravatar.com\/avatar\/94b18ee0ed79e4a42ea2f2931277b6841a8999fc6fde214600c78057cf1fe1de?s=96&d=mm&r=g\",\"caption\":\"qs_admin\"},\"sameAs\":[\"https:\/\/vosgesinfo.fr\/wp\"],\"url\":\"https:\/\/vosgesinfo.fr\/laplainedesvosgesinfo\/author\/qs_admin\/\"}]}<\/script>\n<!-- \/ Yoast SEO plugin. -->","yoast_head_json":{"title":"Contrex\u00e9ville- La mairie recherche des assesseurs pour les \u00e9lections des 20 et 27 juin 2021 - La Plaine des Vosges","robots":{"index":"index","follow":"follow","max-snippet":"max-snippet:-1","max-image-preview":"max-image-preview:large","max-video-preview":"max-video-preview:-1"},"canonical":"https:\/\/vosgesinfo.fr\/laplainedesvosgesinfo\/2021\/05\/contrexeville-la-mairie-recherche-des-assesseurs-pour-les-elections-des-20-et-27-juin-2021\/","twitter_card":"summary_large_image","twitter_title":"Contrex\u00e9ville- La mairie recherche des assesseurs pour les \u00e9lections des 20 et 27 juin 2021 - La Plaine des Vosges","twitter_description":"(photo d&rsquo;illustration) En vue des scrutins d\u00e9partementaux et r\u00e9gionaux, pr\u00e9vus les 20 et 27 juin 2021, la commune de CONTREXEVILLE [&hellip;]","twitter_image":"https:\/\/vosgesinfo.fr\/app\/uploads\/sites\/2\/2024\/07\/202105assesseur.jpg","twitter_creator":"@VosgesInfo88","twitter_site":"@VosgesInfo88","twitter_misc":{"\u00c9crit par":"qs_admin","Dur\u00e9e de lecture estim\u00e9e":"1 minute"},"schema":{"@context":"https:\/\/schema.org","@graph":[{"@type":"Article","@id":"https:\/\/vosgesinfo.fr\/laplainedesvosgesinfo\/2021\/05\/contrexeville-la-mairie-recherche-des-assesseurs-pour-les-elections-des-20-et-27-juin-2021\/#article","isPartOf":{"@id":"https:\/\/vosgesinfo.fr\/laplainedesvosgesinfo\/2021\/05\/contrexeville-la-mairie-recherche-des-assesseurs-pour-les-elections-des-20-et-27-juin-2021\/"},"author":{"name":"qs_admin","@id":"https:\/\/vosgesinfo.fr\/laplainedesvosgesinfo\/#\/schema\/person\/bc5d02d71e6932e81b6dadb7386667b1"},"headline":"Contrex\u00e9ville- La mairie recherche des assesseurs pour les \u00e9lections des 20 et 27 juin 2021","datePublished":"2021-05-27T12:51:07+00:00","dateModified":"2021-05-27T12:51:07+00:00","mainEntityOfPage":{"@id":"https:\/\/vosgesinfo.fr\/laplainedesvosgesinfo\/2021\/05\/contrexeville-la-mairie-recherche-des-assesseurs-pour-les-elections-des-20-et-27-juin-2021\/"},"wordCount":210,"commentCount":0,"publisher":{"@id":"https:\/\/vosgesinfo.fr\/laplainedesvosgesinfo\/#organization"},"image":{"@id":"https:\/\/vosgesinfo.fr\/laplainedesvosgesinfo\/2021\/05\/contrexeville-la-mairie-recherche-des-assesseurs-pour-les-elections-des-20-et-27-juin-2021\/#primaryimage"},"thumbnailUrl":"https:\/\/vosgesinfo.fr\/app\/uploads\/sites\/2\/2024\/07\/202105assesseur.jpg","keywords":["Contrex\u00e9ville","\u00e9lections d\u00e9partementales"],"articleSection":["A la Une","Contrex\u00e9ville","Elections d\u00e9partementales","La Plaine"],"inLanguage":"fr-FR","potentialAction":[{"@type":"CommentAction","name":"Comment","target":["https:\/\/vosgesinfo.fr\/laplainedesvosgesinfo\/2021\/05\/contrexeville-la-mairie-recherche-des-assesseurs-pour-les-elections-des-20-et-27-juin-2021\/#respond"]}]},{"@type":"WebPage","@id":"https:\/\/vosgesinfo.fr\/laplainedesvosgesinfo\/2021\/05\/contrexeville-la-mairie-recherche-des-assesseurs-pour-les-elections-des-20-et-27-juin-2021\/","url":"https:\/\/vosgesinfo.fr\/laplainedesvosgesinfo\/2021\/05\/contrexeville-la-mairie-recherche-des-assesseurs-pour-les-elections-des-20-et-27-juin-2021\/","name":"Contrex\u00e9ville- La mairie recherche des assesseurs pour les \u00e9lections des 20 et 27 juin 2021 - La Plaine des Vosges","isPartOf":{"@id":"https:\/\/vosgesinfo.fr\/laplainedesvosgesinfo\/#website"},"primaryImageOfPage":{"@id":"https:\/\/vosgesinfo.fr\/laplainedesvosgesinfo\/2021\/05\/contrexeville-la-mairie-recherche-des-assesseurs-pour-les-elections-des-20-et-27-juin-2021\/#primaryimage"},"image":{"@id":"https:\/\/vosgesinfo.fr\/laplainedesvosgesinfo\/2021\/05\/contrexeville-la-mairie-recherche-des-assesseurs-pour-les-elections-des-20-et-27-juin-2021\/#primaryimage"},"thumbnailUrl":"https:\/\/vosgesinfo.fr\/app\/uploads\/sites\/2\/2024\/07\/202105assesseur.jpg","datePublished":"2021-05-27T12:51:07+00:00","dateModified":"2021-05-27T12:51:07+00:00","breadcrumb":{"@id":"https:\/\/vosgesinfo.fr\/laplainedesvosgesinfo\/2021\/05\/contrexeville-la-mairie-recherche-des-assesseurs-pour-les-elections-des-20-et-27-juin-2021\/#breadcrumb"},"inLanguage":"fr-FR","potentialAction":[{"@type":"ReadAction","target":["https:\/\/vosgesinfo.fr\/laplainedesvosgesinfo\/2021\/05\/contrexeville-la-mairie-recherche-des-assesseurs-pour-les-elections-des-20-et-27-juin-2021\/"]}]},{"@type":"ImageObject","inLanguage":"fr-FR","@id":"https:\/\/vosgesinfo.fr\/laplainedesvosgesinfo\/2021\/05\/contrexeville-la-mairie-recherche-des-assesseurs-pour-les-elections-des-20-et-27-juin-2021\/#primaryimage","url":"https:\/\/vosgesinfo.fr\/app\/uploads\/sites\/2\/2024\/07\/202105assesseur.jpg","contentUrl":"https:\/\/vosgesinfo.fr\/app\/uploads\/sites\/2\/2024\/07\/202105assesseur.jpg","width":337,"height":175},{"@type":"BreadcrumbList","@id":"https:\/\/vosgesinfo.fr\/laplainedesvosgesinfo\/2021\/05\/contrexeville-la-mairie-recherche-des-assesseurs-pour-les-elections-des-20-et-27-juin-2021\/#breadcrumb","itemListElement":[{"@type":"ListItem","position":1,"name":"Home","item":"https:\/\/vosgesinfo.fr\/laplainedesvosgesinfo\/"},{"@type":"ListItem","position":2,"name":"Contrex\u00e9ville- La mairie recherche des assesseurs pour les \u00e9lections des 20 et 27 juin 2021"}]},{"@type":"WebSite","@id":"https:\/\/vosgesinfo.fr\/laplainedesvosgesinfo\/#website","url":"https:\/\/vosgesinfo.fr\/laplainedesvosgesinfo\/","name":"La Plaine des Vosges","description":"Toute l&#039;actualit\u00e9 de la plaine de Vosges","publisher":{"@id":"https:\/\/vosgesinfo.fr\/laplainedesvosgesinfo\/#organization"},"alternateName":"Toute l'actualit\u00e9 de la plaine des Vosges","potentialAction":[{"@type":"SearchAction","target":{"@type":"EntryPoint","urlTemplate":"https:\/\/vosgesinfo.fr\/laplainedesvosgesinfo\/?s={search_term_string}"},"query-input":"required name=search_term_string"}],"inLanguage":"fr-FR"},{"@type":"Organization","@id":"https:\/\/vosgesinfo.fr\/laplainedesvosgesinfo\/#organization","name":"La Plaine des Vosges","url":"https:\/\/vosgesinfo.fr\/laplainedesvosgesinfo\/","logo":{"@type":"ImageObject","inLanguage":"fr-FR","@id":"https:\/\/vosgesinfo.fr\/laplainedesvosgesinfo\/#\/schema\/logo\/image\/","url":"https:\/\/vosgesinfo.fr\/app\/uploads\/sites\/2\/2023\/08\/logo-laplaineinfo.svg","contentUrl":"https:\/\/vosgesinfo.fr\/app\/uploads\/sites\/2\/2023\/08\/logo-laplaineinfo.svg","width":1,"height":1,"caption":"La Plaine des Vosges"},"image":{"@id":"https:\/\/vosgesinfo.fr\/laplainedesvosgesinfo\/#\/schema\/logo\/image\/"},"sameAs":["https:\/\/www.facebook.com\/laplainedesvosges","https:\/\/x.com\/VosgesInfo88","https:\/\/www.youtube.com\/@vosgesinfo"]},{"@type":"Person","@id":"https:\/\/vosgesinfo.fr\/laplainedesvosgesinfo\/#\/schema\/person\/bc5d02d71e6932e81b6dadb7386667b1","name":"qs_admin","image":{"@type":"ImageObject","inLanguage":"fr-FR","@id":"https:\/\/vosgesinfo.fr\/laplainedesvosgesinfo\/#\/schema\/person\/image\/","url":"https:\/\/secure.gravatar.com\/avatar\/94b18ee0ed79e4a42ea2f2931277b6841a8999fc6fde214600c78057cf1fe1de?s=96&d=mm&r=g","contentUrl":"https:\/\/secure.gravatar.com\/avatar\/94b18ee0ed79e4a42ea2f2931277b6841a8999fc6fde214600c78057cf1fe1de?s=96&d=mm&r=g","caption":"qs_admin"},"sameAs":["https:\/\/vosgesinfo.fr\/wp"],"url":"https:\/\/vosgesinfo.fr\/laplainedesvosgesinfo\/author\/qs_admin\/"}]}},"_links":{"self":[{"href":"https:\/\/vosgesinfo.fr\/laplainedesvosgesinfo\/wp-json\/wp\/v2\/posts\/19107","targetHints":{"allow":["GET"]}}],"collection":[{"href":"https:\/\/vosgesinfo.fr\/laplainedesvosgesinfo\/wp-json\/wp\/v2\/posts"}],"about":[{"href":"https:\/\/vosgesinfo.fr\/laplainedesvosgesinfo\/wp-json\/wp\/v2\/types\/post"}],"author":[{"embeddable":true,"href":"https:\/\/vosgesinfo.fr\/laplainedesvosgesinfo\/wp-json\/wp\/v2\/users\/1"}],"replies":[{"embeddable":true,"href":"https:\/\/vosgesinfo.fr\/laplainedesvosgesinfo\/wp-json\/wp\/v2\/comments?post=19107"}],"version-history":[{"count":0,"href":"https:\/\/vosgesinfo.fr\/laplainedesvosgesinfo\/wp-json\/wp\/v2\/posts\/19107\/revisions"}],"wp:featuredmedia":[{"embeddable":true,"href":"https:\/\/vosgesinfo.fr\/laplainedesvosgesinfo\/wp-json\/wp\/v2\/media\/19108"}],"wp:attachment":[{"href":"https:\/\/vosgesinfo.fr\/laplainedesvosgesinfo\/wp-json\/wp\/v2\/media?parent=19107"}],"wp:term":[{"taxonomy":"category","embeddable":true,"href":"https:\/\/vosgesinfo.fr\/laplainedesvosgesinfo\/wp-json\/wp\/v2\/categories?post=19107"},{"taxonomy":"post_tag","embeddable":true,"href":"https:\/\/vosgesinfo.fr\/laplainedesvosgesinfo\/wp-json\/wp\/v2\/tags?post=19107"}],"curies":[{"name":"wp","href":"https:\/\/api.w.org\/{rel}","templated":true}]}}