{"id":19109,"date":"2021-05-27T15:28:26","date_gmt":"2021-05-27T13:28:26","guid":{"rendered":"https:\/\/vosgesinfo.fr\/laplainedesvosgesinfo\/2021\/05\/contrexeville-lancement-de-la-saison-des-marches-du-terroir\/"},"modified":"2021-05-27T15:28:26","modified_gmt":"2021-05-27T13:28:26","slug":"contrexeville-lancement-de-la-saison-des-marches-du-terroir","status":"publish","type":"post","link":"https:\/\/vosgesinfo.fr\/laplainedesvosgesinfo\/2021\/05\/contrexeville-lancement-de-la-saison-des-marches-du-terroir\/","title":{"rendered":"Contrex\u00e9ville- lancement de la saison des march\u00e9s du terroir"},"content":{"rendered":"<p><a href=\"\/2021\/05\/march\u00e9-contrex.jpg\"><img decoding=\"async\" class=\"alignnone size-medium wp-image-120672\" src=\"\/2021\/05\/march\u00e9-contrex-340x255.jpg\" alt=\"march\u00e9 contrex\" width=\"340\" height=\"255\" \/><\/a><\/p>\n<p><span id=\"p0\">Ce vendredi 28 mai marque le lancement de la nouvelle saison des march\u00e9s du terroir et de l\u2019artisanat\u00a0<span id=\"31\" class=\"s-rg-t\">de<\/span><\/span><br \/>\n<span id=\"p1\">Contrex\u00e9ville.<\/span><br \/>\n<span id=\"p57\">\u00c0 cette occasion, de nombreux artisans et producteurs seront pr\u00e9sents.<\/span><br \/>\n<em><strong><span id=\"p3\">Artisans :<\/span><\/strong><\/em><br \/>\n<span id=\"p58\">Stylos, couteaux, bijoux de lithoth\u00e9rapie, pyrogravure, boites \u00e0 dents, bougeoirs, porte-cl\u00e9s de\u00a0<span id=\"60\" class=\"s-or-t\">Au<\/span>\u00a0tour<\/span><br \/>\n<span id=\"p5\"><span id=\"52\" class=\"s-rg-t\">d<\/span>\u2019Aline<\/span><br \/>\n<span id=\"p6\">Bijoux en bois, LM Bijoux<\/span><br \/>\n<span id=\"p7\">Mugs, porte-cl\u00e9s, marques pages en p\u00e2te\u00a0<span id=\"53\" class=\"s-rg-t\">FIMO<\/span>\u00a0de\u00a0<span id=\"54\" class=\"s-rg-t\">Fimo<\/span>\u00a0R\u00e9 Lie<\/span><br \/>\n<span id=\"p9\">D\u00e9coration en macram\u00e9 et bijoux en macram\u00e9 de\u00a0<span id=\"56\" class=\"s-rg-t\">Salomette<\/span>\u00a0les Petites Mains\u00a0<span id=\"p61\">(la Bresse)<\/span><\/span><br \/>\n<span id=\"p10\">Bijoux aluminium, verre et cristal de Lucie Fer Bijoux<\/span><br \/>\n<em><strong><span id=\"p11\">Producteurs :<\/span><\/strong><\/em><br \/>\n<span id=\"p12\"><span id=\"32\" class=\"s-or-t\">Vin<\/span>\u00a0bleu et vin gris des Producteurs R\u00e9unis du Coteau du Montfort<\/span><br \/>\n<span id=\"p13\">Escargots et tourtes du Clos de l\u2019Aulne<\/span><br \/>\n<span id=\"p14\">Yaourts, cr\u00e8me, formage bio de\u00a0<span id=\"33\" class=\"s-or-t\">La<\/span>\u00a0ferme de Mayval<\/span><br \/>\n<span id=\"p15\">Saucissons et terrine de bison de\u00a0<span id=\"34\" class=\"s-or-t\">La<\/span>\u00a0ferme aux bisons<\/span><br \/>\n<span id=\"p16\">P\u00e2te \u00e0 tartiner, graines de gingembre, arachides, Moringa de\u00a0<span id=\"35\" class=\"s-rg-t\">Senio<\/span>\u00a0<span id=\"36\" class=\"s-rg-t\">Enouabi<\/span><\/span><br \/>\n<span id=\"p17\">Miel de l\u2019Abeille\u00a0<span id=\"37\" class=\"s-rg-t\">Arcquoise<\/span><\/span><br \/>\n<span id=\"p18\">L\u00e9gumes, fruits de l\u2019association l\u2019Escale<\/span><br \/>\n<span id=\"p19\">Spiruline et tablettes chocolat \u00e0 la spiruline de\u00a0<span id=\"38\" class=\"s-rg-t\">Spiragri<\/span><\/span><br \/>\n<span id=\"p20\">Confitures, soupes, coulis,\u00a0<span id=\"40\" class=\"s-rg-t\">chutneys<\/span>, vinaigre, huile ail des ours, sels\u00a0aromatis\u00e9s\u00a0de l\u2019atelier des champs<\/span><br \/>\n<span id=\"p21\">Fruits et l\u00e9gumes des Jardins du\u00a0<span id=\"42\" class=\"s-rg-t\">Pervis<\/span><\/span><br \/>\n<span id=\"p62\">Le rendez-vous est donn\u00e9 vendredi \u00e0 15 heures, sous la galerie thermale pour d\u00e9couvrir tous ces produits locaux\u00a0<\/span><span id=\"p23\"><span id=\"45\" class=\"s-rg-t\">et<\/span>\u00a0r\u00e9gionaux, mettant en avant le savoir-faire de ces producteurs et artisans.<\/span><\/p>\n<p><span id=\"p23\">Cette ann\u00e9e, les march\u00e9s se tiendront les vendredis 28 mai, 25 juin, 30 juillet, 27 ao\u00fbt et 24 septembre d\u00e8s 16h, sous la galerie thermale. (NDLD : le march\u00e9 du 28 mai d\u00e9butera \u00e0 15 heures en raison des mesures sanitaires actuelles). A compter de juin, les march\u00e9s seront suivis des concerts organis\u00e9s dans le cadre des Rdv chez Stan \u00e0 partir de 20 h 30.<\/span><\/p>\n<p><span id=\"p64\">\u00c0 noter qu\u2019il est possible de s\u2019inscrire tout au long de la saison pour vendre sur les march\u00e9s.<\/span><span id=\"p25\">\u00a0Pour cela, il\u00a0<\/span><span id=\"p26\"><span id=\"47\" class=\"s-ve-t\">suffit<\/span>\u00a0<span id=\"48\" class=\"s-rg-t\">de<\/span>\u00a0se rendre sur le site de la ville, dans la rubrique \u00ab sortir \u00bb ou de prendre contact avec le service:<\/span><br \/>\n<span id=\"p27\">Manifestations vie associative au 03 29 08 81 91 ou via\u00a0<span id=\"49\" class=\"s-or-t\">communication@contrexeville<\/span>.<\/span><span id=\"p28\"><span id=\"50\">fr<\/span><\/span><\/p>\n","protected":false},"excerpt":{"rendered":"<p>Ce vendredi 28 mai marque le lancement de la nouvelle saison des march\u00e9s du terroir et de l\u2019artisanat\u00a0de Contrex\u00e9ville. \u00c0 [&hellip;]<\/p>\n","protected":false},"author":1,"featured_media":19110,"comment_status":"open","ping_status":"open","sticky":false,"template":"","format":"standard","meta":{"footnotes":""},"categories":[29,79,37],"tags":[177,6120],"class_list":["post-19109","post","type-post","status-publish","format-standard","has-post-thumbnail","hentry","category-a-la-une","category-contrexeville-la-plaine","category-la-plaine","tag-contrexeville","tag-marche-du-terroir"],"acf":[],"yoast_head":"<!-- This site is optimized with the Yoast SEO plugin v22.5 - https:\/\/yoast.com\/wordpress\/plugins\/seo\/ -->\n<title>Contrex\u00e9ville- lancement de la saison des march\u00e9s du terroir - La Plaine des Vosges<\/title>\n<meta name=\"robots\" content=\"index, follow, max-snippet:-1, max-image-preview:large, max-video-preview:-1\" \/>\n<link rel=\"canonical\" href=\"https:\/\/vosgesinfo.fr\/laplainedesvosgesinfo\/2021\/05\/contrexeville-lancement-de-la-saison-des-marches-du-terroir\/\" \/>\n<meta name=\"twitter:card\" content=\"summary_large_image\" \/>\n<meta name=\"twitter:title\" content=\"Contrex\u00e9ville- lancement de la saison des march\u00e9s du terroir - La Plaine des Vosges\" \/>\n<meta name=\"twitter:description\" content=\"Ce vendredi 28 mai marque le lancement de la nouvelle saison des march\u00e9s du terroir et de l\u2019artisanat\u00a0de Contrex\u00e9ville. \u00c0 [&hellip;]\" \/>\n<meta name=\"twitter:image\" content=\"https:\/\/vosgesinfo.fr\/app\/uploads\/sites\/2\/2024\/07\/202105marche-contrex.jpg\" \/>\n<meta name=\"twitter:creator\" content=\"@VosgesInfo88\" \/>\n<meta name=\"twitter:site\" content=\"@VosgesInfo88\" \/>\n<meta name=\"twitter:label1\" content=\"\u00c9crit par\" \/>\n\t<meta name=\"twitter:data1\" content=\"qs_admin\" \/>\n\t<meta name=\"twitter:label2\" content=\"Dur\u00e9e de lecture estim\u00e9e\" \/>\n\t<meta name=\"twitter:data2\" content=\"2 minutes\" \/>\n<script type=\"application\/ld+json\" class=\"yoast-schema-graph\">{\"@context\":\"https:\/\/schema.org\",\"@graph\":[{\"@type\":\"Article\",\"@id\":\"https:\/\/vosgesinfo.fr\/laplainedesvosgesinfo\/2021\/05\/contrexeville-lancement-de-la-saison-des-marches-du-terroir\/#article\",\"isPartOf\":{\"@id\":\"https:\/\/vosgesinfo.fr\/laplainedesvosgesinfo\/2021\/05\/contrexeville-lancement-de-la-saison-des-marches-du-terroir\/\"},\"author\":{\"name\":\"qs_admin\",\"@id\":\"https:\/\/vosgesinfo.fr\/laplainedesvosgesinfo\/#\/schema\/person\/bc5d02d71e6932e81b6dadb7386667b1\"},\"headline\":\"Contrex\u00e9ville- lancement de la saison des march\u00e9s du terroir\",\"datePublished\":\"2021-05-27T13:28:26+00:00\",\"dateModified\":\"2021-05-27T13:28:26+00:00\",\"mainEntityOfPage\":{\"@id\":\"https:\/\/vosgesinfo.fr\/laplainedesvosgesinfo\/2021\/05\/contrexeville-lancement-de-la-saison-des-marches-du-terroir\/\"},\"wordCount\":346,\"commentCount\":0,\"publisher\":{\"@id\":\"https:\/\/vosgesinfo.fr\/laplainedesvosgesinfo\/#organization\"},\"image\":{\"@id\":\"https:\/\/vosgesinfo.fr\/laplainedesvosgesinfo\/2021\/05\/contrexeville-lancement-de-la-saison-des-marches-du-terroir\/#primaryimage\"},\"thumbnailUrl\":\"https:\/\/vosgesinfo.fr\/app\/uploads\/sites\/2\/2024\/07\/202105marche-contrex.jpg\",\"keywords\":[\"Contrex\u00e9ville\",\"March\u00e9 du terroir\"],\"articleSection\":[\"A la Une\",\"Contrex\u00e9ville\",\"La Plaine\"],\"inLanguage\":\"fr-FR\",\"potentialAction\":[{\"@type\":\"CommentAction\",\"name\":\"Comment\",\"target\":[\"https:\/\/vosgesinfo.fr\/laplainedesvosgesinfo\/2021\/05\/contrexeville-lancement-de-la-saison-des-marches-du-terroir\/#respond\"]}]},{\"@type\":\"WebPage\",\"@id\":\"https:\/\/vosgesinfo.fr\/laplainedesvosgesinfo\/2021\/05\/contrexeville-lancement-de-la-saison-des-marches-du-terroir\/\",\"url\":\"https:\/\/vosgesinfo.fr\/laplainedesvosgesinfo\/2021\/05\/contrexeville-lancement-de-la-saison-des-marches-du-terroir\/\",\"name\":\"Contrex\u00e9ville- lancement de la saison des march\u00e9s du terroir - La Plaine des Vosges\",\"isPartOf\":{\"@id\":\"https:\/\/vosgesinfo.fr\/laplainedesvosgesinfo\/#website\"},\"primaryImageOfPage\":{\"@id\":\"https:\/\/vosgesinfo.fr\/laplainedesvosgesinfo\/2021\/05\/contrexeville-lancement-de-la-saison-des-marches-du-terroir\/#primaryimage\"},\"image\":{\"@id\":\"https:\/\/vosgesinfo.fr\/laplainedesvosgesinfo\/2021\/05\/contrexeville-lancement-de-la-saison-des-marches-du-terroir\/#primaryimage\"},\"thumbnailUrl\":\"https:\/\/vosgesinfo.fr\/app\/uploads\/sites\/2\/2024\/07\/202105marche-contrex.jpg\",\"datePublished\":\"2021-05-27T13:28:26+00:00\",\"dateModified\":\"2021-05-27T13:28:26+00:00\",\"breadcrumb\":{\"@id\":\"https:\/\/vosgesinfo.fr\/laplainedesvosgesinfo\/2021\/05\/contrexeville-lancement-de-la-saison-des-marches-du-terroir\/#breadcrumb\"},\"inLanguage\":\"fr-FR\",\"potentialAction\":[{\"@type\":\"ReadAction\",\"target\":[\"https:\/\/vosgesinfo.fr\/laplainedesvosgesinfo\/2021\/05\/contrexeville-lancement-de-la-saison-des-marches-du-terroir\/\"]}]},{\"@type\":\"ImageObject\",\"inLanguage\":\"fr-FR\",\"@id\":\"https:\/\/vosgesinfo.fr\/laplainedesvosgesinfo\/2021\/05\/contrexeville-lancement-de-la-saison-des-marches-du-terroir\/#primaryimage\",\"url\":\"https:\/\/vosgesinfo.fr\/app\/uploads\/sites\/2\/2024\/07\/202105marche-contrex.jpg\",\"contentUrl\":\"https:\/\/vosgesinfo.fr\/app\/uploads\/sites\/2\/2024\/07\/202105marche-contrex.jpg\",\"width\":800,\"height\":600},{\"@type\":\"BreadcrumbList\",\"@id\":\"https:\/\/vosgesinfo.fr\/laplainedesvosgesinfo\/2021\/05\/contrexeville-lancement-de-la-saison-des-marches-du-terroir\/#breadcrumb\",\"itemListElement\":[{\"@type\":\"ListItem\",\"position\":1,\"name\":\"Home\",\"item\":\"https:\/\/vosgesinfo.fr\/laplainedesvosgesinfo\/\"},{\"@type\":\"ListItem\",\"position\":2,\"name\":\"Contrex\u00e9ville- lancement de la saison des march\u00e9s du terroir\"}]},{\"@type\":\"WebSite\",\"@id\":\"https:\/\/vosgesinfo.fr\/laplainedesvosgesinfo\/#website\",\"url\":\"https:\/\/vosgesinfo.fr\/laplainedesvosgesinfo\/\",\"name\":\"La Plaine des Vosges\",\"description\":\"Toute l&#039;actualit\u00e9 de la plaine de Vosges\",\"publisher\":{\"@id\":\"https:\/\/vosgesinfo.fr\/laplainedesvosgesinfo\/#organization\"},\"alternateName\":\"Toute l'actualit\u00e9 de la plaine des Vosges\",\"potentialAction\":[{\"@type\":\"SearchAction\",\"target\":{\"@type\":\"EntryPoint\",\"urlTemplate\":\"https:\/\/vosgesinfo.fr\/laplainedesvosgesinfo\/?s={search_term_string}\"},\"query-input\":\"required name=search_term_string\"}],\"inLanguage\":\"fr-FR\"},{\"@type\":\"Organization\",\"@id\":\"https:\/\/vosgesinfo.fr\/laplainedesvosgesinfo\/#organization\",\"name\":\"La Plaine des Vosges\",\"url\":\"https:\/\/vosgesinfo.fr\/laplainedesvosgesinfo\/\",\"logo\":{\"@type\":\"ImageObject\",\"inLanguage\":\"fr-FR\",\"@id\":\"https:\/\/vosgesinfo.fr\/laplainedesvosgesinfo\/#\/schema\/logo\/image\/\",\"url\":\"https:\/\/vosgesinfo.fr\/app\/uploads\/sites\/2\/2023\/08\/logo-laplaineinfo.svg\",\"contentUrl\":\"https:\/\/vosgesinfo.fr\/app\/uploads\/sites\/2\/2023\/08\/logo-laplaineinfo.svg\",\"width\":1,\"height\":1,\"caption\":\"La Plaine des Vosges\"},\"image\":{\"@id\":\"https:\/\/vosgesinfo.fr\/laplainedesvosgesinfo\/#\/schema\/logo\/image\/\"},\"sameAs\":[\"https:\/\/www.facebook.com\/laplainedesvosges\",\"https:\/\/x.com\/VosgesInfo88\",\"https:\/\/www.youtube.com\/@vosgesinfo\"]},{\"@type\":\"Person\",\"@id\":\"https:\/\/vosgesinfo.fr\/laplainedesvosgesinfo\/#\/schema\/person\/bc5d02d71e6932e81b6dadb7386667b1\",\"name\":\"qs_admin\",\"image\":{\"@type\":\"ImageObject\",\"inLanguage\":\"fr-FR\",\"@id\":\"https:\/\/vosgesinfo.fr\/laplainedesvosgesinfo\/#\/schema\/person\/image\/\",\"url\":\"https:\/\/secure.gravatar.com\/avatar\/94b18ee0ed79e4a42ea2f2931277b6841a8999fc6fde214600c78057cf1fe1de?s=96&d=mm&r=g\",\"contentUrl\":\"https:\/\/secure.gravatar.com\/avatar\/94b18ee0ed79e4a42ea2f2931277b6841a8999fc6fde214600c78057cf1fe1de?s=96&d=mm&r=g\",\"caption\":\"qs_admin\"},\"sameAs\":[\"https:\/\/vosgesinfo.fr\/wp\"],\"url\":\"https:\/\/vosgesinfo.fr\/laplainedesvosgesinfo\/author\/qs_admin\/\"}]}<\/script>\n<!-- \/ Yoast SEO plugin. -->","yoast_head_json":{"title":"Contrex\u00e9ville- lancement de la saison des march\u00e9s du terroir - La Plaine des Vosges","robots":{"index":"index","follow":"follow","max-snippet":"max-snippet:-1","max-image-preview":"max-image-preview:large","max-video-preview":"max-video-preview:-1"},"canonical":"https:\/\/vosgesinfo.fr\/laplainedesvosgesinfo\/2021\/05\/contrexeville-lancement-de-la-saison-des-marches-du-terroir\/","twitter_card":"summary_large_image","twitter_title":"Contrex\u00e9ville- lancement de la saison des march\u00e9s du terroir - La Plaine des Vosges","twitter_description":"Ce vendredi 28 mai marque le lancement de la nouvelle saison des march\u00e9s du terroir et de l\u2019artisanat\u00a0de Contrex\u00e9ville. \u00c0 [&hellip;]","twitter_image":"https:\/\/vosgesinfo.fr\/app\/uploads\/sites\/2\/2024\/07\/202105marche-contrex.jpg","twitter_creator":"@VosgesInfo88","twitter_site":"@VosgesInfo88","twitter_misc":{"\u00c9crit par":"qs_admin","Dur\u00e9e de lecture estim\u00e9e":"2 minutes"},"schema":{"@context":"https:\/\/schema.org","@graph":[{"@type":"Article","@id":"https:\/\/vosgesinfo.fr\/laplainedesvosgesinfo\/2021\/05\/contrexeville-lancement-de-la-saison-des-marches-du-terroir\/#article","isPartOf":{"@id":"https:\/\/vosgesinfo.fr\/laplainedesvosgesinfo\/2021\/05\/contrexeville-lancement-de-la-saison-des-marches-du-terroir\/"},"author":{"name":"qs_admin","@id":"https:\/\/vosgesinfo.fr\/laplainedesvosgesinfo\/#\/schema\/person\/bc5d02d71e6932e81b6dadb7386667b1"},"headline":"Contrex\u00e9ville- lancement de la saison des march\u00e9s du terroir","datePublished":"2021-05-27T13:28:26+00:00","dateModified":"2021-05-27T13:28:26+00:00","mainEntityOfPage":{"@id":"https:\/\/vosgesinfo.fr\/laplainedesvosgesinfo\/2021\/05\/contrexeville-lancement-de-la-saison-des-marches-du-terroir\/"},"wordCount":346,"commentCount":0,"publisher":{"@id":"https:\/\/vosgesinfo.fr\/laplainedesvosgesinfo\/#organization"},"image":{"@id":"https:\/\/vosgesinfo.fr\/laplainedesvosgesinfo\/2021\/05\/contrexeville-lancement-de-la-saison-des-marches-du-terroir\/#primaryimage"},"thumbnailUrl":"https:\/\/vosgesinfo.fr\/app\/uploads\/sites\/2\/2024\/07\/202105marche-contrex.jpg","keywords":["Contrex\u00e9ville","March\u00e9 du terroir"],"articleSection":["A la Une","Contrex\u00e9ville","La Plaine"],"inLanguage":"fr-FR","potentialAction":[{"@type":"CommentAction","name":"Comment","target":["https:\/\/vosgesinfo.fr\/laplainedesvosgesinfo\/2021\/05\/contrexeville-lancement-de-la-saison-des-marches-du-terroir\/#respond"]}]},{"@type":"WebPage","@id":"https:\/\/vosgesinfo.fr\/laplainedesvosgesinfo\/2021\/05\/contrexeville-lancement-de-la-saison-des-marches-du-terroir\/","url":"https:\/\/vosgesinfo.fr\/laplainedesvosgesinfo\/2021\/05\/contrexeville-lancement-de-la-saison-des-marches-du-terroir\/","name":"Contrex\u00e9ville- lancement de la saison des march\u00e9s du terroir - La Plaine des Vosges","isPartOf":{"@id":"https:\/\/vosgesinfo.fr\/laplainedesvosgesinfo\/#website"},"primaryImageOfPage":{"@id":"https:\/\/vosgesinfo.fr\/laplainedesvosgesinfo\/2021\/05\/contrexeville-lancement-de-la-saison-des-marches-du-terroir\/#primaryimage"},"image":{"@id":"https:\/\/vosgesinfo.fr\/laplainedesvosgesinfo\/2021\/05\/contrexeville-lancement-de-la-saison-des-marches-du-terroir\/#primaryimage"},"thumbnailUrl":"https:\/\/vosgesinfo.fr\/app\/uploads\/sites\/2\/2024\/07\/202105marche-contrex.jpg","datePublished":"2021-05-27T13:28:26+00:00","dateModified":"2021-05-27T13:28:26+00:00","breadcrumb":{"@id":"https:\/\/vosgesinfo.fr\/laplainedesvosgesinfo\/2021\/05\/contrexeville-lancement-de-la-saison-des-marches-du-terroir\/#breadcrumb"},"inLanguage":"fr-FR","potentialAction":[{"@type":"ReadAction","target":["https:\/\/vosgesinfo.fr\/laplainedesvosgesinfo\/2021\/05\/contrexeville-lancement-de-la-saison-des-marches-du-terroir\/"]}]},{"@type":"ImageObject","inLanguage":"fr-FR","@id":"https:\/\/vosgesinfo.fr\/laplainedesvosgesinfo\/2021\/05\/contrexeville-lancement-de-la-saison-des-marches-du-terroir\/#primaryimage","url":"https:\/\/vosgesinfo.fr\/app\/uploads\/sites\/2\/2024\/07\/202105marche-contrex.jpg","contentUrl":"https:\/\/vosgesinfo.fr\/app\/uploads\/sites\/2\/2024\/07\/202105marche-contrex.jpg","width":800,"height":600},{"@type":"BreadcrumbList","@id":"https:\/\/vosgesinfo.fr\/laplainedesvosgesinfo\/2021\/05\/contrexeville-lancement-de-la-saison-des-marches-du-terroir\/#breadcrumb","itemListElement":[{"@type":"ListItem","position":1,"name":"Home","item":"https:\/\/vosgesinfo.fr\/laplainedesvosgesinfo\/"},{"@type":"ListItem","position":2,"name":"Contrex\u00e9ville- lancement de la saison des march\u00e9s du terroir"}]},{"@type":"WebSite","@id":"https:\/\/vosgesinfo.fr\/laplainedesvosgesinfo\/#website","url":"https:\/\/vosgesinfo.fr\/laplainedesvosgesinfo\/","name":"La Plaine des Vosges","description":"Toute l&#039;actualit\u00e9 de la plaine de Vosges","publisher":{"@id":"https:\/\/vosgesinfo.fr\/laplainedesvosgesinfo\/#organization"},"alternateName":"Toute l'actualit\u00e9 de la plaine des Vosges","potentialAction":[{"@type":"SearchAction","target":{"@type":"EntryPoint","urlTemplate":"https:\/\/vosgesinfo.fr\/laplainedesvosgesinfo\/?s={search_term_string}"},"query-input":"required name=search_term_string"}],"inLanguage":"fr-FR"},{"@type":"Organization","@id":"https:\/\/vosgesinfo.fr\/laplainedesvosgesinfo\/#organization","name":"La Plaine des Vosges","url":"https:\/\/vosgesinfo.fr\/laplainedesvosgesinfo\/","logo":{"@type":"ImageObject","inLanguage":"fr-FR","@id":"https:\/\/vosgesinfo.fr\/laplainedesvosgesinfo\/#\/schema\/logo\/image\/","url":"https:\/\/vosgesinfo.fr\/app\/uploads\/sites\/2\/2023\/08\/logo-laplaineinfo.svg","contentUrl":"https:\/\/vosgesinfo.fr\/app\/uploads\/sites\/2\/2023\/08\/logo-laplaineinfo.svg","width":1,"height":1,"caption":"La Plaine des Vosges"},"image":{"@id":"https:\/\/vosgesinfo.fr\/laplainedesvosgesinfo\/#\/schema\/logo\/image\/"},"sameAs":["https:\/\/www.facebook.com\/laplainedesvosges","https:\/\/x.com\/VosgesInfo88","https:\/\/www.youtube.com\/@vosgesinfo"]},{"@type":"Person","@id":"https:\/\/vosgesinfo.fr\/laplainedesvosgesinfo\/#\/schema\/person\/bc5d02d71e6932e81b6dadb7386667b1","name":"qs_admin","image":{"@type":"ImageObject","inLanguage":"fr-FR","@id":"https:\/\/vosgesinfo.fr\/laplainedesvosgesinfo\/#\/schema\/person\/image\/","url":"https:\/\/secure.gravatar.com\/avatar\/94b18ee0ed79e4a42ea2f2931277b6841a8999fc6fde214600c78057cf1fe1de?s=96&d=mm&r=g","contentUrl":"https:\/\/secure.gravatar.com\/avatar\/94b18ee0ed79e4a42ea2f2931277b6841a8999fc6fde214600c78057cf1fe1de?s=96&d=mm&r=g","caption":"qs_admin"},"sameAs":["https:\/\/vosgesinfo.fr\/wp"],"url":"https:\/\/vosgesinfo.fr\/laplainedesvosgesinfo\/author\/qs_admin\/"}]}},"_links":{"self":[{"href":"https:\/\/vosgesinfo.fr\/laplainedesvosgesinfo\/wp-json\/wp\/v2\/posts\/19109","targetHints":{"allow":["GET"]}}],"collection":[{"href":"https:\/\/vosgesinfo.fr\/laplainedesvosgesinfo\/wp-json\/wp\/v2\/posts"}],"about":[{"href":"https:\/\/vosgesinfo.fr\/laplainedesvosgesinfo\/wp-json\/wp\/v2\/types\/post"}],"author":[{"embeddable":true,"href":"https:\/\/vosgesinfo.fr\/laplainedesvosgesinfo\/wp-json\/wp\/v2\/users\/1"}],"replies":[{"embeddable":true,"href":"https:\/\/vosgesinfo.fr\/laplainedesvosgesinfo\/wp-json\/wp\/v2\/comments?post=19109"}],"version-history":[{"count":0,"href":"https:\/\/vosgesinfo.fr\/laplainedesvosgesinfo\/wp-json\/wp\/v2\/posts\/19109\/revisions"}],"wp:featuredmedia":[{"embeddable":true,"href":"https:\/\/vosgesinfo.fr\/laplainedesvosgesinfo\/wp-json\/wp\/v2\/media\/19110"}],"wp:attachment":[{"href":"https:\/\/vosgesinfo.fr\/laplainedesvosgesinfo\/wp-json\/wp\/v2\/media?parent=19109"}],"wp:term":[{"taxonomy":"category","embeddable":true,"href":"https:\/\/vosgesinfo.fr\/laplainedesvosgesinfo\/wp-json\/wp\/v2\/categories?post=19109"},{"taxonomy":"post_tag","embeddable":true,"href":"https:\/\/vosgesinfo.fr\/laplainedesvosgesinfo\/wp-json\/wp\/v2\/tags?post=19109"}],"curies":[{"name":"wp","href":"https:\/\/api.w.org\/{rel}","templated":true}]}}