{"id":19183,"date":"2021-06-06T07:52:53","date_gmt":"2021-06-06T05:52:53","guid":{"rendered":"https:\/\/vosgesinfo.fr\/laplainedesvosgesinfo\/2021\/06\/epinal-decouvrez-le-village-de-la-biodiversite-dans-le-parc-du-chateau\/"},"modified":"2021-06-06T07:52:53","modified_gmt":"2021-06-06T05:52:53","slug":"epinal-decouvrez-le-village-de-la-biodiversite-dans-le-parc-du-chateau","status":"publish","type":"post","link":"https:\/\/vosgesinfo.fr\/laplainedesvosgesinfo\/2021\/06\/epinal-decouvrez-le-village-de-la-biodiversite-dans-le-parc-du-chateau\/","title":{"rendered":"\u00c9pinal : d\u00e9couvrez le village de la biodiversit\u00e9 dans le parc du ch\u00e2teau"},"content":{"rendered":"<h2><strong>Le Village biodiversit\u00e9 est ouvert ce samedi apr\u00e8s-midi jusqu\u2019\u00e0 18h au Parc du ch\u00e2teau d\u2019Epinal. Quelque 20 stands anim\u00e9s par une trentaine de partenaires associatifs et institutionnels de la commune sont r\u00e9partis sur trois sites : la plaine de jeux, la place des Gardes et l\u2019esplanade du pavillon. Le maire Patrick Nardin est venu inaugur\u00e9 l\u2019\u00e9v\u00e9nement, accompagn\u00e9 notamment par des jeunes du CMJ.<\/strong><\/h2>\n<p>Des animations, des jeux, des d\u00e9monstrations, une exposition photographique et un march\u00e9 bio et artisanal sont propos\u00e9s au grand public au rythme de d\u00e9ambulations musicales. Ce vendredi \u00e9tait consacr\u00e9 \u00e0 l\u2019accueil de pr\u00e8s de 300 \u00e9coliers spinaliens de 6 \u00e9coles diff\u00e9rentes, scolaris\u00e9s du CP au CM2. Ce village s\u2019inscrit dans le cadre de la 8\u00e8me \u00e9dition de la F\u00eate de la Biodiversit\u00e9 sur le th\u00e8me \u00ab Biodiversit\u00e9 et Climat \u00bb organis\u00e9e par la Maison de l\u2019Environnement et du D\u00e9veloppement Durable. Pendant une quinzaine de jours, jusqu\u2019au 10 juin, le public est invit\u00e9 \u00e0 participer \u00e0 des visites de sites, \u00e0 des \u00e9changes culturels et \u00e0 d\u00e9couvrir des espaces naturels sur l\u2019ensemble de la ville : quartier de Bitola-Champbeauvert, quartier de La Vierge, bmi, Tranch\u00e9e de Docelles, Roseraie, serres municipales.<\/p>\n","protected":false},"excerpt":{"rendered":"<p>Le Village biodiversit\u00e9 est ouvert ce samedi apr\u00e8s-midi jusqu\u2019\u00e0 18h au Parc du ch\u00e2teau d\u2019Epinal. Quelque 20 stands anim\u00e9s par [&hellip;]<\/p>\n","protected":false},"author":126,"featured_media":19184,"comment_status":"open","ping_status":"open","sticky":false,"template":"","format":"standard","meta":{"footnotes":""},"categories":[29,7],"tags":[],"class_list":["post-19183","post","type-post","status-publish","format-standard","has-post-thumbnail","hentry","category-a-la-une","category-environnement"],"acf":[],"yoast_head":"<!-- This site is optimized with the Yoast SEO plugin v22.5 - https:\/\/yoast.com\/wordpress\/plugins\/seo\/ -->\n<title>\u00c9pinal : d\u00e9couvrez le village de la biodiversit\u00e9 dans le parc du ch\u00e2teau - La Plaine des Vosges<\/title>\n<meta name=\"robots\" content=\"index, follow, max-snippet:-1, max-image-preview:large, max-video-preview:-1\" \/>\n<link rel=\"canonical\" href=\"https:\/\/vosgesinfo.fr\/laplainedesvosgesinfo\/2021\/06\/epinal-decouvrez-le-village-de-la-biodiversite-dans-le-parc-du-chateau\/\" \/>\n<meta name=\"twitter:card\" content=\"summary_large_image\" \/>\n<meta name=\"twitter:title\" content=\"\u00c9pinal : d\u00e9couvrez le village de la biodiversit\u00e9 dans le parc du ch\u00e2teau - La Plaine des Vosges\" \/>\n<meta name=\"twitter:description\" content=\"Le Village biodiversit\u00e9 est ouvert ce samedi apr\u00e8s-midi jusqu\u2019\u00e0 18h au Parc du ch\u00e2teau d\u2019Epinal. Quelque 20 stands anim\u00e9s par [&hellip;]\" \/>\n<meta name=\"twitter:image\" content=\"https:\/\/vosgesinfo.fr\/app\/uploads\/sites\/2\/2024\/07\/202106dsc-0211.jpg\" \/>\n<meta name=\"twitter:creator\" content=\"@VosgesInfo88\" \/>\n<meta name=\"twitter:site\" content=\"@VosgesInfo88\" \/>\n<meta name=\"twitter:label1\" content=\"\u00c9crit par\" \/>\n\t<meta name=\"twitter:data1\" content=\"La R\u00e9daction\" \/>\n\t<meta name=\"twitter:label2\" content=\"Dur\u00e9e de lecture estim\u00e9e\" \/>\n\t<meta name=\"twitter:data2\" content=\"1 minute\" \/>\n<script type=\"application\/ld+json\" class=\"yoast-schema-graph\">{\"@context\":\"https:\/\/schema.org\",\"@graph\":[{\"@type\":\"Article\",\"@id\":\"https:\/\/vosgesinfo.fr\/laplainedesvosgesinfo\/2021\/06\/epinal-decouvrez-le-village-de-la-biodiversite-dans-le-parc-du-chateau\/#article\",\"isPartOf\":{\"@id\":\"https:\/\/vosgesinfo.fr\/laplainedesvosgesinfo\/2021\/06\/epinal-decouvrez-le-village-de-la-biodiversite-dans-le-parc-du-chateau\/\"},\"author\":{\"name\":\"La R\u00e9daction\",\"@id\":\"https:\/\/vosgesinfo.fr\/laplainedesvosgesinfo\/#\/schema\/person\/db412391f749f1ee67e177e1dc017316\"},\"headline\":\"\u00c9pinal : d\u00e9couvrez le village de la biodiversit\u00e9 dans le parc du ch\u00e2teau\",\"datePublished\":\"2021-06-06T05:52:53+00:00\",\"dateModified\":\"2021-06-06T05:52:53+00:00\",\"mainEntityOfPage\":{\"@id\":\"https:\/\/vosgesinfo.fr\/laplainedesvosgesinfo\/2021\/06\/epinal-decouvrez-le-village-de-la-biodiversite-dans-le-parc-du-chateau\/\"},\"wordCount\":218,\"commentCount\":0,\"publisher\":{\"@id\":\"https:\/\/vosgesinfo.fr\/laplainedesvosgesinfo\/#organization\"},\"image\":{\"@id\":\"https:\/\/vosgesinfo.fr\/laplainedesvosgesinfo\/2021\/06\/epinal-decouvrez-le-village-de-la-biodiversite-dans-le-parc-du-chateau\/#primaryimage\"},\"thumbnailUrl\":\"https:\/\/vosgesinfo.fr\/app\/uploads\/sites\/2\/2024\/07\/202106dsc-0211.jpg\",\"articleSection\":[\"A la Une\",\"Environnement\"],\"inLanguage\":\"fr-FR\",\"potentialAction\":[{\"@type\":\"CommentAction\",\"name\":\"Comment\",\"target\":[\"https:\/\/vosgesinfo.fr\/laplainedesvosgesinfo\/2021\/06\/epinal-decouvrez-le-village-de-la-biodiversite-dans-le-parc-du-chateau\/#respond\"]}]},{\"@type\":\"WebPage\",\"@id\":\"https:\/\/vosgesinfo.fr\/laplainedesvosgesinfo\/2021\/06\/epinal-decouvrez-le-village-de-la-biodiversite-dans-le-parc-du-chateau\/\",\"url\":\"https:\/\/vosgesinfo.fr\/laplainedesvosgesinfo\/2021\/06\/epinal-decouvrez-le-village-de-la-biodiversite-dans-le-parc-du-chateau\/\",\"name\":\"\u00c9pinal : d\u00e9couvrez le village de la biodiversit\u00e9 dans le parc du ch\u00e2teau - La Plaine des Vosges\",\"isPartOf\":{\"@id\":\"https:\/\/vosgesinfo.fr\/laplainedesvosgesinfo\/#website\"},\"primaryImageOfPage\":{\"@id\":\"https:\/\/vosgesinfo.fr\/laplainedesvosgesinfo\/2021\/06\/epinal-decouvrez-le-village-de-la-biodiversite-dans-le-parc-du-chateau\/#primaryimage\"},\"image\":{\"@id\":\"https:\/\/vosgesinfo.fr\/laplainedesvosgesinfo\/2021\/06\/epinal-decouvrez-le-village-de-la-biodiversite-dans-le-parc-du-chateau\/#primaryimage\"},\"thumbnailUrl\":\"https:\/\/vosgesinfo.fr\/app\/uploads\/sites\/2\/2024\/07\/202106dsc-0211.jpg\",\"datePublished\":\"2021-06-06T05:52:53+00:00\",\"dateModified\":\"2021-06-06T05:52:53+00:00\",\"breadcrumb\":{\"@id\":\"https:\/\/vosgesinfo.fr\/laplainedesvosgesinfo\/2021\/06\/epinal-decouvrez-le-village-de-la-biodiversite-dans-le-parc-du-chateau\/#breadcrumb\"},\"inLanguage\":\"fr-FR\",\"potentialAction\":[{\"@type\":\"ReadAction\",\"target\":[\"https:\/\/vosgesinfo.fr\/laplainedesvosgesinfo\/2021\/06\/epinal-decouvrez-le-village-de-la-biodiversite-dans-le-parc-du-chateau\/\"]}]},{\"@type\":\"ImageObject\",\"inLanguage\":\"fr-FR\",\"@id\":\"https:\/\/vosgesinfo.fr\/laplainedesvosgesinfo\/2021\/06\/epinal-decouvrez-le-village-de-la-biodiversite-dans-le-parc-du-chateau\/#primaryimage\",\"url\":\"https:\/\/vosgesinfo.fr\/app\/uploads\/sites\/2\/2024\/07\/202106dsc-0211.jpg\",\"contentUrl\":\"https:\/\/vosgesinfo.fr\/app\/uploads\/sites\/2\/2024\/07\/202106dsc-0211.jpg\",\"width\":800,\"height\":542},{\"@type\":\"BreadcrumbList\",\"@id\":\"https:\/\/vosgesinfo.fr\/laplainedesvosgesinfo\/2021\/06\/epinal-decouvrez-le-village-de-la-biodiversite-dans-le-parc-du-chateau\/#breadcrumb\",\"itemListElement\":[{\"@type\":\"ListItem\",\"position\":1,\"name\":\"Home\",\"item\":\"https:\/\/vosgesinfo.fr\/laplainedesvosgesinfo\/\"},{\"@type\":\"ListItem\",\"position\":2,\"name\":\"\u00c9pinal : d\u00e9couvrez le village de la biodiversit\u00e9 dans le parc du ch\u00e2teau\"}]},{\"@type\":\"WebSite\",\"@id\":\"https:\/\/vosgesinfo.fr\/laplainedesvosgesinfo\/#website\",\"url\":\"https:\/\/vosgesinfo.fr\/laplainedesvosgesinfo\/\",\"name\":\"La Plaine des Vosges\",\"description\":\"Toute l&#039;actualit\u00e9 de la plaine de Vosges\",\"publisher\":{\"@id\":\"https:\/\/vosgesinfo.fr\/laplainedesvosgesinfo\/#organization\"},\"alternateName\":\"Toute l'actualit\u00e9 de la plaine des Vosges\",\"potentialAction\":[{\"@type\":\"SearchAction\",\"target\":{\"@type\":\"EntryPoint\",\"urlTemplate\":\"https:\/\/vosgesinfo.fr\/laplainedesvosgesinfo\/?s={search_term_string}\"},\"query-input\":\"required name=search_term_string\"}],\"inLanguage\":\"fr-FR\"},{\"@type\":\"Organization\",\"@id\":\"https:\/\/vosgesinfo.fr\/laplainedesvosgesinfo\/#organization\",\"name\":\"La Plaine des Vosges\",\"url\":\"https:\/\/vosgesinfo.fr\/laplainedesvosgesinfo\/\",\"logo\":{\"@type\":\"ImageObject\",\"inLanguage\":\"fr-FR\",\"@id\":\"https:\/\/vosgesinfo.fr\/laplainedesvosgesinfo\/#\/schema\/logo\/image\/\",\"url\":\"https:\/\/vosgesinfo.fr\/app\/uploads\/sites\/2\/2023\/08\/logo-laplaineinfo.svg\",\"contentUrl\":\"https:\/\/vosgesinfo.fr\/app\/uploads\/sites\/2\/2023\/08\/logo-laplaineinfo.svg\",\"width\":1,\"height\":1,\"caption\":\"La Plaine des Vosges\"},\"image\":{\"@id\":\"https:\/\/vosgesinfo.fr\/laplainedesvosgesinfo\/#\/schema\/logo\/image\/\"},\"sameAs\":[\"https:\/\/www.facebook.com\/laplainedesvosges\",\"https:\/\/x.com\/VosgesInfo88\",\"https:\/\/www.youtube.com\/@vosgesinfo\"]},{\"@type\":\"Person\",\"@id\":\"https:\/\/vosgesinfo.fr\/laplainedesvosgesinfo\/#\/schema\/person\/db412391f749f1ee67e177e1dc017316\",\"name\":\"La R\u00e9daction\",\"image\":{\"@type\":\"ImageObject\",\"inLanguage\":\"fr-FR\",\"@id\":\"https:\/\/vosgesinfo.fr\/laplainedesvosgesinfo\/#\/schema\/person\/image\/\",\"url\":\"https:\/\/secure.gravatar.com\/avatar\/d10cfbea47ec464014dd9e55d3c353f7c4017b65068eb823d0882be0ff3b0ff6?s=96&d=mm&r=g\",\"contentUrl\":\"https:\/\/secure.gravatar.com\/avatar\/d10cfbea47ec464014dd9e55d3c353f7c4017b65068eb823d0882be0ff3b0ff6?s=96&d=mm&r=g\",\"caption\":\"La R\u00e9daction\"},\"url\":\"https:\/\/vosgesinfo.fr\/laplainedesvosgesinfo\/author\/redaction\/\"}]}<\/script>\n<!-- \/ Yoast SEO plugin. -->","yoast_head_json":{"title":"\u00c9pinal : d\u00e9couvrez le village de la biodiversit\u00e9 dans le parc du ch\u00e2teau - La Plaine des Vosges","robots":{"index":"index","follow":"follow","max-snippet":"max-snippet:-1","max-image-preview":"max-image-preview:large","max-video-preview":"max-video-preview:-1"},"canonical":"https:\/\/vosgesinfo.fr\/laplainedesvosgesinfo\/2021\/06\/epinal-decouvrez-le-village-de-la-biodiversite-dans-le-parc-du-chateau\/","twitter_card":"summary_large_image","twitter_title":"\u00c9pinal : d\u00e9couvrez le village de la biodiversit\u00e9 dans le parc du ch\u00e2teau - La Plaine des Vosges","twitter_description":"Le Village biodiversit\u00e9 est ouvert ce samedi apr\u00e8s-midi jusqu\u2019\u00e0 18h au Parc du ch\u00e2teau d\u2019Epinal. Quelque 20 stands anim\u00e9s par [&hellip;]","twitter_image":"https:\/\/vosgesinfo.fr\/app\/uploads\/sites\/2\/2024\/07\/202106dsc-0211.jpg","twitter_creator":"@VosgesInfo88","twitter_site":"@VosgesInfo88","twitter_misc":{"\u00c9crit par":"La R\u00e9daction","Dur\u00e9e de lecture estim\u00e9e":"1 minute"},"schema":{"@context":"https:\/\/schema.org","@graph":[{"@type":"Article","@id":"https:\/\/vosgesinfo.fr\/laplainedesvosgesinfo\/2021\/06\/epinal-decouvrez-le-village-de-la-biodiversite-dans-le-parc-du-chateau\/#article","isPartOf":{"@id":"https:\/\/vosgesinfo.fr\/laplainedesvosgesinfo\/2021\/06\/epinal-decouvrez-le-village-de-la-biodiversite-dans-le-parc-du-chateau\/"},"author":{"name":"La R\u00e9daction","@id":"https:\/\/vosgesinfo.fr\/laplainedesvosgesinfo\/#\/schema\/person\/db412391f749f1ee67e177e1dc017316"},"headline":"\u00c9pinal : d\u00e9couvrez le village de la biodiversit\u00e9 dans le parc du ch\u00e2teau","datePublished":"2021-06-06T05:52:53+00:00","dateModified":"2021-06-06T05:52:53+00:00","mainEntityOfPage":{"@id":"https:\/\/vosgesinfo.fr\/laplainedesvosgesinfo\/2021\/06\/epinal-decouvrez-le-village-de-la-biodiversite-dans-le-parc-du-chateau\/"},"wordCount":218,"commentCount":0,"publisher":{"@id":"https:\/\/vosgesinfo.fr\/laplainedesvosgesinfo\/#organization"},"image":{"@id":"https:\/\/vosgesinfo.fr\/laplainedesvosgesinfo\/2021\/06\/epinal-decouvrez-le-village-de-la-biodiversite-dans-le-parc-du-chateau\/#primaryimage"},"thumbnailUrl":"https:\/\/vosgesinfo.fr\/app\/uploads\/sites\/2\/2024\/07\/202106dsc-0211.jpg","articleSection":["A la Une","Environnement"],"inLanguage":"fr-FR","potentialAction":[{"@type":"CommentAction","name":"Comment","target":["https:\/\/vosgesinfo.fr\/laplainedesvosgesinfo\/2021\/06\/epinal-decouvrez-le-village-de-la-biodiversite-dans-le-parc-du-chateau\/#respond"]}]},{"@type":"WebPage","@id":"https:\/\/vosgesinfo.fr\/laplainedesvosgesinfo\/2021\/06\/epinal-decouvrez-le-village-de-la-biodiversite-dans-le-parc-du-chateau\/","url":"https:\/\/vosgesinfo.fr\/laplainedesvosgesinfo\/2021\/06\/epinal-decouvrez-le-village-de-la-biodiversite-dans-le-parc-du-chateau\/","name":"\u00c9pinal : d\u00e9couvrez le village de la biodiversit\u00e9 dans le parc du ch\u00e2teau - La Plaine des Vosges","isPartOf":{"@id":"https:\/\/vosgesinfo.fr\/laplainedesvosgesinfo\/#website"},"primaryImageOfPage":{"@id":"https:\/\/vosgesinfo.fr\/laplainedesvosgesinfo\/2021\/06\/epinal-decouvrez-le-village-de-la-biodiversite-dans-le-parc-du-chateau\/#primaryimage"},"image":{"@id":"https:\/\/vosgesinfo.fr\/laplainedesvosgesinfo\/2021\/06\/epinal-decouvrez-le-village-de-la-biodiversite-dans-le-parc-du-chateau\/#primaryimage"},"thumbnailUrl":"https:\/\/vosgesinfo.fr\/app\/uploads\/sites\/2\/2024\/07\/202106dsc-0211.jpg","datePublished":"2021-06-06T05:52:53+00:00","dateModified":"2021-06-06T05:52:53+00:00","breadcrumb":{"@id":"https:\/\/vosgesinfo.fr\/laplainedesvosgesinfo\/2021\/06\/epinal-decouvrez-le-village-de-la-biodiversite-dans-le-parc-du-chateau\/#breadcrumb"},"inLanguage":"fr-FR","potentialAction":[{"@type":"ReadAction","target":["https:\/\/vosgesinfo.fr\/laplainedesvosgesinfo\/2021\/06\/epinal-decouvrez-le-village-de-la-biodiversite-dans-le-parc-du-chateau\/"]}]},{"@type":"ImageObject","inLanguage":"fr-FR","@id":"https:\/\/vosgesinfo.fr\/laplainedesvosgesinfo\/2021\/06\/epinal-decouvrez-le-village-de-la-biodiversite-dans-le-parc-du-chateau\/#primaryimage","url":"https:\/\/vosgesinfo.fr\/app\/uploads\/sites\/2\/2024\/07\/202106dsc-0211.jpg","contentUrl":"https:\/\/vosgesinfo.fr\/app\/uploads\/sites\/2\/2024\/07\/202106dsc-0211.jpg","width":800,"height":542},{"@type":"BreadcrumbList","@id":"https:\/\/vosgesinfo.fr\/laplainedesvosgesinfo\/2021\/06\/epinal-decouvrez-le-village-de-la-biodiversite-dans-le-parc-du-chateau\/#breadcrumb","itemListElement":[{"@type":"ListItem","position":1,"name":"Home","item":"https:\/\/vosgesinfo.fr\/laplainedesvosgesinfo\/"},{"@type":"ListItem","position":2,"name":"\u00c9pinal : d\u00e9couvrez le village de la biodiversit\u00e9 dans le parc du ch\u00e2teau"}]},{"@type":"WebSite","@id":"https:\/\/vosgesinfo.fr\/laplainedesvosgesinfo\/#website","url":"https:\/\/vosgesinfo.fr\/laplainedesvosgesinfo\/","name":"La Plaine des Vosges","description":"Toute l&#039;actualit\u00e9 de la plaine de Vosges","publisher":{"@id":"https:\/\/vosgesinfo.fr\/laplainedesvosgesinfo\/#organization"},"alternateName":"Toute l'actualit\u00e9 de la plaine des Vosges","potentialAction":[{"@type":"SearchAction","target":{"@type":"EntryPoint","urlTemplate":"https:\/\/vosgesinfo.fr\/laplainedesvosgesinfo\/?s={search_term_string}"},"query-input":"required name=search_term_string"}],"inLanguage":"fr-FR"},{"@type":"Organization","@id":"https:\/\/vosgesinfo.fr\/laplainedesvosgesinfo\/#organization","name":"La Plaine des Vosges","url":"https:\/\/vosgesinfo.fr\/laplainedesvosgesinfo\/","logo":{"@type":"ImageObject","inLanguage":"fr-FR","@id":"https:\/\/vosgesinfo.fr\/laplainedesvosgesinfo\/#\/schema\/logo\/image\/","url":"https:\/\/vosgesinfo.fr\/app\/uploads\/sites\/2\/2023\/08\/logo-laplaineinfo.svg","contentUrl":"https:\/\/vosgesinfo.fr\/app\/uploads\/sites\/2\/2023\/08\/logo-laplaineinfo.svg","width":1,"height":1,"caption":"La Plaine des Vosges"},"image":{"@id":"https:\/\/vosgesinfo.fr\/laplainedesvosgesinfo\/#\/schema\/logo\/image\/"},"sameAs":["https:\/\/www.facebook.com\/laplainedesvosges","https:\/\/x.com\/VosgesInfo88","https:\/\/www.youtube.com\/@vosgesinfo"]},{"@type":"Person","@id":"https:\/\/vosgesinfo.fr\/laplainedesvosgesinfo\/#\/schema\/person\/db412391f749f1ee67e177e1dc017316","name":"La R\u00e9daction","image":{"@type":"ImageObject","inLanguage":"fr-FR","@id":"https:\/\/vosgesinfo.fr\/laplainedesvosgesinfo\/#\/schema\/person\/image\/","url":"https:\/\/secure.gravatar.com\/avatar\/d10cfbea47ec464014dd9e55d3c353f7c4017b65068eb823d0882be0ff3b0ff6?s=96&d=mm&r=g","contentUrl":"https:\/\/secure.gravatar.com\/avatar\/d10cfbea47ec464014dd9e55d3c353f7c4017b65068eb823d0882be0ff3b0ff6?s=96&d=mm&r=g","caption":"La R\u00e9daction"},"url":"https:\/\/vosgesinfo.fr\/laplainedesvosgesinfo\/author\/redaction\/"}]}},"_links":{"self":[{"href":"https:\/\/vosgesinfo.fr\/laplainedesvosgesinfo\/wp-json\/wp\/v2\/posts\/19183","targetHints":{"allow":["GET"]}}],"collection":[{"href":"https:\/\/vosgesinfo.fr\/laplainedesvosgesinfo\/wp-json\/wp\/v2\/posts"}],"about":[{"href":"https:\/\/vosgesinfo.fr\/laplainedesvosgesinfo\/wp-json\/wp\/v2\/types\/post"}],"author":[{"embeddable":true,"href":"https:\/\/vosgesinfo.fr\/laplainedesvosgesinfo\/wp-json\/wp\/v2\/users\/126"}],"replies":[{"embeddable":true,"href":"https:\/\/vosgesinfo.fr\/laplainedesvosgesinfo\/wp-json\/wp\/v2\/comments?post=19183"}],"version-history":[{"count":0,"href":"https:\/\/vosgesinfo.fr\/laplainedesvosgesinfo\/wp-json\/wp\/v2\/posts\/19183\/revisions"}],"wp:featuredmedia":[{"embeddable":true,"href":"https:\/\/vosgesinfo.fr\/laplainedesvosgesinfo\/wp-json\/wp\/v2\/media\/19184"}],"wp:attachment":[{"href":"https:\/\/vosgesinfo.fr\/laplainedesvosgesinfo\/wp-json\/wp\/v2\/media?parent=19183"}],"wp:term":[{"taxonomy":"category","embeddable":true,"href":"https:\/\/vosgesinfo.fr\/laplainedesvosgesinfo\/wp-json\/wp\/v2\/categories?post=19183"},{"taxonomy":"post_tag","embeddable":true,"href":"https:\/\/vosgesinfo.fr\/laplainedesvosgesinfo\/wp-json\/wp\/v2\/tags?post=19183"}],"curies":[{"name":"wp","href":"https:\/\/api.w.org\/{rel}","templated":true}]}}