{"id":19253,"date":"2021-06-16T08:10:37","date_gmt":"2021-06-16T06:10:37","guid":{"rendered":"https:\/\/vosgesinfo.fr\/laplainedesvosgesinfo\/2021\/06\/departementales-les-candidats-etiquetes-vosges-en-commun-organisent-une-grande-reunion-publique\/"},"modified":"2021-06-16T08:10:37","modified_gmt":"2021-06-16T06:10:37","slug":"departementales-les-candidats-etiquetes-vosges-en-commun-organisent-une-grande-reunion-publique","status":"publish","type":"post","link":"https:\/\/vosgesinfo.fr\/laplainedesvosgesinfo\/2021\/06\/departementales-les-candidats-etiquetes-vosges-en-commun-organisent-une-grande-reunion-publique\/","title":{"rendered":"D\u00e9partementales : les candidats \u00e9tiquet\u00e9s \u00ab Vosges en commun \u00bb organisent une grande r\u00e9union publique"},"content":{"rendered":"<h2><strong><a href=\"\/2021\/06\/vosges-en-commun-d\u00e9partementales-2021.jpg\"><img decoding=\"async\" class=\"aligncenter size-full wp-image-120955\" src=\"\/2021\/06\/vosges-en-commun-d\u00e9partementales-2021.jpg\" alt=\"vosges en commun d\u00e9partementales 2021\" width=\"800\" height=\"566\" \/><\/a><\/strong><\/h2>\n<h2><strong>Ce\u00a0jeudi 17 juin \u00e0 partir de 19h30, une \u00a0\u00bb Grande r\u00e9union publique\u00a0\u00bb r\u00e9unissant les bin\u00f4mes de chaque canton pour les \u00e9lections d\u00e9partementales sous le label \u00ab\u00a0Vosges en commun\u00a0\u00bb, aura lieu\u00a0\u00e0 l\u2019espace cours, rue Gambetta \u00e0 Epinal.<\/strong><\/h2>\n<p>Programme :<u><\/u><u><\/u><\/p>\n<p>19 H : arriv\u00e9e du public<u><\/u><u><\/u><\/p>\n<p>19 H30 : photo de groupe de tous les bin\u00f4me du d\u00e9partement<u><\/u><u><\/u><\/p>\n<p>19 H 45 : pr\u00e9sentation de chaque bin\u00f4me (4 mn par bin\u00f4me : perso + projet prioritaire)<u><\/u><u><\/u><\/p>\n<p>20 H 45 : Questions\/d\u00e9bat<u><\/u><u><\/u><\/p>\n<p>22 H : fin<u><\/u><u><\/u><\/p>\n<p>Dans le respect des gestes barri\u00e8res et du protocole sanitaire.<\/p>\n","protected":false},"excerpt":{"rendered":"<p>Ce\u00a0jeudi 17 juin \u00e0 partir de 19h30, une \u00a0\u00bb Grande r\u00e9union publique\u00a0\u00bb r\u00e9unissant les bin\u00f4mes de chaque canton pour les [&hellip;]<\/p>\n","protected":false},"author":1,"featured_media":19254,"comment_status":"open","ping_status":"open","sticky":false,"template":"","format":"standard","meta":{"footnotes":""},"categories":[29,10,18],"tags":[],"class_list":["post-19253","post","type-post","status-publish","format-standard","has-post-thumbnail","hentry","category-a-la-une","category-politique","category-vosges"],"acf":[],"yoast_head":"<!-- This site is optimized with the Yoast SEO plugin v22.5 - https:\/\/yoast.com\/wordpress\/plugins\/seo\/ -->\n<title>D\u00e9partementales : les candidats \u00e9tiquet\u00e9s \u00ab Vosges en commun \u00bb organisent une grande r\u00e9union publique - La Plaine des Vosges<\/title>\n<meta name=\"robots\" content=\"index, follow, max-snippet:-1, max-image-preview:large, max-video-preview:-1\" \/>\n<link rel=\"canonical\" href=\"https:\/\/vosgesinfo.fr\/laplainedesvosgesinfo\/2021\/06\/departementales-les-candidats-etiquetes-vosges-en-commun-organisent-une-grande-reunion-publique\/\" \/>\n<meta name=\"twitter:card\" content=\"summary_large_image\" \/>\n<meta name=\"twitter:title\" content=\"D\u00e9partementales : les candidats \u00e9tiquet\u00e9s \u00ab Vosges en commun \u00bb organisent une grande r\u00e9union publique - La Plaine des Vosges\" \/>\n<meta name=\"twitter:description\" content=\"Ce\u00a0jeudi 17 juin \u00e0 partir de 19h30, une \u00a0\u00bb Grande r\u00e9union publique\u00a0\u00bb r\u00e9unissant les bin\u00f4mes de chaque canton pour les [&hellip;]\" \/>\n<meta name=\"twitter:image\" content=\"https:\/\/vosgesinfo.fr\/app\/uploads\/sites\/2\/2024\/07\/202106vosges-en-commun-departementales-2021.jpg\" \/>\n<meta name=\"twitter:creator\" content=\"@VosgesInfo88\" \/>\n<meta name=\"twitter:site\" content=\"@VosgesInfo88\" \/>\n<meta name=\"twitter:label1\" content=\"\u00c9crit par\" \/>\n\t<meta name=\"twitter:data1\" content=\"qs_admin\" \/>\n<script type=\"application\/ld+json\" class=\"yoast-schema-graph\">{\"@context\":\"https:\/\/schema.org\",\"@graph\":[{\"@type\":\"Article\",\"@id\":\"https:\/\/vosgesinfo.fr\/laplainedesvosgesinfo\/2021\/06\/departementales-les-candidats-etiquetes-vosges-en-commun-organisent-une-grande-reunion-publique\/#article\",\"isPartOf\":{\"@id\":\"https:\/\/vosgesinfo.fr\/laplainedesvosgesinfo\/2021\/06\/departementales-les-candidats-etiquetes-vosges-en-commun-organisent-une-grande-reunion-publique\/\"},\"author\":{\"name\":\"qs_admin\",\"@id\":\"https:\/\/vosgesinfo.fr\/laplainedesvosgesinfo\/#\/schema\/person\/bc5d02d71e6932e81b6dadb7386667b1\"},\"headline\":\"D\u00e9partementales : les candidats \u00e9tiquet\u00e9s \u00ab Vosges en commun \u00bb organisent une grande r\u00e9union publique\",\"datePublished\":\"2021-06-16T06:10:37+00:00\",\"dateModified\":\"2021-06-16T06:10:37+00:00\",\"mainEntityOfPage\":{\"@id\":\"https:\/\/vosgesinfo.fr\/laplainedesvosgesinfo\/2021\/06\/departementales-les-candidats-etiquetes-vosges-en-commun-organisent-une-grande-reunion-publique\/\"},\"wordCount\":102,\"commentCount\":0,\"publisher\":{\"@id\":\"https:\/\/vosgesinfo.fr\/laplainedesvosgesinfo\/#organization\"},\"image\":{\"@id\":\"https:\/\/vosgesinfo.fr\/laplainedesvosgesinfo\/2021\/06\/departementales-les-candidats-etiquetes-vosges-en-commun-organisent-une-grande-reunion-publique\/#primaryimage\"},\"thumbnailUrl\":\"https:\/\/vosgesinfo.fr\/app\/uploads\/sites\/2\/2024\/07\/202106vosges-en-commun-departementales-2021.jpg\",\"articleSection\":[\"A la Une\",\"Politique\",\"Vosges\"],\"inLanguage\":\"fr-FR\",\"potentialAction\":[{\"@type\":\"CommentAction\",\"name\":\"Comment\",\"target\":[\"https:\/\/vosgesinfo.fr\/laplainedesvosgesinfo\/2021\/06\/departementales-les-candidats-etiquetes-vosges-en-commun-organisent-une-grande-reunion-publique\/#respond\"]}]},{\"@type\":\"WebPage\",\"@id\":\"https:\/\/vosgesinfo.fr\/laplainedesvosgesinfo\/2021\/06\/departementales-les-candidats-etiquetes-vosges-en-commun-organisent-une-grande-reunion-publique\/\",\"url\":\"https:\/\/vosgesinfo.fr\/laplainedesvosgesinfo\/2021\/06\/departementales-les-candidats-etiquetes-vosges-en-commun-organisent-une-grande-reunion-publique\/\",\"name\":\"D\u00e9partementales : les candidats \u00e9tiquet\u00e9s \u00ab Vosges en commun \u00bb organisent une grande r\u00e9union publique - La Plaine des Vosges\",\"isPartOf\":{\"@id\":\"https:\/\/vosgesinfo.fr\/laplainedesvosgesinfo\/#website\"},\"primaryImageOfPage\":{\"@id\":\"https:\/\/vosgesinfo.fr\/laplainedesvosgesinfo\/2021\/06\/departementales-les-candidats-etiquetes-vosges-en-commun-organisent-une-grande-reunion-publique\/#primaryimage\"},\"image\":{\"@id\":\"https:\/\/vosgesinfo.fr\/laplainedesvosgesinfo\/2021\/06\/departementales-les-candidats-etiquetes-vosges-en-commun-organisent-une-grande-reunion-publique\/#primaryimage\"},\"thumbnailUrl\":\"https:\/\/vosgesinfo.fr\/app\/uploads\/sites\/2\/2024\/07\/202106vosges-en-commun-departementales-2021.jpg\",\"datePublished\":\"2021-06-16T06:10:37+00:00\",\"dateModified\":\"2021-06-16T06:10:37+00:00\",\"breadcrumb\":{\"@id\":\"https:\/\/vosgesinfo.fr\/laplainedesvosgesinfo\/2021\/06\/departementales-les-candidats-etiquetes-vosges-en-commun-organisent-une-grande-reunion-publique\/#breadcrumb\"},\"inLanguage\":\"fr-FR\",\"potentialAction\":[{\"@type\":\"ReadAction\",\"target\":[\"https:\/\/vosgesinfo.fr\/laplainedesvosgesinfo\/2021\/06\/departementales-les-candidats-etiquetes-vosges-en-commun-organisent-une-grande-reunion-publique\/\"]}]},{\"@type\":\"ImageObject\",\"inLanguage\":\"fr-FR\",\"@id\":\"https:\/\/vosgesinfo.fr\/laplainedesvosgesinfo\/2021\/06\/departementales-les-candidats-etiquetes-vosges-en-commun-organisent-une-grande-reunion-publique\/#primaryimage\",\"url\":\"https:\/\/vosgesinfo.fr\/app\/uploads\/sites\/2\/2024\/07\/202106vosges-en-commun-departementales-2021.jpg\",\"contentUrl\":\"https:\/\/vosgesinfo.fr\/app\/uploads\/sites\/2\/2024\/07\/202106vosges-en-commun-departementales-2021.jpg\",\"width\":800,\"height\":566},{\"@type\":\"BreadcrumbList\",\"@id\":\"https:\/\/vosgesinfo.fr\/laplainedesvosgesinfo\/2021\/06\/departementales-les-candidats-etiquetes-vosges-en-commun-organisent-une-grande-reunion-publique\/#breadcrumb\",\"itemListElement\":[{\"@type\":\"ListItem\",\"position\":1,\"name\":\"Home\",\"item\":\"https:\/\/vosgesinfo.fr\/laplainedesvosgesinfo\/\"},{\"@type\":\"ListItem\",\"position\":2,\"name\":\"D\u00e9partementales : les candidats \u00e9tiquet\u00e9s \u00ab Vosges en commun \u00bb organisent une grande r\u00e9union publique\"}]},{\"@type\":\"WebSite\",\"@id\":\"https:\/\/vosgesinfo.fr\/laplainedesvosgesinfo\/#website\",\"url\":\"https:\/\/vosgesinfo.fr\/laplainedesvosgesinfo\/\",\"name\":\"La Plaine des Vosges\",\"description\":\"Toute l&#039;actualit\u00e9 de la plaine de Vosges\",\"publisher\":{\"@id\":\"https:\/\/vosgesinfo.fr\/laplainedesvosgesinfo\/#organization\"},\"alternateName\":\"Toute l'actualit\u00e9 de la plaine des Vosges\",\"potentialAction\":[{\"@type\":\"SearchAction\",\"target\":{\"@type\":\"EntryPoint\",\"urlTemplate\":\"https:\/\/vosgesinfo.fr\/laplainedesvosgesinfo\/?s={search_term_string}\"},\"query-input\":\"required name=search_term_string\"}],\"inLanguage\":\"fr-FR\"},{\"@type\":\"Organization\",\"@id\":\"https:\/\/vosgesinfo.fr\/laplainedesvosgesinfo\/#organization\",\"name\":\"La Plaine des Vosges\",\"url\":\"https:\/\/vosgesinfo.fr\/laplainedesvosgesinfo\/\",\"logo\":{\"@type\":\"ImageObject\",\"inLanguage\":\"fr-FR\",\"@id\":\"https:\/\/vosgesinfo.fr\/laplainedesvosgesinfo\/#\/schema\/logo\/image\/\",\"url\":\"https:\/\/vosgesinfo.fr\/app\/uploads\/sites\/2\/2023\/08\/logo-laplaineinfo.svg\",\"contentUrl\":\"https:\/\/vosgesinfo.fr\/app\/uploads\/sites\/2\/2023\/08\/logo-laplaineinfo.svg\",\"width\":1,\"height\":1,\"caption\":\"La Plaine des Vosges\"},\"image\":{\"@id\":\"https:\/\/vosgesinfo.fr\/laplainedesvosgesinfo\/#\/schema\/logo\/image\/\"},\"sameAs\":[\"https:\/\/www.facebook.com\/laplainedesvosges\",\"https:\/\/x.com\/VosgesInfo88\",\"https:\/\/www.youtube.com\/@vosgesinfo\"]},{\"@type\":\"Person\",\"@id\":\"https:\/\/vosgesinfo.fr\/laplainedesvosgesinfo\/#\/schema\/person\/bc5d02d71e6932e81b6dadb7386667b1\",\"name\":\"qs_admin\",\"image\":{\"@type\":\"ImageObject\",\"inLanguage\":\"fr-FR\",\"@id\":\"https:\/\/vosgesinfo.fr\/laplainedesvosgesinfo\/#\/schema\/person\/image\/\",\"url\":\"https:\/\/secure.gravatar.com\/avatar\/94b18ee0ed79e4a42ea2f2931277b6841a8999fc6fde214600c78057cf1fe1de?s=96&d=mm&r=g\",\"contentUrl\":\"https:\/\/secure.gravatar.com\/avatar\/94b18ee0ed79e4a42ea2f2931277b6841a8999fc6fde214600c78057cf1fe1de?s=96&d=mm&r=g\",\"caption\":\"qs_admin\"},\"sameAs\":[\"https:\/\/vosgesinfo.fr\/wp\"],\"url\":\"https:\/\/vosgesinfo.fr\/laplainedesvosgesinfo\/author\/qs_admin\/\"}]}<\/script>\n<!-- \/ Yoast SEO plugin. -->","yoast_head_json":{"title":"D\u00e9partementales : les candidats \u00e9tiquet\u00e9s \u00ab Vosges en commun \u00bb organisent une grande r\u00e9union publique - La Plaine des Vosges","robots":{"index":"index","follow":"follow","max-snippet":"max-snippet:-1","max-image-preview":"max-image-preview:large","max-video-preview":"max-video-preview:-1"},"canonical":"https:\/\/vosgesinfo.fr\/laplainedesvosgesinfo\/2021\/06\/departementales-les-candidats-etiquetes-vosges-en-commun-organisent-une-grande-reunion-publique\/","twitter_card":"summary_large_image","twitter_title":"D\u00e9partementales : les candidats \u00e9tiquet\u00e9s \u00ab Vosges en commun \u00bb organisent une grande r\u00e9union publique - La Plaine des Vosges","twitter_description":"Ce\u00a0jeudi 17 juin \u00e0 partir de 19h30, une \u00a0\u00bb Grande r\u00e9union publique\u00a0\u00bb r\u00e9unissant les bin\u00f4mes de chaque canton pour les [&hellip;]","twitter_image":"https:\/\/vosgesinfo.fr\/app\/uploads\/sites\/2\/2024\/07\/202106vosges-en-commun-departementales-2021.jpg","twitter_creator":"@VosgesInfo88","twitter_site":"@VosgesInfo88","twitter_misc":{"\u00c9crit par":"qs_admin"},"schema":{"@context":"https:\/\/schema.org","@graph":[{"@type":"Article","@id":"https:\/\/vosgesinfo.fr\/laplainedesvosgesinfo\/2021\/06\/departementales-les-candidats-etiquetes-vosges-en-commun-organisent-une-grande-reunion-publique\/#article","isPartOf":{"@id":"https:\/\/vosgesinfo.fr\/laplainedesvosgesinfo\/2021\/06\/departementales-les-candidats-etiquetes-vosges-en-commun-organisent-une-grande-reunion-publique\/"},"author":{"name":"qs_admin","@id":"https:\/\/vosgesinfo.fr\/laplainedesvosgesinfo\/#\/schema\/person\/bc5d02d71e6932e81b6dadb7386667b1"},"headline":"D\u00e9partementales : les candidats \u00e9tiquet\u00e9s \u00ab Vosges en commun \u00bb organisent une grande r\u00e9union publique","datePublished":"2021-06-16T06:10:37+00:00","dateModified":"2021-06-16T06:10:37+00:00","mainEntityOfPage":{"@id":"https:\/\/vosgesinfo.fr\/laplainedesvosgesinfo\/2021\/06\/departementales-les-candidats-etiquetes-vosges-en-commun-organisent-une-grande-reunion-publique\/"},"wordCount":102,"commentCount":0,"publisher":{"@id":"https:\/\/vosgesinfo.fr\/laplainedesvosgesinfo\/#organization"},"image":{"@id":"https:\/\/vosgesinfo.fr\/laplainedesvosgesinfo\/2021\/06\/departementales-les-candidats-etiquetes-vosges-en-commun-organisent-une-grande-reunion-publique\/#primaryimage"},"thumbnailUrl":"https:\/\/vosgesinfo.fr\/app\/uploads\/sites\/2\/2024\/07\/202106vosges-en-commun-departementales-2021.jpg","articleSection":["A la Une","Politique","Vosges"],"inLanguage":"fr-FR","potentialAction":[{"@type":"CommentAction","name":"Comment","target":["https:\/\/vosgesinfo.fr\/laplainedesvosgesinfo\/2021\/06\/departementales-les-candidats-etiquetes-vosges-en-commun-organisent-une-grande-reunion-publique\/#respond"]}]},{"@type":"WebPage","@id":"https:\/\/vosgesinfo.fr\/laplainedesvosgesinfo\/2021\/06\/departementales-les-candidats-etiquetes-vosges-en-commun-organisent-une-grande-reunion-publique\/","url":"https:\/\/vosgesinfo.fr\/laplainedesvosgesinfo\/2021\/06\/departementales-les-candidats-etiquetes-vosges-en-commun-organisent-une-grande-reunion-publique\/","name":"D\u00e9partementales : les candidats \u00e9tiquet\u00e9s \u00ab Vosges en commun \u00bb organisent une grande r\u00e9union publique - La Plaine des Vosges","isPartOf":{"@id":"https:\/\/vosgesinfo.fr\/laplainedesvosgesinfo\/#website"},"primaryImageOfPage":{"@id":"https:\/\/vosgesinfo.fr\/laplainedesvosgesinfo\/2021\/06\/departementales-les-candidats-etiquetes-vosges-en-commun-organisent-une-grande-reunion-publique\/#primaryimage"},"image":{"@id":"https:\/\/vosgesinfo.fr\/laplainedesvosgesinfo\/2021\/06\/departementales-les-candidats-etiquetes-vosges-en-commun-organisent-une-grande-reunion-publique\/#primaryimage"},"thumbnailUrl":"https:\/\/vosgesinfo.fr\/app\/uploads\/sites\/2\/2024\/07\/202106vosges-en-commun-departementales-2021.jpg","datePublished":"2021-06-16T06:10:37+00:00","dateModified":"2021-06-16T06:10:37+00:00","breadcrumb":{"@id":"https:\/\/vosgesinfo.fr\/laplainedesvosgesinfo\/2021\/06\/departementales-les-candidats-etiquetes-vosges-en-commun-organisent-une-grande-reunion-publique\/#breadcrumb"},"inLanguage":"fr-FR","potentialAction":[{"@type":"ReadAction","target":["https:\/\/vosgesinfo.fr\/laplainedesvosgesinfo\/2021\/06\/departementales-les-candidats-etiquetes-vosges-en-commun-organisent-une-grande-reunion-publique\/"]}]},{"@type":"ImageObject","inLanguage":"fr-FR","@id":"https:\/\/vosgesinfo.fr\/laplainedesvosgesinfo\/2021\/06\/departementales-les-candidats-etiquetes-vosges-en-commun-organisent-une-grande-reunion-publique\/#primaryimage","url":"https:\/\/vosgesinfo.fr\/app\/uploads\/sites\/2\/2024\/07\/202106vosges-en-commun-departementales-2021.jpg","contentUrl":"https:\/\/vosgesinfo.fr\/app\/uploads\/sites\/2\/2024\/07\/202106vosges-en-commun-departementales-2021.jpg","width":800,"height":566},{"@type":"BreadcrumbList","@id":"https:\/\/vosgesinfo.fr\/laplainedesvosgesinfo\/2021\/06\/departementales-les-candidats-etiquetes-vosges-en-commun-organisent-une-grande-reunion-publique\/#breadcrumb","itemListElement":[{"@type":"ListItem","position":1,"name":"Home","item":"https:\/\/vosgesinfo.fr\/laplainedesvosgesinfo\/"},{"@type":"ListItem","position":2,"name":"D\u00e9partementales : les candidats \u00e9tiquet\u00e9s \u00ab Vosges en commun \u00bb organisent une grande r\u00e9union publique"}]},{"@type":"WebSite","@id":"https:\/\/vosgesinfo.fr\/laplainedesvosgesinfo\/#website","url":"https:\/\/vosgesinfo.fr\/laplainedesvosgesinfo\/","name":"La Plaine des Vosges","description":"Toute l&#039;actualit\u00e9 de la plaine de Vosges","publisher":{"@id":"https:\/\/vosgesinfo.fr\/laplainedesvosgesinfo\/#organization"},"alternateName":"Toute l'actualit\u00e9 de la plaine des Vosges","potentialAction":[{"@type":"SearchAction","target":{"@type":"EntryPoint","urlTemplate":"https:\/\/vosgesinfo.fr\/laplainedesvosgesinfo\/?s={search_term_string}"},"query-input":"required name=search_term_string"}],"inLanguage":"fr-FR"},{"@type":"Organization","@id":"https:\/\/vosgesinfo.fr\/laplainedesvosgesinfo\/#organization","name":"La Plaine des Vosges","url":"https:\/\/vosgesinfo.fr\/laplainedesvosgesinfo\/","logo":{"@type":"ImageObject","inLanguage":"fr-FR","@id":"https:\/\/vosgesinfo.fr\/laplainedesvosgesinfo\/#\/schema\/logo\/image\/","url":"https:\/\/vosgesinfo.fr\/app\/uploads\/sites\/2\/2023\/08\/logo-laplaineinfo.svg","contentUrl":"https:\/\/vosgesinfo.fr\/app\/uploads\/sites\/2\/2023\/08\/logo-laplaineinfo.svg","width":1,"height":1,"caption":"La Plaine des Vosges"},"image":{"@id":"https:\/\/vosgesinfo.fr\/laplainedesvosgesinfo\/#\/schema\/logo\/image\/"},"sameAs":["https:\/\/www.facebook.com\/laplainedesvosges","https:\/\/x.com\/VosgesInfo88","https:\/\/www.youtube.com\/@vosgesinfo"]},{"@type":"Person","@id":"https:\/\/vosgesinfo.fr\/laplainedesvosgesinfo\/#\/schema\/person\/bc5d02d71e6932e81b6dadb7386667b1","name":"qs_admin","image":{"@type":"ImageObject","inLanguage":"fr-FR","@id":"https:\/\/vosgesinfo.fr\/laplainedesvosgesinfo\/#\/schema\/person\/image\/","url":"https:\/\/secure.gravatar.com\/avatar\/94b18ee0ed79e4a42ea2f2931277b6841a8999fc6fde214600c78057cf1fe1de?s=96&d=mm&r=g","contentUrl":"https:\/\/secure.gravatar.com\/avatar\/94b18ee0ed79e4a42ea2f2931277b6841a8999fc6fde214600c78057cf1fe1de?s=96&d=mm&r=g","caption":"qs_admin"},"sameAs":["https:\/\/vosgesinfo.fr\/wp"],"url":"https:\/\/vosgesinfo.fr\/laplainedesvosgesinfo\/author\/qs_admin\/"}]}},"_links":{"self":[{"href":"https:\/\/vosgesinfo.fr\/laplainedesvosgesinfo\/wp-json\/wp\/v2\/posts\/19253","targetHints":{"allow":["GET"]}}],"collection":[{"href":"https:\/\/vosgesinfo.fr\/laplainedesvosgesinfo\/wp-json\/wp\/v2\/posts"}],"about":[{"href":"https:\/\/vosgesinfo.fr\/laplainedesvosgesinfo\/wp-json\/wp\/v2\/types\/post"}],"author":[{"embeddable":true,"href":"https:\/\/vosgesinfo.fr\/laplainedesvosgesinfo\/wp-json\/wp\/v2\/users\/1"}],"replies":[{"embeddable":true,"href":"https:\/\/vosgesinfo.fr\/laplainedesvosgesinfo\/wp-json\/wp\/v2\/comments?post=19253"}],"version-history":[{"count":0,"href":"https:\/\/vosgesinfo.fr\/laplainedesvosgesinfo\/wp-json\/wp\/v2\/posts\/19253\/revisions"}],"wp:featuredmedia":[{"embeddable":true,"href":"https:\/\/vosgesinfo.fr\/laplainedesvosgesinfo\/wp-json\/wp\/v2\/media\/19254"}],"wp:attachment":[{"href":"https:\/\/vosgesinfo.fr\/laplainedesvosgesinfo\/wp-json\/wp\/v2\/media?parent=19253"}],"wp:term":[{"taxonomy":"category","embeddable":true,"href":"https:\/\/vosgesinfo.fr\/laplainedesvosgesinfo\/wp-json\/wp\/v2\/categories?post=19253"},{"taxonomy":"post_tag","embeddable":true,"href":"https:\/\/vosgesinfo.fr\/laplainedesvosgesinfo\/wp-json\/wp\/v2\/tags?post=19253"}],"curies":[{"name":"wp","href":"https:\/\/api.w.org\/{rel}","templated":true}]}}