{"id":19255,"date":"2021-06-16T12:35:53","date_gmt":"2021-06-16T10:35:53","guid":{"rendered":"https:\/\/vosgesinfo.fr\/laplainedesvosgesinfo\/2021\/06\/covid-19-levee-du-couvre-feu-et-fin-dobligation-du-port-du-masque-en-exterieur\/"},"modified":"2021-06-16T12:35:53","modified_gmt":"2021-06-16T10:35:53","slug":"covid-19-levee-du-couvre-feu-et-fin-dobligation-du-port-du-masque-en-exterieur","status":"publish","type":"post","link":"https:\/\/vosgesinfo.fr\/laplainedesvosgesinfo\/2021\/06\/covid-19-levee-du-couvre-feu-et-fin-dobligation-du-port-du-masque-en-exterieur\/","title":{"rendered":"Covid-19 \u2013 Lev\u00e9e du couvre-feu et fin d\u2019obligation du port du masque en ext\u00e9rieur"},"content":{"rendered":"<h2><strong>Le premier ministre Jean Castex vient de l\u2019annoncer ce mercredi : le couvre-feu va \u00eatre lev\u00e9 ce dimanche 20 juin, soit avec 15 jours d\u2019avance sur le calendrier gouvernemental. De plus, l\u2019obligation g\u00e9n\u00e9rale du port du masque en ext\u00e9rieur sera lev\u00e9e d\u00e8s demain jeudi. Le port du masque restera cependant en vigueur dans les lieux bond\u00e9s (file d\u2019attente par exemple), et sera toujours obligatoire dans les lieux clos.<\/strong><\/h2>\n<p>J.J.<\/p>\n","protected":false},"excerpt":{"rendered":"<p>Le premier ministre Jean Castex vient de l\u2019annoncer ce mercredi : le couvre-feu va \u00eatre lev\u00e9 ce dimanche 20 juin, [&hellip;]<\/p>\n","protected":false},"author":1,"featured_media":19256,"comment_status":"open","ping_status":"open","sticky":false,"template":"","format":"standard","meta":{"footnotes":""},"categories":[29,12],"tags":[],"class_list":["post-19255","post","type-post","status-publish","format-standard","has-post-thumbnail","hentry","category-a-la-une","category-sante"],"acf":[],"yoast_head":"<!-- This site is optimized with the Yoast SEO plugin v22.5 - https:\/\/yoast.com\/wordpress\/plugins\/seo\/ -->\n<title>Covid-19 \u2013 Lev\u00e9e du couvre-feu et fin d\u2019obligation du port du masque en ext\u00e9rieur - La Plaine des Vosges<\/title>\n<meta name=\"robots\" content=\"index, follow, max-snippet:-1, max-image-preview:large, max-video-preview:-1\" \/>\n<link rel=\"canonical\" href=\"https:\/\/vosgesinfo.fr\/laplainedesvosgesinfo\/2021\/06\/covid-19-levee-du-couvre-feu-et-fin-dobligation-du-port-du-masque-en-exterieur\/\" \/>\n<meta name=\"twitter:card\" content=\"summary_large_image\" \/>\n<meta name=\"twitter:title\" content=\"Covid-19 \u2013 Lev\u00e9e du couvre-feu et fin d\u2019obligation du port du masque en ext\u00e9rieur - La Plaine des Vosges\" \/>\n<meta name=\"twitter:description\" content=\"Le premier ministre Jean Castex vient de l\u2019annoncer ce mercredi : le couvre-feu va \u00eatre lev\u00e9 ce dimanche 20 juin, [&hellip;]\" \/>\n<meta name=\"twitter:image\" content=\"https:\/\/vosgesinfo.fr\/app\/uploads\/sites\/2\/2024\/07\/202010masque-foule-rue-400x2551-1.jpg\" \/>\n<meta name=\"twitter:creator\" content=\"@VosgesInfo88\" \/>\n<meta name=\"twitter:site\" content=\"@VosgesInfo88\" \/>\n<meta name=\"twitter:label1\" content=\"\u00c9crit par\" \/>\n\t<meta name=\"twitter:data1\" content=\"qs_admin\" \/>\n<script type=\"application\/ld+json\" class=\"yoast-schema-graph\">{\"@context\":\"https:\/\/schema.org\",\"@graph\":[{\"@type\":\"Article\",\"@id\":\"https:\/\/vosgesinfo.fr\/laplainedesvosgesinfo\/2021\/06\/covid-19-levee-du-couvre-feu-et-fin-dobligation-du-port-du-masque-en-exterieur\/#article\",\"isPartOf\":{\"@id\":\"https:\/\/vosgesinfo.fr\/laplainedesvosgesinfo\/2021\/06\/covid-19-levee-du-couvre-feu-et-fin-dobligation-du-port-du-masque-en-exterieur\/\"},\"author\":{\"name\":\"qs_admin\",\"@id\":\"https:\/\/vosgesinfo.fr\/laplainedesvosgesinfo\/#\/schema\/person\/bc5d02d71e6932e81b6dadb7386667b1\"},\"headline\":\"Covid-19 \u2013 Lev\u00e9e du couvre-feu et fin d\u2019obligation du port du masque en ext\u00e9rieur\",\"datePublished\":\"2021-06-16T10:35:53+00:00\",\"dateModified\":\"2021-06-16T10:35:53+00:00\",\"mainEntityOfPage\":{\"@id\":\"https:\/\/vosgesinfo.fr\/laplainedesvosgesinfo\/2021\/06\/covid-19-levee-du-couvre-feu-et-fin-dobligation-du-port-du-masque-en-exterieur\/\"},\"wordCount\":93,\"commentCount\":0,\"publisher\":{\"@id\":\"https:\/\/vosgesinfo.fr\/laplainedesvosgesinfo\/#organization\"},\"image\":{\"@id\":\"https:\/\/vosgesinfo.fr\/laplainedesvosgesinfo\/2021\/06\/covid-19-levee-du-couvre-feu-et-fin-dobligation-du-port-du-masque-en-exterieur\/#primaryimage\"},\"thumbnailUrl\":\"https:\/\/vosgesinfo.fr\/app\/uploads\/sites\/2\/2024\/07\/202010masque-foule-rue-400x2551-1.jpg\",\"articleSection\":[\"A la Une\",\"Sant\u00e9\"],\"inLanguage\":\"fr-FR\",\"potentialAction\":[{\"@type\":\"CommentAction\",\"name\":\"Comment\",\"target\":[\"https:\/\/vosgesinfo.fr\/laplainedesvosgesinfo\/2021\/06\/covid-19-levee-du-couvre-feu-et-fin-dobligation-du-port-du-masque-en-exterieur\/#respond\"]}]},{\"@type\":\"WebPage\",\"@id\":\"https:\/\/vosgesinfo.fr\/laplainedesvosgesinfo\/2021\/06\/covid-19-levee-du-couvre-feu-et-fin-dobligation-du-port-du-masque-en-exterieur\/\",\"url\":\"https:\/\/vosgesinfo.fr\/laplainedesvosgesinfo\/2021\/06\/covid-19-levee-du-couvre-feu-et-fin-dobligation-du-port-du-masque-en-exterieur\/\",\"name\":\"Covid-19 \u2013 Lev\u00e9e du couvre-feu et fin d\u2019obligation du port du masque en ext\u00e9rieur - La Plaine des Vosges\",\"isPartOf\":{\"@id\":\"https:\/\/vosgesinfo.fr\/laplainedesvosgesinfo\/#website\"},\"primaryImageOfPage\":{\"@id\":\"https:\/\/vosgesinfo.fr\/laplainedesvosgesinfo\/2021\/06\/covid-19-levee-du-couvre-feu-et-fin-dobligation-du-port-du-masque-en-exterieur\/#primaryimage\"},\"image\":{\"@id\":\"https:\/\/vosgesinfo.fr\/laplainedesvosgesinfo\/2021\/06\/covid-19-levee-du-couvre-feu-et-fin-dobligation-du-port-du-masque-en-exterieur\/#primaryimage\"},\"thumbnailUrl\":\"https:\/\/vosgesinfo.fr\/app\/uploads\/sites\/2\/2024\/07\/202010masque-foule-rue-400x2551-1.jpg\",\"datePublished\":\"2021-06-16T10:35:53+00:00\",\"dateModified\":\"2021-06-16T10:35:53+00:00\",\"breadcrumb\":{\"@id\":\"https:\/\/vosgesinfo.fr\/laplainedesvosgesinfo\/2021\/06\/covid-19-levee-du-couvre-feu-et-fin-dobligation-du-port-du-masque-en-exterieur\/#breadcrumb\"},\"inLanguage\":\"fr-FR\",\"potentialAction\":[{\"@type\":\"ReadAction\",\"target\":[\"https:\/\/vosgesinfo.fr\/laplainedesvosgesinfo\/2021\/06\/covid-19-levee-du-couvre-feu-et-fin-dobligation-du-port-du-masque-en-exterieur\/\"]}]},{\"@type\":\"ImageObject\",\"inLanguage\":\"fr-FR\",\"@id\":\"https:\/\/vosgesinfo.fr\/laplainedesvosgesinfo\/2021\/06\/covid-19-levee-du-couvre-feu-et-fin-dobligation-du-port-du-masque-en-exterieur\/#primaryimage\",\"url\":\"https:\/\/vosgesinfo.fr\/app\/uploads\/sites\/2\/2024\/07\/202010masque-foule-rue-400x2551-1.jpg\",\"contentUrl\":\"https:\/\/vosgesinfo.fr\/app\/uploads\/sites\/2\/2024\/07\/202010masque-foule-rue-400x2551-1.jpg\",\"width\":400,\"height\":255},{\"@type\":\"BreadcrumbList\",\"@id\":\"https:\/\/vosgesinfo.fr\/laplainedesvosgesinfo\/2021\/06\/covid-19-levee-du-couvre-feu-et-fin-dobligation-du-port-du-masque-en-exterieur\/#breadcrumb\",\"itemListElement\":[{\"@type\":\"ListItem\",\"position\":1,\"name\":\"Home\",\"item\":\"https:\/\/vosgesinfo.fr\/laplainedesvosgesinfo\/\"},{\"@type\":\"ListItem\",\"position\":2,\"name\":\"Covid-19 \u2013 Lev\u00e9e du couvre-feu et fin d\u2019obligation du port du masque en ext\u00e9rieur\"}]},{\"@type\":\"WebSite\",\"@id\":\"https:\/\/vosgesinfo.fr\/laplainedesvosgesinfo\/#website\",\"url\":\"https:\/\/vosgesinfo.fr\/laplainedesvosgesinfo\/\",\"name\":\"La Plaine des Vosges\",\"description\":\"Toute l&#039;actualit\u00e9 de la plaine de Vosges\",\"publisher\":{\"@id\":\"https:\/\/vosgesinfo.fr\/laplainedesvosgesinfo\/#organization\"},\"alternateName\":\"Toute l'actualit\u00e9 de la plaine des Vosges\",\"potentialAction\":[{\"@type\":\"SearchAction\",\"target\":{\"@type\":\"EntryPoint\",\"urlTemplate\":\"https:\/\/vosgesinfo.fr\/laplainedesvosgesinfo\/?s={search_term_string}\"},\"query-input\":\"required name=search_term_string\"}],\"inLanguage\":\"fr-FR\"},{\"@type\":\"Organization\",\"@id\":\"https:\/\/vosgesinfo.fr\/laplainedesvosgesinfo\/#organization\",\"name\":\"La Plaine des Vosges\",\"url\":\"https:\/\/vosgesinfo.fr\/laplainedesvosgesinfo\/\",\"logo\":{\"@type\":\"ImageObject\",\"inLanguage\":\"fr-FR\",\"@id\":\"https:\/\/vosgesinfo.fr\/laplainedesvosgesinfo\/#\/schema\/logo\/image\/\",\"url\":\"https:\/\/vosgesinfo.fr\/app\/uploads\/sites\/2\/2023\/08\/logo-laplaineinfo.svg\",\"contentUrl\":\"https:\/\/vosgesinfo.fr\/app\/uploads\/sites\/2\/2023\/08\/logo-laplaineinfo.svg\",\"width\":1,\"height\":1,\"caption\":\"La Plaine des Vosges\"},\"image\":{\"@id\":\"https:\/\/vosgesinfo.fr\/laplainedesvosgesinfo\/#\/schema\/logo\/image\/\"},\"sameAs\":[\"https:\/\/www.facebook.com\/laplainedesvosges\",\"https:\/\/x.com\/VosgesInfo88\",\"https:\/\/www.youtube.com\/@vosgesinfo\"]},{\"@type\":\"Person\",\"@id\":\"https:\/\/vosgesinfo.fr\/laplainedesvosgesinfo\/#\/schema\/person\/bc5d02d71e6932e81b6dadb7386667b1\",\"name\":\"qs_admin\",\"image\":{\"@type\":\"ImageObject\",\"inLanguage\":\"fr-FR\",\"@id\":\"https:\/\/vosgesinfo.fr\/laplainedesvosgesinfo\/#\/schema\/person\/image\/\",\"url\":\"https:\/\/secure.gravatar.com\/avatar\/94b18ee0ed79e4a42ea2f2931277b6841a8999fc6fde214600c78057cf1fe1de?s=96&d=mm&r=g\",\"contentUrl\":\"https:\/\/secure.gravatar.com\/avatar\/94b18ee0ed79e4a42ea2f2931277b6841a8999fc6fde214600c78057cf1fe1de?s=96&d=mm&r=g\",\"caption\":\"qs_admin\"},\"sameAs\":[\"https:\/\/vosgesinfo.fr\/wp\"],\"url\":\"https:\/\/vosgesinfo.fr\/laplainedesvosgesinfo\/author\/qs_admin\/\"}]}<\/script>\n<!-- \/ Yoast SEO plugin. -->","yoast_head_json":{"title":"Covid-19 \u2013 Lev\u00e9e du couvre-feu et fin d\u2019obligation du port du masque en ext\u00e9rieur - La Plaine des Vosges","robots":{"index":"index","follow":"follow","max-snippet":"max-snippet:-1","max-image-preview":"max-image-preview:large","max-video-preview":"max-video-preview:-1"},"canonical":"https:\/\/vosgesinfo.fr\/laplainedesvosgesinfo\/2021\/06\/covid-19-levee-du-couvre-feu-et-fin-dobligation-du-port-du-masque-en-exterieur\/","twitter_card":"summary_large_image","twitter_title":"Covid-19 \u2013 Lev\u00e9e du couvre-feu et fin d\u2019obligation du port du masque en ext\u00e9rieur - La Plaine des Vosges","twitter_description":"Le premier ministre Jean Castex vient de l\u2019annoncer ce mercredi : le couvre-feu va \u00eatre lev\u00e9 ce dimanche 20 juin, [&hellip;]","twitter_image":"https:\/\/vosgesinfo.fr\/app\/uploads\/sites\/2\/2024\/07\/202010masque-foule-rue-400x2551-1.jpg","twitter_creator":"@VosgesInfo88","twitter_site":"@VosgesInfo88","twitter_misc":{"\u00c9crit par":"qs_admin"},"schema":{"@context":"https:\/\/schema.org","@graph":[{"@type":"Article","@id":"https:\/\/vosgesinfo.fr\/laplainedesvosgesinfo\/2021\/06\/covid-19-levee-du-couvre-feu-et-fin-dobligation-du-port-du-masque-en-exterieur\/#article","isPartOf":{"@id":"https:\/\/vosgesinfo.fr\/laplainedesvosgesinfo\/2021\/06\/covid-19-levee-du-couvre-feu-et-fin-dobligation-du-port-du-masque-en-exterieur\/"},"author":{"name":"qs_admin","@id":"https:\/\/vosgesinfo.fr\/laplainedesvosgesinfo\/#\/schema\/person\/bc5d02d71e6932e81b6dadb7386667b1"},"headline":"Covid-19 \u2013 Lev\u00e9e du couvre-feu et fin d\u2019obligation du port du masque en ext\u00e9rieur","datePublished":"2021-06-16T10:35:53+00:00","dateModified":"2021-06-16T10:35:53+00:00","mainEntityOfPage":{"@id":"https:\/\/vosgesinfo.fr\/laplainedesvosgesinfo\/2021\/06\/covid-19-levee-du-couvre-feu-et-fin-dobligation-du-port-du-masque-en-exterieur\/"},"wordCount":93,"commentCount":0,"publisher":{"@id":"https:\/\/vosgesinfo.fr\/laplainedesvosgesinfo\/#organization"},"image":{"@id":"https:\/\/vosgesinfo.fr\/laplainedesvosgesinfo\/2021\/06\/covid-19-levee-du-couvre-feu-et-fin-dobligation-du-port-du-masque-en-exterieur\/#primaryimage"},"thumbnailUrl":"https:\/\/vosgesinfo.fr\/app\/uploads\/sites\/2\/2024\/07\/202010masque-foule-rue-400x2551-1.jpg","articleSection":["A la Une","Sant\u00e9"],"inLanguage":"fr-FR","potentialAction":[{"@type":"CommentAction","name":"Comment","target":["https:\/\/vosgesinfo.fr\/laplainedesvosgesinfo\/2021\/06\/covid-19-levee-du-couvre-feu-et-fin-dobligation-du-port-du-masque-en-exterieur\/#respond"]}]},{"@type":"WebPage","@id":"https:\/\/vosgesinfo.fr\/laplainedesvosgesinfo\/2021\/06\/covid-19-levee-du-couvre-feu-et-fin-dobligation-du-port-du-masque-en-exterieur\/","url":"https:\/\/vosgesinfo.fr\/laplainedesvosgesinfo\/2021\/06\/covid-19-levee-du-couvre-feu-et-fin-dobligation-du-port-du-masque-en-exterieur\/","name":"Covid-19 \u2013 Lev\u00e9e du couvre-feu et fin d\u2019obligation du port du masque en ext\u00e9rieur - La Plaine des Vosges","isPartOf":{"@id":"https:\/\/vosgesinfo.fr\/laplainedesvosgesinfo\/#website"},"primaryImageOfPage":{"@id":"https:\/\/vosgesinfo.fr\/laplainedesvosgesinfo\/2021\/06\/covid-19-levee-du-couvre-feu-et-fin-dobligation-du-port-du-masque-en-exterieur\/#primaryimage"},"image":{"@id":"https:\/\/vosgesinfo.fr\/laplainedesvosgesinfo\/2021\/06\/covid-19-levee-du-couvre-feu-et-fin-dobligation-du-port-du-masque-en-exterieur\/#primaryimage"},"thumbnailUrl":"https:\/\/vosgesinfo.fr\/app\/uploads\/sites\/2\/2024\/07\/202010masque-foule-rue-400x2551-1.jpg","datePublished":"2021-06-16T10:35:53+00:00","dateModified":"2021-06-16T10:35:53+00:00","breadcrumb":{"@id":"https:\/\/vosgesinfo.fr\/laplainedesvosgesinfo\/2021\/06\/covid-19-levee-du-couvre-feu-et-fin-dobligation-du-port-du-masque-en-exterieur\/#breadcrumb"},"inLanguage":"fr-FR","potentialAction":[{"@type":"ReadAction","target":["https:\/\/vosgesinfo.fr\/laplainedesvosgesinfo\/2021\/06\/covid-19-levee-du-couvre-feu-et-fin-dobligation-du-port-du-masque-en-exterieur\/"]}]},{"@type":"ImageObject","inLanguage":"fr-FR","@id":"https:\/\/vosgesinfo.fr\/laplainedesvosgesinfo\/2021\/06\/covid-19-levee-du-couvre-feu-et-fin-dobligation-du-port-du-masque-en-exterieur\/#primaryimage","url":"https:\/\/vosgesinfo.fr\/app\/uploads\/sites\/2\/2024\/07\/202010masque-foule-rue-400x2551-1.jpg","contentUrl":"https:\/\/vosgesinfo.fr\/app\/uploads\/sites\/2\/2024\/07\/202010masque-foule-rue-400x2551-1.jpg","width":400,"height":255},{"@type":"BreadcrumbList","@id":"https:\/\/vosgesinfo.fr\/laplainedesvosgesinfo\/2021\/06\/covid-19-levee-du-couvre-feu-et-fin-dobligation-du-port-du-masque-en-exterieur\/#breadcrumb","itemListElement":[{"@type":"ListItem","position":1,"name":"Home","item":"https:\/\/vosgesinfo.fr\/laplainedesvosgesinfo\/"},{"@type":"ListItem","position":2,"name":"Covid-19 \u2013 Lev\u00e9e du couvre-feu et fin d\u2019obligation du port du masque en ext\u00e9rieur"}]},{"@type":"WebSite","@id":"https:\/\/vosgesinfo.fr\/laplainedesvosgesinfo\/#website","url":"https:\/\/vosgesinfo.fr\/laplainedesvosgesinfo\/","name":"La Plaine des Vosges","description":"Toute l&#039;actualit\u00e9 de la plaine de Vosges","publisher":{"@id":"https:\/\/vosgesinfo.fr\/laplainedesvosgesinfo\/#organization"},"alternateName":"Toute l'actualit\u00e9 de la plaine des Vosges","potentialAction":[{"@type":"SearchAction","target":{"@type":"EntryPoint","urlTemplate":"https:\/\/vosgesinfo.fr\/laplainedesvosgesinfo\/?s={search_term_string}"},"query-input":"required name=search_term_string"}],"inLanguage":"fr-FR"},{"@type":"Organization","@id":"https:\/\/vosgesinfo.fr\/laplainedesvosgesinfo\/#organization","name":"La Plaine des Vosges","url":"https:\/\/vosgesinfo.fr\/laplainedesvosgesinfo\/","logo":{"@type":"ImageObject","inLanguage":"fr-FR","@id":"https:\/\/vosgesinfo.fr\/laplainedesvosgesinfo\/#\/schema\/logo\/image\/","url":"https:\/\/vosgesinfo.fr\/app\/uploads\/sites\/2\/2023\/08\/logo-laplaineinfo.svg","contentUrl":"https:\/\/vosgesinfo.fr\/app\/uploads\/sites\/2\/2023\/08\/logo-laplaineinfo.svg","width":1,"height":1,"caption":"La Plaine des Vosges"},"image":{"@id":"https:\/\/vosgesinfo.fr\/laplainedesvosgesinfo\/#\/schema\/logo\/image\/"},"sameAs":["https:\/\/www.facebook.com\/laplainedesvosges","https:\/\/x.com\/VosgesInfo88","https:\/\/www.youtube.com\/@vosgesinfo"]},{"@type":"Person","@id":"https:\/\/vosgesinfo.fr\/laplainedesvosgesinfo\/#\/schema\/person\/bc5d02d71e6932e81b6dadb7386667b1","name":"qs_admin","image":{"@type":"ImageObject","inLanguage":"fr-FR","@id":"https:\/\/vosgesinfo.fr\/laplainedesvosgesinfo\/#\/schema\/person\/image\/","url":"https:\/\/secure.gravatar.com\/avatar\/94b18ee0ed79e4a42ea2f2931277b6841a8999fc6fde214600c78057cf1fe1de?s=96&d=mm&r=g","contentUrl":"https:\/\/secure.gravatar.com\/avatar\/94b18ee0ed79e4a42ea2f2931277b6841a8999fc6fde214600c78057cf1fe1de?s=96&d=mm&r=g","caption":"qs_admin"},"sameAs":["https:\/\/vosgesinfo.fr\/wp"],"url":"https:\/\/vosgesinfo.fr\/laplainedesvosgesinfo\/author\/qs_admin\/"}]}},"_links":{"self":[{"href":"https:\/\/vosgesinfo.fr\/laplainedesvosgesinfo\/wp-json\/wp\/v2\/posts\/19255","targetHints":{"allow":["GET"]}}],"collection":[{"href":"https:\/\/vosgesinfo.fr\/laplainedesvosgesinfo\/wp-json\/wp\/v2\/posts"}],"about":[{"href":"https:\/\/vosgesinfo.fr\/laplainedesvosgesinfo\/wp-json\/wp\/v2\/types\/post"}],"author":[{"embeddable":true,"href":"https:\/\/vosgesinfo.fr\/laplainedesvosgesinfo\/wp-json\/wp\/v2\/users\/1"}],"replies":[{"embeddable":true,"href":"https:\/\/vosgesinfo.fr\/laplainedesvosgesinfo\/wp-json\/wp\/v2\/comments?post=19255"}],"version-history":[{"count":0,"href":"https:\/\/vosgesinfo.fr\/laplainedesvosgesinfo\/wp-json\/wp\/v2\/posts\/19255\/revisions"}],"wp:featuredmedia":[{"embeddable":true,"href":"https:\/\/vosgesinfo.fr\/laplainedesvosgesinfo\/wp-json\/wp\/v2\/media\/19256"}],"wp:attachment":[{"href":"https:\/\/vosgesinfo.fr\/laplainedesvosgesinfo\/wp-json\/wp\/v2\/media?parent=19255"}],"wp:term":[{"taxonomy":"category","embeddable":true,"href":"https:\/\/vosgesinfo.fr\/laplainedesvosgesinfo\/wp-json\/wp\/v2\/categories?post=19255"},{"taxonomy":"post_tag","embeddable":true,"href":"https:\/\/vosgesinfo.fr\/laplainedesvosgesinfo\/wp-json\/wp\/v2\/tags?post=19255"}],"curies":[{"name":"wp","href":"https:\/\/api.w.org\/{rel}","templated":true}]}}