{"id":1927,"date":"2024-05-24T14:54:04","date_gmt":"2024-05-24T12:54:04","guid":{"rendered":"https:\/\/vosgesinfo.fr\/laplainedesvosgesinfo\/2024\/05\/les-zelles-groupe-pando-renforce-son-ancrage-regional-avec-la-reprise-des-actifs-de-la-societe-julien-m\/"},"modified":"2024-05-30T17:19:25","modified_gmt":"2024-05-30T15:19:25","slug":"les-zelles-groupe-pando-renforce-son-ancrage-regional-avec-la-reprise-des-actifs-de-la-societe-julien-m","status":"publish","type":"post","link":"https:\/\/vosgesinfo.fr\/laplainedesvosgesinfo\/2024\/05\/les-zelles-groupe-pando-renforce-son-ancrage-regional-avec-la-reprise-des-actifs-de-la-societe-julien-m\/","title":{"rendered":"LES ZELLES \u2013 Groupe PANDO renforce son ancrage r\u00e9gional avec la reprise des actifs de la soci\u00e9t\u00e9 Julien M."},"content":{"rendered":"<p style=\"text-align: left;\" align=\"center\"><a href=\"https:\/\/vosgesinfo.fr\/app\/uploads\/2024\/05\/reprise-les-zelles-3.png\"><img decoding=\"async\" class=\"aligncenter size-large wp-image-1387\" src=\"https:\/\/vosgesinfo.fr\/app\/uploads\/2024\/05\/reprise-les-zelles-3-1024x695.png\" alt=\"\" width=\"1024\" height=\"695\" \/><\/a><\/p>\n<h3><span style=\"color: #000000; font-size: 14pt;\"><span style=\"font-family: Times New Roman, serif;\">Le 26 avril dernier, et apr\u00e8s 24 ans de relations commerciales fortes, LES ZELLES \u2013 Groupe PANDO a finalis\u00e9 la reprise du fonds de commerce et de l\u2019immobilier de la soci\u00e9t\u00e9 JULIEN M ainsi que de ses 5 salari\u00e9s.<\/span><\/span><\/h3>\n<p><span style=\"color: #000000; font-size: 14pt;\"><span style=\"font-family: Times New Roman, serif;\">A travers ce rapprochement, ce sont des emplois et une activit\u00e9 \u00e9conomique qui seront p\u00e9rennis\u00e9s \u00e0 La Bresse mais c\u2019est \u00e9galement l\u2019opportunit\u00e9 pour LES ZELLES \u2013 Groupe PANDO de renforcer ses savoir-faire et son excellence op\u00e9rationnelle en r\u00e9int\u00e9grant dans ses processus industriels la d\u00e9coupe sur mesure de panneaux de remplissage (PVC \/ ALU) et la conception \/ fabrication de fourrures bois. <\/span><\/span><\/p>\n<p><span style=\"color: #000000; font-size: 14pt;\"><span style=\"font-family: Times New Roman, serif;\"><a href=\"https:\/\/vosgesinfo.fr\/app\/uploads\/2024\/05\/reprise-les-zelles-2.png\"><img decoding=\"async\" class=\"alignright size-medium wp-image-1386\" src=\"https:\/\/vosgesinfo.fr\/app\/uploads\/2024\/05\/reprise-les-zelles-2-300x208.png\" alt=\"\" width=\"300\" height=\"208\" \/><\/a>C\u2019est \u00e9galement pour LES ZELLES \u2013 Groupe PANDO l\u2019opportunit\u00e9 d\u2019un \u00e9largissement suppl\u00e9mentaire de son offre de service \u00e0 destination de ses clients permettant ainsi de les accompagner encore plus loin dans le d\u00e9veloppement de leur activit\u00e9.<br \/>\n<\/span><\/span><\/p>\n<p><span style=\"color: #000000; font-size: 14pt;\"><span style=\"font-family: Times New Roman, serif;\">Laurent DEMASLES \u2013 Pr\u00e9sident LES ZELLES \u2013 Groupe PANDO\u00a0: \u00ab\u00a0Nous sommes fiers et heureux d\u2019accueillir au sein du Groupe les salari\u00e9s de l\u2019entreprise JULIEN M qui au travers de leurs comp\u00e9tences et rigueur contribueront \u00e0 renforcer notre projet d\u2019entreprise et \u00e0 atteindre nos objectifs d\u2019entreprise \u00e0 mission.\u00a0\u00bb <\/span><\/span><\/p>\n<p><span style=\"color: #000000; font-size: 14pt;\"><span style=\"font-family: Times New Roman, serif;\">Rapha\u00ebl RAVELLO \u2013 G\u00e9rant JULIEN M\u00a0: \u00ab\u00a0Ce rapprochement est l\u2019aboutissement d\u2019une aventure entrepreneuriale de 24 ann\u00e9es au cours de laquelle LES ZELLES et nos autres partenaires ont accompagn\u00e9 JULIEN M dans son d\u00e9veloppement. Je les remercie pour leur confiance et leur loyaut\u00e9 durant toutes ces ann\u00e9es. Je suis tr\u00e8s heureux que mes anciens collaborateurs puissent d\u00e9sormais contribuer \u00e0 la r\u00e9ussite du projet d\u2019entreprise ambitieux que porte LES ZELLES.\u00a0\u00bb<\/span><\/span><\/p>\n<p><a href=\"https:\/\/vosgesinfo.fr\/app\/uploads\/2024\/05\/reprise-les-zelles-1.png\"><img decoding=\"async\" class=\"aligncenter size-large wp-image-1388\" src=\"https:\/\/vosgesinfo.fr\/app\/uploads\/2024\/05\/reprise-les-zelles-1-1024x418.png\" alt=\"\" width=\"1024\" height=\"418\" \/><\/a><\/p>\n","protected":false},"excerpt":{"rendered":"<p>Le 26 avril dernier, et apr\u00e8s 24 ans de relations commerciales fortes, LES ZELLES \u2013 Groupe PANDO a finalis\u00e9 la [&hellip;]<\/p>\n","protected":false},"author":126,"featured_media":1928,"comment_status":"open","ping_status":"open","sticky":false,"template":"","format":"standard","meta":{"footnotes":""},"categories":[29,383,294,380,384,18],"tags":[413,414],"class_list":["post-1927","post","type-post","status-publish","format-standard","has-post-thumbnail","hentry","category-a-la-une","category-epinal","category-gerardmer","category-la-plaine-des-vosges","category-saint-die","category-vosges","tag-julien-m","tag-les-zelles"],"acf":[],"yoast_head":"<!-- This site is optimized with the Yoast SEO plugin v22.5 - https:\/\/yoast.com\/wordpress\/plugins\/seo\/ -->\n<title>LES ZELLES \u2013 Groupe PANDO renforce son ancrage r\u00e9gional avec la reprise des actifs de la soci\u00e9t\u00e9 Julien M. - La Plaine des Vosges<\/title>\n<meta name=\"robots\" content=\"index, follow, max-snippet:-1, max-image-preview:large, max-video-preview:-1\" \/>\n<link rel=\"canonical\" href=\"https:\/\/vosgesinfo.fr\/laplainedesvosgesinfo\/2024\/05\/les-zelles-groupe-pando-renforce-son-ancrage-regional-avec-la-reprise-des-actifs-de-la-societe-julien-m\/\" \/>\n<meta name=\"twitter:card\" content=\"summary_large_image\" \/>\n<meta name=\"twitter:title\" content=\"LES ZELLES \u2013 Groupe PANDO renforce son ancrage r\u00e9gional avec la reprise des actifs de la soci\u00e9t\u00e9 Julien M. - La Plaine des Vosges\" \/>\n<meta name=\"twitter:description\" content=\"Le 26 avril dernier, et apr\u00e8s 24 ans de relations commerciales fortes, LES ZELLES \u2013 Groupe PANDO a finalis\u00e9 la [&hellip;]\" \/>\n<meta name=\"twitter:image\" content=\"https:\/\/vosgesinfo.fr\/app\/uploads\/sites\/2\/2024\/05\/reprise-les-zelles-3.png\" \/>\n<meta name=\"twitter:creator\" content=\"@VosgesInfo88\" \/>\n<meta name=\"twitter:site\" content=\"@VosgesInfo88\" \/>\n<meta name=\"twitter:label1\" content=\"\u00c9crit par\" \/>\n\t<meta name=\"twitter:data1\" content=\"La R\u00e9daction\" \/>\n\t<meta name=\"twitter:label2\" content=\"Dur\u00e9e de lecture estim\u00e9e\" \/>\n\t<meta name=\"twitter:data2\" content=\"1 minute\" \/>\n<script type=\"application\/ld+json\" class=\"yoast-schema-graph\">{\"@context\":\"https:\/\/schema.org\",\"@graph\":[{\"@type\":\"Article\",\"@id\":\"https:\/\/vosgesinfo.fr\/laplainedesvosgesinfo\/2024\/05\/les-zelles-groupe-pando-renforce-son-ancrage-regional-avec-la-reprise-des-actifs-de-la-societe-julien-m\/#article\",\"isPartOf\":{\"@id\":\"https:\/\/vosgesinfo.fr\/laplainedesvosgesinfo\/2024\/05\/les-zelles-groupe-pando-renforce-son-ancrage-regional-avec-la-reprise-des-actifs-de-la-societe-julien-m\/\"},\"author\":{\"name\":\"La R\u00e9daction\",\"@id\":\"https:\/\/vosgesinfo.fr\/laplainedesvosgesinfo\/#\/schema\/person\/db412391f749f1ee67e177e1dc017316\"},\"headline\":\"LES ZELLES \u2013 Groupe PANDO renforce son ancrage r\u00e9gional avec la reprise des actifs de la soci\u00e9t\u00e9 Julien M.\",\"datePublished\":\"2024-05-24T12:54:04+00:00\",\"dateModified\":\"2024-05-30T15:19:25+00:00\",\"mainEntityOfPage\":{\"@id\":\"https:\/\/vosgesinfo.fr\/laplainedesvosgesinfo\/2024\/05\/les-zelles-groupe-pando-renforce-son-ancrage-regional-avec-la-reprise-des-actifs-de-la-societe-julien-m\/\"},\"wordCount\":288,\"commentCount\":0,\"publisher\":{\"@id\":\"https:\/\/vosgesinfo.fr\/laplainedesvosgesinfo\/#organization\"},\"image\":{\"@id\":\"https:\/\/vosgesinfo.fr\/laplainedesvosgesinfo\/2024\/05\/les-zelles-groupe-pando-renforce-son-ancrage-regional-avec-la-reprise-des-actifs-de-la-societe-julien-m\/#primaryimage\"},\"thumbnailUrl\":\"https:\/\/vosgesinfo.fr\/app\/uploads\/sites\/2\/2024\/05\/reprise-les-zelles-3.png\",\"keywords\":[\"Julien M\",\"Les Zelles\"],\"articleSection\":[\"A la Une\",\"Epinal\",\"G\u00e9rardmer\",\"La plaine des vosges\",\"Saint-di\u00e9\",\"Vosges\"],\"inLanguage\":\"fr-FR\",\"potentialAction\":[{\"@type\":\"CommentAction\",\"name\":\"Comment\",\"target\":[\"https:\/\/vosgesinfo.fr\/laplainedesvosgesinfo\/2024\/05\/les-zelles-groupe-pando-renforce-son-ancrage-regional-avec-la-reprise-des-actifs-de-la-societe-julien-m\/#respond\"]}]},{\"@type\":\"WebPage\",\"@id\":\"https:\/\/vosgesinfo.fr\/laplainedesvosgesinfo\/2024\/05\/les-zelles-groupe-pando-renforce-son-ancrage-regional-avec-la-reprise-des-actifs-de-la-societe-julien-m\/\",\"url\":\"https:\/\/vosgesinfo.fr\/laplainedesvosgesinfo\/2024\/05\/les-zelles-groupe-pando-renforce-son-ancrage-regional-avec-la-reprise-des-actifs-de-la-societe-julien-m\/\",\"name\":\"LES ZELLES \u2013 Groupe PANDO renforce son ancrage r\u00e9gional avec la reprise des actifs de la soci\u00e9t\u00e9 Julien M. - La Plaine des Vosges\",\"isPartOf\":{\"@id\":\"https:\/\/vosgesinfo.fr\/laplainedesvosgesinfo\/#website\"},\"primaryImageOfPage\":{\"@id\":\"https:\/\/vosgesinfo.fr\/laplainedesvosgesinfo\/2024\/05\/les-zelles-groupe-pando-renforce-son-ancrage-regional-avec-la-reprise-des-actifs-de-la-societe-julien-m\/#primaryimage\"},\"image\":{\"@id\":\"https:\/\/vosgesinfo.fr\/laplainedesvosgesinfo\/2024\/05\/les-zelles-groupe-pando-renforce-son-ancrage-regional-avec-la-reprise-des-actifs-de-la-societe-julien-m\/#primaryimage\"},\"thumbnailUrl\":\"https:\/\/vosgesinfo.fr\/app\/uploads\/sites\/2\/2024\/05\/reprise-les-zelles-3.png\",\"datePublished\":\"2024-05-24T12:54:04+00:00\",\"dateModified\":\"2024-05-30T15:19:25+00:00\",\"breadcrumb\":{\"@id\":\"https:\/\/vosgesinfo.fr\/laplainedesvosgesinfo\/2024\/05\/les-zelles-groupe-pando-renforce-son-ancrage-regional-avec-la-reprise-des-actifs-de-la-societe-julien-m\/#breadcrumb\"},\"inLanguage\":\"fr-FR\",\"potentialAction\":[{\"@type\":\"ReadAction\",\"target\":[\"https:\/\/vosgesinfo.fr\/laplainedesvosgesinfo\/2024\/05\/les-zelles-groupe-pando-renforce-son-ancrage-regional-avec-la-reprise-des-actifs-de-la-societe-julien-m\/\"]}]},{\"@type\":\"ImageObject\",\"inLanguage\":\"fr-FR\",\"@id\":\"https:\/\/vosgesinfo.fr\/laplainedesvosgesinfo\/2024\/05\/les-zelles-groupe-pando-renforce-son-ancrage-regional-avec-la-reprise-des-actifs-de-la-societe-julien-m\/#primaryimage\",\"url\":\"https:\/\/vosgesinfo.fr\/app\/uploads\/sites\/2\/2024\/05\/reprise-les-zelles-3.png\",\"contentUrl\":\"https:\/\/vosgesinfo.fr\/app\/uploads\/sites\/2\/2024\/05\/reprise-les-zelles-3.png\",\"width\":1089,\"height\":739},{\"@type\":\"BreadcrumbList\",\"@id\":\"https:\/\/vosgesinfo.fr\/laplainedesvosgesinfo\/2024\/05\/les-zelles-groupe-pando-renforce-son-ancrage-regional-avec-la-reprise-des-actifs-de-la-societe-julien-m\/#breadcrumb\",\"itemListElement\":[{\"@type\":\"ListItem\",\"position\":1,\"name\":\"Home\",\"item\":\"https:\/\/vosgesinfo.fr\/laplainedesvosgesinfo\/\"},{\"@type\":\"ListItem\",\"position\":2,\"name\":\"LES ZELLES \u2013 Groupe PANDO renforce son ancrage r\u00e9gional avec la reprise des actifs de la soci\u00e9t\u00e9 Julien M.\"}]},{\"@type\":\"WebSite\",\"@id\":\"https:\/\/vosgesinfo.fr\/laplainedesvosgesinfo\/#website\",\"url\":\"https:\/\/vosgesinfo.fr\/laplainedesvosgesinfo\/\",\"name\":\"La Plaine des Vosges\",\"description\":\"Toute l&#039;actualit\u00e9 de la plaine de Vosges\",\"publisher\":{\"@id\":\"https:\/\/vosgesinfo.fr\/laplainedesvosgesinfo\/#organization\"},\"alternateName\":\"Toute l'actualit\u00e9 de la plaine des Vosges\",\"potentialAction\":[{\"@type\":\"SearchAction\",\"target\":{\"@type\":\"EntryPoint\",\"urlTemplate\":\"https:\/\/vosgesinfo.fr\/laplainedesvosgesinfo\/?s={search_term_string}\"},\"query-input\":\"required name=search_term_string\"}],\"inLanguage\":\"fr-FR\"},{\"@type\":\"Organization\",\"@id\":\"https:\/\/vosgesinfo.fr\/laplainedesvosgesinfo\/#organization\",\"name\":\"La Plaine des Vosges\",\"url\":\"https:\/\/vosgesinfo.fr\/laplainedesvosgesinfo\/\",\"logo\":{\"@type\":\"ImageObject\",\"inLanguage\":\"fr-FR\",\"@id\":\"https:\/\/vosgesinfo.fr\/laplainedesvosgesinfo\/#\/schema\/logo\/image\/\",\"url\":\"https:\/\/vosgesinfo.fr\/app\/uploads\/sites\/2\/2023\/08\/logo-laplaineinfo.svg\",\"contentUrl\":\"https:\/\/vosgesinfo.fr\/app\/uploads\/sites\/2\/2023\/08\/logo-laplaineinfo.svg\",\"width\":1,\"height\":1,\"caption\":\"La Plaine des Vosges\"},\"image\":{\"@id\":\"https:\/\/vosgesinfo.fr\/laplainedesvosgesinfo\/#\/schema\/logo\/image\/\"},\"sameAs\":[\"https:\/\/www.facebook.com\/laplainedesvosges\",\"https:\/\/x.com\/VosgesInfo88\",\"https:\/\/www.youtube.com\/@vosgesinfo\"]},{\"@type\":\"Person\",\"@id\":\"https:\/\/vosgesinfo.fr\/laplainedesvosgesinfo\/#\/schema\/person\/db412391f749f1ee67e177e1dc017316\",\"name\":\"La R\u00e9daction\",\"image\":{\"@type\":\"ImageObject\",\"inLanguage\":\"fr-FR\",\"@id\":\"https:\/\/vosgesinfo.fr\/laplainedesvosgesinfo\/#\/schema\/person\/image\/\",\"url\":\"https:\/\/secure.gravatar.com\/avatar\/d10cfbea47ec464014dd9e55d3c353f7c4017b65068eb823d0882be0ff3b0ff6?s=96&d=mm&r=g\",\"contentUrl\":\"https:\/\/secure.gravatar.com\/avatar\/d10cfbea47ec464014dd9e55d3c353f7c4017b65068eb823d0882be0ff3b0ff6?s=96&d=mm&r=g\",\"caption\":\"La R\u00e9daction\"},\"url\":\"https:\/\/vosgesinfo.fr\/laplainedesvosgesinfo\/author\/redaction\/\"}]}<\/script>\n<!-- \/ Yoast SEO plugin. -->","yoast_head_json":{"title":"LES ZELLES \u2013 Groupe PANDO renforce son ancrage r\u00e9gional avec la reprise des actifs de la soci\u00e9t\u00e9 Julien M. - La Plaine des Vosges","robots":{"index":"index","follow":"follow","max-snippet":"max-snippet:-1","max-image-preview":"max-image-preview:large","max-video-preview":"max-video-preview:-1"},"canonical":"https:\/\/vosgesinfo.fr\/laplainedesvosgesinfo\/2024\/05\/les-zelles-groupe-pando-renforce-son-ancrage-regional-avec-la-reprise-des-actifs-de-la-societe-julien-m\/","twitter_card":"summary_large_image","twitter_title":"LES ZELLES \u2013 Groupe PANDO renforce son ancrage r\u00e9gional avec la reprise des actifs de la soci\u00e9t\u00e9 Julien M. - La Plaine des Vosges","twitter_description":"Le 26 avril dernier, et apr\u00e8s 24 ans de relations commerciales fortes, LES ZELLES \u2013 Groupe PANDO a finalis\u00e9 la [&hellip;]","twitter_image":"https:\/\/vosgesinfo.fr\/app\/uploads\/sites\/2\/2024\/05\/reprise-les-zelles-3.png","twitter_creator":"@VosgesInfo88","twitter_site":"@VosgesInfo88","twitter_misc":{"\u00c9crit par":"La R\u00e9daction","Dur\u00e9e de lecture estim\u00e9e":"1 minute"},"schema":{"@context":"https:\/\/schema.org","@graph":[{"@type":"Article","@id":"https:\/\/vosgesinfo.fr\/laplainedesvosgesinfo\/2024\/05\/les-zelles-groupe-pando-renforce-son-ancrage-regional-avec-la-reprise-des-actifs-de-la-societe-julien-m\/#article","isPartOf":{"@id":"https:\/\/vosgesinfo.fr\/laplainedesvosgesinfo\/2024\/05\/les-zelles-groupe-pando-renforce-son-ancrage-regional-avec-la-reprise-des-actifs-de-la-societe-julien-m\/"},"author":{"name":"La R\u00e9daction","@id":"https:\/\/vosgesinfo.fr\/laplainedesvosgesinfo\/#\/schema\/person\/db412391f749f1ee67e177e1dc017316"},"headline":"LES ZELLES \u2013 Groupe PANDO renforce son ancrage r\u00e9gional avec la reprise des actifs de la soci\u00e9t\u00e9 Julien M.","datePublished":"2024-05-24T12:54:04+00:00","dateModified":"2024-05-30T15:19:25+00:00","mainEntityOfPage":{"@id":"https:\/\/vosgesinfo.fr\/laplainedesvosgesinfo\/2024\/05\/les-zelles-groupe-pando-renforce-son-ancrage-regional-avec-la-reprise-des-actifs-de-la-societe-julien-m\/"},"wordCount":288,"commentCount":0,"publisher":{"@id":"https:\/\/vosgesinfo.fr\/laplainedesvosgesinfo\/#organization"},"image":{"@id":"https:\/\/vosgesinfo.fr\/laplainedesvosgesinfo\/2024\/05\/les-zelles-groupe-pando-renforce-son-ancrage-regional-avec-la-reprise-des-actifs-de-la-societe-julien-m\/#primaryimage"},"thumbnailUrl":"https:\/\/vosgesinfo.fr\/app\/uploads\/sites\/2\/2024\/05\/reprise-les-zelles-3.png","keywords":["Julien M","Les Zelles"],"articleSection":["A la Une","Epinal","G\u00e9rardmer","La plaine des vosges","Saint-di\u00e9","Vosges"],"inLanguage":"fr-FR","potentialAction":[{"@type":"CommentAction","name":"Comment","target":["https:\/\/vosgesinfo.fr\/laplainedesvosgesinfo\/2024\/05\/les-zelles-groupe-pando-renforce-son-ancrage-regional-avec-la-reprise-des-actifs-de-la-societe-julien-m\/#respond"]}]},{"@type":"WebPage","@id":"https:\/\/vosgesinfo.fr\/laplainedesvosgesinfo\/2024\/05\/les-zelles-groupe-pando-renforce-son-ancrage-regional-avec-la-reprise-des-actifs-de-la-societe-julien-m\/","url":"https:\/\/vosgesinfo.fr\/laplainedesvosgesinfo\/2024\/05\/les-zelles-groupe-pando-renforce-son-ancrage-regional-avec-la-reprise-des-actifs-de-la-societe-julien-m\/","name":"LES ZELLES \u2013 Groupe PANDO renforce son ancrage r\u00e9gional avec la reprise des actifs de la soci\u00e9t\u00e9 Julien M. - La Plaine des Vosges","isPartOf":{"@id":"https:\/\/vosgesinfo.fr\/laplainedesvosgesinfo\/#website"},"primaryImageOfPage":{"@id":"https:\/\/vosgesinfo.fr\/laplainedesvosgesinfo\/2024\/05\/les-zelles-groupe-pando-renforce-son-ancrage-regional-avec-la-reprise-des-actifs-de-la-societe-julien-m\/#primaryimage"},"image":{"@id":"https:\/\/vosgesinfo.fr\/laplainedesvosgesinfo\/2024\/05\/les-zelles-groupe-pando-renforce-son-ancrage-regional-avec-la-reprise-des-actifs-de-la-societe-julien-m\/#primaryimage"},"thumbnailUrl":"https:\/\/vosgesinfo.fr\/app\/uploads\/sites\/2\/2024\/05\/reprise-les-zelles-3.png","datePublished":"2024-05-24T12:54:04+00:00","dateModified":"2024-05-30T15:19:25+00:00","breadcrumb":{"@id":"https:\/\/vosgesinfo.fr\/laplainedesvosgesinfo\/2024\/05\/les-zelles-groupe-pando-renforce-son-ancrage-regional-avec-la-reprise-des-actifs-de-la-societe-julien-m\/#breadcrumb"},"inLanguage":"fr-FR","potentialAction":[{"@type":"ReadAction","target":["https:\/\/vosgesinfo.fr\/laplainedesvosgesinfo\/2024\/05\/les-zelles-groupe-pando-renforce-son-ancrage-regional-avec-la-reprise-des-actifs-de-la-societe-julien-m\/"]}]},{"@type":"ImageObject","inLanguage":"fr-FR","@id":"https:\/\/vosgesinfo.fr\/laplainedesvosgesinfo\/2024\/05\/les-zelles-groupe-pando-renforce-son-ancrage-regional-avec-la-reprise-des-actifs-de-la-societe-julien-m\/#primaryimage","url":"https:\/\/vosgesinfo.fr\/app\/uploads\/sites\/2\/2024\/05\/reprise-les-zelles-3.png","contentUrl":"https:\/\/vosgesinfo.fr\/app\/uploads\/sites\/2\/2024\/05\/reprise-les-zelles-3.png","width":1089,"height":739},{"@type":"BreadcrumbList","@id":"https:\/\/vosgesinfo.fr\/laplainedesvosgesinfo\/2024\/05\/les-zelles-groupe-pando-renforce-son-ancrage-regional-avec-la-reprise-des-actifs-de-la-societe-julien-m\/#breadcrumb","itemListElement":[{"@type":"ListItem","position":1,"name":"Home","item":"https:\/\/vosgesinfo.fr\/laplainedesvosgesinfo\/"},{"@type":"ListItem","position":2,"name":"LES ZELLES \u2013 Groupe PANDO renforce son ancrage r\u00e9gional avec la reprise des actifs de la soci\u00e9t\u00e9 Julien M."}]},{"@type":"WebSite","@id":"https:\/\/vosgesinfo.fr\/laplainedesvosgesinfo\/#website","url":"https:\/\/vosgesinfo.fr\/laplainedesvosgesinfo\/","name":"La Plaine des Vosges","description":"Toute l&#039;actualit\u00e9 de la plaine de Vosges","publisher":{"@id":"https:\/\/vosgesinfo.fr\/laplainedesvosgesinfo\/#organization"},"alternateName":"Toute l'actualit\u00e9 de la plaine des Vosges","potentialAction":[{"@type":"SearchAction","target":{"@type":"EntryPoint","urlTemplate":"https:\/\/vosgesinfo.fr\/laplainedesvosgesinfo\/?s={search_term_string}"},"query-input":"required name=search_term_string"}],"inLanguage":"fr-FR"},{"@type":"Organization","@id":"https:\/\/vosgesinfo.fr\/laplainedesvosgesinfo\/#organization","name":"La Plaine des Vosges","url":"https:\/\/vosgesinfo.fr\/laplainedesvosgesinfo\/","logo":{"@type":"ImageObject","inLanguage":"fr-FR","@id":"https:\/\/vosgesinfo.fr\/laplainedesvosgesinfo\/#\/schema\/logo\/image\/","url":"https:\/\/vosgesinfo.fr\/app\/uploads\/sites\/2\/2023\/08\/logo-laplaineinfo.svg","contentUrl":"https:\/\/vosgesinfo.fr\/app\/uploads\/sites\/2\/2023\/08\/logo-laplaineinfo.svg","width":1,"height":1,"caption":"La Plaine des Vosges"},"image":{"@id":"https:\/\/vosgesinfo.fr\/laplainedesvosgesinfo\/#\/schema\/logo\/image\/"},"sameAs":["https:\/\/www.facebook.com\/laplainedesvosges","https:\/\/x.com\/VosgesInfo88","https:\/\/www.youtube.com\/@vosgesinfo"]},{"@type":"Person","@id":"https:\/\/vosgesinfo.fr\/laplainedesvosgesinfo\/#\/schema\/person\/db412391f749f1ee67e177e1dc017316","name":"La R\u00e9daction","image":{"@type":"ImageObject","inLanguage":"fr-FR","@id":"https:\/\/vosgesinfo.fr\/laplainedesvosgesinfo\/#\/schema\/person\/image\/","url":"https:\/\/secure.gravatar.com\/avatar\/d10cfbea47ec464014dd9e55d3c353f7c4017b65068eb823d0882be0ff3b0ff6?s=96&d=mm&r=g","contentUrl":"https:\/\/secure.gravatar.com\/avatar\/d10cfbea47ec464014dd9e55d3c353f7c4017b65068eb823d0882be0ff3b0ff6?s=96&d=mm&r=g","caption":"La R\u00e9daction"},"url":"https:\/\/vosgesinfo.fr\/laplainedesvosgesinfo\/author\/redaction\/"}]}},"_links":{"self":[{"href":"https:\/\/vosgesinfo.fr\/laplainedesvosgesinfo\/wp-json\/wp\/v2\/posts\/1927","targetHints":{"allow":["GET"]}}],"collection":[{"href":"https:\/\/vosgesinfo.fr\/laplainedesvosgesinfo\/wp-json\/wp\/v2\/posts"}],"about":[{"href":"https:\/\/vosgesinfo.fr\/laplainedesvosgesinfo\/wp-json\/wp\/v2\/types\/post"}],"author":[{"embeddable":true,"href":"https:\/\/vosgesinfo.fr\/laplainedesvosgesinfo\/wp-json\/wp\/v2\/users\/126"}],"replies":[{"embeddable":true,"href":"https:\/\/vosgesinfo.fr\/laplainedesvosgesinfo\/wp-json\/wp\/v2\/comments?post=1927"}],"version-history":[{"count":1,"href":"https:\/\/vosgesinfo.fr\/laplainedesvosgesinfo\/wp-json\/wp\/v2\/posts\/1927\/revisions"}],"predecessor-version":[{"id":1949,"href":"https:\/\/vosgesinfo.fr\/laplainedesvosgesinfo\/wp-json\/wp\/v2\/posts\/1927\/revisions\/1949"}],"wp:featuredmedia":[{"embeddable":true,"href":"https:\/\/vosgesinfo.fr\/laplainedesvosgesinfo\/wp-json\/wp\/v2\/media\/1928"}],"wp:attachment":[{"href":"https:\/\/vosgesinfo.fr\/laplainedesvosgesinfo\/wp-json\/wp\/v2\/media?parent=1927"}],"wp:term":[{"taxonomy":"category","embeddable":true,"href":"https:\/\/vosgesinfo.fr\/laplainedesvosgesinfo\/wp-json\/wp\/v2\/categories?post=1927"},{"taxonomy":"post_tag","embeddable":true,"href":"https:\/\/vosgesinfo.fr\/laplainedesvosgesinfo\/wp-json\/wp\/v2\/tags?post=1927"}],"curies":[{"name":"wp","href":"https:\/\/api.w.org\/{rel}","templated":true}]}}