{"id":19716,"date":"2021-09-01T12:16:09","date_gmt":"2021-09-01T10:16:09","guid":{"rendered":"https:\/\/vosgesinfo.fr\/laplainedesvosgesinfo\/2021\/09\/energie-numerique-gaspillage-les-priorites-du-departement-pour-les-colleges-vosgiens\/"},"modified":"2021-09-01T12:16:09","modified_gmt":"2021-09-01T10:16:09","slug":"energie-numerique-gaspillage-les-priorites-du-departement-pour-les-colleges-vosgiens","status":"publish","type":"post","link":"https:\/\/vosgesinfo.fr\/laplainedesvosgesinfo\/2021\/09\/energie-numerique-gaspillage-les-priorites-du-departement-pour-les-colleges-vosgiens\/","title":{"rendered":"\u00c9nergie, num\u00e9rique, gaspillage : les priorit\u00e9s du D\u00e9partement pour les coll\u00e8ges vosgiens"},"content":{"rendered":"<h2><strong>L\u2019heure de la rentr\u00e9e va bient\u00f4t sonner pour les quelque16 980 coll\u00e9giens vosgiens. Ce mercredi matin, le pr\u00e9sident du Conseil D\u00e9partemental, Fran\u00e7ois Vannson, s\u2019est rendu \u00e0 Vagney, en compagnie notamment de Caroline Mattioni, vice-pr\u00e9sidente en charge de l\u2019Education, et V\u00e9ronique Marcot, vice-pr\u00e9sidente en charge du Patrimoine, afin de pr\u00e9senter les grandes lignes de l\u2019action du D\u00e9partement en ce qui concerne les coll\u00e8ges.<\/strong><\/h2>\n<p>Les Vosges comptent 38 coll\u00e8ges publics install\u00e9s sur 39 sites. Le budget \u00ab\u00a0Coll\u00e8ge\u00a0\u00bb de 2021 est de 25,54 millions d\u2019euros. Au del\u00e0 de la reconstruction, la r\u00e9habilitation et l\u2019entretien des \u00e9tablissements, le Conseil D\u00e9partemental assure leur fonctionnement mat\u00e9riel. Sa gestion des coll\u00e8ges est marqu\u00e9e par plusieurs priorit\u00e9s.<\/p>\n","protected":false},"excerpt":{"rendered":"<p>L\u2019heure de la rentr\u00e9e va bient\u00f4t sonner pour les quelque16 980 coll\u00e9giens vosgiens. Ce mercredi matin, le pr\u00e9sident du Conseil [&hellip;]<\/p>\n","protected":false},"author":126,"featured_media":19717,"comment_status":"open","ping_status":"open","sticky":false,"template":"","format":"standard","meta":{"footnotes":""},"categories":[29,6,7],"tags":[6138],"class_list":["post-19716","post","type-post","status-publish","format-standard","has-post-thumbnail","hentry","category-a-la-une","category-education","category-environnement","tag-veronique-marcot"],"acf":[],"yoast_head":"<!-- This site is optimized with the Yoast SEO plugin v22.5 - https:\/\/yoast.com\/wordpress\/plugins\/seo\/ -->\n<title>\u00c9nergie, num\u00e9rique, gaspillage : les priorit\u00e9s du D\u00e9partement pour les coll\u00e8ges vosgiens - La Plaine des Vosges<\/title>\n<meta name=\"robots\" content=\"index, follow, max-snippet:-1, max-image-preview:large, max-video-preview:-1\" \/>\n<link rel=\"canonical\" href=\"https:\/\/vosgesinfo.fr\/laplainedesvosgesinfo\/2021\/09\/energie-numerique-gaspillage-les-priorites-du-departement-pour-les-colleges-vosgiens\/\" \/>\n<meta name=\"twitter:card\" content=\"summary_large_image\" \/>\n<meta name=\"twitter:title\" content=\"\u00c9nergie, num\u00e9rique, gaspillage : les priorit\u00e9s du D\u00e9partement pour les coll\u00e8ges vosgiens - La Plaine des Vosges\" \/>\n<meta name=\"twitter:description\" content=\"L\u2019heure de la rentr\u00e9e va bient\u00f4t sonner pour les quelque16 980 coll\u00e9giens vosgiens. Ce mercredi matin, le pr\u00e9sident du Conseil [&hellip;]\" \/>\n<meta name=\"twitter:image\" content=\"https:\/\/vosgesinfo.fr\/app\/uploads\/sites\/2\/2024\/07\/202109fr-energie-gaspillage-numerique-colleges-vosges.jpg\" \/>\n<meta name=\"twitter:creator\" content=\"@VosgesInfo88\" \/>\n<meta name=\"twitter:site\" content=\"@VosgesInfo88\" \/>\n<meta name=\"twitter:label1\" content=\"\u00c9crit par\" \/>\n\t<meta name=\"twitter:data1\" content=\"La R\u00e9daction\" \/>\n\t<meta name=\"twitter:label2\" content=\"Dur\u00e9e de lecture estim\u00e9e\" \/>\n\t<meta name=\"twitter:data2\" content=\"1 minute\" \/>\n<script type=\"application\/ld+json\" class=\"yoast-schema-graph\">{\"@context\":\"https:\/\/schema.org\",\"@graph\":[{\"@type\":\"Article\",\"@id\":\"https:\/\/vosgesinfo.fr\/laplainedesvosgesinfo\/2021\/09\/energie-numerique-gaspillage-les-priorites-du-departement-pour-les-colleges-vosgiens\/#article\",\"isPartOf\":{\"@id\":\"https:\/\/vosgesinfo.fr\/laplainedesvosgesinfo\/2021\/09\/energie-numerique-gaspillage-les-priorites-du-departement-pour-les-colleges-vosgiens\/\"},\"author\":{\"name\":\"La R\u00e9daction\",\"@id\":\"https:\/\/vosgesinfo.fr\/laplainedesvosgesinfo\/#\/schema\/person\/db412391f749f1ee67e177e1dc017316\"},\"headline\":\"\u00c9nergie, num\u00e9rique, gaspillage : les priorit\u00e9s du D\u00e9partement pour les coll\u00e8ges vosgiens\",\"datePublished\":\"2021-09-01T10:16:09+00:00\",\"dateModified\":\"2021-09-01T10:16:09+00:00\",\"mainEntityOfPage\":{\"@id\":\"https:\/\/vosgesinfo.fr\/laplainedesvosgesinfo\/2021\/09\/energie-numerique-gaspillage-les-priorites-du-departement-pour-les-colleges-vosgiens\/\"},\"wordCount\":145,\"commentCount\":0,\"publisher\":{\"@id\":\"https:\/\/vosgesinfo.fr\/laplainedesvosgesinfo\/#organization\"},\"image\":{\"@id\":\"https:\/\/vosgesinfo.fr\/laplainedesvosgesinfo\/2021\/09\/energie-numerique-gaspillage-les-priorites-du-departement-pour-les-colleges-vosgiens\/#primaryimage\"},\"thumbnailUrl\":\"https:\/\/vosgesinfo.fr\/app\/uploads\/sites\/2\/2024\/07\/202109fr-energie-gaspillage-numerique-colleges-vosges.jpg\",\"keywords\":[\"Veronique Marcot\"],\"articleSection\":[\"A la Une\",\"\u00c9ducation\",\"Environnement\"],\"inLanguage\":\"fr-FR\",\"potentialAction\":[{\"@type\":\"CommentAction\",\"name\":\"Comment\",\"target\":[\"https:\/\/vosgesinfo.fr\/laplainedesvosgesinfo\/2021\/09\/energie-numerique-gaspillage-les-priorites-du-departement-pour-les-colleges-vosgiens\/#respond\"]}]},{\"@type\":\"WebPage\",\"@id\":\"https:\/\/vosgesinfo.fr\/laplainedesvosgesinfo\/2021\/09\/energie-numerique-gaspillage-les-priorites-du-departement-pour-les-colleges-vosgiens\/\",\"url\":\"https:\/\/vosgesinfo.fr\/laplainedesvosgesinfo\/2021\/09\/energie-numerique-gaspillage-les-priorites-du-departement-pour-les-colleges-vosgiens\/\",\"name\":\"\u00c9nergie, num\u00e9rique, gaspillage : les priorit\u00e9s du D\u00e9partement pour les coll\u00e8ges vosgiens - La Plaine des Vosges\",\"isPartOf\":{\"@id\":\"https:\/\/vosgesinfo.fr\/laplainedesvosgesinfo\/#website\"},\"primaryImageOfPage\":{\"@id\":\"https:\/\/vosgesinfo.fr\/laplainedesvosgesinfo\/2021\/09\/energie-numerique-gaspillage-les-priorites-du-departement-pour-les-colleges-vosgiens\/#primaryimage\"},\"image\":{\"@id\":\"https:\/\/vosgesinfo.fr\/laplainedesvosgesinfo\/2021\/09\/energie-numerique-gaspillage-les-priorites-du-departement-pour-les-colleges-vosgiens\/#primaryimage\"},\"thumbnailUrl\":\"https:\/\/vosgesinfo.fr\/app\/uploads\/sites\/2\/2024\/07\/202109fr-energie-gaspillage-numerique-colleges-vosges.jpg\",\"datePublished\":\"2021-09-01T10:16:09+00:00\",\"dateModified\":\"2021-09-01T10:16:09+00:00\",\"breadcrumb\":{\"@id\":\"https:\/\/vosgesinfo.fr\/laplainedesvosgesinfo\/2021\/09\/energie-numerique-gaspillage-les-priorites-du-departement-pour-les-colleges-vosgiens\/#breadcrumb\"},\"inLanguage\":\"fr-FR\",\"potentialAction\":[{\"@type\":\"ReadAction\",\"target\":[\"https:\/\/vosgesinfo.fr\/laplainedesvosgesinfo\/2021\/09\/energie-numerique-gaspillage-les-priorites-du-departement-pour-les-colleges-vosgiens\/\"]}]},{\"@type\":\"ImageObject\",\"inLanguage\":\"fr-FR\",\"@id\":\"https:\/\/vosgesinfo.fr\/laplainedesvosgesinfo\/2021\/09\/energie-numerique-gaspillage-les-priorites-du-departement-pour-les-colleges-vosgiens\/#primaryimage\",\"url\":\"https:\/\/vosgesinfo.fr\/app\/uploads\/sites\/2\/2024\/07\/202109fr-energie-gaspillage-numerique-colleges-vosges.jpg\",\"contentUrl\":\"https:\/\/vosgesinfo.fr\/app\/uploads\/sites\/2\/2024\/07\/202109fr-energie-gaspillage-numerique-colleges-vosges.jpg\",\"width\":800,\"height\":532},{\"@type\":\"BreadcrumbList\",\"@id\":\"https:\/\/vosgesinfo.fr\/laplainedesvosgesinfo\/2021\/09\/energie-numerique-gaspillage-les-priorites-du-departement-pour-les-colleges-vosgiens\/#breadcrumb\",\"itemListElement\":[{\"@type\":\"ListItem\",\"position\":1,\"name\":\"Home\",\"item\":\"https:\/\/vosgesinfo.fr\/laplainedesvosgesinfo\/\"},{\"@type\":\"ListItem\",\"position\":2,\"name\":\"\u00c9nergie, num\u00e9rique, gaspillage : les priorit\u00e9s du D\u00e9partement pour les coll\u00e8ges vosgiens\"}]},{\"@type\":\"WebSite\",\"@id\":\"https:\/\/vosgesinfo.fr\/laplainedesvosgesinfo\/#website\",\"url\":\"https:\/\/vosgesinfo.fr\/laplainedesvosgesinfo\/\",\"name\":\"La Plaine des Vosges\",\"description\":\"Toute l&#039;actualit\u00e9 de la plaine de Vosges\",\"publisher\":{\"@id\":\"https:\/\/vosgesinfo.fr\/laplainedesvosgesinfo\/#organization\"},\"alternateName\":\"Toute l'actualit\u00e9 de la plaine des Vosges\",\"potentialAction\":[{\"@type\":\"SearchAction\",\"target\":{\"@type\":\"EntryPoint\",\"urlTemplate\":\"https:\/\/vosgesinfo.fr\/laplainedesvosgesinfo\/?s={search_term_string}\"},\"query-input\":\"required name=search_term_string\"}],\"inLanguage\":\"fr-FR\"},{\"@type\":\"Organization\",\"@id\":\"https:\/\/vosgesinfo.fr\/laplainedesvosgesinfo\/#organization\",\"name\":\"La Plaine des Vosges\",\"url\":\"https:\/\/vosgesinfo.fr\/laplainedesvosgesinfo\/\",\"logo\":{\"@type\":\"ImageObject\",\"inLanguage\":\"fr-FR\",\"@id\":\"https:\/\/vosgesinfo.fr\/laplainedesvosgesinfo\/#\/schema\/logo\/image\/\",\"url\":\"https:\/\/vosgesinfo.fr\/app\/uploads\/sites\/2\/2023\/08\/logo-laplaineinfo.svg\",\"contentUrl\":\"https:\/\/vosgesinfo.fr\/app\/uploads\/sites\/2\/2023\/08\/logo-laplaineinfo.svg\",\"width\":1,\"height\":1,\"caption\":\"La Plaine des Vosges\"},\"image\":{\"@id\":\"https:\/\/vosgesinfo.fr\/laplainedesvosgesinfo\/#\/schema\/logo\/image\/\"},\"sameAs\":[\"https:\/\/www.facebook.com\/laplainedesvosges\",\"https:\/\/x.com\/VosgesInfo88\",\"https:\/\/www.youtube.com\/@vosgesinfo\"]},{\"@type\":\"Person\",\"@id\":\"https:\/\/vosgesinfo.fr\/laplainedesvosgesinfo\/#\/schema\/person\/db412391f749f1ee67e177e1dc017316\",\"name\":\"La R\u00e9daction\",\"image\":{\"@type\":\"ImageObject\",\"inLanguage\":\"fr-FR\",\"@id\":\"https:\/\/vosgesinfo.fr\/laplainedesvosgesinfo\/#\/schema\/person\/image\/\",\"url\":\"https:\/\/secure.gravatar.com\/avatar\/d10cfbea47ec464014dd9e55d3c353f7c4017b65068eb823d0882be0ff3b0ff6?s=96&d=mm&r=g\",\"contentUrl\":\"https:\/\/secure.gravatar.com\/avatar\/d10cfbea47ec464014dd9e55d3c353f7c4017b65068eb823d0882be0ff3b0ff6?s=96&d=mm&r=g\",\"caption\":\"La R\u00e9daction\"},\"url\":\"https:\/\/vosgesinfo.fr\/laplainedesvosgesinfo\/author\/redaction\/\"}]}<\/script>\n<!-- \/ Yoast SEO plugin. -->","yoast_head_json":{"title":"\u00c9nergie, num\u00e9rique, gaspillage : les priorit\u00e9s du D\u00e9partement pour les coll\u00e8ges vosgiens - La Plaine des Vosges","robots":{"index":"index","follow":"follow","max-snippet":"max-snippet:-1","max-image-preview":"max-image-preview:large","max-video-preview":"max-video-preview:-1"},"canonical":"https:\/\/vosgesinfo.fr\/laplainedesvosgesinfo\/2021\/09\/energie-numerique-gaspillage-les-priorites-du-departement-pour-les-colleges-vosgiens\/","twitter_card":"summary_large_image","twitter_title":"\u00c9nergie, num\u00e9rique, gaspillage : les priorit\u00e9s du D\u00e9partement pour les coll\u00e8ges vosgiens - La Plaine des Vosges","twitter_description":"L\u2019heure de la rentr\u00e9e va bient\u00f4t sonner pour les quelque16 980 coll\u00e9giens vosgiens. Ce mercredi matin, le pr\u00e9sident du Conseil [&hellip;]","twitter_image":"https:\/\/vosgesinfo.fr\/app\/uploads\/sites\/2\/2024\/07\/202109fr-energie-gaspillage-numerique-colleges-vosges.jpg","twitter_creator":"@VosgesInfo88","twitter_site":"@VosgesInfo88","twitter_misc":{"\u00c9crit par":"La R\u00e9daction","Dur\u00e9e de lecture estim\u00e9e":"1 minute"},"schema":{"@context":"https:\/\/schema.org","@graph":[{"@type":"Article","@id":"https:\/\/vosgesinfo.fr\/laplainedesvosgesinfo\/2021\/09\/energie-numerique-gaspillage-les-priorites-du-departement-pour-les-colleges-vosgiens\/#article","isPartOf":{"@id":"https:\/\/vosgesinfo.fr\/laplainedesvosgesinfo\/2021\/09\/energie-numerique-gaspillage-les-priorites-du-departement-pour-les-colleges-vosgiens\/"},"author":{"name":"La R\u00e9daction","@id":"https:\/\/vosgesinfo.fr\/laplainedesvosgesinfo\/#\/schema\/person\/db412391f749f1ee67e177e1dc017316"},"headline":"\u00c9nergie, num\u00e9rique, gaspillage : les priorit\u00e9s du D\u00e9partement pour les coll\u00e8ges vosgiens","datePublished":"2021-09-01T10:16:09+00:00","dateModified":"2021-09-01T10:16:09+00:00","mainEntityOfPage":{"@id":"https:\/\/vosgesinfo.fr\/laplainedesvosgesinfo\/2021\/09\/energie-numerique-gaspillage-les-priorites-du-departement-pour-les-colleges-vosgiens\/"},"wordCount":145,"commentCount":0,"publisher":{"@id":"https:\/\/vosgesinfo.fr\/laplainedesvosgesinfo\/#organization"},"image":{"@id":"https:\/\/vosgesinfo.fr\/laplainedesvosgesinfo\/2021\/09\/energie-numerique-gaspillage-les-priorites-du-departement-pour-les-colleges-vosgiens\/#primaryimage"},"thumbnailUrl":"https:\/\/vosgesinfo.fr\/app\/uploads\/sites\/2\/2024\/07\/202109fr-energie-gaspillage-numerique-colleges-vosges.jpg","keywords":["Veronique Marcot"],"articleSection":["A la Une","\u00c9ducation","Environnement"],"inLanguage":"fr-FR","potentialAction":[{"@type":"CommentAction","name":"Comment","target":["https:\/\/vosgesinfo.fr\/laplainedesvosgesinfo\/2021\/09\/energie-numerique-gaspillage-les-priorites-du-departement-pour-les-colleges-vosgiens\/#respond"]}]},{"@type":"WebPage","@id":"https:\/\/vosgesinfo.fr\/laplainedesvosgesinfo\/2021\/09\/energie-numerique-gaspillage-les-priorites-du-departement-pour-les-colleges-vosgiens\/","url":"https:\/\/vosgesinfo.fr\/laplainedesvosgesinfo\/2021\/09\/energie-numerique-gaspillage-les-priorites-du-departement-pour-les-colleges-vosgiens\/","name":"\u00c9nergie, num\u00e9rique, gaspillage : les priorit\u00e9s du D\u00e9partement pour les coll\u00e8ges vosgiens - La Plaine des Vosges","isPartOf":{"@id":"https:\/\/vosgesinfo.fr\/laplainedesvosgesinfo\/#website"},"primaryImageOfPage":{"@id":"https:\/\/vosgesinfo.fr\/laplainedesvosgesinfo\/2021\/09\/energie-numerique-gaspillage-les-priorites-du-departement-pour-les-colleges-vosgiens\/#primaryimage"},"image":{"@id":"https:\/\/vosgesinfo.fr\/laplainedesvosgesinfo\/2021\/09\/energie-numerique-gaspillage-les-priorites-du-departement-pour-les-colleges-vosgiens\/#primaryimage"},"thumbnailUrl":"https:\/\/vosgesinfo.fr\/app\/uploads\/sites\/2\/2024\/07\/202109fr-energie-gaspillage-numerique-colleges-vosges.jpg","datePublished":"2021-09-01T10:16:09+00:00","dateModified":"2021-09-01T10:16:09+00:00","breadcrumb":{"@id":"https:\/\/vosgesinfo.fr\/laplainedesvosgesinfo\/2021\/09\/energie-numerique-gaspillage-les-priorites-du-departement-pour-les-colleges-vosgiens\/#breadcrumb"},"inLanguage":"fr-FR","potentialAction":[{"@type":"ReadAction","target":["https:\/\/vosgesinfo.fr\/laplainedesvosgesinfo\/2021\/09\/energie-numerique-gaspillage-les-priorites-du-departement-pour-les-colleges-vosgiens\/"]}]},{"@type":"ImageObject","inLanguage":"fr-FR","@id":"https:\/\/vosgesinfo.fr\/laplainedesvosgesinfo\/2021\/09\/energie-numerique-gaspillage-les-priorites-du-departement-pour-les-colleges-vosgiens\/#primaryimage","url":"https:\/\/vosgesinfo.fr\/app\/uploads\/sites\/2\/2024\/07\/202109fr-energie-gaspillage-numerique-colleges-vosges.jpg","contentUrl":"https:\/\/vosgesinfo.fr\/app\/uploads\/sites\/2\/2024\/07\/202109fr-energie-gaspillage-numerique-colleges-vosges.jpg","width":800,"height":532},{"@type":"BreadcrumbList","@id":"https:\/\/vosgesinfo.fr\/laplainedesvosgesinfo\/2021\/09\/energie-numerique-gaspillage-les-priorites-du-departement-pour-les-colleges-vosgiens\/#breadcrumb","itemListElement":[{"@type":"ListItem","position":1,"name":"Home","item":"https:\/\/vosgesinfo.fr\/laplainedesvosgesinfo\/"},{"@type":"ListItem","position":2,"name":"\u00c9nergie, num\u00e9rique, gaspillage : les priorit\u00e9s du D\u00e9partement pour les coll\u00e8ges vosgiens"}]},{"@type":"WebSite","@id":"https:\/\/vosgesinfo.fr\/laplainedesvosgesinfo\/#website","url":"https:\/\/vosgesinfo.fr\/laplainedesvosgesinfo\/","name":"La Plaine des Vosges","description":"Toute l&#039;actualit\u00e9 de la plaine de Vosges","publisher":{"@id":"https:\/\/vosgesinfo.fr\/laplainedesvosgesinfo\/#organization"},"alternateName":"Toute l'actualit\u00e9 de la plaine des Vosges","potentialAction":[{"@type":"SearchAction","target":{"@type":"EntryPoint","urlTemplate":"https:\/\/vosgesinfo.fr\/laplainedesvosgesinfo\/?s={search_term_string}"},"query-input":"required name=search_term_string"}],"inLanguage":"fr-FR"},{"@type":"Organization","@id":"https:\/\/vosgesinfo.fr\/laplainedesvosgesinfo\/#organization","name":"La Plaine des Vosges","url":"https:\/\/vosgesinfo.fr\/laplainedesvosgesinfo\/","logo":{"@type":"ImageObject","inLanguage":"fr-FR","@id":"https:\/\/vosgesinfo.fr\/laplainedesvosgesinfo\/#\/schema\/logo\/image\/","url":"https:\/\/vosgesinfo.fr\/app\/uploads\/sites\/2\/2023\/08\/logo-laplaineinfo.svg","contentUrl":"https:\/\/vosgesinfo.fr\/app\/uploads\/sites\/2\/2023\/08\/logo-laplaineinfo.svg","width":1,"height":1,"caption":"La Plaine des Vosges"},"image":{"@id":"https:\/\/vosgesinfo.fr\/laplainedesvosgesinfo\/#\/schema\/logo\/image\/"},"sameAs":["https:\/\/www.facebook.com\/laplainedesvosges","https:\/\/x.com\/VosgesInfo88","https:\/\/www.youtube.com\/@vosgesinfo"]},{"@type":"Person","@id":"https:\/\/vosgesinfo.fr\/laplainedesvosgesinfo\/#\/schema\/person\/db412391f749f1ee67e177e1dc017316","name":"La R\u00e9daction","image":{"@type":"ImageObject","inLanguage":"fr-FR","@id":"https:\/\/vosgesinfo.fr\/laplainedesvosgesinfo\/#\/schema\/person\/image\/","url":"https:\/\/secure.gravatar.com\/avatar\/d10cfbea47ec464014dd9e55d3c353f7c4017b65068eb823d0882be0ff3b0ff6?s=96&d=mm&r=g","contentUrl":"https:\/\/secure.gravatar.com\/avatar\/d10cfbea47ec464014dd9e55d3c353f7c4017b65068eb823d0882be0ff3b0ff6?s=96&d=mm&r=g","caption":"La R\u00e9daction"},"url":"https:\/\/vosgesinfo.fr\/laplainedesvosgesinfo\/author\/redaction\/"}]}},"_links":{"self":[{"href":"https:\/\/vosgesinfo.fr\/laplainedesvosgesinfo\/wp-json\/wp\/v2\/posts\/19716","targetHints":{"allow":["GET"]}}],"collection":[{"href":"https:\/\/vosgesinfo.fr\/laplainedesvosgesinfo\/wp-json\/wp\/v2\/posts"}],"about":[{"href":"https:\/\/vosgesinfo.fr\/laplainedesvosgesinfo\/wp-json\/wp\/v2\/types\/post"}],"author":[{"embeddable":true,"href":"https:\/\/vosgesinfo.fr\/laplainedesvosgesinfo\/wp-json\/wp\/v2\/users\/126"}],"replies":[{"embeddable":true,"href":"https:\/\/vosgesinfo.fr\/laplainedesvosgesinfo\/wp-json\/wp\/v2\/comments?post=19716"}],"version-history":[{"count":0,"href":"https:\/\/vosgesinfo.fr\/laplainedesvosgesinfo\/wp-json\/wp\/v2\/posts\/19716\/revisions"}],"wp:featuredmedia":[{"embeddable":true,"href":"https:\/\/vosgesinfo.fr\/laplainedesvosgesinfo\/wp-json\/wp\/v2\/media\/19717"}],"wp:attachment":[{"href":"https:\/\/vosgesinfo.fr\/laplainedesvosgesinfo\/wp-json\/wp\/v2\/media?parent=19716"}],"wp:term":[{"taxonomy":"category","embeddable":true,"href":"https:\/\/vosgesinfo.fr\/laplainedesvosgesinfo\/wp-json\/wp\/v2\/categories?post=19716"},{"taxonomy":"post_tag","embeddable":true,"href":"https:\/\/vosgesinfo.fr\/laplainedesvosgesinfo\/wp-json\/wp\/v2\/tags?post=19716"}],"curies":[{"name":"wp","href":"https:\/\/api.w.org\/{rel}","templated":true}]}}