{"id":20134,"date":"2021-10-12T15:32:03","date_gmt":"2021-10-12T13:32:03","guid":{"rendered":"https:\/\/vosgesinfo.fr\/laplainedesvosgesinfo\/2021\/10\/neufchateau-la-situation-sapaise-sur-le-centre-hospitalier-de-louest-vosgien\/"},"modified":"2021-10-12T15:32:03","modified_gmt":"2021-10-12T13:32:03","slug":"neufchateau-la-situation-sapaise-sur-le-centre-hospitalier-de-louest-vosgien","status":"publish","type":"post","link":"https:\/\/vosgesinfo.fr\/laplainedesvosgesinfo\/2021\/10\/neufchateau-la-situation-sapaise-sur-le-centre-hospitalier-de-louest-vosgien\/","title":{"rendered":"Neufch\u00e2teau : la situation s&rsquo;apaise sur le Centre hospitalier de l&rsquo;Ouest Vosgien"},"content":{"rendered":"<p><a href=\"\/2021\/10\/IMG_20211012_171047.jpg\"><img decoding=\"async\" class=\"alignnone size-medium wp-image-122491\" src=\"\/2021\/10\/IMG_20211012_171047-341x255.jpg\" alt=\"IMG_20211012_171047\" width=\"341\" height=\"255\" \/><\/a><\/p>\n<p><span id=\"p24\">Christophe\u00a0<span id=\"35\" class=\"s-rg-t\">Gasser<\/span>, directeur du\u00a0<span id=\"36\" class=\"s-rg-t\">Chov<\/span>, a \u00e9t\u00e9 remplac\u00e9 depuis le mois de juillet par un int\u00e9rim de direction Dominique\u00a0<span id=\"37\" class=\"s-rg-t\">Cheveau<\/span>, directeur du centre Hospitalier Emile\u00a0<span id=\"38\" class=\"s-rg-t\">Durkheim<\/span>\u00a0d&rsquo;Epinal et du centre Hospitalier de Remiremont.<\/span><\/p>\n<p><span id=\"p25\">Un Directeur de site d\u00e9l\u00e9gu\u00e9 aux sites du centre Hospitalier de l&rsquo;Ouest Vosgien sera nomm\u00e9 au 1er f\u00e9vrier 2022, il assurera \u00e9galement les fonctions de directeur financier en remplacement de Monsieur\u00a0<span id=\"39\" class=\"s-rg-t\">Krim<\/span>\u00a0qui quittera l&rsquo;\u00e9tablissement le 31 d\u00e9cembre 2021.<\/span><br \/>\n<span id=\"p26\">Un changement de gouvernance pour retrouver une s\u00e9r\u00e9nit\u00e9 et pr\u00e9voir l&rsquo;avenir dans de bonnes conditions selon Simon Leclerc, premier magistrat de la cit\u00e9 des Goncourt, pr\u00e9sident du conseil de surveillance du\u00a0<span id=\"40\" class=\"s-rg-t\">Chov<\/span>.<\/span><\/p>\n<p><span id=\"p27\">Dominique\u00a0<span id=\"41\" class=\"s-rg-t\">Cheveau<\/span>, le probl\u00e8me majeur reste le recrutement de m\u00e9decins sur le site, il faut donner envie aux int\u00e9rims de rester sur le long terme.<\/span><br \/>\n<span id=\"p28\">La situation financi\u00e8re s&rsquo;est d\u00e9grad\u00e9e entre 2015 et 2020, passant d&rsquo;une situation d&rsquo;\u00e9quilibre financier en 2015 \u00e0 un d\u00e9ficit structurel de plus 7 millions d&rsquo;euros en 2020 g\u00e9n\u00e9rant ainsi un d\u00e9ficit cumul\u00e9 de plus de 34 millions d&rsquo;euros au 31 d\u00e9cembre 2020 et une dette de plus de 34 millions d&rsquo;euros d&#8217;emprunts \u00e0 long terme.<\/span><\/p>\n<p><span id=\"p29\">Le\u00a0<span id=\"42\" class=\"s-rg-t\">Chov<\/span>\u00a0a per\u00e7u un soutien de tr\u00e9sorerie se montant \u00e0 plus de 10,6 millions d&rsquo;euros en 2021 de l&rsquo;Agence R\u00e9gionale de Sant\u00e9 pour accompagner l&rsquo;\u00e9tablissement \u00e0 r\u00e9aliser son programme d&rsquo;investissements concernant la finalisation des travaux du bloc op\u00e9ratoire et des urgences.<\/span><span id=\"p30\">\u00a0<\/span><\/p>\n<p>Jean-Jacques Gaultier d\u00e9put\u00e9 de la quatri\u00e8me circonscription l&rsquo;a annonc\u00e9 haut et fort, les travaux sont lanc\u00e9s.<\/p>\n<p><span id=\"p30\">Via le plan de relance S\u00e9gur de la sant\u00e9, le\u00a0<span id=\"43\" class=\"s-rg-t\">Chov<\/span>\u00a0b\u00e9n\u00e9ficie de ce dispositif de d\u00e9fense de ses int\u00e9r\u00eats et de soutien de son investissement soit 20 millions d&rsquo;euros de 2021 \u00e0 2030.<\/span><span id=\"p31\">\u00a0Un premier versement de plus de 4 millions d&rsquo;euros est attendu avant la fin de l&rsquo;ann\u00e9e 2021.<\/span><br \/>\n<span id=\"p32\">Le Directeur, Dominique\u00a0<span id=\"44\" class=\"s-rg-t\">Cheveau<\/span>\u00a0a engag\u00e9 une d\u00e9marche de certification des comptes afin de notamment d&rsquo;appr\u00e9cier la qualit\u00e9\u00a0comptable\u00a0des \u00e9tats financiers.<\/span><span id=\"p33\"><\/span><br \/>\n<span id=\"p34\">Concernant les travaux, sur le site de Neufch\u00e2teau, le bloc op\u00e9ratoire sera termin\u00e9 en 2022, et les urgences en 2023 pour un co\u00fbt de 9 millions d&rsquo;Euros.<\/span><\/p>\n<p><a href=\"\/2021\/10\/IMG_20211011_131056.jpg\"><img decoding=\"async\" class=\"alignnone size-medium wp-image-122492\" src=\"\/2021\/10\/IMG_20211011_131056-339x255.jpg\" alt=\"IMG_20211011_131056\" width=\"339\" height=\"255\" \/><\/a><\/p>\n<p>&nbsp;<\/p>\n<p>&nbsp;<\/p>\n<p>&nbsp;<\/p>\n","protected":false},"excerpt":{"rendered":"<p>Christophe\u00a0Gasser, directeur du\u00a0Chov, a \u00e9t\u00e9 remplac\u00e9 depuis le mois de juillet par un int\u00e9rim de direction Dominique\u00a0Cheveau, directeur du centre [&hellip;]<\/p>\n","protected":false},"author":1,"featured_media":20135,"comment_status":"open","ping_status":"open","sticky":false,"template":"","format":"standard","meta":{"footnotes":""},"categories":[29,22,110,12],"tags":[152],"class_list":["post-20134","post","type-post","status-publish","format-standard","has-post-thumbnail","hentry","category-a-la-une","category-neufchateau","category-ouest-vosgien","category-sante","tag-chov-de-louest-vosgien"],"acf":[],"yoast_head":"<!-- This site is optimized with the Yoast SEO plugin v22.5 - https:\/\/yoast.com\/wordpress\/plugins\/seo\/ -->\n<title>Neufch\u00e2teau : la situation s&#039;apaise sur le Centre hospitalier de l&#039;Ouest Vosgien - La Plaine des Vosges<\/title>\n<meta name=\"robots\" content=\"index, follow, max-snippet:-1, max-image-preview:large, max-video-preview:-1\" \/>\n<link rel=\"canonical\" href=\"https:\/\/vosgesinfo.fr\/laplainedesvosgesinfo\/2021\/10\/neufchateau-la-situation-sapaise-sur-le-centre-hospitalier-de-louest-vosgien\/\" \/>\n<meta name=\"twitter:card\" content=\"summary_large_image\" \/>\n<meta name=\"twitter:title\" content=\"Neufch\u00e2teau : la situation s&#039;apaise sur le Centre hospitalier de l&#039;Ouest Vosgien - La Plaine des Vosges\" \/>\n<meta name=\"twitter:description\" content=\"Christophe\u00a0Gasser, directeur du\u00a0Chov, a \u00e9t\u00e9 remplac\u00e9 depuis le mois de juillet par un int\u00e9rim de direction Dominique\u00a0Cheveau, directeur du centre [&hellip;]\" \/>\n<meta name=\"twitter:image\" content=\"https:\/\/vosgesinfo.fr\/app\/uploads\/sites\/2\/2024\/07\/202110img-20211012-171047.jpg\" \/>\n<meta name=\"twitter:creator\" content=\"@VosgesInfo88\" \/>\n<meta name=\"twitter:site\" content=\"@VosgesInfo88\" \/>\n<meta name=\"twitter:label1\" content=\"\u00c9crit par\" \/>\n\t<meta name=\"twitter:data1\" content=\"qs_admin\" \/>\n\t<meta name=\"twitter:label2\" content=\"Dur\u00e9e de lecture estim\u00e9e\" \/>\n\t<meta name=\"twitter:data2\" content=\"2 minutes\" \/>\n<script type=\"application\/ld+json\" class=\"yoast-schema-graph\">{\"@context\":\"https:\/\/schema.org\",\"@graph\":[{\"@type\":\"Article\",\"@id\":\"https:\/\/vosgesinfo.fr\/laplainedesvosgesinfo\/2021\/10\/neufchateau-la-situation-sapaise-sur-le-centre-hospitalier-de-louest-vosgien\/#article\",\"isPartOf\":{\"@id\":\"https:\/\/vosgesinfo.fr\/laplainedesvosgesinfo\/2021\/10\/neufchateau-la-situation-sapaise-sur-le-centre-hospitalier-de-louest-vosgien\/\"},\"author\":{\"name\":\"qs_admin\",\"@id\":\"https:\/\/vosgesinfo.fr\/laplainedesvosgesinfo\/#\/schema\/person\/bc5d02d71e6932e81b6dadb7386667b1\"},\"headline\":\"Neufch\u00e2teau : la situation s&rsquo;apaise sur le Centre hospitalier de l&rsquo;Ouest Vosgien\",\"datePublished\":\"2021-10-12T13:32:03+00:00\",\"dateModified\":\"2021-10-12T13:32:03+00:00\",\"mainEntityOfPage\":{\"@id\":\"https:\/\/vosgesinfo.fr\/laplainedesvosgesinfo\/2021\/10\/neufchateau-la-situation-sapaise-sur-le-centre-hospitalier-de-louest-vosgien\/\"},\"wordCount\":393,\"commentCount\":0,\"publisher\":{\"@id\":\"https:\/\/vosgesinfo.fr\/laplainedesvosgesinfo\/#organization\"},\"image\":{\"@id\":\"https:\/\/vosgesinfo.fr\/laplainedesvosgesinfo\/2021\/10\/neufchateau-la-situation-sapaise-sur-le-centre-hospitalier-de-louest-vosgien\/#primaryimage\"},\"thumbnailUrl\":\"https:\/\/vosgesinfo.fr\/app\/uploads\/sites\/2\/2024\/07\/202110img-20211012-171047.jpg\",\"keywords\":[\"CHOV de l'Ouest Vosgien\"],\"articleSection\":[\"A la Une\",\"Neufch\u00e2teau\",\"Ouest Vosgien\",\"Sant\u00e9\"],\"inLanguage\":\"fr-FR\",\"potentialAction\":[{\"@type\":\"CommentAction\",\"name\":\"Comment\",\"target\":[\"https:\/\/vosgesinfo.fr\/laplainedesvosgesinfo\/2021\/10\/neufchateau-la-situation-sapaise-sur-le-centre-hospitalier-de-louest-vosgien\/#respond\"]}]},{\"@type\":\"WebPage\",\"@id\":\"https:\/\/vosgesinfo.fr\/laplainedesvosgesinfo\/2021\/10\/neufchateau-la-situation-sapaise-sur-le-centre-hospitalier-de-louest-vosgien\/\",\"url\":\"https:\/\/vosgesinfo.fr\/laplainedesvosgesinfo\/2021\/10\/neufchateau-la-situation-sapaise-sur-le-centre-hospitalier-de-louest-vosgien\/\",\"name\":\"Neufch\u00e2teau : la situation s'apaise sur le Centre hospitalier de l'Ouest Vosgien - La Plaine des Vosges\",\"isPartOf\":{\"@id\":\"https:\/\/vosgesinfo.fr\/laplainedesvosgesinfo\/#website\"},\"primaryImageOfPage\":{\"@id\":\"https:\/\/vosgesinfo.fr\/laplainedesvosgesinfo\/2021\/10\/neufchateau-la-situation-sapaise-sur-le-centre-hospitalier-de-louest-vosgien\/#primaryimage\"},\"image\":{\"@id\":\"https:\/\/vosgesinfo.fr\/laplainedesvosgesinfo\/2021\/10\/neufchateau-la-situation-sapaise-sur-le-centre-hospitalier-de-louest-vosgien\/#primaryimage\"},\"thumbnailUrl\":\"https:\/\/vosgesinfo.fr\/app\/uploads\/sites\/2\/2024\/07\/202110img-20211012-171047.jpg\",\"datePublished\":\"2021-10-12T13:32:03+00:00\",\"dateModified\":\"2021-10-12T13:32:03+00:00\",\"breadcrumb\":{\"@id\":\"https:\/\/vosgesinfo.fr\/laplainedesvosgesinfo\/2021\/10\/neufchateau-la-situation-sapaise-sur-le-centre-hospitalier-de-louest-vosgien\/#breadcrumb\"},\"inLanguage\":\"fr-FR\",\"potentialAction\":[{\"@type\":\"ReadAction\",\"target\":[\"https:\/\/vosgesinfo.fr\/laplainedesvosgesinfo\/2021\/10\/neufchateau-la-situation-sapaise-sur-le-centre-hospitalier-de-louest-vosgien\/\"]}]},{\"@type\":\"ImageObject\",\"inLanguage\":\"fr-FR\",\"@id\":\"https:\/\/vosgesinfo.fr\/laplainedesvosgesinfo\/2021\/10\/neufchateau-la-situation-sapaise-sur-le-centre-hospitalier-de-louest-vosgien\/#primaryimage\",\"url\":\"https:\/\/vosgesinfo.fr\/app\/uploads\/sites\/2\/2024\/07\/202110img-20211012-171047.jpg\",\"contentUrl\":\"https:\/\/vosgesinfo.fr\/app\/uploads\/sites\/2\/2024\/07\/202110img-20211012-171047.jpg\",\"width\":800,\"height\":599},{\"@type\":\"BreadcrumbList\",\"@id\":\"https:\/\/vosgesinfo.fr\/laplainedesvosgesinfo\/2021\/10\/neufchateau-la-situation-sapaise-sur-le-centre-hospitalier-de-louest-vosgien\/#breadcrumb\",\"itemListElement\":[{\"@type\":\"ListItem\",\"position\":1,\"name\":\"Home\",\"item\":\"https:\/\/vosgesinfo.fr\/laplainedesvosgesinfo\/\"},{\"@type\":\"ListItem\",\"position\":2,\"name\":\"Neufch\u00e2teau : la situation s&rsquo;apaise sur le Centre hospitalier de l&rsquo;Ouest Vosgien\"}]},{\"@type\":\"WebSite\",\"@id\":\"https:\/\/vosgesinfo.fr\/laplainedesvosgesinfo\/#website\",\"url\":\"https:\/\/vosgesinfo.fr\/laplainedesvosgesinfo\/\",\"name\":\"La Plaine des Vosges\",\"description\":\"Toute l&#039;actualit\u00e9 de la plaine de Vosges\",\"publisher\":{\"@id\":\"https:\/\/vosgesinfo.fr\/laplainedesvosgesinfo\/#organization\"},\"alternateName\":\"Toute l'actualit\u00e9 de la plaine des Vosges\",\"potentialAction\":[{\"@type\":\"SearchAction\",\"target\":{\"@type\":\"EntryPoint\",\"urlTemplate\":\"https:\/\/vosgesinfo.fr\/laplainedesvosgesinfo\/?s={search_term_string}\"},\"query-input\":\"required name=search_term_string\"}],\"inLanguage\":\"fr-FR\"},{\"@type\":\"Organization\",\"@id\":\"https:\/\/vosgesinfo.fr\/laplainedesvosgesinfo\/#organization\",\"name\":\"La Plaine des Vosges\",\"url\":\"https:\/\/vosgesinfo.fr\/laplainedesvosgesinfo\/\",\"logo\":{\"@type\":\"ImageObject\",\"inLanguage\":\"fr-FR\",\"@id\":\"https:\/\/vosgesinfo.fr\/laplainedesvosgesinfo\/#\/schema\/logo\/image\/\",\"url\":\"https:\/\/vosgesinfo.fr\/app\/uploads\/sites\/2\/2023\/08\/logo-laplaineinfo.svg\",\"contentUrl\":\"https:\/\/vosgesinfo.fr\/app\/uploads\/sites\/2\/2023\/08\/logo-laplaineinfo.svg\",\"width\":1,\"height\":1,\"caption\":\"La Plaine des Vosges\"},\"image\":{\"@id\":\"https:\/\/vosgesinfo.fr\/laplainedesvosgesinfo\/#\/schema\/logo\/image\/\"},\"sameAs\":[\"https:\/\/www.facebook.com\/laplainedesvosges\",\"https:\/\/x.com\/VosgesInfo88\",\"https:\/\/www.youtube.com\/@vosgesinfo\"]},{\"@type\":\"Person\",\"@id\":\"https:\/\/vosgesinfo.fr\/laplainedesvosgesinfo\/#\/schema\/person\/bc5d02d71e6932e81b6dadb7386667b1\",\"name\":\"qs_admin\",\"image\":{\"@type\":\"ImageObject\",\"inLanguage\":\"fr-FR\",\"@id\":\"https:\/\/vosgesinfo.fr\/laplainedesvosgesinfo\/#\/schema\/person\/image\/\",\"url\":\"https:\/\/secure.gravatar.com\/avatar\/94b18ee0ed79e4a42ea2f2931277b6841a8999fc6fde214600c78057cf1fe1de?s=96&d=mm&r=g\",\"contentUrl\":\"https:\/\/secure.gravatar.com\/avatar\/94b18ee0ed79e4a42ea2f2931277b6841a8999fc6fde214600c78057cf1fe1de?s=96&d=mm&r=g\",\"caption\":\"qs_admin\"},\"sameAs\":[\"https:\/\/vosgesinfo.fr\/wp\"],\"url\":\"https:\/\/vosgesinfo.fr\/laplainedesvosgesinfo\/author\/qs_admin\/\"}]}<\/script>\n<!-- \/ Yoast SEO plugin. -->","yoast_head_json":{"title":"Neufch\u00e2teau : la situation s'apaise sur le Centre hospitalier de l'Ouest Vosgien - La Plaine des Vosges","robots":{"index":"index","follow":"follow","max-snippet":"max-snippet:-1","max-image-preview":"max-image-preview:large","max-video-preview":"max-video-preview:-1"},"canonical":"https:\/\/vosgesinfo.fr\/laplainedesvosgesinfo\/2021\/10\/neufchateau-la-situation-sapaise-sur-le-centre-hospitalier-de-louest-vosgien\/","twitter_card":"summary_large_image","twitter_title":"Neufch\u00e2teau : la situation s'apaise sur le Centre hospitalier de l'Ouest Vosgien - La Plaine des Vosges","twitter_description":"Christophe\u00a0Gasser, directeur du\u00a0Chov, a \u00e9t\u00e9 remplac\u00e9 depuis le mois de juillet par un int\u00e9rim de direction Dominique\u00a0Cheveau, directeur du centre [&hellip;]","twitter_image":"https:\/\/vosgesinfo.fr\/app\/uploads\/sites\/2\/2024\/07\/202110img-20211012-171047.jpg","twitter_creator":"@VosgesInfo88","twitter_site":"@VosgesInfo88","twitter_misc":{"\u00c9crit par":"qs_admin","Dur\u00e9e de lecture estim\u00e9e":"2 minutes"},"schema":{"@context":"https:\/\/schema.org","@graph":[{"@type":"Article","@id":"https:\/\/vosgesinfo.fr\/laplainedesvosgesinfo\/2021\/10\/neufchateau-la-situation-sapaise-sur-le-centre-hospitalier-de-louest-vosgien\/#article","isPartOf":{"@id":"https:\/\/vosgesinfo.fr\/laplainedesvosgesinfo\/2021\/10\/neufchateau-la-situation-sapaise-sur-le-centre-hospitalier-de-louest-vosgien\/"},"author":{"name":"qs_admin","@id":"https:\/\/vosgesinfo.fr\/laplainedesvosgesinfo\/#\/schema\/person\/bc5d02d71e6932e81b6dadb7386667b1"},"headline":"Neufch\u00e2teau : la situation s&rsquo;apaise sur le Centre hospitalier de l&rsquo;Ouest Vosgien","datePublished":"2021-10-12T13:32:03+00:00","dateModified":"2021-10-12T13:32:03+00:00","mainEntityOfPage":{"@id":"https:\/\/vosgesinfo.fr\/laplainedesvosgesinfo\/2021\/10\/neufchateau-la-situation-sapaise-sur-le-centre-hospitalier-de-louest-vosgien\/"},"wordCount":393,"commentCount":0,"publisher":{"@id":"https:\/\/vosgesinfo.fr\/laplainedesvosgesinfo\/#organization"},"image":{"@id":"https:\/\/vosgesinfo.fr\/laplainedesvosgesinfo\/2021\/10\/neufchateau-la-situation-sapaise-sur-le-centre-hospitalier-de-louest-vosgien\/#primaryimage"},"thumbnailUrl":"https:\/\/vosgesinfo.fr\/app\/uploads\/sites\/2\/2024\/07\/202110img-20211012-171047.jpg","keywords":["CHOV de l'Ouest Vosgien"],"articleSection":["A la Une","Neufch\u00e2teau","Ouest Vosgien","Sant\u00e9"],"inLanguage":"fr-FR","potentialAction":[{"@type":"CommentAction","name":"Comment","target":["https:\/\/vosgesinfo.fr\/laplainedesvosgesinfo\/2021\/10\/neufchateau-la-situation-sapaise-sur-le-centre-hospitalier-de-louest-vosgien\/#respond"]}]},{"@type":"WebPage","@id":"https:\/\/vosgesinfo.fr\/laplainedesvosgesinfo\/2021\/10\/neufchateau-la-situation-sapaise-sur-le-centre-hospitalier-de-louest-vosgien\/","url":"https:\/\/vosgesinfo.fr\/laplainedesvosgesinfo\/2021\/10\/neufchateau-la-situation-sapaise-sur-le-centre-hospitalier-de-louest-vosgien\/","name":"Neufch\u00e2teau : la situation s'apaise sur le Centre hospitalier de l'Ouest Vosgien - La Plaine des Vosges","isPartOf":{"@id":"https:\/\/vosgesinfo.fr\/laplainedesvosgesinfo\/#website"},"primaryImageOfPage":{"@id":"https:\/\/vosgesinfo.fr\/laplainedesvosgesinfo\/2021\/10\/neufchateau-la-situation-sapaise-sur-le-centre-hospitalier-de-louest-vosgien\/#primaryimage"},"image":{"@id":"https:\/\/vosgesinfo.fr\/laplainedesvosgesinfo\/2021\/10\/neufchateau-la-situation-sapaise-sur-le-centre-hospitalier-de-louest-vosgien\/#primaryimage"},"thumbnailUrl":"https:\/\/vosgesinfo.fr\/app\/uploads\/sites\/2\/2024\/07\/202110img-20211012-171047.jpg","datePublished":"2021-10-12T13:32:03+00:00","dateModified":"2021-10-12T13:32:03+00:00","breadcrumb":{"@id":"https:\/\/vosgesinfo.fr\/laplainedesvosgesinfo\/2021\/10\/neufchateau-la-situation-sapaise-sur-le-centre-hospitalier-de-louest-vosgien\/#breadcrumb"},"inLanguage":"fr-FR","potentialAction":[{"@type":"ReadAction","target":["https:\/\/vosgesinfo.fr\/laplainedesvosgesinfo\/2021\/10\/neufchateau-la-situation-sapaise-sur-le-centre-hospitalier-de-louest-vosgien\/"]}]},{"@type":"ImageObject","inLanguage":"fr-FR","@id":"https:\/\/vosgesinfo.fr\/laplainedesvosgesinfo\/2021\/10\/neufchateau-la-situation-sapaise-sur-le-centre-hospitalier-de-louest-vosgien\/#primaryimage","url":"https:\/\/vosgesinfo.fr\/app\/uploads\/sites\/2\/2024\/07\/202110img-20211012-171047.jpg","contentUrl":"https:\/\/vosgesinfo.fr\/app\/uploads\/sites\/2\/2024\/07\/202110img-20211012-171047.jpg","width":800,"height":599},{"@type":"BreadcrumbList","@id":"https:\/\/vosgesinfo.fr\/laplainedesvosgesinfo\/2021\/10\/neufchateau-la-situation-sapaise-sur-le-centre-hospitalier-de-louest-vosgien\/#breadcrumb","itemListElement":[{"@type":"ListItem","position":1,"name":"Home","item":"https:\/\/vosgesinfo.fr\/laplainedesvosgesinfo\/"},{"@type":"ListItem","position":2,"name":"Neufch\u00e2teau : la situation s&rsquo;apaise sur le Centre hospitalier de l&rsquo;Ouest Vosgien"}]},{"@type":"WebSite","@id":"https:\/\/vosgesinfo.fr\/laplainedesvosgesinfo\/#website","url":"https:\/\/vosgesinfo.fr\/laplainedesvosgesinfo\/","name":"La Plaine des Vosges","description":"Toute l&#039;actualit\u00e9 de la plaine de Vosges","publisher":{"@id":"https:\/\/vosgesinfo.fr\/laplainedesvosgesinfo\/#organization"},"alternateName":"Toute l'actualit\u00e9 de la plaine des Vosges","potentialAction":[{"@type":"SearchAction","target":{"@type":"EntryPoint","urlTemplate":"https:\/\/vosgesinfo.fr\/laplainedesvosgesinfo\/?s={search_term_string}"},"query-input":"required name=search_term_string"}],"inLanguage":"fr-FR"},{"@type":"Organization","@id":"https:\/\/vosgesinfo.fr\/laplainedesvosgesinfo\/#organization","name":"La Plaine des Vosges","url":"https:\/\/vosgesinfo.fr\/laplainedesvosgesinfo\/","logo":{"@type":"ImageObject","inLanguage":"fr-FR","@id":"https:\/\/vosgesinfo.fr\/laplainedesvosgesinfo\/#\/schema\/logo\/image\/","url":"https:\/\/vosgesinfo.fr\/app\/uploads\/sites\/2\/2023\/08\/logo-laplaineinfo.svg","contentUrl":"https:\/\/vosgesinfo.fr\/app\/uploads\/sites\/2\/2023\/08\/logo-laplaineinfo.svg","width":1,"height":1,"caption":"La Plaine des Vosges"},"image":{"@id":"https:\/\/vosgesinfo.fr\/laplainedesvosgesinfo\/#\/schema\/logo\/image\/"},"sameAs":["https:\/\/www.facebook.com\/laplainedesvosges","https:\/\/x.com\/VosgesInfo88","https:\/\/www.youtube.com\/@vosgesinfo"]},{"@type":"Person","@id":"https:\/\/vosgesinfo.fr\/laplainedesvosgesinfo\/#\/schema\/person\/bc5d02d71e6932e81b6dadb7386667b1","name":"qs_admin","image":{"@type":"ImageObject","inLanguage":"fr-FR","@id":"https:\/\/vosgesinfo.fr\/laplainedesvosgesinfo\/#\/schema\/person\/image\/","url":"https:\/\/secure.gravatar.com\/avatar\/94b18ee0ed79e4a42ea2f2931277b6841a8999fc6fde214600c78057cf1fe1de?s=96&d=mm&r=g","contentUrl":"https:\/\/secure.gravatar.com\/avatar\/94b18ee0ed79e4a42ea2f2931277b6841a8999fc6fde214600c78057cf1fe1de?s=96&d=mm&r=g","caption":"qs_admin"},"sameAs":["https:\/\/vosgesinfo.fr\/wp"],"url":"https:\/\/vosgesinfo.fr\/laplainedesvosgesinfo\/author\/qs_admin\/"}]}},"_links":{"self":[{"href":"https:\/\/vosgesinfo.fr\/laplainedesvosgesinfo\/wp-json\/wp\/v2\/posts\/20134","targetHints":{"allow":["GET"]}}],"collection":[{"href":"https:\/\/vosgesinfo.fr\/laplainedesvosgesinfo\/wp-json\/wp\/v2\/posts"}],"about":[{"href":"https:\/\/vosgesinfo.fr\/laplainedesvosgesinfo\/wp-json\/wp\/v2\/types\/post"}],"author":[{"embeddable":true,"href":"https:\/\/vosgesinfo.fr\/laplainedesvosgesinfo\/wp-json\/wp\/v2\/users\/1"}],"replies":[{"embeddable":true,"href":"https:\/\/vosgesinfo.fr\/laplainedesvosgesinfo\/wp-json\/wp\/v2\/comments?post=20134"}],"version-history":[{"count":0,"href":"https:\/\/vosgesinfo.fr\/laplainedesvosgesinfo\/wp-json\/wp\/v2\/posts\/20134\/revisions"}],"wp:featuredmedia":[{"embeddable":true,"href":"https:\/\/vosgesinfo.fr\/laplainedesvosgesinfo\/wp-json\/wp\/v2\/media\/20135"}],"wp:attachment":[{"href":"https:\/\/vosgesinfo.fr\/laplainedesvosgesinfo\/wp-json\/wp\/v2\/media?parent=20134"}],"wp:term":[{"taxonomy":"category","embeddable":true,"href":"https:\/\/vosgesinfo.fr\/laplainedesvosgesinfo\/wp-json\/wp\/v2\/categories?post=20134"},{"taxonomy":"post_tag","embeddable":true,"href":"https:\/\/vosgesinfo.fr\/laplainedesvosgesinfo\/wp-json\/wp\/v2\/tags?post=20134"}],"curies":[{"name":"wp","href":"https:\/\/api.w.org\/{rel}","templated":true}]}}