{"id":20137,"date":"2021-10-12T14:27:23","date_gmt":"2021-10-12T12:27:23","guid":{"rendered":"https:\/\/vosgesinfo.fr\/laplainedesvosgesinfo\/2021\/10\/safety-day-2021-journee-dediee-a-la-securite-et-au-bien-etre-au-travail-au-sicovad\/"},"modified":"2021-10-12T14:27:23","modified_gmt":"2021-10-12T12:27:23","slug":"safety-day-2021-journee-dediee-a-la-securite-et-au-bien-etre-au-travail-au-sicovad","status":"publish","type":"post","link":"https:\/\/vosgesinfo.fr\/laplainedesvosgesinfo\/2021\/10\/safety-day-2021-journee-dediee-a-la-securite-et-au-bien-etre-au-travail-au-sicovad\/","title":{"rendered":"Safety Day 2021 : journ\u00e9e d\u00e9di\u00e9e \u00e0 la s\u00e9curit\u00e9 et au bien-\u00eatre au travail au SICOVAD"},"content":{"rendered":"<h2>Ce lundi, le SICOVAD organisait une journ\u00e9e d\u00e9di\u00e9e \u00e0 la s\u00e9curit\u00e9 et au bien-\u00eatre au travail sur le site d\u2019Epinal. Soucieux de la sant\u00e9 physique et mentale de ses agents, cette journ\u00e9e avait pour but de sensibiliser les agents du SICOVAD \u00e0 l\u2019accidentologie et aux risques li\u00e9s\u00a0 nos professions de mani\u00e8re ludique.<\/h2>\n","protected":false},"excerpt":{"rendered":"<p>Ce lundi, le SICOVAD organisait une journ\u00e9e d\u00e9di\u00e9e \u00e0 la s\u00e9curit\u00e9 et au bien-\u00eatre au travail sur le site d\u2019Epinal. [&hellip;]<\/p>\n","protected":false},"author":126,"featured_media":20138,"comment_status":"open","ping_status":"open","sticky":false,"template":"","format":"standard","meta":{"footnotes":""},"categories":[29,18],"tags":[],"class_list":["post-20137","post","type-post","status-publish","format-standard","has-post-thumbnail","hentry","category-a-la-une","category-vosges"],"acf":[],"yoast_head":"<!-- This site is optimized with the Yoast SEO plugin v22.5 - https:\/\/yoast.com\/wordpress\/plugins\/seo\/ -->\n<title>Safety Day 2021 : journ\u00e9e d\u00e9di\u00e9e \u00e0 la s\u00e9curit\u00e9 et au bien-\u00eatre au travail au SICOVAD - La Plaine des Vosges<\/title>\n<meta name=\"robots\" content=\"index, follow, max-snippet:-1, max-image-preview:large, max-video-preview:-1\" \/>\n<link rel=\"canonical\" href=\"https:\/\/vosgesinfo.fr\/laplainedesvosgesinfo\/2021\/10\/safety-day-2021-journee-dediee-a-la-securite-et-au-bien-etre-au-travail-au-sicovad\/\" \/>\n<meta name=\"twitter:card\" content=\"summary_large_image\" \/>\n<meta name=\"twitter:title\" content=\"Safety Day 2021 : journ\u00e9e d\u00e9di\u00e9e \u00e0 la s\u00e9curit\u00e9 et au bien-\u00eatre au travail au SICOVAD - La Plaine des Vosges\" \/>\n<meta name=\"twitter:description\" content=\"Ce lundi, le SICOVAD organisait une journ\u00e9e d\u00e9di\u00e9e \u00e0 la s\u00e9curit\u00e9 et au bien-\u00eatre au travail sur le site d\u2019Epinal. [&hellip;]\" \/>\n<meta name=\"twitter:image\" content=\"https:\/\/vosgesinfo.fr\/app\/uploads\/sites\/2\/2024\/07\/202110sicovad-safety-day-bien-etre-travail-4.jpg\" \/>\n<meta name=\"twitter:creator\" content=\"@VosgesInfo88\" \/>\n<meta name=\"twitter:site\" content=\"@VosgesInfo88\" \/>\n<meta name=\"twitter:label1\" content=\"\u00c9crit par\" \/>\n\t<meta name=\"twitter:data1\" content=\"La R\u00e9daction\" \/>\n<script type=\"application\/ld+json\" class=\"yoast-schema-graph\">{\"@context\":\"https:\/\/schema.org\",\"@graph\":[{\"@type\":\"Article\",\"@id\":\"https:\/\/vosgesinfo.fr\/laplainedesvosgesinfo\/2021\/10\/safety-day-2021-journee-dediee-a-la-securite-et-au-bien-etre-au-travail-au-sicovad\/#article\",\"isPartOf\":{\"@id\":\"https:\/\/vosgesinfo.fr\/laplainedesvosgesinfo\/2021\/10\/safety-day-2021-journee-dediee-a-la-securite-et-au-bien-etre-au-travail-au-sicovad\/\"},\"author\":{\"name\":\"La R\u00e9daction\",\"@id\":\"https:\/\/vosgesinfo.fr\/laplainedesvosgesinfo\/#\/schema\/person\/db412391f749f1ee67e177e1dc017316\"},\"headline\":\"Safety Day 2021 : journ\u00e9e d\u00e9di\u00e9e \u00e0 la s\u00e9curit\u00e9 et au bien-\u00eatre au travail au SICOVAD\",\"datePublished\":\"2021-10-12T12:27:23+00:00\",\"dateModified\":\"2021-10-12T12:27:23+00:00\",\"mainEntityOfPage\":{\"@id\":\"https:\/\/vosgesinfo.fr\/laplainedesvosgesinfo\/2021\/10\/safety-day-2021-journee-dediee-a-la-securite-et-au-bien-etre-au-travail-au-sicovad\/\"},\"wordCount\":78,\"commentCount\":0,\"publisher\":{\"@id\":\"https:\/\/vosgesinfo.fr\/laplainedesvosgesinfo\/#organization\"},\"image\":{\"@id\":\"https:\/\/vosgesinfo.fr\/laplainedesvosgesinfo\/2021\/10\/safety-day-2021-journee-dediee-a-la-securite-et-au-bien-etre-au-travail-au-sicovad\/#primaryimage\"},\"thumbnailUrl\":\"https:\/\/vosgesinfo.fr\/app\/uploads\/sites\/2\/2024\/07\/202110sicovad-safety-day-bien-etre-travail-4.jpg\",\"articleSection\":[\"A la Une\",\"Vosges\"],\"inLanguage\":\"fr-FR\",\"potentialAction\":[{\"@type\":\"CommentAction\",\"name\":\"Comment\",\"target\":[\"https:\/\/vosgesinfo.fr\/laplainedesvosgesinfo\/2021\/10\/safety-day-2021-journee-dediee-a-la-securite-et-au-bien-etre-au-travail-au-sicovad\/#respond\"]}]},{\"@type\":\"WebPage\",\"@id\":\"https:\/\/vosgesinfo.fr\/laplainedesvosgesinfo\/2021\/10\/safety-day-2021-journee-dediee-a-la-securite-et-au-bien-etre-au-travail-au-sicovad\/\",\"url\":\"https:\/\/vosgesinfo.fr\/laplainedesvosgesinfo\/2021\/10\/safety-day-2021-journee-dediee-a-la-securite-et-au-bien-etre-au-travail-au-sicovad\/\",\"name\":\"Safety Day 2021 : journ\u00e9e d\u00e9di\u00e9e \u00e0 la s\u00e9curit\u00e9 et au bien-\u00eatre au travail au SICOVAD - La Plaine des Vosges\",\"isPartOf\":{\"@id\":\"https:\/\/vosgesinfo.fr\/laplainedesvosgesinfo\/#website\"},\"primaryImageOfPage\":{\"@id\":\"https:\/\/vosgesinfo.fr\/laplainedesvosgesinfo\/2021\/10\/safety-day-2021-journee-dediee-a-la-securite-et-au-bien-etre-au-travail-au-sicovad\/#primaryimage\"},\"image\":{\"@id\":\"https:\/\/vosgesinfo.fr\/laplainedesvosgesinfo\/2021\/10\/safety-day-2021-journee-dediee-a-la-securite-et-au-bien-etre-au-travail-au-sicovad\/#primaryimage\"},\"thumbnailUrl\":\"https:\/\/vosgesinfo.fr\/app\/uploads\/sites\/2\/2024\/07\/202110sicovad-safety-day-bien-etre-travail-4.jpg\",\"datePublished\":\"2021-10-12T12:27:23+00:00\",\"dateModified\":\"2021-10-12T12:27:23+00:00\",\"breadcrumb\":{\"@id\":\"https:\/\/vosgesinfo.fr\/laplainedesvosgesinfo\/2021\/10\/safety-day-2021-journee-dediee-a-la-securite-et-au-bien-etre-au-travail-au-sicovad\/#breadcrumb\"},\"inLanguage\":\"fr-FR\",\"potentialAction\":[{\"@type\":\"ReadAction\",\"target\":[\"https:\/\/vosgesinfo.fr\/laplainedesvosgesinfo\/2021\/10\/safety-day-2021-journee-dediee-a-la-securite-et-au-bien-etre-au-travail-au-sicovad\/\"]}]},{\"@type\":\"ImageObject\",\"inLanguage\":\"fr-FR\",\"@id\":\"https:\/\/vosgesinfo.fr\/laplainedesvosgesinfo\/2021\/10\/safety-day-2021-journee-dediee-a-la-securite-et-au-bien-etre-au-travail-au-sicovad\/#primaryimage\",\"url\":\"https:\/\/vosgesinfo.fr\/app\/uploads\/sites\/2\/2024\/07\/202110sicovad-safety-day-bien-etre-travail-4.jpg\",\"contentUrl\":\"https:\/\/vosgesinfo.fr\/app\/uploads\/sites\/2\/2024\/07\/202110sicovad-safety-day-bien-etre-travail-4.jpg\",\"width\":800,\"height\":600},{\"@type\":\"BreadcrumbList\",\"@id\":\"https:\/\/vosgesinfo.fr\/laplainedesvosgesinfo\/2021\/10\/safety-day-2021-journee-dediee-a-la-securite-et-au-bien-etre-au-travail-au-sicovad\/#breadcrumb\",\"itemListElement\":[{\"@type\":\"ListItem\",\"position\":1,\"name\":\"Home\",\"item\":\"https:\/\/vosgesinfo.fr\/laplainedesvosgesinfo\/\"},{\"@type\":\"ListItem\",\"position\":2,\"name\":\"Safety Day 2021 : journ\u00e9e d\u00e9di\u00e9e \u00e0 la s\u00e9curit\u00e9 et au bien-\u00eatre au travail au SICOVAD\"}]},{\"@type\":\"WebSite\",\"@id\":\"https:\/\/vosgesinfo.fr\/laplainedesvosgesinfo\/#website\",\"url\":\"https:\/\/vosgesinfo.fr\/laplainedesvosgesinfo\/\",\"name\":\"La Plaine des Vosges\",\"description\":\"Toute l&#039;actualit\u00e9 de la plaine de Vosges\",\"publisher\":{\"@id\":\"https:\/\/vosgesinfo.fr\/laplainedesvosgesinfo\/#organization\"},\"alternateName\":\"Toute l'actualit\u00e9 de la plaine des Vosges\",\"potentialAction\":[{\"@type\":\"SearchAction\",\"target\":{\"@type\":\"EntryPoint\",\"urlTemplate\":\"https:\/\/vosgesinfo.fr\/laplainedesvosgesinfo\/?s={search_term_string}\"},\"query-input\":\"required name=search_term_string\"}],\"inLanguage\":\"fr-FR\"},{\"@type\":\"Organization\",\"@id\":\"https:\/\/vosgesinfo.fr\/laplainedesvosgesinfo\/#organization\",\"name\":\"La Plaine des Vosges\",\"url\":\"https:\/\/vosgesinfo.fr\/laplainedesvosgesinfo\/\",\"logo\":{\"@type\":\"ImageObject\",\"inLanguage\":\"fr-FR\",\"@id\":\"https:\/\/vosgesinfo.fr\/laplainedesvosgesinfo\/#\/schema\/logo\/image\/\",\"url\":\"https:\/\/vosgesinfo.fr\/app\/uploads\/sites\/2\/2023\/08\/logo-laplaineinfo.svg\",\"contentUrl\":\"https:\/\/vosgesinfo.fr\/app\/uploads\/sites\/2\/2023\/08\/logo-laplaineinfo.svg\",\"width\":1,\"height\":1,\"caption\":\"La Plaine des Vosges\"},\"image\":{\"@id\":\"https:\/\/vosgesinfo.fr\/laplainedesvosgesinfo\/#\/schema\/logo\/image\/\"},\"sameAs\":[\"https:\/\/www.facebook.com\/laplainedesvosges\",\"https:\/\/x.com\/VosgesInfo88\",\"https:\/\/www.youtube.com\/@vosgesinfo\"]},{\"@type\":\"Person\",\"@id\":\"https:\/\/vosgesinfo.fr\/laplainedesvosgesinfo\/#\/schema\/person\/db412391f749f1ee67e177e1dc017316\",\"name\":\"La R\u00e9daction\",\"image\":{\"@type\":\"ImageObject\",\"inLanguage\":\"fr-FR\",\"@id\":\"https:\/\/vosgesinfo.fr\/laplainedesvosgesinfo\/#\/schema\/person\/image\/\",\"url\":\"https:\/\/secure.gravatar.com\/avatar\/d10cfbea47ec464014dd9e55d3c353f7c4017b65068eb823d0882be0ff3b0ff6?s=96&d=mm&r=g\",\"contentUrl\":\"https:\/\/secure.gravatar.com\/avatar\/d10cfbea47ec464014dd9e55d3c353f7c4017b65068eb823d0882be0ff3b0ff6?s=96&d=mm&r=g\",\"caption\":\"La R\u00e9daction\"},\"url\":\"https:\/\/vosgesinfo.fr\/laplainedesvosgesinfo\/author\/redaction\/\"}]}<\/script>\n<!-- \/ Yoast SEO plugin. -->","yoast_head_json":{"title":"Safety Day 2021 : journ\u00e9e d\u00e9di\u00e9e \u00e0 la s\u00e9curit\u00e9 et au bien-\u00eatre au travail au SICOVAD - La Plaine des Vosges","robots":{"index":"index","follow":"follow","max-snippet":"max-snippet:-1","max-image-preview":"max-image-preview:large","max-video-preview":"max-video-preview:-1"},"canonical":"https:\/\/vosgesinfo.fr\/laplainedesvosgesinfo\/2021\/10\/safety-day-2021-journee-dediee-a-la-securite-et-au-bien-etre-au-travail-au-sicovad\/","twitter_card":"summary_large_image","twitter_title":"Safety Day 2021 : journ\u00e9e d\u00e9di\u00e9e \u00e0 la s\u00e9curit\u00e9 et au bien-\u00eatre au travail au SICOVAD - La Plaine des Vosges","twitter_description":"Ce lundi, le SICOVAD organisait une journ\u00e9e d\u00e9di\u00e9e \u00e0 la s\u00e9curit\u00e9 et au bien-\u00eatre au travail sur le site d\u2019Epinal. [&hellip;]","twitter_image":"https:\/\/vosgesinfo.fr\/app\/uploads\/sites\/2\/2024\/07\/202110sicovad-safety-day-bien-etre-travail-4.jpg","twitter_creator":"@VosgesInfo88","twitter_site":"@VosgesInfo88","twitter_misc":{"\u00c9crit par":"La R\u00e9daction"},"schema":{"@context":"https:\/\/schema.org","@graph":[{"@type":"Article","@id":"https:\/\/vosgesinfo.fr\/laplainedesvosgesinfo\/2021\/10\/safety-day-2021-journee-dediee-a-la-securite-et-au-bien-etre-au-travail-au-sicovad\/#article","isPartOf":{"@id":"https:\/\/vosgesinfo.fr\/laplainedesvosgesinfo\/2021\/10\/safety-day-2021-journee-dediee-a-la-securite-et-au-bien-etre-au-travail-au-sicovad\/"},"author":{"name":"La R\u00e9daction","@id":"https:\/\/vosgesinfo.fr\/laplainedesvosgesinfo\/#\/schema\/person\/db412391f749f1ee67e177e1dc017316"},"headline":"Safety Day 2021 : journ\u00e9e d\u00e9di\u00e9e \u00e0 la s\u00e9curit\u00e9 et au bien-\u00eatre au travail au SICOVAD","datePublished":"2021-10-12T12:27:23+00:00","dateModified":"2021-10-12T12:27:23+00:00","mainEntityOfPage":{"@id":"https:\/\/vosgesinfo.fr\/laplainedesvosgesinfo\/2021\/10\/safety-day-2021-journee-dediee-a-la-securite-et-au-bien-etre-au-travail-au-sicovad\/"},"wordCount":78,"commentCount":0,"publisher":{"@id":"https:\/\/vosgesinfo.fr\/laplainedesvosgesinfo\/#organization"},"image":{"@id":"https:\/\/vosgesinfo.fr\/laplainedesvosgesinfo\/2021\/10\/safety-day-2021-journee-dediee-a-la-securite-et-au-bien-etre-au-travail-au-sicovad\/#primaryimage"},"thumbnailUrl":"https:\/\/vosgesinfo.fr\/app\/uploads\/sites\/2\/2024\/07\/202110sicovad-safety-day-bien-etre-travail-4.jpg","articleSection":["A la Une","Vosges"],"inLanguage":"fr-FR","potentialAction":[{"@type":"CommentAction","name":"Comment","target":["https:\/\/vosgesinfo.fr\/laplainedesvosgesinfo\/2021\/10\/safety-day-2021-journee-dediee-a-la-securite-et-au-bien-etre-au-travail-au-sicovad\/#respond"]}]},{"@type":"WebPage","@id":"https:\/\/vosgesinfo.fr\/laplainedesvosgesinfo\/2021\/10\/safety-day-2021-journee-dediee-a-la-securite-et-au-bien-etre-au-travail-au-sicovad\/","url":"https:\/\/vosgesinfo.fr\/laplainedesvosgesinfo\/2021\/10\/safety-day-2021-journee-dediee-a-la-securite-et-au-bien-etre-au-travail-au-sicovad\/","name":"Safety Day 2021 : journ\u00e9e d\u00e9di\u00e9e \u00e0 la s\u00e9curit\u00e9 et au bien-\u00eatre au travail au SICOVAD - La Plaine des Vosges","isPartOf":{"@id":"https:\/\/vosgesinfo.fr\/laplainedesvosgesinfo\/#website"},"primaryImageOfPage":{"@id":"https:\/\/vosgesinfo.fr\/laplainedesvosgesinfo\/2021\/10\/safety-day-2021-journee-dediee-a-la-securite-et-au-bien-etre-au-travail-au-sicovad\/#primaryimage"},"image":{"@id":"https:\/\/vosgesinfo.fr\/laplainedesvosgesinfo\/2021\/10\/safety-day-2021-journee-dediee-a-la-securite-et-au-bien-etre-au-travail-au-sicovad\/#primaryimage"},"thumbnailUrl":"https:\/\/vosgesinfo.fr\/app\/uploads\/sites\/2\/2024\/07\/202110sicovad-safety-day-bien-etre-travail-4.jpg","datePublished":"2021-10-12T12:27:23+00:00","dateModified":"2021-10-12T12:27:23+00:00","breadcrumb":{"@id":"https:\/\/vosgesinfo.fr\/laplainedesvosgesinfo\/2021\/10\/safety-day-2021-journee-dediee-a-la-securite-et-au-bien-etre-au-travail-au-sicovad\/#breadcrumb"},"inLanguage":"fr-FR","potentialAction":[{"@type":"ReadAction","target":["https:\/\/vosgesinfo.fr\/laplainedesvosgesinfo\/2021\/10\/safety-day-2021-journee-dediee-a-la-securite-et-au-bien-etre-au-travail-au-sicovad\/"]}]},{"@type":"ImageObject","inLanguage":"fr-FR","@id":"https:\/\/vosgesinfo.fr\/laplainedesvosgesinfo\/2021\/10\/safety-day-2021-journee-dediee-a-la-securite-et-au-bien-etre-au-travail-au-sicovad\/#primaryimage","url":"https:\/\/vosgesinfo.fr\/app\/uploads\/sites\/2\/2024\/07\/202110sicovad-safety-day-bien-etre-travail-4.jpg","contentUrl":"https:\/\/vosgesinfo.fr\/app\/uploads\/sites\/2\/2024\/07\/202110sicovad-safety-day-bien-etre-travail-4.jpg","width":800,"height":600},{"@type":"BreadcrumbList","@id":"https:\/\/vosgesinfo.fr\/laplainedesvosgesinfo\/2021\/10\/safety-day-2021-journee-dediee-a-la-securite-et-au-bien-etre-au-travail-au-sicovad\/#breadcrumb","itemListElement":[{"@type":"ListItem","position":1,"name":"Home","item":"https:\/\/vosgesinfo.fr\/laplainedesvosgesinfo\/"},{"@type":"ListItem","position":2,"name":"Safety Day 2021 : journ\u00e9e d\u00e9di\u00e9e \u00e0 la s\u00e9curit\u00e9 et au bien-\u00eatre au travail au SICOVAD"}]},{"@type":"WebSite","@id":"https:\/\/vosgesinfo.fr\/laplainedesvosgesinfo\/#website","url":"https:\/\/vosgesinfo.fr\/laplainedesvosgesinfo\/","name":"La Plaine des Vosges","description":"Toute l&#039;actualit\u00e9 de la plaine de Vosges","publisher":{"@id":"https:\/\/vosgesinfo.fr\/laplainedesvosgesinfo\/#organization"},"alternateName":"Toute l'actualit\u00e9 de la plaine des Vosges","potentialAction":[{"@type":"SearchAction","target":{"@type":"EntryPoint","urlTemplate":"https:\/\/vosgesinfo.fr\/laplainedesvosgesinfo\/?s={search_term_string}"},"query-input":"required name=search_term_string"}],"inLanguage":"fr-FR"},{"@type":"Organization","@id":"https:\/\/vosgesinfo.fr\/laplainedesvosgesinfo\/#organization","name":"La Plaine des Vosges","url":"https:\/\/vosgesinfo.fr\/laplainedesvosgesinfo\/","logo":{"@type":"ImageObject","inLanguage":"fr-FR","@id":"https:\/\/vosgesinfo.fr\/laplainedesvosgesinfo\/#\/schema\/logo\/image\/","url":"https:\/\/vosgesinfo.fr\/app\/uploads\/sites\/2\/2023\/08\/logo-laplaineinfo.svg","contentUrl":"https:\/\/vosgesinfo.fr\/app\/uploads\/sites\/2\/2023\/08\/logo-laplaineinfo.svg","width":1,"height":1,"caption":"La Plaine des Vosges"},"image":{"@id":"https:\/\/vosgesinfo.fr\/laplainedesvosgesinfo\/#\/schema\/logo\/image\/"},"sameAs":["https:\/\/www.facebook.com\/laplainedesvosges","https:\/\/x.com\/VosgesInfo88","https:\/\/www.youtube.com\/@vosgesinfo"]},{"@type":"Person","@id":"https:\/\/vosgesinfo.fr\/laplainedesvosgesinfo\/#\/schema\/person\/db412391f749f1ee67e177e1dc017316","name":"La R\u00e9daction","image":{"@type":"ImageObject","inLanguage":"fr-FR","@id":"https:\/\/vosgesinfo.fr\/laplainedesvosgesinfo\/#\/schema\/person\/image\/","url":"https:\/\/secure.gravatar.com\/avatar\/d10cfbea47ec464014dd9e55d3c353f7c4017b65068eb823d0882be0ff3b0ff6?s=96&d=mm&r=g","contentUrl":"https:\/\/secure.gravatar.com\/avatar\/d10cfbea47ec464014dd9e55d3c353f7c4017b65068eb823d0882be0ff3b0ff6?s=96&d=mm&r=g","caption":"La R\u00e9daction"},"url":"https:\/\/vosgesinfo.fr\/laplainedesvosgesinfo\/author\/redaction\/"}]}},"_links":{"self":[{"href":"https:\/\/vosgesinfo.fr\/laplainedesvosgesinfo\/wp-json\/wp\/v2\/posts\/20137","targetHints":{"allow":["GET"]}}],"collection":[{"href":"https:\/\/vosgesinfo.fr\/laplainedesvosgesinfo\/wp-json\/wp\/v2\/posts"}],"about":[{"href":"https:\/\/vosgesinfo.fr\/laplainedesvosgesinfo\/wp-json\/wp\/v2\/types\/post"}],"author":[{"embeddable":true,"href":"https:\/\/vosgesinfo.fr\/laplainedesvosgesinfo\/wp-json\/wp\/v2\/users\/126"}],"replies":[{"embeddable":true,"href":"https:\/\/vosgesinfo.fr\/laplainedesvosgesinfo\/wp-json\/wp\/v2\/comments?post=20137"}],"version-history":[{"count":0,"href":"https:\/\/vosgesinfo.fr\/laplainedesvosgesinfo\/wp-json\/wp\/v2\/posts\/20137\/revisions"}],"wp:featuredmedia":[{"embeddable":true,"href":"https:\/\/vosgesinfo.fr\/laplainedesvosgesinfo\/wp-json\/wp\/v2\/media\/20138"}],"wp:attachment":[{"href":"https:\/\/vosgesinfo.fr\/laplainedesvosgesinfo\/wp-json\/wp\/v2\/media?parent=20137"}],"wp:term":[{"taxonomy":"category","embeddable":true,"href":"https:\/\/vosgesinfo.fr\/laplainedesvosgesinfo\/wp-json\/wp\/v2\/categories?post=20137"},{"taxonomy":"post_tag","embeddable":true,"href":"https:\/\/vosgesinfo.fr\/laplainedesvosgesinfo\/wp-json\/wp\/v2\/tags?post=20137"}],"curies":[{"name":"wp","href":"https:\/\/api.w.org\/{rel}","templated":true}]}}