{"id":20172,"date":"2021-10-15T17:43:57","date_gmt":"2021-10-15T15:43:57","guid":{"rendered":"https:\/\/vosgesinfo.fr\/laplainedesvosgesinfo\/2021\/10\/vittel-les-residents-de-lehpad-du-petit-ban-participe-a-octobre-rose\/"},"modified":"2021-10-15T17:43:57","modified_gmt":"2021-10-15T15:43:57","slug":"vittel-les-residents-de-lehpad-du-petit-ban-participe-a-octobre-rose","status":"publish","type":"post","link":"https:\/\/vosgesinfo.fr\/laplainedesvosgesinfo\/2021\/10\/vittel-les-residents-de-lehpad-du-petit-ban-participe-a-octobre-rose\/","title":{"rendered":"Vittel : Les r\u00e9sidents de l&rsquo;EHPAD du Petit-Ban participe \u00e0 Octobre Rose"},"content":{"rendered":"<p><span style=\"font-weight: 400;\"><a href=\"\/2020\/05\/EHPAD-du-Petit-Ban-\u00e0-Vittel.jpg\"><img decoding=\"async\" class=\"alignnone size-medium wp-image-113704\" src=\"\/2020\/05\/EHPAD-du-Petit-Ban-\u00e0-Vittel-383x255.jpg\" alt=\"EHPAD du Petit Ban \u00e0 Vittel\" width=\"383\" height=\"255\" \/><\/a><\/span><\/p>\n<p><span style=\"font-weight: 400;\">Les r\u00e9sidents de l&rsquo;EHPAD du Petit-Ban, \u00e0 Vittel, participent aux actions d&rsquo;Octobre Rose, campagne annuelle destin\u00e9e \u00e0 sensibiliser au d\u00e9pistage du cancer du sein et \u00e0 r\u00e9colter des fonds pour la recherche. En partenariat avec l\u2019association connue sur le territoire\u00a0: Vit\u2019elle en Rose.<\/span><i><span style=\"font-weight: 400;\">\u00a0\u00a0\u00a0<\/span><\/i><\/p>\n<p><b>Vit\u2019elle en Rose\u00a0<\/b><\/p>\n<p><span style=\"font-weight: 400;\">Le Centre Hospitalier de l\u2019Ouest Vosgien par l\u2019interm\u00e9diaire de l\u2019EHPAD du Petit-Ban, s\u2019associe \u00e0 l\u2019association Vit\u2019elle en Rose pour participer \u00e0 \u00ab\u00a0Octobre Rose\u00a0\u00bb.\u00a0<\/span><\/p>\n<p>Octobre rose, ce rendez-vous mondial de sensibilisation a pour objectif d\u2019inciter les femmes de 50 \u00e0 74 ans \u00e0 participer au d\u00e9pistage organis\u00e9 du cancer du sein via une campagne d\u2019information et des \u00e9v\u00e9nements.<\/p>\n<p>C\u2019est le mercredi 20 Octobre 2021, que l\u2019association viendra rendre visite aux a\u00een\u00e9s du Petit-Ban avec deux de ses membres.\u00a0 Elle pr\u00e9sentera sa cause, ses actions men\u00e9es jusqu\u2019\u00e0 pr\u00e9sent et les diff\u00e9rents projets mis en place ou perspectives pour les ann\u00e9es \u00e0 venir. De quoi largement sensibiliser les r\u00e9sidents sur le d\u00e9pistage du cancer du sein.<\/p>\n<p><b>Les a\u00een\u00e9s s\u2019impliquent dans la vie du territoire<\/b><\/p>\n<p>Cette cause a permis \u00e0 l\u2019\u00e9quipe d\u2019animations de proposer plusieurs activit\u00e9s aux r\u00e9sidents de l\u2019\u00e9tablissement, qui seront pr\u00e9sent\u00e9es lors de la venue de l\u2019association Vit\u2019elle en Rose (exposition photo, bricolage, d\u00e9coration, etc.).<\/p>\n<p>A cette occasion, l\u2019EHPAD du Petit-Ban organisera une vente de cr\u00eapes et de gaufres au profit de l\u2019association sur cette m\u00eame journ\u00e9e. Des goodies de l\u2019association Vit\u2019elle en Rose seront \u00e9galement pr\u00e9sents.<\/p>\n<p>Les r\u00e9sidents souhaitent r\u00e9ellement pouvoir remettre une enveloppe \u00e0 l\u2019association, pour d\u00e9fendre cette cause qui leur tient tant \u00e0 c\u0153ur.<\/p>\n<p>&nbsp;<\/p>\n","protected":false},"excerpt":{"rendered":"<p>Les r\u00e9sidents de l&rsquo;EHPAD du Petit-Ban, \u00e0 Vittel, participent aux actions d&rsquo;Octobre Rose, campagne annuelle destin\u00e9e \u00e0 sensibiliser au d\u00e9pistage [&hellip;]<\/p>\n","protected":false},"author":1,"featured_media":20173,"comment_status":"open","ping_status":"open","sticky":false,"template":"","format":"standard","meta":{"footnotes":""},"categories":[29,37,38],"tags":[210],"class_list":["post-20172","post","type-post","status-publish","format-standard","has-post-thumbnail","hentry","category-a-la-une","category-la-plaine","category-vittel-la-plaine","tag-octobre-rose"],"acf":[],"yoast_head":"<!-- This site is optimized with the Yoast SEO plugin v22.5 - https:\/\/yoast.com\/wordpress\/plugins\/seo\/ -->\n<title>Vittel : Les r\u00e9sidents de l&#039;EHPAD du Petit-Ban participe \u00e0 Octobre Rose - La Plaine des Vosges<\/title>\n<meta name=\"robots\" content=\"index, follow, max-snippet:-1, max-image-preview:large, max-video-preview:-1\" \/>\n<link rel=\"canonical\" href=\"https:\/\/vosgesinfo.fr\/laplainedesvosgesinfo\/2021\/10\/vittel-les-residents-de-lehpad-du-petit-ban-participe-a-octobre-rose\/\" \/>\n<meta name=\"twitter:card\" content=\"summary_large_image\" \/>\n<meta name=\"twitter:title\" content=\"Vittel : Les r\u00e9sidents de l&#039;EHPAD du Petit-Ban participe \u00e0 Octobre Rose - La Plaine des Vosges\" \/>\n<meta name=\"twitter:description\" content=\"Les r\u00e9sidents de l&rsquo;EHPAD du Petit-Ban, \u00e0 Vittel, participent aux actions d&rsquo;Octobre Rose, campagne annuelle destin\u00e9e \u00e0 sensibiliser au d\u00e9pistage [&hellip;]\" \/>\n<meta name=\"twitter:image\" content=\"https:\/\/vosgesinfo.fr\/app\/uploads\/sites\/2\/2024\/07\/202110vit.jpg\" \/>\n<meta name=\"twitter:creator\" content=\"@VosgesInfo88\" \/>\n<meta name=\"twitter:site\" content=\"@VosgesInfo88\" \/>\n<meta name=\"twitter:label1\" content=\"\u00c9crit par\" \/>\n\t<meta name=\"twitter:data1\" content=\"qs_admin\" \/>\n\t<meta name=\"twitter:label2\" content=\"Dur\u00e9e de lecture estim\u00e9e\" \/>\n\t<meta name=\"twitter:data2\" content=\"1 minute\" \/>\n<script type=\"application\/ld+json\" class=\"yoast-schema-graph\">{\"@context\":\"https:\/\/schema.org\",\"@graph\":[{\"@type\":\"Article\",\"@id\":\"https:\/\/vosgesinfo.fr\/laplainedesvosgesinfo\/2021\/10\/vittel-les-residents-de-lehpad-du-petit-ban-participe-a-octobre-rose\/#article\",\"isPartOf\":{\"@id\":\"https:\/\/vosgesinfo.fr\/laplainedesvosgesinfo\/2021\/10\/vittel-les-residents-de-lehpad-du-petit-ban-participe-a-octobre-rose\/\"},\"author\":{\"name\":\"qs_admin\",\"@id\":\"https:\/\/vosgesinfo.fr\/laplainedesvosgesinfo\/#\/schema\/person\/bc5d02d71e6932e81b6dadb7386667b1\"},\"headline\":\"Vittel : Les r\u00e9sidents de l&rsquo;EHPAD du Petit-Ban participe \u00e0 Octobre Rose\",\"datePublished\":\"2021-10-15T15:43:57+00:00\",\"dateModified\":\"2021-10-15T15:43:57+00:00\",\"mainEntityOfPage\":{\"@id\":\"https:\/\/vosgesinfo.fr\/laplainedesvosgesinfo\/2021\/10\/vittel-les-residents-de-lehpad-du-petit-ban-participe-a-octobre-rose\/\"},\"wordCount\":306,\"commentCount\":0,\"publisher\":{\"@id\":\"https:\/\/vosgesinfo.fr\/laplainedesvosgesinfo\/#organization\"},\"image\":{\"@id\":\"https:\/\/vosgesinfo.fr\/laplainedesvosgesinfo\/2021\/10\/vittel-les-residents-de-lehpad-du-petit-ban-participe-a-octobre-rose\/#primaryimage\"},\"thumbnailUrl\":\"https:\/\/vosgesinfo.fr\/app\/uploads\/sites\/2\/2024\/07\/202110vit.jpg\",\"keywords\":[\"Octobre Rose\"],\"articleSection\":[\"A la Une\",\"La Plaine\",\"Vittel\"],\"inLanguage\":\"fr-FR\",\"potentialAction\":[{\"@type\":\"CommentAction\",\"name\":\"Comment\",\"target\":[\"https:\/\/vosgesinfo.fr\/laplainedesvosgesinfo\/2021\/10\/vittel-les-residents-de-lehpad-du-petit-ban-participe-a-octobre-rose\/#respond\"]}]},{\"@type\":\"WebPage\",\"@id\":\"https:\/\/vosgesinfo.fr\/laplainedesvosgesinfo\/2021\/10\/vittel-les-residents-de-lehpad-du-petit-ban-participe-a-octobre-rose\/\",\"url\":\"https:\/\/vosgesinfo.fr\/laplainedesvosgesinfo\/2021\/10\/vittel-les-residents-de-lehpad-du-petit-ban-participe-a-octobre-rose\/\",\"name\":\"Vittel : Les r\u00e9sidents de l'EHPAD du Petit-Ban participe \u00e0 Octobre Rose - La Plaine des Vosges\",\"isPartOf\":{\"@id\":\"https:\/\/vosgesinfo.fr\/laplainedesvosgesinfo\/#website\"},\"primaryImageOfPage\":{\"@id\":\"https:\/\/vosgesinfo.fr\/laplainedesvosgesinfo\/2021\/10\/vittel-les-residents-de-lehpad-du-petit-ban-participe-a-octobre-rose\/#primaryimage\"},\"image\":{\"@id\":\"https:\/\/vosgesinfo.fr\/laplainedesvosgesinfo\/2021\/10\/vittel-les-residents-de-lehpad-du-petit-ban-participe-a-octobre-rose\/#primaryimage\"},\"thumbnailUrl\":\"https:\/\/vosgesinfo.fr\/app\/uploads\/sites\/2\/2024\/07\/202110vit.jpg\",\"datePublished\":\"2021-10-15T15:43:57+00:00\",\"dateModified\":\"2021-10-15T15:43:57+00:00\",\"breadcrumb\":{\"@id\":\"https:\/\/vosgesinfo.fr\/laplainedesvosgesinfo\/2021\/10\/vittel-les-residents-de-lehpad-du-petit-ban-participe-a-octobre-rose\/#breadcrumb\"},\"inLanguage\":\"fr-FR\",\"potentialAction\":[{\"@type\":\"ReadAction\",\"target\":[\"https:\/\/vosgesinfo.fr\/laplainedesvosgesinfo\/2021\/10\/vittel-les-residents-de-lehpad-du-petit-ban-participe-a-octobre-rose\/\"]}]},{\"@type\":\"ImageObject\",\"inLanguage\":\"fr-FR\",\"@id\":\"https:\/\/vosgesinfo.fr\/laplainedesvosgesinfo\/2021\/10\/vittel-les-residents-de-lehpad-du-petit-ban-participe-a-octobre-rose\/#primaryimage\",\"url\":\"https:\/\/vosgesinfo.fr\/app\/uploads\/sites\/2\/2024\/07\/202110vit.jpg\",\"contentUrl\":\"https:\/\/vosgesinfo.fr\/app\/uploads\/sites\/2\/2024\/07\/202110vit.jpg\",\"width\":474,\"height\":315},{\"@type\":\"BreadcrumbList\",\"@id\":\"https:\/\/vosgesinfo.fr\/laplainedesvosgesinfo\/2021\/10\/vittel-les-residents-de-lehpad-du-petit-ban-participe-a-octobre-rose\/#breadcrumb\",\"itemListElement\":[{\"@type\":\"ListItem\",\"position\":1,\"name\":\"Home\",\"item\":\"https:\/\/vosgesinfo.fr\/laplainedesvosgesinfo\/\"},{\"@type\":\"ListItem\",\"position\":2,\"name\":\"Vittel : Les r\u00e9sidents de l&rsquo;EHPAD du Petit-Ban participe \u00e0 Octobre Rose\"}]},{\"@type\":\"WebSite\",\"@id\":\"https:\/\/vosgesinfo.fr\/laplainedesvosgesinfo\/#website\",\"url\":\"https:\/\/vosgesinfo.fr\/laplainedesvosgesinfo\/\",\"name\":\"La Plaine des Vosges\",\"description\":\"Toute l&#039;actualit\u00e9 de la plaine de Vosges\",\"publisher\":{\"@id\":\"https:\/\/vosgesinfo.fr\/laplainedesvosgesinfo\/#organization\"},\"alternateName\":\"Toute l'actualit\u00e9 de la plaine des Vosges\",\"potentialAction\":[{\"@type\":\"SearchAction\",\"target\":{\"@type\":\"EntryPoint\",\"urlTemplate\":\"https:\/\/vosgesinfo.fr\/laplainedesvosgesinfo\/?s={search_term_string}\"},\"query-input\":\"required name=search_term_string\"}],\"inLanguage\":\"fr-FR\"},{\"@type\":\"Organization\",\"@id\":\"https:\/\/vosgesinfo.fr\/laplainedesvosgesinfo\/#organization\",\"name\":\"La Plaine des Vosges\",\"url\":\"https:\/\/vosgesinfo.fr\/laplainedesvosgesinfo\/\",\"logo\":{\"@type\":\"ImageObject\",\"inLanguage\":\"fr-FR\",\"@id\":\"https:\/\/vosgesinfo.fr\/laplainedesvosgesinfo\/#\/schema\/logo\/image\/\",\"url\":\"https:\/\/vosgesinfo.fr\/app\/uploads\/sites\/2\/2023\/08\/logo-laplaineinfo.svg\",\"contentUrl\":\"https:\/\/vosgesinfo.fr\/app\/uploads\/sites\/2\/2023\/08\/logo-laplaineinfo.svg\",\"width\":1,\"height\":1,\"caption\":\"La Plaine des Vosges\"},\"image\":{\"@id\":\"https:\/\/vosgesinfo.fr\/laplainedesvosgesinfo\/#\/schema\/logo\/image\/\"},\"sameAs\":[\"https:\/\/www.facebook.com\/laplainedesvosges\",\"https:\/\/x.com\/VosgesInfo88\",\"https:\/\/www.youtube.com\/@vosgesinfo\"]},{\"@type\":\"Person\",\"@id\":\"https:\/\/vosgesinfo.fr\/laplainedesvosgesinfo\/#\/schema\/person\/bc5d02d71e6932e81b6dadb7386667b1\",\"name\":\"qs_admin\",\"image\":{\"@type\":\"ImageObject\",\"inLanguage\":\"fr-FR\",\"@id\":\"https:\/\/vosgesinfo.fr\/laplainedesvosgesinfo\/#\/schema\/person\/image\/\",\"url\":\"https:\/\/secure.gravatar.com\/avatar\/94b18ee0ed79e4a42ea2f2931277b6841a8999fc6fde214600c78057cf1fe1de?s=96&d=mm&r=g\",\"contentUrl\":\"https:\/\/secure.gravatar.com\/avatar\/94b18ee0ed79e4a42ea2f2931277b6841a8999fc6fde214600c78057cf1fe1de?s=96&d=mm&r=g\",\"caption\":\"qs_admin\"},\"sameAs\":[\"https:\/\/vosgesinfo.fr\/wp\"],\"url\":\"https:\/\/vosgesinfo.fr\/laplainedesvosgesinfo\/author\/qs_admin\/\"}]}<\/script>\n<!-- \/ Yoast SEO plugin. -->","yoast_head_json":{"title":"Vittel : Les r\u00e9sidents de l'EHPAD du Petit-Ban participe \u00e0 Octobre Rose - La Plaine des Vosges","robots":{"index":"index","follow":"follow","max-snippet":"max-snippet:-1","max-image-preview":"max-image-preview:large","max-video-preview":"max-video-preview:-1"},"canonical":"https:\/\/vosgesinfo.fr\/laplainedesvosgesinfo\/2021\/10\/vittel-les-residents-de-lehpad-du-petit-ban-participe-a-octobre-rose\/","twitter_card":"summary_large_image","twitter_title":"Vittel : Les r\u00e9sidents de l'EHPAD du Petit-Ban participe \u00e0 Octobre Rose - La Plaine des Vosges","twitter_description":"Les r\u00e9sidents de l&rsquo;EHPAD du Petit-Ban, \u00e0 Vittel, participent aux actions d&rsquo;Octobre Rose, campagne annuelle destin\u00e9e \u00e0 sensibiliser au d\u00e9pistage [&hellip;]","twitter_image":"https:\/\/vosgesinfo.fr\/app\/uploads\/sites\/2\/2024\/07\/202110vit.jpg","twitter_creator":"@VosgesInfo88","twitter_site":"@VosgesInfo88","twitter_misc":{"\u00c9crit par":"qs_admin","Dur\u00e9e de lecture estim\u00e9e":"1 minute"},"schema":{"@context":"https:\/\/schema.org","@graph":[{"@type":"Article","@id":"https:\/\/vosgesinfo.fr\/laplainedesvosgesinfo\/2021\/10\/vittel-les-residents-de-lehpad-du-petit-ban-participe-a-octobre-rose\/#article","isPartOf":{"@id":"https:\/\/vosgesinfo.fr\/laplainedesvosgesinfo\/2021\/10\/vittel-les-residents-de-lehpad-du-petit-ban-participe-a-octobre-rose\/"},"author":{"name":"qs_admin","@id":"https:\/\/vosgesinfo.fr\/laplainedesvosgesinfo\/#\/schema\/person\/bc5d02d71e6932e81b6dadb7386667b1"},"headline":"Vittel : Les r\u00e9sidents de l&rsquo;EHPAD du Petit-Ban participe \u00e0 Octobre Rose","datePublished":"2021-10-15T15:43:57+00:00","dateModified":"2021-10-15T15:43:57+00:00","mainEntityOfPage":{"@id":"https:\/\/vosgesinfo.fr\/laplainedesvosgesinfo\/2021\/10\/vittel-les-residents-de-lehpad-du-petit-ban-participe-a-octobre-rose\/"},"wordCount":306,"commentCount":0,"publisher":{"@id":"https:\/\/vosgesinfo.fr\/laplainedesvosgesinfo\/#organization"},"image":{"@id":"https:\/\/vosgesinfo.fr\/laplainedesvosgesinfo\/2021\/10\/vittel-les-residents-de-lehpad-du-petit-ban-participe-a-octobre-rose\/#primaryimage"},"thumbnailUrl":"https:\/\/vosgesinfo.fr\/app\/uploads\/sites\/2\/2024\/07\/202110vit.jpg","keywords":["Octobre Rose"],"articleSection":["A la Une","La Plaine","Vittel"],"inLanguage":"fr-FR","potentialAction":[{"@type":"CommentAction","name":"Comment","target":["https:\/\/vosgesinfo.fr\/laplainedesvosgesinfo\/2021\/10\/vittel-les-residents-de-lehpad-du-petit-ban-participe-a-octobre-rose\/#respond"]}]},{"@type":"WebPage","@id":"https:\/\/vosgesinfo.fr\/laplainedesvosgesinfo\/2021\/10\/vittel-les-residents-de-lehpad-du-petit-ban-participe-a-octobre-rose\/","url":"https:\/\/vosgesinfo.fr\/laplainedesvosgesinfo\/2021\/10\/vittel-les-residents-de-lehpad-du-petit-ban-participe-a-octobre-rose\/","name":"Vittel : Les r\u00e9sidents de l'EHPAD du Petit-Ban participe \u00e0 Octobre Rose - La Plaine des Vosges","isPartOf":{"@id":"https:\/\/vosgesinfo.fr\/laplainedesvosgesinfo\/#website"},"primaryImageOfPage":{"@id":"https:\/\/vosgesinfo.fr\/laplainedesvosgesinfo\/2021\/10\/vittel-les-residents-de-lehpad-du-petit-ban-participe-a-octobre-rose\/#primaryimage"},"image":{"@id":"https:\/\/vosgesinfo.fr\/laplainedesvosgesinfo\/2021\/10\/vittel-les-residents-de-lehpad-du-petit-ban-participe-a-octobre-rose\/#primaryimage"},"thumbnailUrl":"https:\/\/vosgesinfo.fr\/app\/uploads\/sites\/2\/2024\/07\/202110vit.jpg","datePublished":"2021-10-15T15:43:57+00:00","dateModified":"2021-10-15T15:43:57+00:00","breadcrumb":{"@id":"https:\/\/vosgesinfo.fr\/laplainedesvosgesinfo\/2021\/10\/vittel-les-residents-de-lehpad-du-petit-ban-participe-a-octobre-rose\/#breadcrumb"},"inLanguage":"fr-FR","potentialAction":[{"@type":"ReadAction","target":["https:\/\/vosgesinfo.fr\/laplainedesvosgesinfo\/2021\/10\/vittel-les-residents-de-lehpad-du-petit-ban-participe-a-octobre-rose\/"]}]},{"@type":"ImageObject","inLanguage":"fr-FR","@id":"https:\/\/vosgesinfo.fr\/laplainedesvosgesinfo\/2021\/10\/vittel-les-residents-de-lehpad-du-petit-ban-participe-a-octobre-rose\/#primaryimage","url":"https:\/\/vosgesinfo.fr\/app\/uploads\/sites\/2\/2024\/07\/202110vit.jpg","contentUrl":"https:\/\/vosgesinfo.fr\/app\/uploads\/sites\/2\/2024\/07\/202110vit.jpg","width":474,"height":315},{"@type":"BreadcrumbList","@id":"https:\/\/vosgesinfo.fr\/laplainedesvosgesinfo\/2021\/10\/vittel-les-residents-de-lehpad-du-petit-ban-participe-a-octobre-rose\/#breadcrumb","itemListElement":[{"@type":"ListItem","position":1,"name":"Home","item":"https:\/\/vosgesinfo.fr\/laplainedesvosgesinfo\/"},{"@type":"ListItem","position":2,"name":"Vittel : Les r\u00e9sidents de l&rsquo;EHPAD du Petit-Ban participe \u00e0 Octobre Rose"}]},{"@type":"WebSite","@id":"https:\/\/vosgesinfo.fr\/laplainedesvosgesinfo\/#website","url":"https:\/\/vosgesinfo.fr\/laplainedesvosgesinfo\/","name":"La Plaine des Vosges","description":"Toute l&#039;actualit\u00e9 de la plaine de Vosges","publisher":{"@id":"https:\/\/vosgesinfo.fr\/laplainedesvosgesinfo\/#organization"},"alternateName":"Toute l'actualit\u00e9 de la plaine des Vosges","potentialAction":[{"@type":"SearchAction","target":{"@type":"EntryPoint","urlTemplate":"https:\/\/vosgesinfo.fr\/laplainedesvosgesinfo\/?s={search_term_string}"},"query-input":"required name=search_term_string"}],"inLanguage":"fr-FR"},{"@type":"Organization","@id":"https:\/\/vosgesinfo.fr\/laplainedesvosgesinfo\/#organization","name":"La Plaine des Vosges","url":"https:\/\/vosgesinfo.fr\/laplainedesvosgesinfo\/","logo":{"@type":"ImageObject","inLanguage":"fr-FR","@id":"https:\/\/vosgesinfo.fr\/laplainedesvosgesinfo\/#\/schema\/logo\/image\/","url":"https:\/\/vosgesinfo.fr\/app\/uploads\/sites\/2\/2023\/08\/logo-laplaineinfo.svg","contentUrl":"https:\/\/vosgesinfo.fr\/app\/uploads\/sites\/2\/2023\/08\/logo-laplaineinfo.svg","width":1,"height":1,"caption":"La Plaine des Vosges"},"image":{"@id":"https:\/\/vosgesinfo.fr\/laplainedesvosgesinfo\/#\/schema\/logo\/image\/"},"sameAs":["https:\/\/www.facebook.com\/laplainedesvosges","https:\/\/x.com\/VosgesInfo88","https:\/\/www.youtube.com\/@vosgesinfo"]},{"@type":"Person","@id":"https:\/\/vosgesinfo.fr\/laplainedesvosgesinfo\/#\/schema\/person\/bc5d02d71e6932e81b6dadb7386667b1","name":"qs_admin","image":{"@type":"ImageObject","inLanguage":"fr-FR","@id":"https:\/\/vosgesinfo.fr\/laplainedesvosgesinfo\/#\/schema\/person\/image\/","url":"https:\/\/secure.gravatar.com\/avatar\/94b18ee0ed79e4a42ea2f2931277b6841a8999fc6fde214600c78057cf1fe1de?s=96&d=mm&r=g","contentUrl":"https:\/\/secure.gravatar.com\/avatar\/94b18ee0ed79e4a42ea2f2931277b6841a8999fc6fde214600c78057cf1fe1de?s=96&d=mm&r=g","caption":"qs_admin"},"sameAs":["https:\/\/vosgesinfo.fr\/wp"],"url":"https:\/\/vosgesinfo.fr\/laplainedesvosgesinfo\/author\/qs_admin\/"}]}},"_links":{"self":[{"href":"https:\/\/vosgesinfo.fr\/laplainedesvosgesinfo\/wp-json\/wp\/v2\/posts\/20172","targetHints":{"allow":["GET"]}}],"collection":[{"href":"https:\/\/vosgesinfo.fr\/laplainedesvosgesinfo\/wp-json\/wp\/v2\/posts"}],"about":[{"href":"https:\/\/vosgesinfo.fr\/laplainedesvosgesinfo\/wp-json\/wp\/v2\/types\/post"}],"author":[{"embeddable":true,"href":"https:\/\/vosgesinfo.fr\/laplainedesvosgesinfo\/wp-json\/wp\/v2\/users\/1"}],"replies":[{"embeddable":true,"href":"https:\/\/vosgesinfo.fr\/laplainedesvosgesinfo\/wp-json\/wp\/v2\/comments?post=20172"}],"version-history":[{"count":0,"href":"https:\/\/vosgesinfo.fr\/laplainedesvosgesinfo\/wp-json\/wp\/v2\/posts\/20172\/revisions"}],"wp:featuredmedia":[{"embeddable":true,"href":"https:\/\/vosgesinfo.fr\/laplainedesvosgesinfo\/wp-json\/wp\/v2\/media\/20173"}],"wp:attachment":[{"href":"https:\/\/vosgesinfo.fr\/laplainedesvosgesinfo\/wp-json\/wp\/v2\/media?parent=20172"}],"wp:term":[{"taxonomy":"category","embeddable":true,"href":"https:\/\/vosgesinfo.fr\/laplainedesvosgesinfo\/wp-json\/wp\/v2\/categories?post=20172"},{"taxonomy":"post_tag","embeddable":true,"href":"https:\/\/vosgesinfo.fr\/laplainedesvosgesinfo\/wp-json\/wp\/v2\/tags?post=20172"}],"curies":[{"name":"wp","href":"https:\/\/api.w.org\/{rel}","templated":true}]}}