{"id":2080,"date":"2016-01-18T09:03:34","date_gmt":"2016-01-18T08:03:34","guid":{"rendered":"https:\/\/vosgesinfo.fr\/laplainedesvosgesinfo\/2016\/01\/vittel-theatre-ma-belle-mere-mon-ex-et-moi-au-palais-des-congres-le-31-janvier\/"},"modified":"2016-01-18T09:03:34","modified_gmt":"2016-01-18T08:03:34","slug":"vittel-theatre-ma-belle-mere-mon-ex-et-moi-au-palais-des-congres-le-31-janvier","status":"publish","type":"post","link":"https:\/\/vosgesinfo.fr\/laplainedesvosgesinfo\/2016\/01\/vittel-theatre-ma-belle-mere-mon-ex-et-moi-au-palais-des-congres-le-31-janvier\/","title":{"rendered":"Vittel &#8211; Th\u00e9\u00e2tre \u00ab\u00a0Ma belle-m\u00e8re, mon ex et moi\u00a0\u00bb au Palais des Congr\u00e8s le 31 janvier"},"content":{"rendered":"<p><a href=\"\/2016\/01\/ma-belle-m\u00e8re-mon-ex-et-moi-th\u00e9\u00e2tre-com\u00e9die-caumartin-franck-lebeouf-la-critiquerie-620x310.jpg\"><img decoding=\"async\" class=\"wp-image-71518 aligncenter\" src=\"\/2016\/01\/ma-belle-m\u00e8re-mon-ex-et-moi-th\u00e9\u00e2tre-com\u00e9die-caumartin-franck-lebeouf-la-critiquerie-620x310.jpg\" alt=\"ma-belle-m\u00e8re-mon-ex-et-moi-th\u00e9\u00e2tre-com\u00e9die-caumartin-franck-lebeouf-la-critiquerie-620x310\" width=\"446\" height=\"223\" \/><\/a><\/p>\n<p><strong>Conqu\u00eates f\u00e9minines, argent, c\u00e9l\u00e9brit\u00e9, tout r\u00e9ussi \u00e0 Julien.<\/strong><\/p>\n<p>Jusqu&rsquo;au jour o\u00f9 Solange, son ex belle-m\u00e8re, ruin\u00e9e, d\u00e9barque \u00e0 nouveau dans sa vie avec un plan diabolique dans le but d&rsquo;extorquer de l&rsquo;argent \u00e0 celui qui a \u00e9t\u00e9 le mari de sa fille Zo\u00e9, pendant 10 ans.<br \/>\nQuelques photos \u00a0\u00bb intimes \u00a0\u00bb prises \u00e0 son insu chez lui, pourraient bien compromettre la carri\u00e8re du gendre id\u00e9al&#8230; Et Yoann, le secr\u00e9taire de ce dernier pourrait bien \u00eatre l&rsquo;instrument r\u00eav\u00e9 pour parvenir \u00e0 ses fins&#8230; H\u00e9las pour elle, la belle-m\u00e8re indigne devra faire face \u00e0 des retournements de situation.<br \/>\nEt l&rsquo;arriv\u00e9e de sa fille Zo\u00e9 bien d\u00e9cid\u00e9e \u00e0 reconqu\u00e9rir Julien, va bouleverser ses plans&#8230;<\/p>\n<p>Artistes: Franck Leboeuf, Christine Lemler, Sylvie Huguel, Nicolas Vitiello.<\/p>\n<p>Rendez-vous le <strong>31 janvier \u00e0 16h<\/strong> sur la sc\u00e8ne du Palais des Congr\u00e8s. Plus d&rsquo;informations \u00e0 l&rsquo;H\u00f4tel d&rsquo;Angleterre ou \u00e0 l&rsquo;Office de Tourisme de Vittel.<\/p>\n<p>&nbsp;<\/p>\n<p><a href=\"\/2016\/01\/1611006-affiche-de-la-piece-ma-bellemere-mon-950x0-1-Copie.jpg\"><img decoding=\"async\" class=\"wp-image-71524 aligncenter\" src=\"\/2016\/01\/1611006-affiche-de-la-piece-ma-bellemere-mon-950x0-1-Copie.jpg\" alt=\"1611006-affiche-de-la-piece-ma-bellemere-mon-950x0-1 - Copie\" width=\"427\" height=\"548\" \/><\/a><\/p>\n<p>&nbsp;<\/p>\n<p>A.J.<\/p>\n","protected":false},"excerpt":{"rendered":"<p>Conqu\u00eates f\u00e9minines, argent, c\u00e9l\u00e9brit\u00e9, tout r\u00e9ussi \u00e0 Julien. Jusqu&rsquo;au jour o\u00f9 Solange, son ex belle-m\u00e8re, ruin\u00e9e, d\u00e9barque \u00e0 nouveau dans [&hellip;]<\/p>\n","protected":false},"author":1,"featured_media":2081,"comment_status":"open","ping_status":"open","sticky":false,"template":"","format":"standard","meta":{"footnotes":""},"categories":[4,37,38],"tags":[],"class_list":["post-2080","post","type-post","status-publish","format-standard","has-post-thumbnail","hentry","category-culture","category-la-plaine","category-vittel-la-plaine"],"acf":[],"yoast_head":"<!-- This site is optimized with the Yoast SEO plugin v22.5 - https:\/\/yoast.com\/wordpress\/plugins\/seo\/ -->\n<title>Vittel - Th\u00e9\u00e2tre &quot;Ma belle-m\u00e8re, mon ex et moi&quot; au Palais des Congr\u00e8s le 31 janvier - La Plaine des Vosges<\/title>\n<meta name=\"robots\" content=\"index, follow, max-snippet:-1, max-image-preview:large, max-video-preview:-1\" \/>\n<link rel=\"canonical\" href=\"https:\/\/vosgesinfo.fr\/laplainedesvosgesinfo\/2016\/01\/vittel-theatre-ma-belle-mere-mon-ex-et-moi-au-palais-des-congres-le-31-janvier\/\" \/>\n<meta name=\"twitter:card\" content=\"summary_large_image\" \/>\n<meta name=\"twitter:title\" content=\"Vittel - Th\u00e9\u00e2tre &quot;Ma belle-m\u00e8re, mon ex et moi&quot; au Palais des Congr\u00e8s le 31 janvier - La Plaine des Vosges\" \/>\n<meta name=\"twitter:description\" content=\"Conqu\u00eates f\u00e9minines, argent, c\u00e9l\u00e9brit\u00e9, tout r\u00e9ussi \u00e0 Julien. Jusqu&rsquo;au jour o\u00f9 Solange, son ex belle-m\u00e8re, ruin\u00e9e, d\u00e9barque \u00e0 nouveau dans [&hellip;]\" \/>\n<meta name=\"twitter:creator\" content=\"@VosgesInfo88\" \/>\n<meta name=\"twitter:site\" content=\"@VosgesInfo88\" \/>\n<meta name=\"twitter:label1\" content=\"\u00c9crit par\" \/>\n\t<meta name=\"twitter:data1\" content=\"qs_admin\" \/>\n\t<meta name=\"twitter:label2\" content=\"Dur\u00e9e de lecture estim\u00e9e\" \/>\n\t<meta name=\"twitter:data2\" content=\"1 minute\" \/>\n<script type=\"application\/ld+json\" class=\"yoast-schema-graph\">{\"@context\":\"https:\/\/schema.org\",\"@graph\":[{\"@type\":\"Article\",\"@id\":\"https:\/\/vosgesinfo.fr\/laplainedesvosgesinfo\/2016\/01\/vittel-theatre-ma-belle-mere-mon-ex-et-moi-au-palais-des-congres-le-31-janvier\/#article\",\"isPartOf\":{\"@id\":\"https:\/\/vosgesinfo.fr\/laplainedesvosgesinfo\/2016\/01\/vittel-theatre-ma-belle-mere-mon-ex-et-moi-au-palais-des-congres-le-31-janvier\/\"},\"author\":{\"name\":\"qs_admin\",\"@id\":\"https:\/\/vosgesinfo.fr\/laplainedesvosgesinfo\/#\/schema\/person\/bc5d02d71e6932e81b6dadb7386667b1\"},\"headline\":\"Vittel &#8211; Th\u00e9\u00e2tre \u00ab\u00a0Ma belle-m\u00e8re, mon ex et moi\u00a0\u00bb au Palais des Congr\u00e8s le 31 janvier\",\"datePublished\":\"2016-01-18T08:03:34+00:00\",\"dateModified\":\"2016-01-18T08:03:34+00:00\",\"mainEntityOfPage\":{\"@id\":\"https:\/\/vosgesinfo.fr\/laplainedesvosgesinfo\/2016\/01\/vittel-theatre-ma-belle-mere-mon-ex-et-moi-au-palais-des-congres-le-31-janvier\/\"},\"wordCount\":183,\"commentCount\":0,\"publisher\":{\"@id\":\"https:\/\/vosgesinfo.fr\/laplainedesvosgesinfo\/#organization\"},\"image\":{\"@id\":\"https:\/\/vosgesinfo.fr\/laplainedesvosgesinfo\/2016\/01\/vittel-theatre-ma-belle-mere-mon-ex-et-moi-au-palais-des-congres-le-31-janvier\/#primaryimage\"},\"thumbnailUrl\":\"https:\/\/vosgesinfo.fr\/app\/uploads\/sites\/2\/2024\/06\/2016011611006-affiche-de-la-piece-ma-bellemere-mon-950x0-1-copie.jpg\",\"articleSection\":[\"Culture\",\"La Plaine\",\"Vittel\"],\"inLanguage\":\"fr-FR\",\"potentialAction\":[{\"@type\":\"CommentAction\",\"name\":\"Comment\",\"target\":[\"https:\/\/vosgesinfo.fr\/laplainedesvosgesinfo\/2016\/01\/vittel-theatre-ma-belle-mere-mon-ex-et-moi-au-palais-des-congres-le-31-janvier\/#respond\"]}]},{\"@type\":\"WebPage\",\"@id\":\"https:\/\/vosgesinfo.fr\/laplainedesvosgesinfo\/2016\/01\/vittel-theatre-ma-belle-mere-mon-ex-et-moi-au-palais-des-congres-le-31-janvier\/\",\"url\":\"https:\/\/vosgesinfo.fr\/laplainedesvosgesinfo\/2016\/01\/vittel-theatre-ma-belle-mere-mon-ex-et-moi-au-palais-des-congres-le-31-janvier\/\",\"name\":\"Vittel - Th\u00e9\u00e2tre \\\"Ma belle-m\u00e8re, mon ex et moi\\\" au Palais des Congr\u00e8s le 31 janvier - La Plaine des Vosges\",\"isPartOf\":{\"@id\":\"https:\/\/vosgesinfo.fr\/laplainedesvosgesinfo\/#website\"},\"primaryImageOfPage\":{\"@id\":\"https:\/\/vosgesinfo.fr\/laplainedesvosgesinfo\/2016\/01\/vittel-theatre-ma-belle-mere-mon-ex-et-moi-au-palais-des-congres-le-31-janvier\/#primaryimage\"},\"image\":{\"@id\":\"https:\/\/vosgesinfo.fr\/laplainedesvosgesinfo\/2016\/01\/vittel-theatre-ma-belle-mere-mon-ex-et-moi-au-palais-des-congres-le-31-janvier\/#primaryimage\"},\"thumbnailUrl\":\"https:\/\/vosgesinfo.fr\/app\/uploads\/sites\/2\/2024\/06\/2016011611006-affiche-de-la-piece-ma-bellemere-mon-950x0-1-copie.jpg\",\"datePublished\":\"2016-01-18T08:03:34+00:00\",\"dateModified\":\"2016-01-18T08:03:34+00:00\",\"breadcrumb\":{\"@id\":\"https:\/\/vosgesinfo.fr\/laplainedesvosgesinfo\/2016\/01\/vittel-theatre-ma-belle-mere-mon-ex-et-moi-au-palais-des-congres-le-31-janvier\/#breadcrumb\"},\"inLanguage\":\"fr-FR\",\"potentialAction\":[{\"@type\":\"ReadAction\",\"target\":[\"https:\/\/vosgesinfo.fr\/laplainedesvosgesinfo\/2016\/01\/vittel-theatre-ma-belle-mere-mon-ex-et-moi-au-palais-des-congres-le-31-janvier\/\"]}]},{\"@type\":\"ImageObject\",\"inLanguage\":\"fr-FR\",\"@id\":\"https:\/\/vosgesinfo.fr\/laplainedesvosgesinfo\/2016\/01\/vittel-theatre-ma-belle-mere-mon-ex-et-moi-au-palais-des-congres-le-31-janvier\/#primaryimage\",\"url\":\"https:\/\/vosgesinfo.fr\/app\/uploads\/sites\/2\/2024\/06\/2016011611006-affiche-de-la-piece-ma-bellemere-mon-950x0-1-copie.jpg\",\"contentUrl\":\"https:\/\/vosgesinfo.fr\/app\/uploads\/sites\/2\/2024\/06\/2016011611006-affiche-de-la-piece-ma-bellemere-mon-950x0-1-copie.jpg\",\"width\":624,\"height\":800},{\"@type\":\"BreadcrumbList\",\"@id\":\"https:\/\/vosgesinfo.fr\/laplainedesvosgesinfo\/2016\/01\/vittel-theatre-ma-belle-mere-mon-ex-et-moi-au-palais-des-congres-le-31-janvier\/#breadcrumb\",\"itemListElement\":[{\"@type\":\"ListItem\",\"position\":1,\"name\":\"Home\",\"item\":\"https:\/\/vosgesinfo.fr\/laplainedesvosgesinfo\/\"},{\"@type\":\"ListItem\",\"position\":2,\"name\":\"Vittel &#8211; Th\u00e9\u00e2tre \u00ab\u00a0Ma belle-m\u00e8re, mon ex et moi\u00a0\u00bb au Palais des Congr\u00e8s le 31 janvier\"}]},{\"@type\":\"WebSite\",\"@id\":\"https:\/\/vosgesinfo.fr\/laplainedesvosgesinfo\/#website\",\"url\":\"https:\/\/vosgesinfo.fr\/laplainedesvosgesinfo\/\",\"name\":\"La Plaine des Vosges\",\"description\":\"Toute l&#039;actualit\u00e9 de la plaine de Vosges\",\"publisher\":{\"@id\":\"https:\/\/vosgesinfo.fr\/laplainedesvosgesinfo\/#organization\"},\"alternateName\":\"Toute l'actualit\u00e9 de la plaine des Vosges\",\"potentialAction\":[{\"@type\":\"SearchAction\",\"target\":{\"@type\":\"EntryPoint\",\"urlTemplate\":\"https:\/\/vosgesinfo.fr\/laplainedesvosgesinfo\/?s={search_term_string}\"},\"query-input\":\"required name=search_term_string\"}],\"inLanguage\":\"fr-FR\"},{\"@type\":\"Organization\",\"@id\":\"https:\/\/vosgesinfo.fr\/laplainedesvosgesinfo\/#organization\",\"name\":\"La Plaine des Vosges\",\"url\":\"https:\/\/vosgesinfo.fr\/laplainedesvosgesinfo\/\",\"logo\":{\"@type\":\"ImageObject\",\"inLanguage\":\"fr-FR\",\"@id\":\"https:\/\/vosgesinfo.fr\/laplainedesvosgesinfo\/#\/schema\/logo\/image\/\",\"url\":\"https:\/\/vosgesinfo.fr\/app\/uploads\/sites\/2\/2023\/08\/logo-laplaineinfo.svg\",\"contentUrl\":\"https:\/\/vosgesinfo.fr\/app\/uploads\/sites\/2\/2023\/08\/logo-laplaineinfo.svg\",\"width\":1,\"height\":1,\"caption\":\"La Plaine des Vosges\"},\"image\":{\"@id\":\"https:\/\/vosgesinfo.fr\/laplainedesvosgesinfo\/#\/schema\/logo\/image\/\"},\"sameAs\":[\"https:\/\/www.facebook.com\/laplainedesvosges\",\"https:\/\/x.com\/VosgesInfo88\",\"https:\/\/www.youtube.com\/@vosgesinfo\"]},{\"@type\":\"Person\",\"@id\":\"https:\/\/vosgesinfo.fr\/laplainedesvosgesinfo\/#\/schema\/person\/bc5d02d71e6932e81b6dadb7386667b1\",\"name\":\"qs_admin\",\"image\":{\"@type\":\"ImageObject\",\"inLanguage\":\"fr-FR\",\"@id\":\"https:\/\/vosgesinfo.fr\/laplainedesvosgesinfo\/#\/schema\/person\/image\/\",\"url\":\"https:\/\/secure.gravatar.com\/avatar\/94b18ee0ed79e4a42ea2f2931277b6841a8999fc6fde214600c78057cf1fe1de?s=96&d=mm&r=g\",\"contentUrl\":\"https:\/\/secure.gravatar.com\/avatar\/94b18ee0ed79e4a42ea2f2931277b6841a8999fc6fde214600c78057cf1fe1de?s=96&d=mm&r=g\",\"caption\":\"qs_admin\"},\"sameAs\":[\"https:\/\/vosgesinfo.fr\/wp\"],\"url\":\"https:\/\/vosgesinfo.fr\/laplainedesvosgesinfo\/author\/qs_admin\/\"}]}<\/script>\n<!-- \/ Yoast SEO plugin. -->","yoast_head_json":{"title":"Vittel - Th\u00e9\u00e2tre \"Ma belle-m\u00e8re, mon ex et moi\" au Palais des Congr\u00e8s le 31 janvier - La Plaine des Vosges","robots":{"index":"index","follow":"follow","max-snippet":"max-snippet:-1","max-image-preview":"max-image-preview:large","max-video-preview":"max-video-preview:-1"},"canonical":"https:\/\/vosgesinfo.fr\/laplainedesvosgesinfo\/2016\/01\/vittel-theatre-ma-belle-mere-mon-ex-et-moi-au-palais-des-congres-le-31-janvier\/","twitter_card":"summary_large_image","twitter_title":"Vittel - Th\u00e9\u00e2tre \"Ma belle-m\u00e8re, mon ex et moi\" au Palais des Congr\u00e8s le 31 janvier - La Plaine des Vosges","twitter_description":"Conqu\u00eates f\u00e9minines, argent, c\u00e9l\u00e9brit\u00e9, tout r\u00e9ussi \u00e0 Julien. Jusqu&rsquo;au jour o\u00f9 Solange, son ex belle-m\u00e8re, ruin\u00e9e, d\u00e9barque \u00e0 nouveau dans [&hellip;]","twitter_creator":"@VosgesInfo88","twitter_site":"@VosgesInfo88","twitter_misc":{"\u00c9crit par":"qs_admin","Dur\u00e9e de lecture estim\u00e9e":"1 minute"},"schema":{"@context":"https:\/\/schema.org","@graph":[{"@type":"Article","@id":"https:\/\/vosgesinfo.fr\/laplainedesvosgesinfo\/2016\/01\/vittel-theatre-ma-belle-mere-mon-ex-et-moi-au-palais-des-congres-le-31-janvier\/#article","isPartOf":{"@id":"https:\/\/vosgesinfo.fr\/laplainedesvosgesinfo\/2016\/01\/vittel-theatre-ma-belle-mere-mon-ex-et-moi-au-palais-des-congres-le-31-janvier\/"},"author":{"name":"qs_admin","@id":"https:\/\/vosgesinfo.fr\/laplainedesvosgesinfo\/#\/schema\/person\/bc5d02d71e6932e81b6dadb7386667b1"},"headline":"Vittel &#8211; Th\u00e9\u00e2tre \u00ab\u00a0Ma belle-m\u00e8re, mon ex et moi\u00a0\u00bb au Palais des Congr\u00e8s le 31 janvier","datePublished":"2016-01-18T08:03:34+00:00","dateModified":"2016-01-18T08:03:34+00:00","mainEntityOfPage":{"@id":"https:\/\/vosgesinfo.fr\/laplainedesvosgesinfo\/2016\/01\/vittel-theatre-ma-belle-mere-mon-ex-et-moi-au-palais-des-congres-le-31-janvier\/"},"wordCount":183,"commentCount":0,"publisher":{"@id":"https:\/\/vosgesinfo.fr\/laplainedesvosgesinfo\/#organization"},"image":{"@id":"https:\/\/vosgesinfo.fr\/laplainedesvosgesinfo\/2016\/01\/vittel-theatre-ma-belle-mere-mon-ex-et-moi-au-palais-des-congres-le-31-janvier\/#primaryimage"},"thumbnailUrl":"https:\/\/vosgesinfo.fr\/app\/uploads\/sites\/2\/2024\/06\/2016011611006-affiche-de-la-piece-ma-bellemere-mon-950x0-1-copie.jpg","articleSection":["Culture","La Plaine","Vittel"],"inLanguage":"fr-FR","potentialAction":[{"@type":"CommentAction","name":"Comment","target":["https:\/\/vosgesinfo.fr\/laplainedesvosgesinfo\/2016\/01\/vittel-theatre-ma-belle-mere-mon-ex-et-moi-au-palais-des-congres-le-31-janvier\/#respond"]}]},{"@type":"WebPage","@id":"https:\/\/vosgesinfo.fr\/laplainedesvosgesinfo\/2016\/01\/vittel-theatre-ma-belle-mere-mon-ex-et-moi-au-palais-des-congres-le-31-janvier\/","url":"https:\/\/vosgesinfo.fr\/laplainedesvosgesinfo\/2016\/01\/vittel-theatre-ma-belle-mere-mon-ex-et-moi-au-palais-des-congres-le-31-janvier\/","name":"Vittel - Th\u00e9\u00e2tre \"Ma belle-m\u00e8re, mon ex et moi\" au Palais des Congr\u00e8s le 31 janvier - La Plaine des Vosges","isPartOf":{"@id":"https:\/\/vosgesinfo.fr\/laplainedesvosgesinfo\/#website"},"primaryImageOfPage":{"@id":"https:\/\/vosgesinfo.fr\/laplainedesvosgesinfo\/2016\/01\/vittel-theatre-ma-belle-mere-mon-ex-et-moi-au-palais-des-congres-le-31-janvier\/#primaryimage"},"image":{"@id":"https:\/\/vosgesinfo.fr\/laplainedesvosgesinfo\/2016\/01\/vittel-theatre-ma-belle-mere-mon-ex-et-moi-au-palais-des-congres-le-31-janvier\/#primaryimage"},"thumbnailUrl":"https:\/\/vosgesinfo.fr\/app\/uploads\/sites\/2\/2024\/06\/2016011611006-affiche-de-la-piece-ma-bellemere-mon-950x0-1-copie.jpg","datePublished":"2016-01-18T08:03:34+00:00","dateModified":"2016-01-18T08:03:34+00:00","breadcrumb":{"@id":"https:\/\/vosgesinfo.fr\/laplainedesvosgesinfo\/2016\/01\/vittel-theatre-ma-belle-mere-mon-ex-et-moi-au-palais-des-congres-le-31-janvier\/#breadcrumb"},"inLanguage":"fr-FR","potentialAction":[{"@type":"ReadAction","target":["https:\/\/vosgesinfo.fr\/laplainedesvosgesinfo\/2016\/01\/vittel-theatre-ma-belle-mere-mon-ex-et-moi-au-palais-des-congres-le-31-janvier\/"]}]},{"@type":"ImageObject","inLanguage":"fr-FR","@id":"https:\/\/vosgesinfo.fr\/laplainedesvosgesinfo\/2016\/01\/vittel-theatre-ma-belle-mere-mon-ex-et-moi-au-palais-des-congres-le-31-janvier\/#primaryimage","url":"https:\/\/vosgesinfo.fr\/app\/uploads\/sites\/2\/2024\/06\/2016011611006-affiche-de-la-piece-ma-bellemere-mon-950x0-1-copie.jpg","contentUrl":"https:\/\/vosgesinfo.fr\/app\/uploads\/sites\/2\/2024\/06\/2016011611006-affiche-de-la-piece-ma-bellemere-mon-950x0-1-copie.jpg","width":624,"height":800},{"@type":"BreadcrumbList","@id":"https:\/\/vosgesinfo.fr\/laplainedesvosgesinfo\/2016\/01\/vittel-theatre-ma-belle-mere-mon-ex-et-moi-au-palais-des-congres-le-31-janvier\/#breadcrumb","itemListElement":[{"@type":"ListItem","position":1,"name":"Home","item":"https:\/\/vosgesinfo.fr\/laplainedesvosgesinfo\/"},{"@type":"ListItem","position":2,"name":"Vittel &#8211; Th\u00e9\u00e2tre \u00ab\u00a0Ma belle-m\u00e8re, mon ex et moi\u00a0\u00bb au Palais des Congr\u00e8s le 31 janvier"}]},{"@type":"WebSite","@id":"https:\/\/vosgesinfo.fr\/laplainedesvosgesinfo\/#website","url":"https:\/\/vosgesinfo.fr\/laplainedesvosgesinfo\/","name":"La Plaine des Vosges","description":"Toute l&#039;actualit\u00e9 de la plaine de Vosges","publisher":{"@id":"https:\/\/vosgesinfo.fr\/laplainedesvosgesinfo\/#organization"},"alternateName":"Toute l'actualit\u00e9 de la plaine des Vosges","potentialAction":[{"@type":"SearchAction","target":{"@type":"EntryPoint","urlTemplate":"https:\/\/vosgesinfo.fr\/laplainedesvosgesinfo\/?s={search_term_string}"},"query-input":"required name=search_term_string"}],"inLanguage":"fr-FR"},{"@type":"Organization","@id":"https:\/\/vosgesinfo.fr\/laplainedesvosgesinfo\/#organization","name":"La Plaine des Vosges","url":"https:\/\/vosgesinfo.fr\/laplainedesvosgesinfo\/","logo":{"@type":"ImageObject","inLanguage":"fr-FR","@id":"https:\/\/vosgesinfo.fr\/laplainedesvosgesinfo\/#\/schema\/logo\/image\/","url":"https:\/\/vosgesinfo.fr\/app\/uploads\/sites\/2\/2023\/08\/logo-laplaineinfo.svg","contentUrl":"https:\/\/vosgesinfo.fr\/app\/uploads\/sites\/2\/2023\/08\/logo-laplaineinfo.svg","width":1,"height":1,"caption":"La Plaine des Vosges"},"image":{"@id":"https:\/\/vosgesinfo.fr\/laplainedesvosgesinfo\/#\/schema\/logo\/image\/"},"sameAs":["https:\/\/www.facebook.com\/laplainedesvosges","https:\/\/x.com\/VosgesInfo88","https:\/\/www.youtube.com\/@vosgesinfo"]},{"@type":"Person","@id":"https:\/\/vosgesinfo.fr\/laplainedesvosgesinfo\/#\/schema\/person\/bc5d02d71e6932e81b6dadb7386667b1","name":"qs_admin","image":{"@type":"ImageObject","inLanguage":"fr-FR","@id":"https:\/\/vosgesinfo.fr\/laplainedesvosgesinfo\/#\/schema\/person\/image\/","url":"https:\/\/secure.gravatar.com\/avatar\/94b18ee0ed79e4a42ea2f2931277b6841a8999fc6fde214600c78057cf1fe1de?s=96&d=mm&r=g","contentUrl":"https:\/\/secure.gravatar.com\/avatar\/94b18ee0ed79e4a42ea2f2931277b6841a8999fc6fde214600c78057cf1fe1de?s=96&d=mm&r=g","caption":"qs_admin"},"sameAs":["https:\/\/vosgesinfo.fr\/wp"],"url":"https:\/\/vosgesinfo.fr\/laplainedesvosgesinfo\/author\/qs_admin\/"}]}},"_links":{"self":[{"href":"https:\/\/vosgesinfo.fr\/laplainedesvosgesinfo\/wp-json\/wp\/v2\/posts\/2080","targetHints":{"allow":["GET"]}}],"collection":[{"href":"https:\/\/vosgesinfo.fr\/laplainedesvosgesinfo\/wp-json\/wp\/v2\/posts"}],"about":[{"href":"https:\/\/vosgesinfo.fr\/laplainedesvosgesinfo\/wp-json\/wp\/v2\/types\/post"}],"author":[{"embeddable":true,"href":"https:\/\/vosgesinfo.fr\/laplainedesvosgesinfo\/wp-json\/wp\/v2\/users\/1"}],"replies":[{"embeddable":true,"href":"https:\/\/vosgesinfo.fr\/laplainedesvosgesinfo\/wp-json\/wp\/v2\/comments?post=2080"}],"version-history":[{"count":0,"href":"https:\/\/vosgesinfo.fr\/laplainedesvosgesinfo\/wp-json\/wp\/v2\/posts\/2080\/revisions"}],"wp:featuredmedia":[{"embeddable":true,"href":"https:\/\/vosgesinfo.fr\/laplainedesvosgesinfo\/wp-json\/wp\/v2\/media\/2081"}],"wp:attachment":[{"href":"https:\/\/vosgesinfo.fr\/laplainedesvosgesinfo\/wp-json\/wp\/v2\/media?parent=2080"}],"wp:term":[{"taxonomy":"category","embeddable":true,"href":"https:\/\/vosgesinfo.fr\/laplainedesvosgesinfo\/wp-json\/wp\/v2\/categories?post=2080"},{"taxonomy":"post_tag","embeddable":true,"href":"https:\/\/vosgesinfo.fr\/laplainedesvosgesinfo\/wp-json\/wp\/v2\/tags?post=2080"}],"curies":[{"name":"wp","href":"https:\/\/api.w.org\/{rel}","templated":true}]}}