{"id":20903,"date":"2022-01-19T14:15:30","date_gmt":"2022-01-19T13:15:30","guid":{"rendered":"https:\/\/vosgesinfo.fr\/laplainedesvosgesinfo\/2022\/01\/la-secretaire-detat-a-la-biodiversite-berangere-abba-a-lentreprise-norske-skog-golbey\/"},"modified":"2022-01-19T14:15:30","modified_gmt":"2022-01-19T13:15:30","slug":"la-secretaire-detat-a-la-biodiversite-berangere-abba-a-lentreprise-norske-skog-golbey","status":"publish","type":"post","link":"https:\/\/vosgesinfo.fr\/laplainedesvosgesinfo\/2022\/01\/la-secretaire-detat-a-la-biodiversite-berangere-abba-a-lentreprise-norske-skog-golbey\/","title":{"rendered":"La secr\u00e9taire d\u2019Etat \u00e0 la biodiversit\u00e9, B\u00e9rang\u00e8re Abba, \u00e0 l\u2019entreprise Norske Skog Golbey"},"content":{"rendered":"<h2>B\u00e9rang\u00e8re Abba, Secr\u00e9taire d\u2019Etat charg\u00e9e de la Biodiversit\u00e9, \u00e9tait ce lundi matin de passage \u00e0 l\u2019entreprise Norske Skog Golbey pour remettre le Prix \u00ab Transition \u00e9cologique \u00bb de la 3\u00e8 \u00e9dition des Prix \u00abChoose France 2021\u00bb. L\u2019entreprise norv\u00e9gienne a investi 250 M\u20ac dans sa papeterie bas\u00e9e \u00e0 Golbey, pour la conversion d\u2019une de ses lignes de production de papier journal \u00e0 du carton d\u2019emballage 100% recycl\u00e9.<\/h2>\n","protected":false},"excerpt":{"rendered":"<p>B\u00e9rang\u00e8re Abba, Secr\u00e9taire d\u2019Etat charg\u00e9e de la Biodiversit\u00e9, \u00e9tait ce lundi matin de passage \u00e0 l\u2019entreprise Norske Skog Golbey pour [&hellip;]<\/p>\n","protected":false},"author":126,"featured_media":20904,"comment_status":"open","ping_status":"open","sticky":false,"template":"","format":"standard","meta":{"footnotes":""},"categories":[29,5,18],"tags":[5817],"class_list":["post-20903","post","type-post","status-publish","format-standard","has-post-thumbnail","hentry","category-a-la-une","category-economie","category-vosges","tag-norske-skog"],"acf":[],"yoast_head":"<!-- This site is optimized with the Yoast SEO plugin v22.5 - https:\/\/yoast.com\/wordpress\/plugins\/seo\/ -->\n<title>La secr\u00e9taire d\u2019Etat \u00e0 la biodiversit\u00e9, B\u00e9rang\u00e8re Abba, \u00e0 l\u2019entreprise Norske Skog Golbey - La Plaine des Vosges<\/title>\n<meta name=\"robots\" content=\"index, follow, max-snippet:-1, max-image-preview:large, max-video-preview:-1\" \/>\n<link rel=\"canonical\" href=\"https:\/\/vosgesinfo.fr\/laplainedesvosgesinfo\/2022\/01\/la-secretaire-detat-a-la-biodiversite-berangere-abba-a-lentreprise-norske-skog-golbey\/\" \/>\n<meta name=\"twitter:card\" content=\"summary_large_image\" \/>\n<meta name=\"twitter:title\" content=\"La secr\u00e9taire d\u2019Etat \u00e0 la biodiversit\u00e9, B\u00e9rang\u00e8re Abba, \u00e0 l\u2019entreprise Norske Skog Golbey - La Plaine des Vosges\" \/>\n<meta name=\"twitter:description\" content=\"B\u00e9rang\u00e8re Abba, Secr\u00e9taire d\u2019Etat charg\u00e9e de la Biodiversit\u00e9, \u00e9tait ce lundi matin de passage \u00e0 l\u2019entreprise Norske Skog Golbey pour [&hellip;]\" \/>\n<meta name=\"twitter:image\" content=\"https:\/\/vosgesinfo.fr\/app\/uploads\/sites\/2\/2024\/07\/202201berangere-abba-secretaire-d-etat-a-la-biodiversite-vosges-norske-skog-golbey-1.jpg\" \/>\n<meta name=\"twitter:creator\" content=\"@VosgesInfo88\" \/>\n<meta name=\"twitter:site\" content=\"@VosgesInfo88\" \/>\n<meta name=\"twitter:label1\" content=\"\u00c9crit par\" \/>\n\t<meta name=\"twitter:data1\" content=\"La R\u00e9daction\" \/>\n<script type=\"application\/ld+json\" class=\"yoast-schema-graph\">{\"@context\":\"https:\/\/schema.org\",\"@graph\":[{\"@type\":\"Article\",\"@id\":\"https:\/\/vosgesinfo.fr\/laplainedesvosgesinfo\/2022\/01\/la-secretaire-detat-a-la-biodiversite-berangere-abba-a-lentreprise-norske-skog-golbey\/#article\",\"isPartOf\":{\"@id\":\"https:\/\/vosgesinfo.fr\/laplainedesvosgesinfo\/2022\/01\/la-secretaire-detat-a-la-biodiversite-berangere-abba-a-lentreprise-norske-skog-golbey\/\"},\"author\":{\"name\":\"La R\u00e9daction\",\"@id\":\"https:\/\/vosgesinfo.fr\/laplainedesvosgesinfo\/#\/schema\/person\/db412391f749f1ee67e177e1dc017316\"},\"headline\":\"La secr\u00e9taire d\u2019Etat \u00e0 la biodiversit\u00e9, B\u00e9rang\u00e8re Abba, \u00e0 l\u2019entreprise Norske Skog Golbey\",\"datePublished\":\"2022-01-19T13:15:30+00:00\",\"dateModified\":\"2022-01-19T13:15:30+00:00\",\"mainEntityOfPage\":{\"@id\":\"https:\/\/vosgesinfo.fr\/laplainedesvosgesinfo\/2022\/01\/la-secretaire-detat-a-la-biodiversite-berangere-abba-a-lentreprise-norske-skog-golbey\/\"},\"wordCount\":84,\"commentCount\":0,\"publisher\":{\"@id\":\"https:\/\/vosgesinfo.fr\/laplainedesvosgesinfo\/#organization\"},\"image\":{\"@id\":\"https:\/\/vosgesinfo.fr\/laplainedesvosgesinfo\/2022\/01\/la-secretaire-detat-a-la-biodiversite-berangere-abba-a-lentreprise-norske-skog-golbey\/#primaryimage\"},\"thumbnailUrl\":\"https:\/\/vosgesinfo.fr\/app\/uploads\/sites\/2\/2024\/07\/202201berangere-abba-secretaire-d-etat-a-la-biodiversite-vosges-norske-skog-golbey-1.jpg\",\"keywords\":[\"Norske Skog\"],\"articleSection\":[\"A la Une\",\"\u00c9conomie\",\"Vosges\"],\"inLanguage\":\"fr-FR\",\"potentialAction\":[{\"@type\":\"CommentAction\",\"name\":\"Comment\",\"target\":[\"https:\/\/vosgesinfo.fr\/laplainedesvosgesinfo\/2022\/01\/la-secretaire-detat-a-la-biodiversite-berangere-abba-a-lentreprise-norske-skog-golbey\/#respond\"]}]},{\"@type\":\"WebPage\",\"@id\":\"https:\/\/vosgesinfo.fr\/laplainedesvosgesinfo\/2022\/01\/la-secretaire-detat-a-la-biodiversite-berangere-abba-a-lentreprise-norske-skog-golbey\/\",\"url\":\"https:\/\/vosgesinfo.fr\/laplainedesvosgesinfo\/2022\/01\/la-secretaire-detat-a-la-biodiversite-berangere-abba-a-lentreprise-norske-skog-golbey\/\",\"name\":\"La secr\u00e9taire d\u2019Etat \u00e0 la biodiversit\u00e9, B\u00e9rang\u00e8re Abba, \u00e0 l\u2019entreprise Norske Skog Golbey - La Plaine des Vosges\",\"isPartOf\":{\"@id\":\"https:\/\/vosgesinfo.fr\/laplainedesvosgesinfo\/#website\"},\"primaryImageOfPage\":{\"@id\":\"https:\/\/vosgesinfo.fr\/laplainedesvosgesinfo\/2022\/01\/la-secretaire-detat-a-la-biodiversite-berangere-abba-a-lentreprise-norske-skog-golbey\/#primaryimage\"},\"image\":{\"@id\":\"https:\/\/vosgesinfo.fr\/laplainedesvosgesinfo\/2022\/01\/la-secretaire-detat-a-la-biodiversite-berangere-abba-a-lentreprise-norske-skog-golbey\/#primaryimage\"},\"thumbnailUrl\":\"https:\/\/vosgesinfo.fr\/app\/uploads\/sites\/2\/2024\/07\/202201berangere-abba-secretaire-d-etat-a-la-biodiversite-vosges-norske-skog-golbey-1.jpg\",\"datePublished\":\"2022-01-19T13:15:30+00:00\",\"dateModified\":\"2022-01-19T13:15:30+00:00\",\"breadcrumb\":{\"@id\":\"https:\/\/vosgesinfo.fr\/laplainedesvosgesinfo\/2022\/01\/la-secretaire-detat-a-la-biodiversite-berangere-abba-a-lentreprise-norske-skog-golbey\/#breadcrumb\"},\"inLanguage\":\"fr-FR\",\"potentialAction\":[{\"@type\":\"ReadAction\",\"target\":[\"https:\/\/vosgesinfo.fr\/laplainedesvosgesinfo\/2022\/01\/la-secretaire-detat-a-la-biodiversite-berangere-abba-a-lentreprise-norske-skog-golbey\/\"]}]},{\"@type\":\"ImageObject\",\"inLanguage\":\"fr-FR\",\"@id\":\"https:\/\/vosgesinfo.fr\/laplainedesvosgesinfo\/2022\/01\/la-secretaire-detat-a-la-biodiversite-berangere-abba-a-lentreprise-norske-skog-golbey\/#primaryimage\",\"url\":\"https:\/\/vosgesinfo.fr\/app\/uploads\/sites\/2\/2024\/07\/202201berangere-abba-secretaire-d-etat-a-la-biodiversite-vosges-norske-skog-golbey-1.jpg\",\"contentUrl\":\"https:\/\/vosgesinfo.fr\/app\/uploads\/sites\/2\/2024\/07\/202201berangere-abba-secretaire-d-etat-a-la-biodiversite-vosges-norske-skog-golbey-1.jpg\",\"width\":800,\"height\":600},{\"@type\":\"BreadcrumbList\",\"@id\":\"https:\/\/vosgesinfo.fr\/laplainedesvosgesinfo\/2022\/01\/la-secretaire-detat-a-la-biodiversite-berangere-abba-a-lentreprise-norske-skog-golbey\/#breadcrumb\",\"itemListElement\":[{\"@type\":\"ListItem\",\"position\":1,\"name\":\"Home\",\"item\":\"https:\/\/vosgesinfo.fr\/laplainedesvosgesinfo\/\"},{\"@type\":\"ListItem\",\"position\":2,\"name\":\"La secr\u00e9taire d\u2019Etat \u00e0 la biodiversit\u00e9, B\u00e9rang\u00e8re Abba, \u00e0 l\u2019entreprise Norske Skog Golbey\"}]},{\"@type\":\"WebSite\",\"@id\":\"https:\/\/vosgesinfo.fr\/laplainedesvosgesinfo\/#website\",\"url\":\"https:\/\/vosgesinfo.fr\/laplainedesvosgesinfo\/\",\"name\":\"La Plaine des Vosges\",\"description\":\"Toute l&#039;actualit\u00e9 de la plaine de Vosges\",\"publisher\":{\"@id\":\"https:\/\/vosgesinfo.fr\/laplainedesvosgesinfo\/#organization\"},\"alternateName\":\"Toute l'actualit\u00e9 de la plaine des Vosges\",\"potentialAction\":[{\"@type\":\"SearchAction\",\"target\":{\"@type\":\"EntryPoint\",\"urlTemplate\":\"https:\/\/vosgesinfo.fr\/laplainedesvosgesinfo\/?s={search_term_string}\"},\"query-input\":\"required name=search_term_string\"}],\"inLanguage\":\"fr-FR\"},{\"@type\":\"Organization\",\"@id\":\"https:\/\/vosgesinfo.fr\/laplainedesvosgesinfo\/#organization\",\"name\":\"La Plaine des Vosges\",\"url\":\"https:\/\/vosgesinfo.fr\/laplainedesvosgesinfo\/\",\"logo\":{\"@type\":\"ImageObject\",\"inLanguage\":\"fr-FR\",\"@id\":\"https:\/\/vosgesinfo.fr\/laplainedesvosgesinfo\/#\/schema\/logo\/image\/\",\"url\":\"https:\/\/vosgesinfo.fr\/app\/uploads\/sites\/2\/2023\/08\/logo-laplaineinfo.svg\",\"contentUrl\":\"https:\/\/vosgesinfo.fr\/app\/uploads\/sites\/2\/2023\/08\/logo-laplaineinfo.svg\",\"width\":1,\"height\":1,\"caption\":\"La Plaine des Vosges\"},\"image\":{\"@id\":\"https:\/\/vosgesinfo.fr\/laplainedesvosgesinfo\/#\/schema\/logo\/image\/\"},\"sameAs\":[\"https:\/\/www.facebook.com\/laplainedesvosges\",\"https:\/\/x.com\/VosgesInfo88\",\"https:\/\/www.youtube.com\/@vosgesinfo\"]},{\"@type\":\"Person\",\"@id\":\"https:\/\/vosgesinfo.fr\/laplainedesvosgesinfo\/#\/schema\/person\/db412391f749f1ee67e177e1dc017316\",\"name\":\"La R\u00e9daction\",\"image\":{\"@type\":\"ImageObject\",\"inLanguage\":\"fr-FR\",\"@id\":\"https:\/\/vosgesinfo.fr\/laplainedesvosgesinfo\/#\/schema\/person\/image\/\",\"url\":\"https:\/\/secure.gravatar.com\/avatar\/d10cfbea47ec464014dd9e55d3c353f7c4017b65068eb823d0882be0ff3b0ff6?s=96&d=mm&r=g\",\"contentUrl\":\"https:\/\/secure.gravatar.com\/avatar\/d10cfbea47ec464014dd9e55d3c353f7c4017b65068eb823d0882be0ff3b0ff6?s=96&d=mm&r=g\",\"caption\":\"La R\u00e9daction\"},\"url\":\"https:\/\/vosgesinfo.fr\/laplainedesvosgesinfo\/author\/redaction\/\"}]}<\/script>\n<!-- \/ Yoast SEO plugin. -->","yoast_head_json":{"title":"La secr\u00e9taire d\u2019Etat \u00e0 la biodiversit\u00e9, B\u00e9rang\u00e8re Abba, \u00e0 l\u2019entreprise Norske Skog Golbey - La Plaine des Vosges","robots":{"index":"index","follow":"follow","max-snippet":"max-snippet:-1","max-image-preview":"max-image-preview:large","max-video-preview":"max-video-preview:-1"},"canonical":"https:\/\/vosgesinfo.fr\/laplainedesvosgesinfo\/2022\/01\/la-secretaire-detat-a-la-biodiversite-berangere-abba-a-lentreprise-norske-skog-golbey\/","twitter_card":"summary_large_image","twitter_title":"La secr\u00e9taire d\u2019Etat \u00e0 la biodiversit\u00e9, B\u00e9rang\u00e8re Abba, \u00e0 l\u2019entreprise Norske Skog Golbey - La Plaine des Vosges","twitter_description":"B\u00e9rang\u00e8re Abba, Secr\u00e9taire d\u2019Etat charg\u00e9e de la Biodiversit\u00e9, \u00e9tait ce lundi matin de passage \u00e0 l\u2019entreprise Norske Skog Golbey pour [&hellip;]","twitter_image":"https:\/\/vosgesinfo.fr\/app\/uploads\/sites\/2\/2024\/07\/202201berangere-abba-secretaire-d-etat-a-la-biodiversite-vosges-norske-skog-golbey-1.jpg","twitter_creator":"@VosgesInfo88","twitter_site":"@VosgesInfo88","twitter_misc":{"\u00c9crit par":"La R\u00e9daction"},"schema":{"@context":"https:\/\/schema.org","@graph":[{"@type":"Article","@id":"https:\/\/vosgesinfo.fr\/laplainedesvosgesinfo\/2022\/01\/la-secretaire-detat-a-la-biodiversite-berangere-abba-a-lentreprise-norske-skog-golbey\/#article","isPartOf":{"@id":"https:\/\/vosgesinfo.fr\/laplainedesvosgesinfo\/2022\/01\/la-secretaire-detat-a-la-biodiversite-berangere-abba-a-lentreprise-norske-skog-golbey\/"},"author":{"name":"La R\u00e9daction","@id":"https:\/\/vosgesinfo.fr\/laplainedesvosgesinfo\/#\/schema\/person\/db412391f749f1ee67e177e1dc017316"},"headline":"La secr\u00e9taire d\u2019Etat \u00e0 la biodiversit\u00e9, B\u00e9rang\u00e8re Abba, \u00e0 l\u2019entreprise Norske Skog Golbey","datePublished":"2022-01-19T13:15:30+00:00","dateModified":"2022-01-19T13:15:30+00:00","mainEntityOfPage":{"@id":"https:\/\/vosgesinfo.fr\/laplainedesvosgesinfo\/2022\/01\/la-secretaire-detat-a-la-biodiversite-berangere-abba-a-lentreprise-norske-skog-golbey\/"},"wordCount":84,"commentCount":0,"publisher":{"@id":"https:\/\/vosgesinfo.fr\/laplainedesvosgesinfo\/#organization"},"image":{"@id":"https:\/\/vosgesinfo.fr\/laplainedesvosgesinfo\/2022\/01\/la-secretaire-detat-a-la-biodiversite-berangere-abba-a-lentreprise-norske-skog-golbey\/#primaryimage"},"thumbnailUrl":"https:\/\/vosgesinfo.fr\/app\/uploads\/sites\/2\/2024\/07\/202201berangere-abba-secretaire-d-etat-a-la-biodiversite-vosges-norske-skog-golbey-1.jpg","keywords":["Norske Skog"],"articleSection":["A la Une","\u00c9conomie","Vosges"],"inLanguage":"fr-FR","potentialAction":[{"@type":"CommentAction","name":"Comment","target":["https:\/\/vosgesinfo.fr\/laplainedesvosgesinfo\/2022\/01\/la-secretaire-detat-a-la-biodiversite-berangere-abba-a-lentreprise-norske-skog-golbey\/#respond"]}]},{"@type":"WebPage","@id":"https:\/\/vosgesinfo.fr\/laplainedesvosgesinfo\/2022\/01\/la-secretaire-detat-a-la-biodiversite-berangere-abba-a-lentreprise-norske-skog-golbey\/","url":"https:\/\/vosgesinfo.fr\/laplainedesvosgesinfo\/2022\/01\/la-secretaire-detat-a-la-biodiversite-berangere-abba-a-lentreprise-norske-skog-golbey\/","name":"La secr\u00e9taire d\u2019Etat \u00e0 la biodiversit\u00e9, B\u00e9rang\u00e8re Abba, \u00e0 l\u2019entreprise Norske Skog Golbey - La Plaine des Vosges","isPartOf":{"@id":"https:\/\/vosgesinfo.fr\/laplainedesvosgesinfo\/#website"},"primaryImageOfPage":{"@id":"https:\/\/vosgesinfo.fr\/laplainedesvosgesinfo\/2022\/01\/la-secretaire-detat-a-la-biodiversite-berangere-abba-a-lentreprise-norske-skog-golbey\/#primaryimage"},"image":{"@id":"https:\/\/vosgesinfo.fr\/laplainedesvosgesinfo\/2022\/01\/la-secretaire-detat-a-la-biodiversite-berangere-abba-a-lentreprise-norske-skog-golbey\/#primaryimage"},"thumbnailUrl":"https:\/\/vosgesinfo.fr\/app\/uploads\/sites\/2\/2024\/07\/202201berangere-abba-secretaire-d-etat-a-la-biodiversite-vosges-norske-skog-golbey-1.jpg","datePublished":"2022-01-19T13:15:30+00:00","dateModified":"2022-01-19T13:15:30+00:00","breadcrumb":{"@id":"https:\/\/vosgesinfo.fr\/laplainedesvosgesinfo\/2022\/01\/la-secretaire-detat-a-la-biodiversite-berangere-abba-a-lentreprise-norske-skog-golbey\/#breadcrumb"},"inLanguage":"fr-FR","potentialAction":[{"@type":"ReadAction","target":["https:\/\/vosgesinfo.fr\/laplainedesvosgesinfo\/2022\/01\/la-secretaire-detat-a-la-biodiversite-berangere-abba-a-lentreprise-norske-skog-golbey\/"]}]},{"@type":"ImageObject","inLanguage":"fr-FR","@id":"https:\/\/vosgesinfo.fr\/laplainedesvosgesinfo\/2022\/01\/la-secretaire-detat-a-la-biodiversite-berangere-abba-a-lentreprise-norske-skog-golbey\/#primaryimage","url":"https:\/\/vosgesinfo.fr\/app\/uploads\/sites\/2\/2024\/07\/202201berangere-abba-secretaire-d-etat-a-la-biodiversite-vosges-norske-skog-golbey-1.jpg","contentUrl":"https:\/\/vosgesinfo.fr\/app\/uploads\/sites\/2\/2024\/07\/202201berangere-abba-secretaire-d-etat-a-la-biodiversite-vosges-norske-skog-golbey-1.jpg","width":800,"height":600},{"@type":"BreadcrumbList","@id":"https:\/\/vosgesinfo.fr\/laplainedesvosgesinfo\/2022\/01\/la-secretaire-detat-a-la-biodiversite-berangere-abba-a-lentreprise-norske-skog-golbey\/#breadcrumb","itemListElement":[{"@type":"ListItem","position":1,"name":"Home","item":"https:\/\/vosgesinfo.fr\/laplainedesvosgesinfo\/"},{"@type":"ListItem","position":2,"name":"La secr\u00e9taire d\u2019Etat \u00e0 la biodiversit\u00e9, B\u00e9rang\u00e8re Abba, \u00e0 l\u2019entreprise Norske Skog Golbey"}]},{"@type":"WebSite","@id":"https:\/\/vosgesinfo.fr\/laplainedesvosgesinfo\/#website","url":"https:\/\/vosgesinfo.fr\/laplainedesvosgesinfo\/","name":"La Plaine des Vosges","description":"Toute l&#039;actualit\u00e9 de la plaine de Vosges","publisher":{"@id":"https:\/\/vosgesinfo.fr\/laplainedesvosgesinfo\/#organization"},"alternateName":"Toute l'actualit\u00e9 de la plaine des Vosges","potentialAction":[{"@type":"SearchAction","target":{"@type":"EntryPoint","urlTemplate":"https:\/\/vosgesinfo.fr\/laplainedesvosgesinfo\/?s={search_term_string}"},"query-input":"required name=search_term_string"}],"inLanguage":"fr-FR"},{"@type":"Organization","@id":"https:\/\/vosgesinfo.fr\/laplainedesvosgesinfo\/#organization","name":"La Plaine des Vosges","url":"https:\/\/vosgesinfo.fr\/laplainedesvosgesinfo\/","logo":{"@type":"ImageObject","inLanguage":"fr-FR","@id":"https:\/\/vosgesinfo.fr\/laplainedesvosgesinfo\/#\/schema\/logo\/image\/","url":"https:\/\/vosgesinfo.fr\/app\/uploads\/sites\/2\/2023\/08\/logo-laplaineinfo.svg","contentUrl":"https:\/\/vosgesinfo.fr\/app\/uploads\/sites\/2\/2023\/08\/logo-laplaineinfo.svg","width":1,"height":1,"caption":"La Plaine des Vosges"},"image":{"@id":"https:\/\/vosgesinfo.fr\/laplainedesvosgesinfo\/#\/schema\/logo\/image\/"},"sameAs":["https:\/\/www.facebook.com\/laplainedesvosges","https:\/\/x.com\/VosgesInfo88","https:\/\/www.youtube.com\/@vosgesinfo"]},{"@type":"Person","@id":"https:\/\/vosgesinfo.fr\/laplainedesvosgesinfo\/#\/schema\/person\/db412391f749f1ee67e177e1dc017316","name":"La R\u00e9daction","image":{"@type":"ImageObject","inLanguage":"fr-FR","@id":"https:\/\/vosgesinfo.fr\/laplainedesvosgesinfo\/#\/schema\/person\/image\/","url":"https:\/\/secure.gravatar.com\/avatar\/d10cfbea47ec464014dd9e55d3c353f7c4017b65068eb823d0882be0ff3b0ff6?s=96&d=mm&r=g","contentUrl":"https:\/\/secure.gravatar.com\/avatar\/d10cfbea47ec464014dd9e55d3c353f7c4017b65068eb823d0882be0ff3b0ff6?s=96&d=mm&r=g","caption":"La R\u00e9daction"},"url":"https:\/\/vosgesinfo.fr\/laplainedesvosgesinfo\/author\/redaction\/"}]}},"_links":{"self":[{"href":"https:\/\/vosgesinfo.fr\/laplainedesvosgesinfo\/wp-json\/wp\/v2\/posts\/20903","targetHints":{"allow":["GET"]}}],"collection":[{"href":"https:\/\/vosgesinfo.fr\/laplainedesvosgesinfo\/wp-json\/wp\/v2\/posts"}],"about":[{"href":"https:\/\/vosgesinfo.fr\/laplainedesvosgesinfo\/wp-json\/wp\/v2\/types\/post"}],"author":[{"embeddable":true,"href":"https:\/\/vosgesinfo.fr\/laplainedesvosgesinfo\/wp-json\/wp\/v2\/users\/126"}],"replies":[{"embeddable":true,"href":"https:\/\/vosgesinfo.fr\/laplainedesvosgesinfo\/wp-json\/wp\/v2\/comments?post=20903"}],"version-history":[{"count":0,"href":"https:\/\/vosgesinfo.fr\/laplainedesvosgesinfo\/wp-json\/wp\/v2\/posts\/20903\/revisions"}],"wp:featuredmedia":[{"embeddable":true,"href":"https:\/\/vosgesinfo.fr\/laplainedesvosgesinfo\/wp-json\/wp\/v2\/media\/20904"}],"wp:attachment":[{"href":"https:\/\/vosgesinfo.fr\/laplainedesvosgesinfo\/wp-json\/wp\/v2\/media?parent=20903"}],"wp:term":[{"taxonomy":"category","embeddable":true,"href":"https:\/\/vosgesinfo.fr\/laplainedesvosgesinfo\/wp-json\/wp\/v2\/categories?post=20903"},{"taxonomy":"post_tag","embeddable":true,"href":"https:\/\/vosgesinfo.fr\/laplainedesvosgesinfo\/wp-json\/wp\/v2\/tags?post=20903"}],"curies":[{"name":"wp","href":"https:\/\/api.w.org\/{rel}","templated":true}]}}