{"id":20907,"date":"2022-01-19T15:32:17","date_gmt":"2022-01-19T14:32:17","guid":{"rendered":"https:\/\/vosgesinfo.fr\/laplainedesvosgesinfo\/2022\/01\/chatenois-premiere-reunion-du-reseau-des-conseilleurs-numeriques-france-services-cnfs\/"},"modified":"2022-01-19T15:32:17","modified_gmt":"2022-01-19T14:32:17","slug":"chatenois-premiere-reunion-du-reseau-des-conseilleurs-numeriques-france-services-cnfs","status":"publish","type":"post","link":"https:\/\/vosgesinfo.fr\/laplainedesvosgesinfo\/2022\/01\/chatenois-premiere-reunion-du-reseau-des-conseilleurs-numeriques-france-services-cnfs\/","title":{"rendered":"Ch\u00e2tenois : premi\u00e8re r\u00e9union du r\u00e9seau des conseilleurs num\u00e9riques France Services (CNFS)"},"content":{"rendered":"<p>&nbsp;<\/p>\n<div id=\"attachment_123862\" style=\"width: 322px\" class=\"wp-caption alignnone\"><a href=\"\/2022\/01\/vit111.jpg\"><img decoding=\"async\" aria-describedby=\"caption-attachment-123862\" class=\"wp-image-123862 size-full\" src=\"\/2022\/01\/vit111.jpg\" alt=\"vit1\" width=\"312\" height=\"162\" \/><\/a><p id=\"caption-attachment-123862\" class=\"wp-caption-text\">photo d&rsquo;archives<\/p><\/div>\n<p>Le mardi 11 janvier 2022, Ga\u00ebl Rousseau, sous-pr\u00e9fet de Neufch\u00e2teau a pr\u00e9sid\u00e9 la premi\u00e8re<br \/>\nr\u00e9union du r\u00e9seau des conseilleurs num\u00e9riques France Services (CNFS) du d\u00e9partement des<br \/>\nVosges \u00e0 Ch\u00e2tenois.<\/p>\n<p>Cette r\u00e9union de lancement du r\u00e9seau des conseillers num\u00e9riques, anim\u00e9 conjointement par<br \/>\nla pr\u00e9fecture et le coordinateur d\u00e9partemental France Services, avec l\u2019appui de la Banque des<br \/>\nTerritoires (Direction R\u00e9gionale Grand Est), associait les structures employant les conseillers<br \/>\nnum\u00e9riques France Services.<br \/>\nL\u2019objectif de cette r\u00e9union \u00e9tait d\u2019aborder les modalit\u00e9s d\u2019intervention des conseilleurs<br \/>\nnum\u00e9riques France Services afin d\u2019assurer une large offre de services, une couverture suffisante<br \/>\ndu territoire, ainsi que d\u2019op\u00e9rer un premier retour d\u2019exp\u00e9riences sur la mise en oeuvre et le<br \/>\nd\u00e9ploiement du dispositif.<br \/>\nPour rappel, le volet inclusion num\u00e9rique du plan France Relance, pilot\u00e9 par l\u2019Agence<br \/>\nNationale de la Coh\u00e9sion des territoires (ANCT) a pour objectif le recrutement et la formation<br \/>\nde 4 000 conseillers num\u00e9riques France Services (CNFS) sur l\u2019ensemble du territoire national.<br \/>\nCes conseillers auront pour mission de :<br \/>\n&#8211; soutenir les Fran\u00e7ais dans leur usage quotidien du num\u00e9rique : travailler \u00e0 distance, consulter<br \/>\nun m\u00e9decin, etc.<br \/>\n&#8211; sensibiliser aux enjeux du num\u00e9rique et favoriser des usages citoyens et critiques : s\u2019informer<br \/>\net apprendre \u00e0 v\u00e9rifier les sources, prot\u00e9ger ses donn\u00e9es personnelles\u2026<br \/>\n&#8211; rendre autonome pour savoir utiliser seul le num\u00e9rique pour ses d\u00e9marches administratives<br \/>\nen ligne<br \/>\nLe dispositif CNFS est financ\u00e9 par l\u2019\u00c9tat. Il est pilot\u00e9 et anim\u00e9 par l\u2019ANCT et op\u00e9r\u00e9 par la<br \/>\nBanque des Territoires.<br \/>\nDans le d\u00e9partement des Vosges, 29 postes CNFS ont \u00e9t\u00e9 valid\u00e9s en comit\u00e9 national de<br \/>\ns\u00e9lection.<br \/>\nLes CNFS ont \u00e0 c\u0153ur d\u2019accompagner au mieux les usagers au quotidien.<\/p>\n","protected":false},"excerpt":{"rendered":"<p>&nbsp; Le mardi 11 janvier 2022, Ga\u00ebl Rousseau, sous-pr\u00e9fet de Neufch\u00e2teau a pr\u00e9sid\u00e9 la premi\u00e8re r\u00e9union du r\u00e9seau des conseilleurs [&hellip;]<\/p>\n","protected":false},"author":1,"featured_media":20908,"comment_status":"open","ping_status":"open","sticky":false,"template":"","format":"standard","meta":{"footnotes":""},"categories":[29,197],"tags":[198],"class_list":["post-20907","post","type-post","status-publish","format-standard","has-post-thumbnail","hentry","category-a-la-une","category-chatenois","tag-chatenois"],"acf":[],"yoast_head":"<!-- This site is optimized with the Yoast SEO plugin v22.5 - https:\/\/yoast.com\/wordpress\/plugins\/seo\/ -->\n<title>Ch\u00e2tenois : premi\u00e8re r\u00e9union du r\u00e9seau des conseilleurs num\u00e9riques France Services (CNFS) - La Plaine des Vosges<\/title>\n<meta name=\"robots\" content=\"index, follow, max-snippet:-1, max-image-preview:large, max-video-preview:-1\" \/>\n<link rel=\"canonical\" href=\"https:\/\/vosgesinfo.fr\/laplainedesvosgesinfo\/2022\/01\/chatenois-premiere-reunion-du-reseau-des-conseilleurs-numeriques-france-services-cnfs\/\" \/>\n<meta name=\"twitter:card\" content=\"summary_large_image\" \/>\n<meta name=\"twitter:title\" content=\"Ch\u00e2tenois : premi\u00e8re r\u00e9union du r\u00e9seau des conseilleurs num\u00e9riques France Services (CNFS) - La Plaine des Vosges\" \/>\n<meta name=\"twitter:description\" content=\"&nbsp; Le mardi 11 janvier 2022, Ga\u00ebl Rousseau, sous-pr\u00e9fet de Neufch\u00e2teau a pr\u00e9sid\u00e9 la premi\u00e8re r\u00e9union du r\u00e9seau des conseilleurs [&hellip;]\" \/>\n<meta name=\"twitter:image\" content=\"https:\/\/vosgesinfo.fr\/app\/uploads\/sites\/2\/2024\/07\/202201vit111.jpg\" \/>\n<meta name=\"twitter:creator\" content=\"@VosgesInfo88\" \/>\n<meta name=\"twitter:site\" content=\"@VosgesInfo88\" \/>\n<meta name=\"twitter:label1\" content=\"\u00c9crit par\" \/>\n\t<meta name=\"twitter:data1\" content=\"qs_admin\" \/>\n\t<meta name=\"twitter:label2\" content=\"Dur\u00e9e de lecture estim\u00e9e\" \/>\n\t<meta name=\"twitter:data2\" content=\"2 minutes\" \/>\n<script type=\"application\/ld+json\" class=\"yoast-schema-graph\">{\"@context\":\"https:\/\/schema.org\",\"@graph\":[{\"@type\":\"Article\",\"@id\":\"https:\/\/vosgesinfo.fr\/laplainedesvosgesinfo\/2022\/01\/chatenois-premiere-reunion-du-reseau-des-conseilleurs-numeriques-france-services-cnfs\/#article\",\"isPartOf\":{\"@id\":\"https:\/\/vosgesinfo.fr\/laplainedesvosgesinfo\/2022\/01\/chatenois-premiere-reunion-du-reseau-des-conseilleurs-numeriques-france-services-cnfs\/\"},\"author\":{\"name\":\"qs_admin\",\"@id\":\"https:\/\/vosgesinfo.fr\/laplainedesvosgesinfo\/#\/schema\/person\/bc5d02d71e6932e81b6dadb7386667b1\"},\"headline\":\"Ch\u00e2tenois : premi\u00e8re r\u00e9union du r\u00e9seau des conseilleurs num\u00e9riques France Services (CNFS)\",\"datePublished\":\"2022-01-19T14:32:17+00:00\",\"dateModified\":\"2022-01-19T14:32:17+00:00\",\"mainEntityOfPage\":{\"@id\":\"https:\/\/vosgesinfo.fr\/laplainedesvosgesinfo\/2022\/01\/chatenois-premiere-reunion-du-reseau-des-conseilleurs-numeriques-france-services-cnfs\/\"},\"wordCount\":335,\"commentCount\":0,\"publisher\":{\"@id\":\"https:\/\/vosgesinfo.fr\/laplainedesvosgesinfo\/#organization\"},\"image\":{\"@id\":\"https:\/\/vosgesinfo.fr\/laplainedesvosgesinfo\/2022\/01\/chatenois-premiere-reunion-du-reseau-des-conseilleurs-numeriques-france-services-cnfs\/#primaryimage\"},\"thumbnailUrl\":\"https:\/\/vosgesinfo.fr\/app\/uploads\/sites\/2\/2024\/07\/202201vit111.jpg\",\"keywords\":[\"Ch\u00e2tenois\"],\"articleSection\":[\"A la Une\",\"Ch\u00e2tenois\"],\"inLanguage\":\"fr-FR\",\"potentialAction\":[{\"@type\":\"CommentAction\",\"name\":\"Comment\",\"target\":[\"https:\/\/vosgesinfo.fr\/laplainedesvosgesinfo\/2022\/01\/chatenois-premiere-reunion-du-reseau-des-conseilleurs-numeriques-france-services-cnfs\/#respond\"]}]},{\"@type\":\"WebPage\",\"@id\":\"https:\/\/vosgesinfo.fr\/laplainedesvosgesinfo\/2022\/01\/chatenois-premiere-reunion-du-reseau-des-conseilleurs-numeriques-france-services-cnfs\/\",\"url\":\"https:\/\/vosgesinfo.fr\/laplainedesvosgesinfo\/2022\/01\/chatenois-premiere-reunion-du-reseau-des-conseilleurs-numeriques-france-services-cnfs\/\",\"name\":\"Ch\u00e2tenois : premi\u00e8re r\u00e9union du r\u00e9seau des conseilleurs num\u00e9riques France Services (CNFS) - La Plaine des Vosges\",\"isPartOf\":{\"@id\":\"https:\/\/vosgesinfo.fr\/laplainedesvosgesinfo\/#website\"},\"primaryImageOfPage\":{\"@id\":\"https:\/\/vosgesinfo.fr\/laplainedesvosgesinfo\/2022\/01\/chatenois-premiere-reunion-du-reseau-des-conseilleurs-numeriques-france-services-cnfs\/#primaryimage\"},\"image\":{\"@id\":\"https:\/\/vosgesinfo.fr\/laplainedesvosgesinfo\/2022\/01\/chatenois-premiere-reunion-du-reseau-des-conseilleurs-numeriques-france-services-cnfs\/#primaryimage\"},\"thumbnailUrl\":\"https:\/\/vosgesinfo.fr\/app\/uploads\/sites\/2\/2024\/07\/202201vit111.jpg\",\"datePublished\":\"2022-01-19T14:32:17+00:00\",\"dateModified\":\"2022-01-19T14:32:17+00:00\",\"breadcrumb\":{\"@id\":\"https:\/\/vosgesinfo.fr\/laplainedesvosgesinfo\/2022\/01\/chatenois-premiere-reunion-du-reseau-des-conseilleurs-numeriques-france-services-cnfs\/#breadcrumb\"},\"inLanguage\":\"fr-FR\",\"potentialAction\":[{\"@type\":\"ReadAction\",\"target\":[\"https:\/\/vosgesinfo.fr\/laplainedesvosgesinfo\/2022\/01\/chatenois-premiere-reunion-du-reseau-des-conseilleurs-numeriques-france-services-cnfs\/\"]}]},{\"@type\":\"ImageObject\",\"inLanguage\":\"fr-FR\",\"@id\":\"https:\/\/vosgesinfo.fr\/laplainedesvosgesinfo\/2022\/01\/chatenois-premiere-reunion-du-reseau-des-conseilleurs-numeriques-france-services-cnfs\/#primaryimage\",\"url\":\"https:\/\/vosgesinfo.fr\/app\/uploads\/sites\/2\/2024\/07\/202201vit111.jpg\",\"contentUrl\":\"https:\/\/vosgesinfo.fr\/app\/uploads\/sites\/2\/2024\/07\/202201vit111.jpg\",\"width\":312,\"height\":162},{\"@type\":\"BreadcrumbList\",\"@id\":\"https:\/\/vosgesinfo.fr\/laplainedesvosgesinfo\/2022\/01\/chatenois-premiere-reunion-du-reseau-des-conseilleurs-numeriques-france-services-cnfs\/#breadcrumb\",\"itemListElement\":[{\"@type\":\"ListItem\",\"position\":1,\"name\":\"Home\",\"item\":\"https:\/\/vosgesinfo.fr\/laplainedesvosgesinfo\/\"},{\"@type\":\"ListItem\",\"position\":2,\"name\":\"Ch\u00e2tenois : premi\u00e8re r\u00e9union du r\u00e9seau des conseilleurs num\u00e9riques France Services (CNFS)\"}]},{\"@type\":\"WebSite\",\"@id\":\"https:\/\/vosgesinfo.fr\/laplainedesvosgesinfo\/#website\",\"url\":\"https:\/\/vosgesinfo.fr\/laplainedesvosgesinfo\/\",\"name\":\"La Plaine des Vosges\",\"description\":\"Toute l&#039;actualit\u00e9 de la plaine de Vosges\",\"publisher\":{\"@id\":\"https:\/\/vosgesinfo.fr\/laplainedesvosgesinfo\/#organization\"},\"alternateName\":\"Toute l'actualit\u00e9 de la plaine des Vosges\",\"potentialAction\":[{\"@type\":\"SearchAction\",\"target\":{\"@type\":\"EntryPoint\",\"urlTemplate\":\"https:\/\/vosgesinfo.fr\/laplainedesvosgesinfo\/?s={search_term_string}\"},\"query-input\":\"required name=search_term_string\"}],\"inLanguage\":\"fr-FR\"},{\"@type\":\"Organization\",\"@id\":\"https:\/\/vosgesinfo.fr\/laplainedesvosgesinfo\/#organization\",\"name\":\"La Plaine des Vosges\",\"url\":\"https:\/\/vosgesinfo.fr\/laplainedesvosgesinfo\/\",\"logo\":{\"@type\":\"ImageObject\",\"inLanguage\":\"fr-FR\",\"@id\":\"https:\/\/vosgesinfo.fr\/laplainedesvosgesinfo\/#\/schema\/logo\/image\/\",\"url\":\"https:\/\/vosgesinfo.fr\/app\/uploads\/sites\/2\/2023\/08\/logo-laplaineinfo.svg\",\"contentUrl\":\"https:\/\/vosgesinfo.fr\/app\/uploads\/sites\/2\/2023\/08\/logo-laplaineinfo.svg\",\"width\":1,\"height\":1,\"caption\":\"La Plaine des Vosges\"},\"image\":{\"@id\":\"https:\/\/vosgesinfo.fr\/laplainedesvosgesinfo\/#\/schema\/logo\/image\/\"},\"sameAs\":[\"https:\/\/www.facebook.com\/laplainedesvosges\",\"https:\/\/x.com\/VosgesInfo88\",\"https:\/\/www.youtube.com\/@vosgesinfo\"]},{\"@type\":\"Person\",\"@id\":\"https:\/\/vosgesinfo.fr\/laplainedesvosgesinfo\/#\/schema\/person\/bc5d02d71e6932e81b6dadb7386667b1\",\"name\":\"qs_admin\",\"image\":{\"@type\":\"ImageObject\",\"inLanguage\":\"fr-FR\",\"@id\":\"https:\/\/vosgesinfo.fr\/laplainedesvosgesinfo\/#\/schema\/person\/image\/\",\"url\":\"https:\/\/secure.gravatar.com\/avatar\/94b18ee0ed79e4a42ea2f2931277b6841a8999fc6fde214600c78057cf1fe1de?s=96&d=mm&r=g\",\"contentUrl\":\"https:\/\/secure.gravatar.com\/avatar\/94b18ee0ed79e4a42ea2f2931277b6841a8999fc6fde214600c78057cf1fe1de?s=96&d=mm&r=g\",\"caption\":\"qs_admin\"},\"sameAs\":[\"https:\/\/vosgesinfo.fr\/wp\"],\"url\":\"https:\/\/vosgesinfo.fr\/laplainedesvosgesinfo\/author\/qs_admin\/\"}]}<\/script>\n<!-- \/ Yoast SEO plugin. -->","yoast_head_json":{"title":"Ch\u00e2tenois : premi\u00e8re r\u00e9union du r\u00e9seau des conseilleurs num\u00e9riques France Services (CNFS) - La Plaine des Vosges","robots":{"index":"index","follow":"follow","max-snippet":"max-snippet:-1","max-image-preview":"max-image-preview:large","max-video-preview":"max-video-preview:-1"},"canonical":"https:\/\/vosgesinfo.fr\/laplainedesvosgesinfo\/2022\/01\/chatenois-premiere-reunion-du-reseau-des-conseilleurs-numeriques-france-services-cnfs\/","twitter_card":"summary_large_image","twitter_title":"Ch\u00e2tenois : premi\u00e8re r\u00e9union du r\u00e9seau des conseilleurs num\u00e9riques France Services (CNFS) - La Plaine des Vosges","twitter_description":"&nbsp; Le mardi 11 janvier 2022, Ga\u00ebl Rousseau, sous-pr\u00e9fet de Neufch\u00e2teau a pr\u00e9sid\u00e9 la premi\u00e8re r\u00e9union du r\u00e9seau des conseilleurs [&hellip;]","twitter_image":"https:\/\/vosgesinfo.fr\/app\/uploads\/sites\/2\/2024\/07\/202201vit111.jpg","twitter_creator":"@VosgesInfo88","twitter_site":"@VosgesInfo88","twitter_misc":{"\u00c9crit par":"qs_admin","Dur\u00e9e de lecture estim\u00e9e":"2 minutes"},"schema":{"@context":"https:\/\/schema.org","@graph":[{"@type":"Article","@id":"https:\/\/vosgesinfo.fr\/laplainedesvosgesinfo\/2022\/01\/chatenois-premiere-reunion-du-reseau-des-conseilleurs-numeriques-france-services-cnfs\/#article","isPartOf":{"@id":"https:\/\/vosgesinfo.fr\/laplainedesvosgesinfo\/2022\/01\/chatenois-premiere-reunion-du-reseau-des-conseilleurs-numeriques-france-services-cnfs\/"},"author":{"name":"qs_admin","@id":"https:\/\/vosgesinfo.fr\/laplainedesvosgesinfo\/#\/schema\/person\/bc5d02d71e6932e81b6dadb7386667b1"},"headline":"Ch\u00e2tenois : premi\u00e8re r\u00e9union du r\u00e9seau des conseilleurs num\u00e9riques France Services (CNFS)","datePublished":"2022-01-19T14:32:17+00:00","dateModified":"2022-01-19T14:32:17+00:00","mainEntityOfPage":{"@id":"https:\/\/vosgesinfo.fr\/laplainedesvosgesinfo\/2022\/01\/chatenois-premiere-reunion-du-reseau-des-conseilleurs-numeriques-france-services-cnfs\/"},"wordCount":335,"commentCount":0,"publisher":{"@id":"https:\/\/vosgesinfo.fr\/laplainedesvosgesinfo\/#organization"},"image":{"@id":"https:\/\/vosgesinfo.fr\/laplainedesvosgesinfo\/2022\/01\/chatenois-premiere-reunion-du-reseau-des-conseilleurs-numeriques-france-services-cnfs\/#primaryimage"},"thumbnailUrl":"https:\/\/vosgesinfo.fr\/app\/uploads\/sites\/2\/2024\/07\/202201vit111.jpg","keywords":["Ch\u00e2tenois"],"articleSection":["A la Une","Ch\u00e2tenois"],"inLanguage":"fr-FR","potentialAction":[{"@type":"CommentAction","name":"Comment","target":["https:\/\/vosgesinfo.fr\/laplainedesvosgesinfo\/2022\/01\/chatenois-premiere-reunion-du-reseau-des-conseilleurs-numeriques-france-services-cnfs\/#respond"]}]},{"@type":"WebPage","@id":"https:\/\/vosgesinfo.fr\/laplainedesvosgesinfo\/2022\/01\/chatenois-premiere-reunion-du-reseau-des-conseilleurs-numeriques-france-services-cnfs\/","url":"https:\/\/vosgesinfo.fr\/laplainedesvosgesinfo\/2022\/01\/chatenois-premiere-reunion-du-reseau-des-conseilleurs-numeriques-france-services-cnfs\/","name":"Ch\u00e2tenois : premi\u00e8re r\u00e9union du r\u00e9seau des conseilleurs num\u00e9riques France Services (CNFS) - La Plaine des Vosges","isPartOf":{"@id":"https:\/\/vosgesinfo.fr\/laplainedesvosgesinfo\/#website"},"primaryImageOfPage":{"@id":"https:\/\/vosgesinfo.fr\/laplainedesvosgesinfo\/2022\/01\/chatenois-premiere-reunion-du-reseau-des-conseilleurs-numeriques-france-services-cnfs\/#primaryimage"},"image":{"@id":"https:\/\/vosgesinfo.fr\/laplainedesvosgesinfo\/2022\/01\/chatenois-premiere-reunion-du-reseau-des-conseilleurs-numeriques-france-services-cnfs\/#primaryimage"},"thumbnailUrl":"https:\/\/vosgesinfo.fr\/app\/uploads\/sites\/2\/2024\/07\/202201vit111.jpg","datePublished":"2022-01-19T14:32:17+00:00","dateModified":"2022-01-19T14:32:17+00:00","breadcrumb":{"@id":"https:\/\/vosgesinfo.fr\/laplainedesvosgesinfo\/2022\/01\/chatenois-premiere-reunion-du-reseau-des-conseilleurs-numeriques-france-services-cnfs\/#breadcrumb"},"inLanguage":"fr-FR","potentialAction":[{"@type":"ReadAction","target":["https:\/\/vosgesinfo.fr\/laplainedesvosgesinfo\/2022\/01\/chatenois-premiere-reunion-du-reseau-des-conseilleurs-numeriques-france-services-cnfs\/"]}]},{"@type":"ImageObject","inLanguage":"fr-FR","@id":"https:\/\/vosgesinfo.fr\/laplainedesvosgesinfo\/2022\/01\/chatenois-premiere-reunion-du-reseau-des-conseilleurs-numeriques-france-services-cnfs\/#primaryimage","url":"https:\/\/vosgesinfo.fr\/app\/uploads\/sites\/2\/2024\/07\/202201vit111.jpg","contentUrl":"https:\/\/vosgesinfo.fr\/app\/uploads\/sites\/2\/2024\/07\/202201vit111.jpg","width":312,"height":162},{"@type":"BreadcrumbList","@id":"https:\/\/vosgesinfo.fr\/laplainedesvosgesinfo\/2022\/01\/chatenois-premiere-reunion-du-reseau-des-conseilleurs-numeriques-france-services-cnfs\/#breadcrumb","itemListElement":[{"@type":"ListItem","position":1,"name":"Home","item":"https:\/\/vosgesinfo.fr\/laplainedesvosgesinfo\/"},{"@type":"ListItem","position":2,"name":"Ch\u00e2tenois : premi\u00e8re r\u00e9union du r\u00e9seau des conseilleurs num\u00e9riques France Services (CNFS)"}]},{"@type":"WebSite","@id":"https:\/\/vosgesinfo.fr\/laplainedesvosgesinfo\/#website","url":"https:\/\/vosgesinfo.fr\/laplainedesvosgesinfo\/","name":"La Plaine des Vosges","description":"Toute l&#039;actualit\u00e9 de la plaine de Vosges","publisher":{"@id":"https:\/\/vosgesinfo.fr\/laplainedesvosgesinfo\/#organization"},"alternateName":"Toute l'actualit\u00e9 de la plaine des Vosges","potentialAction":[{"@type":"SearchAction","target":{"@type":"EntryPoint","urlTemplate":"https:\/\/vosgesinfo.fr\/laplainedesvosgesinfo\/?s={search_term_string}"},"query-input":"required name=search_term_string"}],"inLanguage":"fr-FR"},{"@type":"Organization","@id":"https:\/\/vosgesinfo.fr\/laplainedesvosgesinfo\/#organization","name":"La Plaine des Vosges","url":"https:\/\/vosgesinfo.fr\/laplainedesvosgesinfo\/","logo":{"@type":"ImageObject","inLanguage":"fr-FR","@id":"https:\/\/vosgesinfo.fr\/laplainedesvosgesinfo\/#\/schema\/logo\/image\/","url":"https:\/\/vosgesinfo.fr\/app\/uploads\/sites\/2\/2023\/08\/logo-laplaineinfo.svg","contentUrl":"https:\/\/vosgesinfo.fr\/app\/uploads\/sites\/2\/2023\/08\/logo-laplaineinfo.svg","width":1,"height":1,"caption":"La Plaine des Vosges"},"image":{"@id":"https:\/\/vosgesinfo.fr\/laplainedesvosgesinfo\/#\/schema\/logo\/image\/"},"sameAs":["https:\/\/www.facebook.com\/laplainedesvosges","https:\/\/x.com\/VosgesInfo88","https:\/\/www.youtube.com\/@vosgesinfo"]},{"@type":"Person","@id":"https:\/\/vosgesinfo.fr\/laplainedesvosgesinfo\/#\/schema\/person\/bc5d02d71e6932e81b6dadb7386667b1","name":"qs_admin","image":{"@type":"ImageObject","inLanguage":"fr-FR","@id":"https:\/\/vosgesinfo.fr\/laplainedesvosgesinfo\/#\/schema\/person\/image\/","url":"https:\/\/secure.gravatar.com\/avatar\/94b18ee0ed79e4a42ea2f2931277b6841a8999fc6fde214600c78057cf1fe1de?s=96&d=mm&r=g","contentUrl":"https:\/\/secure.gravatar.com\/avatar\/94b18ee0ed79e4a42ea2f2931277b6841a8999fc6fde214600c78057cf1fe1de?s=96&d=mm&r=g","caption":"qs_admin"},"sameAs":["https:\/\/vosgesinfo.fr\/wp"],"url":"https:\/\/vosgesinfo.fr\/laplainedesvosgesinfo\/author\/qs_admin\/"}]}},"_links":{"self":[{"href":"https:\/\/vosgesinfo.fr\/laplainedesvosgesinfo\/wp-json\/wp\/v2\/posts\/20907","targetHints":{"allow":["GET"]}}],"collection":[{"href":"https:\/\/vosgesinfo.fr\/laplainedesvosgesinfo\/wp-json\/wp\/v2\/posts"}],"about":[{"href":"https:\/\/vosgesinfo.fr\/laplainedesvosgesinfo\/wp-json\/wp\/v2\/types\/post"}],"author":[{"embeddable":true,"href":"https:\/\/vosgesinfo.fr\/laplainedesvosgesinfo\/wp-json\/wp\/v2\/users\/1"}],"replies":[{"embeddable":true,"href":"https:\/\/vosgesinfo.fr\/laplainedesvosgesinfo\/wp-json\/wp\/v2\/comments?post=20907"}],"version-history":[{"count":0,"href":"https:\/\/vosgesinfo.fr\/laplainedesvosgesinfo\/wp-json\/wp\/v2\/posts\/20907\/revisions"}],"wp:featuredmedia":[{"embeddable":true,"href":"https:\/\/vosgesinfo.fr\/laplainedesvosgesinfo\/wp-json\/wp\/v2\/media\/20908"}],"wp:attachment":[{"href":"https:\/\/vosgesinfo.fr\/laplainedesvosgesinfo\/wp-json\/wp\/v2\/media?parent=20907"}],"wp:term":[{"taxonomy":"category","embeddable":true,"href":"https:\/\/vosgesinfo.fr\/laplainedesvosgesinfo\/wp-json\/wp\/v2\/categories?post=20907"},{"taxonomy":"post_tag","embeddable":true,"href":"https:\/\/vosgesinfo.fr\/laplainedesvosgesinfo\/wp-json\/wp\/v2\/tags?post=20907"}],"curies":[{"name":"wp","href":"https:\/\/api.w.org\/{rel}","templated":true}]}}