{"id":20943,"date":"2022-01-23T16:09:13","date_gmt":"2022-01-23T15:09:13","guid":{"rendered":"https:\/\/vosgesinfo.fr\/laplainedesvosgesinfo\/2022\/01\/neufchateau-les-controles-de-gendarmerie-de-retour\/"},"modified":"2022-01-23T16:09:13","modified_gmt":"2022-01-23T15:09:13","slug":"neufchateau-les-controles-de-gendarmerie-de-retour","status":"publish","type":"post","link":"https:\/\/vosgesinfo.fr\/laplainedesvosgesinfo\/2022\/01\/neufchateau-les-controles-de-gendarmerie-de-retour\/","title":{"rendered":"Neufch\u00e2teau : les contr\u00f4les de gendarmerie de retour"},"content":{"rendered":"<p><a href=\"\/2022\/01\/IMG_20220122_163018.jpg\"><img decoding=\"async\" class=\"alignnone size-medium wp-image-123930\" src=\"\/2022\/01\/IMG_20220122_163018-341x255.jpg\" alt=\"IMG_20220122_163018\" width=\"341\" height=\"255\" \/><\/a><\/p>\n<p>Ce samedi 22 janvier d\u00e8s seize heures, les hommes et femmes de la brigade de gendarmerie de Neufch\u00e2teau sous les ordres du capitaine Gobert ont proc\u00e9d\u00e9 \u00e0 une op\u00e9ration de contr\u00f4le d&rsquo;alcool\u00e9mie et de stup\u00e9fiants sur la\u00a0<span id=\"65\" class=\"s-rg-t\">D674<\/span>\u00a0\u00e0 hauteur des parkings des quatre arbres.<\/p>\n<p><span id=\"p54\">Ga\u00ebl Rousseau, sous-pr\u00e9fet de l&rsquo;arrondissement de Neufch\u00e2teau supervis\u00e9 les op\u00e9rations.<\/span><br \/>\n<span id=\"p55\">\u00ab En 2021, 21 accidents mortels ont eu lieu sur les routes de notre d\u00e9partement, actuellement nous en d\u00e9nombrant \u00e0 ce jour d\u00e9j\u00e0 trois.<\/span><span id=\"p56\">\u00a0L&rsquo;\u00e9pid\u00e9mie depuis un an et demi a beaucoup mobilis\u00e9 les gendarmes et il est normal de reprendre les contr\u00f4les.<\/span><span id=\"p57\">\u00a0L&rsquo;objectif est de rappeler de faire attention que lorsqu&rsquo;on prend le volant, si on a bu un verre de trop, on ne prend pas de risque, pour les stup\u00e9fiants leurs usages restent interdits en France.<\/span><span id=\"p58\">\u00a0\u00bb<\/span><br \/>\n<span id=\"p59\">Aucun lien avec l&rsquo;accident mortel o\u00f9 une jeune maman a perdu la vie la semaine derni\u00e8re, mais pour les militaires charg\u00e9s du maintien de l&rsquo;ordre, il est important de retrouver les fondamentaux, et de pr\u00e9ciser que d\u00e8s le 1er mars les voitures priv\u00e9es seront en place sur le secteur, elles verbaliseront les exc\u00e8s de vitesse, mais pas que.<\/span><br \/>\n<span id=\"p70\">Lorsqu&rsquo;un v\u00e9hicule sera flash\u00e9 par un radar, il y aura aussi un contr\u00f4le pour savoir s&rsquo;il est assur\u00e9.<\/span><span id=\"p61\">\u00a0Si ce n&rsquo;est pas le cas, il y aura deux amendes.<\/span><span id=\"p62\"><\/span><br \/>\n<span id=\"p63\">Ce samedi, aucun conducteur n&rsquo;a \u00e9t\u00e9 en infraction, ce qui n&rsquo;est pas le cas de l&rsquo;op\u00e9ration men\u00e9e vendredi entre midi et quatorze\u00a0heures\u00a0sur la\u00a0<span id=\"68\" class=\"s-rg-t\">D166<\/span>\u00a0entre Neufch\u00e2teau et\u00a0<span id=\"69\" class=\"s-rg-t\">Ch\u00e2tenois<\/span>\u00a0sur la commune de Rouvres-la-Ch\u00e9tive.<\/span><br \/>\n<span id=\"p64\">En deux heures, cinq exc\u00e8s \u00e0 120, 126, 127, 147 et triste record pour un quadrag\u00e9naire 170 km, deux r\u00e9tentions de permis ont \u00e9t\u00e9 effectu\u00e9.<\/span><\/p>\n\n<p><span id=\"p64\">\u00a0<\/span><\/p>\n","protected":false},"excerpt":{"rendered":"<p>Ce samedi 22 janvier d\u00e8s seize heures, les hommes et femmes de la brigade de gendarmerie de Neufch\u00e2teau sous les [&hellip;]<\/p>\n","protected":false},"author":1,"featured_media":20944,"comment_status":"open","ping_status":"open","sticky":false,"template":"","format":"standard","meta":{"footnotes":""},"categories":[29,22,312],"tags":[6212],"class_list":["post-20943","post","type-post","status-publish","format-standard","has-post-thumbnail","hentry","category-a-la-une","category-neufchateau","category-securite","tag-controle-de-gendarmerie"],"acf":[],"yoast_head":"<!-- This site is optimized with the Yoast SEO plugin v22.5 - https:\/\/yoast.com\/wordpress\/plugins\/seo\/ -->\n<title>Neufch\u00e2teau : les contr\u00f4les de gendarmerie de retour - La Plaine des Vosges<\/title>\n<meta name=\"robots\" content=\"index, follow, max-snippet:-1, max-image-preview:large, max-video-preview:-1\" \/>\n<link rel=\"canonical\" href=\"https:\/\/vosgesinfo.fr\/laplainedesvosgesinfo\/2022\/01\/neufchateau-les-controles-de-gendarmerie-de-retour\/\" \/>\n<meta name=\"twitter:card\" content=\"summary_large_image\" \/>\n<meta name=\"twitter:title\" content=\"Neufch\u00e2teau : les contr\u00f4les de gendarmerie de retour - La Plaine des Vosges\" \/>\n<meta name=\"twitter:description\" content=\"Ce samedi 22 janvier d\u00e8s seize heures, les hommes et femmes de la brigade de gendarmerie de Neufch\u00e2teau sous les [&hellip;]\" \/>\n<meta name=\"twitter:image\" content=\"https:\/\/vosgesinfo.fr\/app\/uploads\/sites\/2\/2024\/07\/202201img-20220122-163018.jpg\" \/>\n<meta name=\"twitter:creator\" content=\"@VosgesInfo88\" \/>\n<meta name=\"twitter:site\" content=\"@VosgesInfo88\" \/>\n<meta name=\"twitter:label1\" content=\"\u00c9crit par\" \/>\n\t<meta name=\"twitter:data1\" content=\"qs_admin\" \/>\n\t<meta name=\"twitter:label2\" content=\"Dur\u00e9e de lecture estim\u00e9e\" \/>\n\t<meta name=\"twitter:data2\" content=\"2 minutes\" \/>\n<script type=\"application\/ld+json\" class=\"yoast-schema-graph\">{\"@context\":\"https:\/\/schema.org\",\"@graph\":[{\"@type\":\"Article\",\"@id\":\"https:\/\/vosgesinfo.fr\/laplainedesvosgesinfo\/2022\/01\/neufchateau-les-controles-de-gendarmerie-de-retour\/#article\",\"isPartOf\":{\"@id\":\"https:\/\/vosgesinfo.fr\/laplainedesvosgesinfo\/2022\/01\/neufchateau-les-controles-de-gendarmerie-de-retour\/\"},\"author\":{\"name\":\"qs_admin\",\"@id\":\"https:\/\/vosgesinfo.fr\/laplainedesvosgesinfo\/#\/schema\/person\/bc5d02d71e6932e81b6dadb7386667b1\"},\"headline\":\"Neufch\u00e2teau : les contr\u00f4les de gendarmerie de retour\",\"datePublished\":\"2022-01-23T15:09:13+00:00\",\"dateModified\":\"2022-01-23T15:09:13+00:00\",\"mainEntityOfPage\":{\"@id\":\"https:\/\/vosgesinfo.fr\/laplainedesvosgesinfo\/2022\/01\/neufchateau-les-controles-de-gendarmerie-de-retour\/\"},\"wordCount\":328,\"commentCount\":0,\"publisher\":{\"@id\":\"https:\/\/vosgesinfo.fr\/laplainedesvosgesinfo\/#organization\"},\"image\":{\"@id\":\"https:\/\/vosgesinfo.fr\/laplainedesvosgesinfo\/2022\/01\/neufchateau-les-controles-de-gendarmerie-de-retour\/#primaryimage\"},\"thumbnailUrl\":\"https:\/\/vosgesinfo.fr\/app\/uploads\/sites\/2\/2024\/07\/202201img-20220122-163018.jpg\",\"keywords\":[\"Contr\u00f4le de gendarmerie\"],\"articleSection\":[\"A la Une\",\"Neufch\u00e2teau\",\"S\u00e9curit\u00e9\"],\"inLanguage\":\"fr-FR\",\"potentialAction\":[{\"@type\":\"CommentAction\",\"name\":\"Comment\",\"target\":[\"https:\/\/vosgesinfo.fr\/laplainedesvosgesinfo\/2022\/01\/neufchateau-les-controles-de-gendarmerie-de-retour\/#respond\"]}]},{\"@type\":\"WebPage\",\"@id\":\"https:\/\/vosgesinfo.fr\/laplainedesvosgesinfo\/2022\/01\/neufchateau-les-controles-de-gendarmerie-de-retour\/\",\"url\":\"https:\/\/vosgesinfo.fr\/laplainedesvosgesinfo\/2022\/01\/neufchateau-les-controles-de-gendarmerie-de-retour\/\",\"name\":\"Neufch\u00e2teau : les contr\u00f4les de gendarmerie de retour - La Plaine des Vosges\",\"isPartOf\":{\"@id\":\"https:\/\/vosgesinfo.fr\/laplainedesvosgesinfo\/#website\"},\"primaryImageOfPage\":{\"@id\":\"https:\/\/vosgesinfo.fr\/laplainedesvosgesinfo\/2022\/01\/neufchateau-les-controles-de-gendarmerie-de-retour\/#primaryimage\"},\"image\":{\"@id\":\"https:\/\/vosgesinfo.fr\/laplainedesvosgesinfo\/2022\/01\/neufchateau-les-controles-de-gendarmerie-de-retour\/#primaryimage\"},\"thumbnailUrl\":\"https:\/\/vosgesinfo.fr\/app\/uploads\/sites\/2\/2024\/07\/202201img-20220122-163018.jpg\",\"datePublished\":\"2022-01-23T15:09:13+00:00\",\"dateModified\":\"2022-01-23T15:09:13+00:00\",\"breadcrumb\":{\"@id\":\"https:\/\/vosgesinfo.fr\/laplainedesvosgesinfo\/2022\/01\/neufchateau-les-controles-de-gendarmerie-de-retour\/#breadcrumb\"},\"inLanguage\":\"fr-FR\",\"potentialAction\":[{\"@type\":\"ReadAction\",\"target\":[\"https:\/\/vosgesinfo.fr\/laplainedesvosgesinfo\/2022\/01\/neufchateau-les-controles-de-gendarmerie-de-retour\/\"]}]},{\"@type\":\"ImageObject\",\"inLanguage\":\"fr-FR\",\"@id\":\"https:\/\/vosgesinfo.fr\/laplainedesvosgesinfo\/2022\/01\/neufchateau-les-controles-de-gendarmerie-de-retour\/#primaryimage\",\"url\":\"https:\/\/vosgesinfo.fr\/app\/uploads\/sites\/2\/2024\/07\/202201img-20220122-163018.jpg\",\"contentUrl\":\"https:\/\/vosgesinfo.fr\/app\/uploads\/sites\/2\/2024\/07\/202201img-20220122-163018.jpg\",\"width\":800,\"height\":599},{\"@type\":\"BreadcrumbList\",\"@id\":\"https:\/\/vosgesinfo.fr\/laplainedesvosgesinfo\/2022\/01\/neufchateau-les-controles-de-gendarmerie-de-retour\/#breadcrumb\",\"itemListElement\":[{\"@type\":\"ListItem\",\"position\":1,\"name\":\"Home\",\"item\":\"https:\/\/vosgesinfo.fr\/laplainedesvosgesinfo\/\"},{\"@type\":\"ListItem\",\"position\":2,\"name\":\"Neufch\u00e2teau : les contr\u00f4les de gendarmerie de retour\"}]},{\"@type\":\"WebSite\",\"@id\":\"https:\/\/vosgesinfo.fr\/laplainedesvosgesinfo\/#website\",\"url\":\"https:\/\/vosgesinfo.fr\/laplainedesvosgesinfo\/\",\"name\":\"La Plaine des Vosges\",\"description\":\"Toute l&#039;actualit\u00e9 de la plaine de Vosges\",\"publisher\":{\"@id\":\"https:\/\/vosgesinfo.fr\/laplainedesvosgesinfo\/#organization\"},\"alternateName\":\"Toute l'actualit\u00e9 de la plaine des Vosges\",\"potentialAction\":[{\"@type\":\"SearchAction\",\"target\":{\"@type\":\"EntryPoint\",\"urlTemplate\":\"https:\/\/vosgesinfo.fr\/laplainedesvosgesinfo\/?s={search_term_string}\"},\"query-input\":\"required name=search_term_string\"}],\"inLanguage\":\"fr-FR\"},{\"@type\":\"Organization\",\"@id\":\"https:\/\/vosgesinfo.fr\/laplainedesvosgesinfo\/#organization\",\"name\":\"La Plaine des Vosges\",\"url\":\"https:\/\/vosgesinfo.fr\/laplainedesvosgesinfo\/\",\"logo\":{\"@type\":\"ImageObject\",\"inLanguage\":\"fr-FR\",\"@id\":\"https:\/\/vosgesinfo.fr\/laplainedesvosgesinfo\/#\/schema\/logo\/image\/\",\"url\":\"https:\/\/vosgesinfo.fr\/app\/uploads\/sites\/2\/2023\/08\/logo-laplaineinfo.svg\",\"contentUrl\":\"https:\/\/vosgesinfo.fr\/app\/uploads\/sites\/2\/2023\/08\/logo-laplaineinfo.svg\",\"width\":1,\"height\":1,\"caption\":\"La Plaine des Vosges\"},\"image\":{\"@id\":\"https:\/\/vosgesinfo.fr\/laplainedesvosgesinfo\/#\/schema\/logo\/image\/\"},\"sameAs\":[\"https:\/\/www.facebook.com\/laplainedesvosges\",\"https:\/\/x.com\/VosgesInfo88\",\"https:\/\/www.youtube.com\/@vosgesinfo\"]},{\"@type\":\"Person\",\"@id\":\"https:\/\/vosgesinfo.fr\/laplainedesvosgesinfo\/#\/schema\/person\/bc5d02d71e6932e81b6dadb7386667b1\",\"name\":\"qs_admin\",\"image\":{\"@type\":\"ImageObject\",\"inLanguage\":\"fr-FR\",\"@id\":\"https:\/\/vosgesinfo.fr\/laplainedesvosgesinfo\/#\/schema\/person\/image\/\",\"url\":\"https:\/\/secure.gravatar.com\/avatar\/94b18ee0ed79e4a42ea2f2931277b6841a8999fc6fde214600c78057cf1fe1de?s=96&d=mm&r=g\",\"contentUrl\":\"https:\/\/secure.gravatar.com\/avatar\/94b18ee0ed79e4a42ea2f2931277b6841a8999fc6fde214600c78057cf1fe1de?s=96&d=mm&r=g\",\"caption\":\"qs_admin\"},\"sameAs\":[\"https:\/\/vosgesinfo.fr\/wp\"],\"url\":\"https:\/\/vosgesinfo.fr\/laplainedesvosgesinfo\/author\/qs_admin\/\"}]}<\/script>\n<!-- \/ Yoast SEO plugin. -->","yoast_head_json":{"title":"Neufch\u00e2teau : les contr\u00f4les de gendarmerie de retour - La Plaine des Vosges","robots":{"index":"index","follow":"follow","max-snippet":"max-snippet:-1","max-image-preview":"max-image-preview:large","max-video-preview":"max-video-preview:-1"},"canonical":"https:\/\/vosgesinfo.fr\/laplainedesvosgesinfo\/2022\/01\/neufchateau-les-controles-de-gendarmerie-de-retour\/","twitter_card":"summary_large_image","twitter_title":"Neufch\u00e2teau : les contr\u00f4les de gendarmerie de retour - La Plaine des Vosges","twitter_description":"Ce samedi 22 janvier d\u00e8s seize heures, les hommes et femmes de la brigade de gendarmerie de Neufch\u00e2teau sous les [&hellip;]","twitter_image":"https:\/\/vosgesinfo.fr\/app\/uploads\/sites\/2\/2024\/07\/202201img-20220122-163018.jpg","twitter_creator":"@VosgesInfo88","twitter_site":"@VosgesInfo88","twitter_misc":{"\u00c9crit par":"qs_admin","Dur\u00e9e de lecture estim\u00e9e":"2 minutes"},"schema":{"@context":"https:\/\/schema.org","@graph":[{"@type":"Article","@id":"https:\/\/vosgesinfo.fr\/laplainedesvosgesinfo\/2022\/01\/neufchateau-les-controles-de-gendarmerie-de-retour\/#article","isPartOf":{"@id":"https:\/\/vosgesinfo.fr\/laplainedesvosgesinfo\/2022\/01\/neufchateau-les-controles-de-gendarmerie-de-retour\/"},"author":{"name":"qs_admin","@id":"https:\/\/vosgesinfo.fr\/laplainedesvosgesinfo\/#\/schema\/person\/bc5d02d71e6932e81b6dadb7386667b1"},"headline":"Neufch\u00e2teau : les contr\u00f4les de gendarmerie de retour","datePublished":"2022-01-23T15:09:13+00:00","dateModified":"2022-01-23T15:09:13+00:00","mainEntityOfPage":{"@id":"https:\/\/vosgesinfo.fr\/laplainedesvosgesinfo\/2022\/01\/neufchateau-les-controles-de-gendarmerie-de-retour\/"},"wordCount":328,"commentCount":0,"publisher":{"@id":"https:\/\/vosgesinfo.fr\/laplainedesvosgesinfo\/#organization"},"image":{"@id":"https:\/\/vosgesinfo.fr\/laplainedesvosgesinfo\/2022\/01\/neufchateau-les-controles-de-gendarmerie-de-retour\/#primaryimage"},"thumbnailUrl":"https:\/\/vosgesinfo.fr\/app\/uploads\/sites\/2\/2024\/07\/202201img-20220122-163018.jpg","keywords":["Contr\u00f4le de gendarmerie"],"articleSection":["A la Une","Neufch\u00e2teau","S\u00e9curit\u00e9"],"inLanguage":"fr-FR","potentialAction":[{"@type":"CommentAction","name":"Comment","target":["https:\/\/vosgesinfo.fr\/laplainedesvosgesinfo\/2022\/01\/neufchateau-les-controles-de-gendarmerie-de-retour\/#respond"]}]},{"@type":"WebPage","@id":"https:\/\/vosgesinfo.fr\/laplainedesvosgesinfo\/2022\/01\/neufchateau-les-controles-de-gendarmerie-de-retour\/","url":"https:\/\/vosgesinfo.fr\/laplainedesvosgesinfo\/2022\/01\/neufchateau-les-controles-de-gendarmerie-de-retour\/","name":"Neufch\u00e2teau : les contr\u00f4les de gendarmerie de retour - La Plaine des Vosges","isPartOf":{"@id":"https:\/\/vosgesinfo.fr\/laplainedesvosgesinfo\/#website"},"primaryImageOfPage":{"@id":"https:\/\/vosgesinfo.fr\/laplainedesvosgesinfo\/2022\/01\/neufchateau-les-controles-de-gendarmerie-de-retour\/#primaryimage"},"image":{"@id":"https:\/\/vosgesinfo.fr\/laplainedesvosgesinfo\/2022\/01\/neufchateau-les-controles-de-gendarmerie-de-retour\/#primaryimage"},"thumbnailUrl":"https:\/\/vosgesinfo.fr\/app\/uploads\/sites\/2\/2024\/07\/202201img-20220122-163018.jpg","datePublished":"2022-01-23T15:09:13+00:00","dateModified":"2022-01-23T15:09:13+00:00","breadcrumb":{"@id":"https:\/\/vosgesinfo.fr\/laplainedesvosgesinfo\/2022\/01\/neufchateau-les-controles-de-gendarmerie-de-retour\/#breadcrumb"},"inLanguage":"fr-FR","potentialAction":[{"@type":"ReadAction","target":["https:\/\/vosgesinfo.fr\/laplainedesvosgesinfo\/2022\/01\/neufchateau-les-controles-de-gendarmerie-de-retour\/"]}]},{"@type":"ImageObject","inLanguage":"fr-FR","@id":"https:\/\/vosgesinfo.fr\/laplainedesvosgesinfo\/2022\/01\/neufchateau-les-controles-de-gendarmerie-de-retour\/#primaryimage","url":"https:\/\/vosgesinfo.fr\/app\/uploads\/sites\/2\/2024\/07\/202201img-20220122-163018.jpg","contentUrl":"https:\/\/vosgesinfo.fr\/app\/uploads\/sites\/2\/2024\/07\/202201img-20220122-163018.jpg","width":800,"height":599},{"@type":"BreadcrumbList","@id":"https:\/\/vosgesinfo.fr\/laplainedesvosgesinfo\/2022\/01\/neufchateau-les-controles-de-gendarmerie-de-retour\/#breadcrumb","itemListElement":[{"@type":"ListItem","position":1,"name":"Home","item":"https:\/\/vosgesinfo.fr\/laplainedesvosgesinfo\/"},{"@type":"ListItem","position":2,"name":"Neufch\u00e2teau : les contr\u00f4les de gendarmerie de retour"}]},{"@type":"WebSite","@id":"https:\/\/vosgesinfo.fr\/laplainedesvosgesinfo\/#website","url":"https:\/\/vosgesinfo.fr\/laplainedesvosgesinfo\/","name":"La Plaine des Vosges","description":"Toute l&#039;actualit\u00e9 de la plaine de Vosges","publisher":{"@id":"https:\/\/vosgesinfo.fr\/laplainedesvosgesinfo\/#organization"},"alternateName":"Toute l'actualit\u00e9 de la plaine des Vosges","potentialAction":[{"@type":"SearchAction","target":{"@type":"EntryPoint","urlTemplate":"https:\/\/vosgesinfo.fr\/laplainedesvosgesinfo\/?s={search_term_string}"},"query-input":"required name=search_term_string"}],"inLanguage":"fr-FR"},{"@type":"Organization","@id":"https:\/\/vosgesinfo.fr\/laplainedesvosgesinfo\/#organization","name":"La Plaine des Vosges","url":"https:\/\/vosgesinfo.fr\/laplainedesvosgesinfo\/","logo":{"@type":"ImageObject","inLanguage":"fr-FR","@id":"https:\/\/vosgesinfo.fr\/laplainedesvosgesinfo\/#\/schema\/logo\/image\/","url":"https:\/\/vosgesinfo.fr\/app\/uploads\/sites\/2\/2023\/08\/logo-laplaineinfo.svg","contentUrl":"https:\/\/vosgesinfo.fr\/app\/uploads\/sites\/2\/2023\/08\/logo-laplaineinfo.svg","width":1,"height":1,"caption":"La Plaine des Vosges"},"image":{"@id":"https:\/\/vosgesinfo.fr\/laplainedesvosgesinfo\/#\/schema\/logo\/image\/"},"sameAs":["https:\/\/www.facebook.com\/laplainedesvosges","https:\/\/x.com\/VosgesInfo88","https:\/\/www.youtube.com\/@vosgesinfo"]},{"@type":"Person","@id":"https:\/\/vosgesinfo.fr\/laplainedesvosgesinfo\/#\/schema\/person\/bc5d02d71e6932e81b6dadb7386667b1","name":"qs_admin","image":{"@type":"ImageObject","inLanguage":"fr-FR","@id":"https:\/\/vosgesinfo.fr\/laplainedesvosgesinfo\/#\/schema\/person\/image\/","url":"https:\/\/secure.gravatar.com\/avatar\/94b18ee0ed79e4a42ea2f2931277b6841a8999fc6fde214600c78057cf1fe1de?s=96&d=mm&r=g","contentUrl":"https:\/\/secure.gravatar.com\/avatar\/94b18ee0ed79e4a42ea2f2931277b6841a8999fc6fde214600c78057cf1fe1de?s=96&d=mm&r=g","caption":"qs_admin"},"sameAs":["https:\/\/vosgesinfo.fr\/wp"],"url":"https:\/\/vosgesinfo.fr\/laplainedesvosgesinfo\/author\/qs_admin\/"}]}},"_links":{"self":[{"href":"https:\/\/vosgesinfo.fr\/laplainedesvosgesinfo\/wp-json\/wp\/v2\/posts\/20943","targetHints":{"allow":["GET"]}}],"collection":[{"href":"https:\/\/vosgesinfo.fr\/laplainedesvosgesinfo\/wp-json\/wp\/v2\/posts"}],"about":[{"href":"https:\/\/vosgesinfo.fr\/laplainedesvosgesinfo\/wp-json\/wp\/v2\/types\/post"}],"author":[{"embeddable":true,"href":"https:\/\/vosgesinfo.fr\/laplainedesvosgesinfo\/wp-json\/wp\/v2\/users\/1"}],"replies":[{"embeddable":true,"href":"https:\/\/vosgesinfo.fr\/laplainedesvosgesinfo\/wp-json\/wp\/v2\/comments?post=20943"}],"version-history":[{"count":0,"href":"https:\/\/vosgesinfo.fr\/laplainedesvosgesinfo\/wp-json\/wp\/v2\/posts\/20943\/revisions"}],"wp:featuredmedia":[{"embeddable":true,"href":"https:\/\/vosgesinfo.fr\/laplainedesvosgesinfo\/wp-json\/wp\/v2\/media\/20944"}],"wp:attachment":[{"href":"https:\/\/vosgesinfo.fr\/laplainedesvosgesinfo\/wp-json\/wp\/v2\/media?parent=20943"}],"wp:term":[{"taxonomy":"category","embeddable":true,"href":"https:\/\/vosgesinfo.fr\/laplainedesvosgesinfo\/wp-json\/wp\/v2\/categories?post=20943"},{"taxonomy":"post_tag","embeddable":true,"href":"https:\/\/vosgesinfo.fr\/laplainedesvosgesinfo\/wp-json\/wp\/v2\/tags?post=20943"}],"curies":[{"name":"wp","href":"https:\/\/api.w.org\/{rel}","templated":true}]}}