{"id":21067,"date":"2022-02-02T20:08:58","date_gmt":"2022-02-02T19:08:58","guid":{"rendered":"https:\/\/vosgesinfo.fr\/laplainedesvosgesinfo\/2022\/02\/neufchateau-les-voyages-fantastiques-au-trait-dunion\/"},"modified":"2022-02-02T20:08:58","modified_gmt":"2022-02-02T19:08:58","slug":"neufchateau-les-voyages-fantastiques-au-trait-dunion","status":"publish","type":"post","link":"https:\/\/vosgesinfo.fr\/laplainedesvosgesinfo\/2022\/02\/neufchateau-les-voyages-fantastiques-au-trait-dunion\/","title":{"rendered":"Neufch\u00e2teau : \u00ab\u00a0les voyages fantastiques\u00a0\u00bb au Trait d&rsquo;Union"},"content":{"rendered":"<p><a href=\"\/2022\/02\/vit13.jpg\"><img decoding=\"async\" class=\"alignnone size-medium wp-image-124143\" src=\"\/2022\/02\/vit13-184x255.jpg\" alt=\"vit1\" width=\"184\" height=\"255\" \/><\/a><\/p>\n<p>Et si nous faisions un voyage dans le temps pour nous retrouver sur le plateau de tournage d&rsquo;un studio de cin\u00e9ma du d\u00e9but du 20\u00e8me si\u00e8cle ?<\/p>\n<p>C&rsquo;est le pari fou du metteur en sc\u00e8ne Ned Grujic (Hair, Fame) qui nous entraine, \u00e0 grands coups d&rsquo;effets sp\u00e9ciaux, dans le studio de Georges M\u00e9li\u00e8s, premier magicien du cin\u00e9ma. Il tournera avec son \u00e9quipe, sous nos yeux \u00e9merveill\u00e9s, trois courts m\u00e9trages tir\u00e9s des plus beaux voyages invent\u00e9s par Jules Verne,\u00a0\u00ab De la terre \u00e0 la lune\u00a0\u00bb,\u00a0\u00ab Vingt mille lieues sous les mers\u00a0\u00bb. M\u00e9li\u00e8s et ses acteurs cr\u00e9eront les images qui nous plongeront dans l&rsquo;illusion des fonds marins, des crat\u00e8res de la lune, des fus\u00e9es\u00a0 et des monstres de tous ordres.<\/p>\n<p>Inventions, trucages, illusions, ombres et marionnettes permettront aux com\u00e9diens d&rsquo;illustrer ces histoires et au spectateur de retrouver le temps que dure le spectacle, son \u00e2me d&rsquo;enfant.<\/p>\n<p>\u00ab Les romans de Jules Verne et les films de M\u00e9li\u00e8s sont un enchantement pour tous les \u00e2ges. Plus que des pionniers, ils demeurent les ma\u00eetres absolus de la fantaisie et du r\u00eave. C&rsquo;est pour leur rendre un hommage \u00e9merveill\u00e9 que nous avons souhait\u00e9 ce spectacle original sur l&rsquo;artisanat du r\u00eave qui se joue du temps.\u00bb Ned Grujic<\/p>\n<p>Samedi 5 f\u00e9vrier 2022 \u00e0 19 heures au Trait d&rsquo;Union<\/p>\n<p>Tarifs : 10\u20ac\/8\u20ac\/6\u20ac dur\u00e9e 1h1O (\u00e0 partir de 5 ans)<\/p>\n<p>infos et r\u00e9servation : 03.29.94.55.61 \/03.29.94.99.50<\/p>\n<p>trait-dunion@ccov.fr<\/p>\n<p>&nbsp;<\/p>\n<p>&nbsp;<\/p>\n","protected":false},"excerpt":{"rendered":"<p>Et si nous faisions un voyage dans le temps pour nous retrouver sur le plateau de tournage d&rsquo;un studio de [&hellip;]<\/p>\n","protected":false},"author":1,"featured_media":21068,"comment_status":"open","ping_status":"open","sticky":false,"template":"","format":"standard","meta":{"footnotes":""},"categories":[29,22],"tags":[199],"class_list":["post-21067","post","type-post","status-publish","format-standard","has-post-thumbnail","hentry","category-a-la-une","category-neufchateau","tag-trait-dunion-de-neufchateau"],"acf":[],"yoast_head":"<!-- This site is optimized with the Yoast SEO plugin v22.5 - https:\/\/yoast.com\/wordpress\/plugins\/seo\/ -->\n<title>Neufch\u00e2teau : &quot;les voyages fantastiques&quot; au Trait d&#039;Union - La Plaine des Vosges<\/title>\n<meta name=\"robots\" content=\"index, follow, max-snippet:-1, max-image-preview:large, max-video-preview:-1\" \/>\n<link rel=\"canonical\" href=\"https:\/\/vosgesinfo.fr\/laplainedesvosgesinfo\/2022\/02\/neufchateau-les-voyages-fantastiques-au-trait-dunion\/\" \/>\n<meta name=\"twitter:card\" content=\"summary_large_image\" \/>\n<meta name=\"twitter:title\" content=\"Neufch\u00e2teau : &quot;les voyages fantastiques&quot; au Trait d&#039;Union - La Plaine des Vosges\" \/>\n<meta name=\"twitter:description\" content=\"Et si nous faisions un voyage dans le temps pour nous retrouver sur le plateau de tournage d&rsquo;un studio de [&hellip;]\" \/>\n<meta name=\"twitter:image\" content=\"https:\/\/vosgesinfo.fr\/app\/uploads\/sites\/2\/2024\/07\/202202vit13.jpg\" \/>\n<meta name=\"twitter:creator\" content=\"@VosgesInfo88\" \/>\n<meta name=\"twitter:site\" content=\"@VosgesInfo88\" \/>\n<meta name=\"twitter:label1\" content=\"\u00c9crit par\" \/>\n\t<meta name=\"twitter:data1\" content=\"qs_admin\" \/>\n\t<meta name=\"twitter:label2\" content=\"Dur\u00e9e de lecture estim\u00e9e\" \/>\n\t<meta name=\"twitter:data2\" content=\"1 minute\" \/>\n<script type=\"application\/ld+json\" class=\"yoast-schema-graph\">{\"@context\":\"https:\/\/schema.org\",\"@graph\":[{\"@type\":\"Article\",\"@id\":\"https:\/\/vosgesinfo.fr\/laplainedesvosgesinfo\/2022\/02\/neufchateau-les-voyages-fantastiques-au-trait-dunion\/#article\",\"isPartOf\":{\"@id\":\"https:\/\/vosgesinfo.fr\/laplainedesvosgesinfo\/2022\/02\/neufchateau-les-voyages-fantastiques-au-trait-dunion\/\"},\"author\":{\"name\":\"qs_admin\",\"@id\":\"https:\/\/vosgesinfo.fr\/laplainedesvosgesinfo\/#\/schema\/person\/bc5d02d71e6932e81b6dadb7386667b1\"},\"headline\":\"Neufch\u00e2teau : \u00ab\u00a0les voyages fantastiques\u00a0\u00bb au Trait d&rsquo;Union\",\"datePublished\":\"2022-02-02T19:08:58+00:00\",\"dateModified\":\"2022-02-02T19:08:58+00:00\",\"mainEntityOfPage\":{\"@id\":\"https:\/\/vosgesinfo.fr\/laplainedesvosgesinfo\/2022\/02\/neufchateau-les-voyages-fantastiques-au-trait-dunion\/\"},\"wordCount\":263,\"commentCount\":0,\"publisher\":{\"@id\":\"https:\/\/vosgesinfo.fr\/laplainedesvosgesinfo\/#organization\"},\"image\":{\"@id\":\"https:\/\/vosgesinfo.fr\/laplainedesvosgesinfo\/2022\/02\/neufchateau-les-voyages-fantastiques-au-trait-dunion\/#primaryimage\"},\"thumbnailUrl\":\"https:\/\/vosgesinfo.fr\/app\/uploads\/sites\/2\/2024\/07\/202202vit13.jpg\",\"keywords\":[\"Trait d'Union de Neufch\u00e2teau\"],\"articleSection\":[\"A la Une\",\"Neufch\u00e2teau\"],\"inLanguage\":\"fr-FR\",\"potentialAction\":[{\"@type\":\"CommentAction\",\"name\":\"Comment\",\"target\":[\"https:\/\/vosgesinfo.fr\/laplainedesvosgesinfo\/2022\/02\/neufchateau-les-voyages-fantastiques-au-trait-dunion\/#respond\"]}]},{\"@type\":\"WebPage\",\"@id\":\"https:\/\/vosgesinfo.fr\/laplainedesvosgesinfo\/2022\/02\/neufchateau-les-voyages-fantastiques-au-trait-dunion\/\",\"url\":\"https:\/\/vosgesinfo.fr\/laplainedesvosgesinfo\/2022\/02\/neufchateau-les-voyages-fantastiques-au-trait-dunion\/\",\"name\":\"Neufch\u00e2teau : \\\"les voyages fantastiques\\\" au Trait d'Union - La Plaine des Vosges\",\"isPartOf\":{\"@id\":\"https:\/\/vosgesinfo.fr\/laplainedesvosgesinfo\/#website\"},\"primaryImageOfPage\":{\"@id\":\"https:\/\/vosgesinfo.fr\/laplainedesvosgesinfo\/2022\/02\/neufchateau-les-voyages-fantastiques-au-trait-dunion\/#primaryimage\"},\"image\":{\"@id\":\"https:\/\/vosgesinfo.fr\/laplainedesvosgesinfo\/2022\/02\/neufchateau-les-voyages-fantastiques-au-trait-dunion\/#primaryimage\"},\"thumbnailUrl\":\"https:\/\/vosgesinfo.fr\/app\/uploads\/sites\/2\/2024\/07\/202202vit13.jpg\",\"datePublished\":\"2022-02-02T19:08:58+00:00\",\"dateModified\":\"2022-02-02T19:08:58+00:00\",\"breadcrumb\":{\"@id\":\"https:\/\/vosgesinfo.fr\/laplainedesvosgesinfo\/2022\/02\/neufchateau-les-voyages-fantastiques-au-trait-dunion\/#breadcrumb\"},\"inLanguage\":\"fr-FR\",\"potentialAction\":[{\"@type\":\"ReadAction\",\"target\":[\"https:\/\/vosgesinfo.fr\/laplainedesvosgesinfo\/2022\/02\/neufchateau-les-voyages-fantastiques-au-trait-dunion\/\"]}]},{\"@type\":\"ImageObject\",\"inLanguage\":\"fr-FR\",\"@id\":\"https:\/\/vosgesinfo.fr\/laplainedesvosgesinfo\/2022\/02\/neufchateau-les-voyages-fantastiques-au-trait-dunion\/#primaryimage\",\"url\":\"https:\/\/vosgesinfo.fr\/app\/uploads\/sites\/2\/2024\/07\/202202vit13.jpg\",\"contentUrl\":\"https:\/\/vosgesinfo.fr\/app\/uploads\/sites\/2\/2024\/07\/202202vit13.jpg\",\"width\":578,\"height\":800},{\"@type\":\"BreadcrumbList\",\"@id\":\"https:\/\/vosgesinfo.fr\/laplainedesvosgesinfo\/2022\/02\/neufchateau-les-voyages-fantastiques-au-trait-dunion\/#breadcrumb\",\"itemListElement\":[{\"@type\":\"ListItem\",\"position\":1,\"name\":\"Home\",\"item\":\"https:\/\/vosgesinfo.fr\/laplainedesvosgesinfo\/\"},{\"@type\":\"ListItem\",\"position\":2,\"name\":\"Neufch\u00e2teau : \u00ab\u00a0les voyages fantastiques\u00a0\u00bb au Trait d&rsquo;Union\"}]},{\"@type\":\"WebSite\",\"@id\":\"https:\/\/vosgesinfo.fr\/laplainedesvosgesinfo\/#website\",\"url\":\"https:\/\/vosgesinfo.fr\/laplainedesvosgesinfo\/\",\"name\":\"La Plaine des Vosges\",\"description\":\"Toute l&#039;actualit\u00e9 de la plaine de Vosges\",\"publisher\":{\"@id\":\"https:\/\/vosgesinfo.fr\/laplainedesvosgesinfo\/#organization\"},\"alternateName\":\"Toute l'actualit\u00e9 de la plaine des Vosges\",\"potentialAction\":[{\"@type\":\"SearchAction\",\"target\":{\"@type\":\"EntryPoint\",\"urlTemplate\":\"https:\/\/vosgesinfo.fr\/laplainedesvosgesinfo\/?s={search_term_string}\"},\"query-input\":\"required name=search_term_string\"}],\"inLanguage\":\"fr-FR\"},{\"@type\":\"Organization\",\"@id\":\"https:\/\/vosgesinfo.fr\/laplainedesvosgesinfo\/#organization\",\"name\":\"La Plaine des Vosges\",\"url\":\"https:\/\/vosgesinfo.fr\/laplainedesvosgesinfo\/\",\"logo\":{\"@type\":\"ImageObject\",\"inLanguage\":\"fr-FR\",\"@id\":\"https:\/\/vosgesinfo.fr\/laplainedesvosgesinfo\/#\/schema\/logo\/image\/\",\"url\":\"https:\/\/vosgesinfo.fr\/app\/uploads\/sites\/2\/2023\/08\/logo-laplaineinfo.svg\",\"contentUrl\":\"https:\/\/vosgesinfo.fr\/app\/uploads\/sites\/2\/2023\/08\/logo-laplaineinfo.svg\",\"width\":1,\"height\":1,\"caption\":\"La Plaine des Vosges\"},\"image\":{\"@id\":\"https:\/\/vosgesinfo.fr\/laplainedesvosgesinfo\/#\/schema\/logo\/image\/\"},\"sameAs\":[\"https:\/\/www.facebook.com\/laplainedesvosges\",\"https:\/\/x.com\/VosgesInfo88\",\"https:\/\/www.youtube.com\/@vosgesinfo\"]},{\"@type\":\"Person\",\"@id\":\"https:\/\/vosgesinfo.fr\/laplainedesvosgesinfo\/#\/schema\/person\/bc5d02d71e6932e81b6dadb7386667b1\",\"name\":\"qs_admin\",\"image\":{\"@type\":\"ImageObject\",\"inLanguage\":\"fr-FR\",\"@id\":\"https:\/\/vosgesinfo.fr\/laplainedesvosgesinfo\/#\/schema\/person\/image\/\",\"url\":\"https:\/\/secure.gravatar.com\/avatar\/94b18ee0ed79e4a42ea2f2931277b6841a8999fc6fde214600c78057cf1fe1de?s=96&d=mm&r=g\",\"contentUrl\":\"https:\/\/secure.gravatar.com\/avatar\/94b18ee0ed79e4a42ea2f2931277b6841a8999fc6fde214600c78057cf1fe1de?s=96&d=mm&r=g\",\"caption\":\"qs_admin\"},\"sameAs\":[\"https:\/\/vosgesinfo.fr\/wp\"],\"url\":\"https:\/\/vosgesinfo.fr\/laplainedesvosgesinfo\/author\/qs_admin\/\"}]}<\/script>\n<!-- \/ Yoast SEO plugin. -->","yoast_head_json":{"title":"Neufch\u00e2teau : \"les voyages fantastiques\" au Trait d'Union - La Plaine des Vosges","robots":{"index":"index","follow":"follow","max-snippet":"max-snippet:-1","max-image-preview":"max-image-preview:large","max-video-preview":"max-video-preview:-1"},"canonical":"https:\/\/vosgesinfo.fr\/laplainedesvosgesinfo\/2022\/02\/neufchateau-les-voyages-fantastiques-au-trait-dunion\/","twitter_card":"summary_large_image","twitter_title":"Neufch\u00e2teau : \"les voyages fantastiques\" au Trait d'Union - La Plaine des Vosges","twitter_description":"Et si nous faisions un voyage dans le temps pour nous retrouver sur le plateau de tournage d&rsquo;un studio de [&hellip;]","twitter_image":"https:\/\/vosgesinfo.fr\/app\/uploads\/sites\/2\/2024\/07\/202202vit13.jpg","twitter_creator":"@VosgesInfo88","twitter_site":"@VosgesInfo88","twitter_misc":{"\u00c9crit par":"qs_admin","Dur\u00e9e de lecture estim\u00e9e":"1 minute"},"schema":{"@context":"https:\/\/schema.org","@graph":[{"@type":"Article","@id":"https:\/\/vosgesinfo.fr\/laplainedesvosgesinfo\/2022\/02\/neufchateau-les-voyages-fantastiques-au-trait-dunion\/#article","isPartOf":{"@id":"https:\/\/vosgesinfo.fr\/laplainedesvosgesinfo\/2022\/02\/neufchateau-les-voyages-fantastiques-au-trait-dunion\/"},"author":{"name":"qs_admin","@id":"https:\/\/vosgesinfo.fr\/laplainedesvosgesinfo\/#\/schema\/person\/bc5d02d71e6932e81b6dadb7386667b1"},"headline":"Neufch\u00e2teau : \u00ab\u00a0les voyages fantastiques\u00a0\u00bb au Trait d&rsquo;Union","datePublished":"2022-02-02T19:08:58+00:00","dateModified":"2022-02-02T19:08:58+00:00","mainEntityOfPage":{"@id":"https:\/\/vosgesinfo.fr\/laplainedesvosgesinfo\/2022\/02\/neufchateau-les-voyages-fantastiques-au-trait-dunion\/"},"wordCount":263,"commentCount":0,"publisher":{"@id":"https:\/\/vosgesinfo.fr\/laplainedesvosgesinfo\/#organization"},"image":{"@id":"https:\/\/vosgesinfo.fr\/laplainedesvosgesinfo\/2022\/02\/neufchateau-les-voyages-fantastiques-au-trait-dunion\/#primaryimage"},"thumbnailUrl":"https:\/\/vosgesinfo.fr\/app\/uploads\/sites\/2\/2024\/07\/202202vit13.jpg","keywords":["Trait d'Union de Neufch\u00e2teau"],"articleSection":["A la Une","Neufch\u00e2teau"],"inLanguage":"fr-FR","potentialAction":[{"@type":"CommentAction","name":"Comment","target":["https:\/\/vosgesinfo.fr\/laplainedesvosgesinfo\/2022\/02\/neufchateau-les-voyages-fantastiques-au-trait-dunion\/#respond"]}]},{"@type":"WebPage","@id":"https:\/\/vosgesinfo.fr\/laplainedesvosgesinfo\/2022\/02\/neufchateau-les-voyages-fantastiques-au-trait-dunion\/","url":"https:\/\/vosgesinfo.fr\/laplainedesvosgesinfo\/2022\/02\/neufchateau-les-voyages-fantastiques-au-trait-dunion\/","name":"Neufch\u00e2teau : \"les voyages fantastiques\" au Trait d'Union - La Plaine des Vosges","isPartOf":{"@id":"https:\/\/vosgesinfo.fr\/laplainedesvosgesinfo\/#website"},"primaryImageOfPage":{"@id":"https:\/\/vosgesinfo.fr\/laplainedesvosgesinfo\/2022\/02\/neufchateau-les-voyages-fantastiques-au-trait-dunion\/#primaryimage"},"image":{"@id":"https:\/\/vosgesinfo.fr\/laplainedesvosgesinfo\/2022\/02\/neufchateau-les-voyages-fantastiques-au-trait-dunion\/#primaryimage"},"thumbnailUrl":"https:\/\/vosgesinfo.fr\/app\/uploads\/sites\/2\/2024\/07\/202202vit13.jpg","datePublished":"2022-02-02T19:08:58+00:00","dateModified":"2022-02-02T19:08:58+00:00","breadcrumb":{"@id":"https:\/\/vosgesinfo.fr\/laplainedesvosgesinfo\/2022\/02\/neufchateau-les-voyages-fantastiques-au-trait-dunion\/#breadcrumb"},"inLanguage":"fr-FR","potentialAction":[{"@type":"ReadAction","target":["https:\/\/vosgesinfo.fr\/laplainedesvosgesinfo\/2022\/02\/neufchateau-les-voyages-fantastiques-au-trait-dunion\/"]}]},{"@type":"ImageObject","inLanguage":"fr-FR","@id":"https:\/\/vosgesinfo.fr\/laplainedesvosgesinfo\/2022\/02\/neufchateau-les-voyages-fantastiques-au-trait-dunion\/#primaryimage","url":"https:\/\/vosgesinfo.fr\/app\/uploads\/sites\/2\/2024\/07\/202202vit13.jpg","contentUrl":"https:\/\/vosgesinfo.fr\/app\/uploads\/sites\/2\/2024\/07\/202202vit13.jpg","width":578,"height":800},{"@type":"BreadcrumbList","@id":"https:\/\/vosgesinfo.fr\/laplainedesvosgesinfo\/2022\/02\/neufchateau-les-voyages-fantastiques-au-trait-dunion\/#breadcrumb","itemListElement":[{"@type":"ListItem","position":1,"name":"Home","item":"https:\/\/vosgesinfo.fr\/laplainedesvosgesinfo\/"},{"@type":"ListItem","position":2,"name":"Neufch\u00e2teau : \u00ab\u00a0les voyages fantastiques\u00a0\u00bb au Trait d&rsquo;Union"}]},{"@type":"WebSite","@id":"https:\/\/vosgesinfo.fr\/laplainedesvosgesinfo\/#website","url":"https:\/\/vosgesinfo.fr\/laplainedesvosgesinfo\/","name":"La Plaine des Vosges","description":"Toute l&#039;actualit\u00e9 de la plaine de Vosges","publisher":{"@id":"https:\/\/vosgesinfo.fr\/laplainedesvosgesinfo\/#organization"},"alternateName":"Toute l'actualit\u00e9 de la plaine des Vosges","potentialAction":[{"@type":"SearchAction","target":{"@type":"EntryPoint","urlTemplate":"https:\/\/vosgesinfo.fr\/laplainedesvosgesinfo\/?s={search_term_string}"},"query-input":"required name=search_term_string"}],"inLanguage":"fr-FR"},{"@type":"Organization","@id":"https:\/\/vosgesinfo.fr\/laplainedesvosgesinfo\/#organization","name":"La Plaine des Vosges","url":"https:\/\/vosgesinfo.fr\/laplainedesvosgesinfo\/","logo":{"@type":"ImageObject","inLanguage":"fr-FR","@id":"https:\/\/vosgesinfo.fr\/laplainedesvosgesinfo\/#\/schema\/logo\/image\/","url":"https:\/\/vosgesinfo.fr\/app\/uploads\/sites\/2\/2023\/08\/logo-laplaineinfo.svg","contentUrl":"https:\/\/vosgesinfo.fr\/app\/uploads\/sites\/2\/2023\/08\/logo-laplaineinfo.svg","width":1,"height":1,"caption":"La Plaine des Vosges"},"image":{"@id":"https:\/\/vosgesinfo.fr\/laplainedesvosgesinfo\/#\/schema\/logo\/image\/"},"sameAs":["https:\/\/www.facebook.com\/laplainedesvosges","https:\/\/x.com\/VosgesInfo88","https:\/\/www.youtube.com\/@vosgesinfo"]},{"@type":"Person","@id":"https:\/\/vosgesinfo.fr\/laplainedesvosgesinfo\/#\/schema\/person\/bc5d02d71e6932e81b6dadb7386667b1","name":"qs_admin","image":{"@type":"ImageObject","inLanguage":"fr-FR","@id":"https:\/\/vosgesinfo.fr\/laplainedesvosgesinfo\/#\/schema\/person\/image\/","url":"https:\/\/secure.gravatar.com\/avatar\/94b18ee0ed79e4a42ea2f2931277b6841a8999fc6fde214600c78057cf1fe1de?s=96&d=mm&r=g","contentUrl":"https:\/\/secure.gravatar.com\/avatar\/94b18ee0ed79e4a42ea2f2931277b6841a8999fc6fde214600c78057cf1fe1de?s=96&d=mm&r=g","caption":"qs_admin"},"sameAs":["https:\/\/vosgesinfo.fr\/wp"],"url":"https:\/\/vosgesinfo.fr\/laplainedesvosgesinfo\/author\/qs_admin\/"}]}},"_links":{"self":[{"href":"https:\/\/vosgesinfo.fr\/laplainedesvosgesinfo\/wp-json\/wp\/v2\/posts\/21067","targetHints":{"allow":["GET"]}}],"collection":[{"href":"https:\/\/vosgesinfo.fr\/laplainedesvosgesinfo\/wp-json\/wp\/v2\/posts"}],"about":[{"href":"https:\/\/vosgesinfo.fr\/laplainedesvosgesinfo\/wp-json\/wp\/v2\/types\/post"}],"author":[{"embeddable":true,"href":"https:\/\/vosgesinfo.fr\/laplainedesvosgesinfo\/wp-json\/wp\/v2\/users\/1"}],"replies":[{"embeddable":true,"href":"https:\/\/vosgesinfo.fr\/laplainedesvosgesinfo\/wp-json\/wp\/v2\/comments?post=21067"}],"version-history":[{"count":0,"href":"https:\/\/vosgesinfo.fr\/laplainedesvosgesinfo\/wp-json\/wp\/v2\/posts\/21067\/revisions"}],"wp:featuredmedia":[{"embeddable":true,"href":"https:\/\/vosgesinfo.fr\/laplainedesvosgesinfo\/wp-json\/wp\/v2\/media\/21068"}],"wp:attachment":[{"href":"https:\/\/vosgesinfo.fr\/laplainedesvosgesinfo\/wp-json\/wp\/v2\/media?parent=21067"}],"wp:term":[{"taxonomy":"category","embeddable":true,"href":"https:\/\/vosgesinfo.fr\/laplainedesvosgesinfo\/wp-json\/wp\/v2\/categories?post=21067"},{"taxonomy":"post_tag","embeddable":true,"href":"https:\/\/vosgesinfo.fr\/laplainedesvosgesinfo\/wp-json\/wp\/v2\/tags?post=21067"}],"curies":[{"name":"wp","href":"https:\/\/api.w.org\/{rel}","templated":true}]}}