{"id":21164,"date":"2022-02-12T10:08:25","date_gmt":"2022-02-12T09:08:25","guid":{"rendered":"https:\/\/vosgesinfo.fr\/laplainedesvosgesinfo\/2022\/02\/les-fauconniers-au-secours-de-vittel\/"},"modified":"2022-02-12T10:08:25","modified_gmt":"2022-02-12T09:08:25","slug":"les-fauconniers-au-secours-de-vittel","status":"publish","type":"post","link":"https:\/\/vosgesinfo.fr\/laplainedesvosgesinfo\/2022\/02\/les-fauconniers-au-secours-de-vittel\/","title":{"rendered":"Les fauconniers au secours de Vittel"},"content":{"rendered":"<div id=\"attachment_124392\" style=\"width: 543px\" class=\"wp-caption aligncenter\"><a href=\"\/2022\/02\/B56D1F43-33B9-4450-A4E4-40D8650B4F90.jpeg\"><img decoding=\"async\" aria-describedby=\"caption-attachment-124392\" class=\"size-full wp-image-124392\" src=\"\/2022\/02\/B56D1F43-33B9-4450-A4E4-40D8650B4F90.jpeg\" alt=\"copyright JJ Dalia - Ville de Vittel\" width=\"533\" height=\"800\" \/><\/a><p id=\"caption-attachment-124392\" class=\"wp-caption-text\">copyright JJ Dalia &#8211; Ville de Vittel<\/p><\/div>\n<h3 class=\"p1\"><span class=\"s1\" style=\"font-size: 12pt;\">Chaque ann\u00e9e, c\u2019est un probl\u00e8me r\u00e9current. La Ville de Vittel, de mani\u00e8re analogue \u00e0 l\u2019ann\u00e9e 2020, proc\u00e8de en ce moment \u00e0 l\u2019effarouchement d\u2019une colonie form\u00e9e de milliers d\u2019\u00e9tourneaux qui, la nuit venue, se plaisent \u00e0 \u00e9lire domicile dans les s\u00e9quoias du c\u00f4t\u00e9 de la Maison des Associations, en plein centre ville.<\/span><\/h3>\n<p class=\"p1\"><span class=\"s1\">Des interventions doivent \u00eatre effectu\u00e9es mais comportent de nombreuses contraintes en raison de la plage horaire \u00e0 laquelle les services doivent intervenir car on ne peut le faire que lors du coucher du soleil. Ces interventions sont men\u00e9es \u00e0 bien par le personnel communal et les fauconniers. Pour se faire, ils se doivent d\u2019utiliser, suivant les r\u00e8gles de l\u2019art, des moyens non l\u00e9taux de type effaroucheurs visuels et sonores, adapt\u00e9s au milieu urbain. <\/span><\/p>\n<p class=\"p1\"><span class=\"s1\">On note \u00e9galement,<span class=\"Apple-converted-space\">\u00a0<\/span>du c\u00f4t\u00e9 de l\u2019agence bancaire du Cr\u00e9dit Agricole de la rue de Verdun et du parc de la Bienfaisante, un nombre accru de nids de corvid\u00e9s. Ces nids actuellement vides ont fait l\u2019objet, la semaine pass\u00e9e, d\u2019une op\u00e9ration d\u2019enl\u00e8vement. Pour se faire, les services de la ville n\u2019ont pas op\u00e9r\u00e9s de coupe de branches. Au printemps, les couples de Choucas viendront comme \u00e0 leur habitude loger dans la cit\u00e9 thermale o\u00f9 ils se sentent bien et se sont acclimat\u00e9s. A cette occasion, les arbres risquent d\u2019\u00eatre \u00e0 nouveau colonis\u00e9s. \u00ab\u00a0D\u2019un point de vue juridique, les esp\u00e8ces class\u00e9es comme nuisibles, ainsi que les \u00e9tourneaux, sont chassables entre le 19 septembre 2021 et le 28 f\u00e9vrier 2022\u00a0\u00bb pr\u00e9cise le maire Franck Perry.<br \/>\n<\/span><\/p>\n","protected":false},"excerpt":{"rendered":"<p>Chaque ann\u00e9e, c\u2019est un probl\u00e8me r\u00e9current. La Ville de Vittel, de mani\u00e8re analogue \u00e0 l\u2019ann\u00e9e 2020, proc\u00e8de en ce moment [&hellip;]<\/p>\n","protected":false},"author":128,"featured_media":21165,"comment_status":"open","ping_status":"open","sticky":false,"template":"","format":"standard","meta":{"footnotes":""},"categories":[29,7,37,53,38],"tags":[2913,36],"class_list":["post-21164","post","type-post","status-publish","format-standard","has-post-thumbnail","hentry","category-a-la-une","category-environnement","category-la-plaine","category-vie-locale","category-vittel-la-plaine","tag-environnement","tag-ville-de-vittel"],"acf":[],"yoast_head":"<!-- This site is optimized with the Yoast SEO plugin v22.5 - https:\/\/yoast.com\/wordpress\/plugins\/seo\/ -->\n<title>Les fauconniers au secours de Vittel - La Plaine des Vosges<\/title>\n<meta name=\"robots\" content=\"index, follow, max-snippet:-1, max-image-preview:large, max-video-preview:-1\" \/>\n<link rel=\"canonical\" href=\"https:\/\/vosgesinfo.fr\/laplainedesvosgesinfo\/2022\/02\/les-fauconniers-au-secours-de-vittel\/\" \/>\n<meta name=\"twitter:card\" content=\"summary_large_image\" \/>\n<meta name=\"twitter:title\" content=\"Les fauconniers au secours de Vittel - La Plaine des Vosges\" \/>\n<meta name=\"twitter:description\" content=\"Chaque ann\u00e9e, c\u2019est un probl\u00e8me r\u00e9current. La Ville de Vittel, de mani\u00e8re analogue \u00e0 l\u2019ann\u00e9e 2020, proc\u00e8de en ce moment [&hellip;]\" \/>\n<meta name=\"twitter:image\" content=\"https:\/\/vosgesinfo.fr\/app\/uploads\/sites\/2\/2024\/07\/202202b56d1f43-33b9-4450-a4e4-40d8650b4f90.jpeg\" \/>\n<meta name=\"twitter:creator\" content=\"@VosgesInfo88\" \/>\n<meta name=\"twitter:site\" content=\"@VosgesInfo88\" \/>\n<meta name=\"twitter:label1\" content=\"\u00c9crit par\" \/>\n\t<meta name=\"twitter:data1\" content=\"F L\" \/>\n\t<meta name=\"twitter:label2\" content=\"Dur\u00e9e de lecture estim\u00e9e\" \/>\n\t<meta name=\"twitter:data2\" content=\"1 minute\" \/>\n<script type=\"application\/ld+json\" class=\"yoast-schema-graph\">{\"@context\":\"https:\/\/schema.org\",\"@graph\":[{\"@type\":\"Article\",\"@id\":\"https:\/\/vosgesinfo.fr\/laplainedesvosgesinfo\/2022\/02\/les-fauconniers-au-secours-de-vittel\/#article\",\"isPartOf\":{\"@id\":\"https:\/\/vosgesinfo.fr\/laplainedesvosgesinfo\/2022\/02\/les-fauconniers-au-secours-de-vittel\/\"},\"author\":{\"name\":\"F L\",\"@id\":\"https:\/\/vosgesinfo.fr\/laplainedesvosgesinfo\/#\/schema\/person\/79e32bebcee803e323d575130a214cb1\"},\"headline\":\"Les fauconniers au secours de Vittel\",\"datePublished\":\"2022-02-12T09:08:25+00:00\",\"dateModified\":\"2022-02-12T09:08:25+00:00\",\"mainEntityOfPage\":{\"@id\":\"https:\/\/vosgesinfo.fr\/laplainedesvosgesinfo\/2022\/02\/les-fauconniers-au-secours-de-vittel\/\"},\"wordCount\":297,\"commentCount\":0,\"publisher\":{\"@id\":\"https:\/\/vosgesinfo.fr\/laplainedesvosgesinfo\/#organization\"},\"image\":{\"@id\":\"https:\/\/vosgesinfo.fr\/laplainedesvosgesinfo\/2022\/02\/les-fauconniers-au-secours-de-vittel\/#primaryimage\"},\"thumbnailUrl\":\"https:\/\/vosgesinfo.fr\/app\/uploads\/sites\/2\/2024\/07\/202202b56d1f43-33b9-4450-a4e4-40d8650b4f90.jpeg\",\"keywords\":[\"environnement\",\"Ville de Vittel\"],\"articleSection\":[\"A la Une\",\"Environnement\",\"La Plaine\",\"Vie locale\",\"Vittel\"],\"inLanguage\":\"fr-FR\",\"potentialAction\":[{\"@type\":\"CommentAction\",\"name\":\"Comment\",\"target\":[\"https:\/\/vosgesinfo.fr\/laplainedesvosgesinfo\/2022\/02\/les-fauconniers-au-secours-de-vittel\/#respond\"]}]},{\"@type\":\"WebPage\",\"@id\":\"https:\/\/vosgesinfo.fr\/laplainedesvosgesinfo\/2022\/02\/les-fauconniers-au-secours-de-vittel\/\",\"url\":\"https:\/\/vosgesinfo.fr\/laplainedesvosgesinfo\/2022\/02\/les-fauconniers-au-secours-de-vittel\/\",\"name\":\"Les fauconniers au secours de Vittel - La Plaine des Vosges\",\"isPartOf\":{\"@id\":\"https:\/\/vosgesinfo.fr\/laplainedesvosgesinfo\/#website\"},\"primaryImageOfPage\":{\"@id\":\"https:\/\/vosgesinfo.fr\/laplainedesvosgesinfo\/2022\/02\/les-fauconniers-au-secours-de-vittel\/#primaryimage\"},\"image\":{\"@id\":\"https:\/\/vosgesinfo.fr\/laplainedesvosgesinfo\/2022\/02\/les-fauconniers-au-secours-de-vittel\/#primaryimage\"},\"thumbnailUrl\":\"https:\/\/vosgesinfo.fr\/app\/uploads\/sites\/2\/2024\/07\/202202b56d1f43-33b9-4450-a4e4-40d8650b4f90.jpeg\",\"datePublished\":\"2022-02-12T09:08:25+00:00\",\"dateModified\":\"2022-02-12T09:08:25+00:00\",\"breadcrumb\":{\"@id\":\"https:\/\/vosgesinfo.fr\/laplainedesvosgesinfo\/2022\/02\/les-fauconniers-au-secours-de-vittel\/#breadcrumb\"},\"inLanguage\":\"fr-FR\",\"potentialAction\":[{\"@type\":\"ReadAction\",\"target\":[\"https:\/\/vosgesinfo.fr\/laplainedesvosgesinfo\/2022\/02\/les-fauconniers-au-secours-de-vittel\/\"]}]},{\"@type\":\"ImageObject\",\"inLanguage\":\"fr-FR\",\"@id\":\"https:\/\/vosgesinfo.fr\/laplainedesvosgesinfo\/2022\/02\/les-fauconniers-au-secours-de-vittel\/#primaryimage\",\"url\":\"https:\/\/vosgesinfo.fr\/app\/uploads\/sites\/2\/2024\/07\/202202b56d1f43-33b9-4450-a4e4-40d8650b4f90.jpeg\",\"contentUrl\":\"https:\/\/vosgesinfo.fr\/app\/uploads\/sites\/2\/2024\/07\/202202b56d1f43-33b9-4450-a4e4-40d8650b4f90.jpeg\",\"width\":533,\"height\":800},{\"@type\":\"BreadcrumbList\",\"@id\":\"https:\/\/vosgesinfo.fr\/laplainedesvosgesinfo\/2022\/02\/les-fauconniers-au-secours-de-vittel\/#breadcrumb\",\"itemListElement\":[{\"@type\":\"ListItem\",\"position\":1,\"name\":\"Home\",\"item\":\"https:\/\/vosgesinfo.fr\/laplainedesvosgesinfo\/\"},{\"@type\":\"ListItem\",\"position\":2,\"name\":\"Les fauconniers au secours de Vittel\"}]},{\"@type\":\"WebSite\",\"@id\":\"https:\/\/vosgesinfo.fr\/laplainedesvosgesinfo\/#website\",\"url\":\"https:\/\/vosgesinfo.fr\/laplainedesvosgesinfo\/\",\"name\":\"La Plaine des Vosges\",\"description\":\"Toute l&#039;actualit\u00e9 de la plaine de Vosges\",\"publisher\":{\"@id\":\"https:\/\/vosgesinfo.fr\/laplainedesvosgesinfo\/#organization\"},\"alternateName\":\"Toute l'actualit\u00e9 de la plaine des Vosges\",\"potentialAction\":[{\"@type\":\"SearchAction\",\"target\":{\"@type\":\"EntryPoint\",\"urlTemplate\":\"https:\/\/vosgesinfo.fr\/laplainedesvosgesinfo\/?s={search_term_string}\"},\"query-input\":\"required name=search_term_string\"}],\"inLanguage\":\"fr-FR\"},{\"@type\":\"Organization\",\"@id\":\"https:\/\/vosgesinfo.fr\/laplainedesvosgesinfo\/#organization\",\"name\":\"La Plaine des Vosges\",\"url\":\"https:\/\/vosgesinfo.fr\/laplainedesvosgesinfo\/\",\"logo\":{\"@type\":\"ImageObject\",\"inLanguage\":\"fr-FR\",\"@id\":\"https:\/\/vosgesinfo.fr\/laplainedesvosgesinfo\/#\/schema\/logo\/image\/\",\"url\":\"https:\/\/vosgesinfo.fr\/app\/uploads\/sites\/2\/2023\/08\/logo-laplaineinfo.svg\",\"contentUrl\":\"https:\/\/vosgesinfo.fr\/app\/uploads\/sites\/2\/2023\/08\/logo-laplaineinfo.svg\",\"width\":1,\"height\":1,\"caption\":\"La Plaine des Vosges\"},\"image\":{\"@id\":\"https:\/\/vosgesinfo.fr\/laplainedesvosgesinfo\/#\/schema\/logo\/image\/\"},\"sameAs\":[\"https:\/\/www.facebook.com\/laplainedesvosges\",\"https:\/\/x.com\/VosgesInfo88\",\"https:\/\/www.youtube.com\/@vosgesinfo\"]},{\"@type\":\"Person\",\"@id\":\"https:\/\/vosgesinfo.fr\/laplainedesvosgesinfo\/#\/schema\/person\/79e32bebcee803e323d575130a214cb1\",\"name\":\"F L\",\"image\":{\"@type\":\"ImageObject\",\"inLanguage\":\"fr-FR\",\"@id\":\"https:\/\/vosgesinfo.fr\/laplainedesvosgesinfo\/#\/schema\/person\/image\/\",\"url\":\"https:\/\/secure.gravatar.com\/avatar\/d357c72e152089867fde6ef62184057ee532a6f21b254c937a932e835554cfb3?s=96&d=mm&r=g\",\"contentUrl\":\"https:\/\/secure.gravatar.com\/avatar\/d357c72e152089867fde6ef62184057ee532a6f21b254c937a932e835554cfb3?s=96&d=mm&r=g\",\"caption\":\"F L\"},\"url\":\"https:\/\/vosgesinfo.fr\/laplainedesvosgesinfo\/author\/frlevyp88\/\"}]}<\/script>\n<!-- \/ Yoast SEO plugin. -->","yoast_head_json":{"title":"Les fauconniers au secours de Vittel - La Plaine des Vosges","robots":{"index":"index","follow":"follow","max-snippet":"max-snippet:-1","max-image-preview":"max-image-preview:large","max-video-preview":"max-video-preview:-1"},"canonical":"https:\/\/vosgesinfo.fr\/laplainedesvosgesinfo\/2022\/02\/les-fauconniers-au-secours-de-vittel\/","twitter_card":"summary_large_image","twitter_title":"Les fauconniers au secours de Vittel - La Plaine des Vosges","twitter_description":"Chaque ann\u00e9e, c\u2019est un probl\u00e8me r\u00e9current. La Ville de Vittel, de mani\u00e8re analogue \u00e0 l\u2019ann\u00e9e 2020, proc\u00e8de en ce moment [&hellip;]","twitter_image":"https:\/\/vosgesinfo.fr\/app\/uploads\/sites\/2\/2024\/07\/202202b56d1f43-33b9-4450-a4e4-40d8650b4f90.jpeg","twitter_creator":"@VosgesInfo88","twitter_site":"@VosgesInfo88","twitter_misc":{"\u00c9crit par":"F L","Dur\u00e9e de lecture estim\u00e9e":"1 minute"},"schema":{"@context":"https:\/\/schema.org","@graph":[{"@type":"Article","@id":"https:\/\/vosgesinfo.fr\/laplainedesvosgesinfo\/2022\/02\/les-fauconniers-au-secours-de-vittel\/#article","isPartOf":{"@id":"https:\/\/vosgesinfo.fr\/laplainedesvosgesinfo\/2022\/02\/les-fauconniers-au-secours-de-vittel\/"},"author":{"name":"F L","@id":"https:\/\/vosgesinfo.fr\/laplainedesvosgesinfo\/#\/schema\/person\/79e32bebcee803e323d575130a214cb1"},"headline":"Les fauconniers au secours de Vittel","datePublished":"2022-02-12T09:08:25+00:00","dateModified":"2022-02-12T09:08:25+00:00","mainEntityOfPage":{"@id":"https:\/\/vosgesinfo.fr\/laplainedesvosgesinfo\/2022\/02\/les-fauconniers-au-secours-de-vittel\/"},"wordCount":297,"commentCount":0,"publisher":{"@id":"https:\/\/vosgesinfo.fr\/laplainedesvosgesinfo\/#organization"},"image":{"@id":"https:\/\/vosgesinfo.fr\/laplainedesvosgesinfo\/2022\/02\/les-fauconniers-au-secours-de-vittel\/#primaryimage"},"thumbnailUrl":"https:\/\/vosgesinfo.fr\/app\/uploads\/sites\/2\/2024\/07\/202202b56d1f43-33b9-4450-a4e4-40d8650b4f90.jpeg","keywords":["environnement","Ville de Vittel"],"articleSection":["A la Une","Environnement","La Plaine","Vie locale","Vittel"],"inLanguage":"fr-FR","potentialAction":[{"@type":"CommentAction","name":"Comment","target":["https:\/\/vosgesinfo.fr\/laplainedesvosgesinfo\/2022\/02\/les-fauconniers-au-secours-de-vittel\/#respond"]}]},{"@type":"WebPage","@id":"https:\/\/vosgesinfo.fr\/laplainedesvosgesinfo\/2022\/02\/les-fauconniers-au-secours-de-vittel\/","url":"https:\/\/vosgesinfo.fr\/laplainedesvosgesinfo\/2022\/02\/les-fauconniers-au-secours-de-vittel\/","name":"Les fauconniers au secours de Vittel - La Plaine des Vosges","isPartOf":{"@id":"https:\/\/vosgesinfo.fr\/laplainedesvosgesinfo\/#website"},"primaryImageOfPage":{"@id":"https:\/\/vosgesinfo.fr\/laplainedesvosgesinfo\/2022\/02\/les-fauconniers-au-secours-de-vittel\/#primaryimage"},"image":{"@id":"https:\/\/vosgesinfo.fr\/laplainedesvosgesinfo\/2022\/02\/les-fauconniers-au-secours-de-vittel\/#primaryimage"},"thumbnailUrl":"https:\/\/vosgesinfo.fr\/app\/uploads\/sites\/2\/2024\/07\/202202b56d1f43-33b9-4450-a4e4-40d8650b4f90.jpeg","datePublished":"2022-02-12T09:08:25+00:00","dateModified":"2022-02-12T09:08:25+00:00","breadcrumb":{"@id":"https:\/\/vosgesinfo.fr\/laplainedesvosgesinfo\/2022\/02\/les-fauconniers-au-secours-de-vittel\/#breadcrumb"},"inLanguage":"fr-FR","potentialAction":[{"@type":"ReadAction","target":["https:\/\/vosgesinfo.fr\/laplainedesvosgesinfo\/2022\/02\/les-fauconniers-au-secours-de-vittel\/"]}]},{"@type":"ImageObject","inLanguage":"fr-FR","@id":"https:\/\/vosgesinfo.fr\/laplainedesvosgesinfo\/2022\/02\/les-fauconniers-au-secours-de-vittel\/#primaryimage","url":"https:\/\/vosgesinfo.fr\/app\/uploads\/sites\/2\/2024\/07\/202202b56d1f43-33b9-4450-a4e4-40d8650b4f90.jpeg","contentUrl":"https:\/\/vosgesinfo.fr\/app\/uploads\/sites\/2\/2024\/07\/202202b56d1f43-33b9-4450-a4e4-40d8650b4f90.jpeg","width":533,"height":800},{"@type":"BreadcrumbList","@id":"https:\/\/vosgesinfo.fr\/laplainedesvosgesinfo\/2022\/02\/les-fauconniers-au-secours-de-vittel\/#breadcrumb","itemListElement":[{"@type":"ListItem","position":1,"name":"Home","item":"https:\/\/vosgesinfo.fr\/laplainedesvosgesinfo\/"},{"@type":"ListItem","position":2,"name":"Les fauconniers au secours de Vittel"}]},{"@type":"WebSite","@id":"https:\/\/vosgesinfo.fr\/laplainedesvosgesinfo\/#website","url":"https:\/\/vosgesinfo.fr\/laplainedesvosgesinfo\/","name":"La Plaine des Vosges","description":"Toute l&#039;actualit\u00e9 de la plaine de Vosges","publisher":{"@id":"https:\/\/vosgesinfo.fr\/laplainedesvosgesinfo\/#organization"},"alternateName":"Toute l'actualit\u00e9 de la plaine des Vosges","potentialAction":[{"@type":"SearchAction","target":{"@type":"EntryPoint","urlTemplate":"https:\/\/vosgesinfo.fr\/laplainedesvosgesinfo\/?s={search_term_string}"},"query-input":"required name=search_term_string"}],"inLanguage":"fr-FR"},{"@type":"Organization","@id":"https:\/\/vosgesinfo.fr\/laplainedesvosgesinfo\/#organization","name":"La Plaine des Vosges","url":"https:\/\/vosgesinfo.fr\/laplainedesvosgesinfo\/","logo":{"@type":"ImageObject","inLanguage":"fr-FR","@id":"https:\/\/vosgesinfo.fr\/laplainedesvosgesinfo\/#\/schema\/logo\/image\/","url":"https:\/\/vosgesinfo.fr\/app\/uploads\/sites\/2\/2023\/08\/logo-laplaineinfo.svg","contentUrl":"https:\/\/vosgesinfo.fr\/app\/uploads\/sites\/2\/2023\/08\/logo-laplaineinfo.svg","width":1,"height":1,"caption":"La Plaine des Vosges"},"image":{"@id":"https:\/\/vosgesinfo.fr\/laplainedesvosgesinfo\/#\/schema\/logo\/image\/"},"sameAs":["https:\/\/www.facebook.com\/laplainedesvosges","https:\/\/x.com\/VosgesInfo88","https:\/\/www.youtube.com\/@vosgesinfo"]},{"@type":"Person","@id":"https:\/\/vosgesinfo.fr\/laplainedesvosgesinfo\/#\/schema\/person\/79e32bebcee803e323d575130a214cb1","name":"F L","image":{"@type":"ImageObject","inLanguage":"fr-FR","@id":"https:\/\/vosgesinfo.fr\/laplainedesvosgesinfo\/#\/schema\/person\/image\/","url":"https:\/\/secure.gravatar.com\/avatar\/d357c72e152089867fde6ef62184057ee532a6f21b254c937a932e835554cfb3?s=96&d=mm&r=g","contentUrl":"https:\/\/secure.gravatar.com\/avatar\/d357c72e152089867fde6ef62184057ee532a6f21b254c937a932e835554cfb3?s=96&d=mm&r=g","caption":"F L"},"url":"https:\/\/vosgesinfo.fr\/laplainedesvosgesinfo\/author\/frlevyp88\/"}]}},"_links":{"self":[{"href":"https:\/\/vosgesinfo.fr\/laplainedesvosgesinfo\/wp-json\/wp\/v2\/posts\/21164","targetHints":{"allow":["GET"]}}],"collection":[{"href":"https:\/\/vosgesinfo.fr\/laplainedesvosgesinfo\/wp-json\/wp\/v2\/posts"}],"about":[{"href":"https:\/\/vosgesinfo.fr\/laplainedesvosgesinfo\/wp-json\/wp\/v2\/types\/post"}],"author":[{"embeddable":true,"href":"https:\/\/vosgesinfo.fr\/laplainedesvosgesinfo\/wp-json\/wp\/v2\/users\/128"}],"replies":[{"embeddable":true,"href":"https:\/\/vosgesinfo.fr\/laplainedesvosgesinfo\/wp-json\/wp\/v2\/comments?post=21164"}],"version-history":[{"count":0,"href":"https:\/\/vosgesinfo.fr\/laplainedesvosgesinfo\/wp-json\/wp\/v2\/posts\/21164\/revisions"}],"wp:featuredmedia":[{"embeddable":true,"href":"https:\/\/vosgesinfo.fr\/laplainedesvosgesinfo\/wp-json\/wp\/v2\/media\/21165"}],"wp:attachment":[{"href":"https:\/\/vosgesinfo.fr\/laplainedesvosgesinfo\/wp-json\/wp\/v2\/media?parent=21164"}],"wp:term":[{"taxonomy":"category","embeddable":true,"href":"https:\/\/vosgesinfo.fr\/laplainedesvosgesinfo\/wp-json\/wp\/v2\/categories?post=21164"},{"taxonomy":"post_tag","embeddable":true,"href":"https:\/\/vosgesinfo.fr\/laplainedesvosgesinfo\/wp-json\/wp\/v2\/tags?post=21164"}],"curies":[{"name":"wp","href":"https:\/\/api.w.org\/{rel}","templated":true}]}}