{"id":21230,"date":"2022-02-17T13:36:40","date_gmt":"2022-02-17T12:36:40","guid":{"rendered":"https:\/\/vosgesinfo.fr\/laplainedesvosgesinfo\/2022\/02\/jo-2024-face-au-cout-prohibitif-les-vosges-ne-veulent-pas-du-passage-de-la-flamme-olympique\/"},"modified":"2022-02-17T13:36:40","modified_gmt":"2022-02-17T12:36:40","slug":"jo-2024-face-au-cout-prohibitif-les-vosges-ne-veulent-pas-du-passage-de-la-flamme-olympique","status":"publish","type":"post","link":"https:\/\/vosgesinfo.fr\/laplainedesvosgesinfo\/2022\/02\/jo-2024-face-au-cout-prohibitif-les-vosges-ne-veulent-pas-du-passage-de-la-flamme-olympique\/","title":{"rendered":"JO 2024 \u2013 Face au co\u00fbt prohibitif, les Vosges ne veulent pas du passage de la flamme olympique"},"content":{"rendered":"<h2>C\u2019est une annonce qui fait pol\u00e9mique \u00e0 l\u2019occasion des Jeux olympiques de Paris 2024. Face au co\u00fbt, de nombreux d\u00e9partements ont d\u00e9j\u00e0 dit qu\u2019ils ne voulaient pas du passage de la flamme olympique. Le d\u00e9partement des Vosges ne souhaite pas non plus accueillir la flamme olympique des JO sur son territoire.<\/h2>\n","protected":false},"excerpt":{"rendered":"<p>C\u2019est une annonce qui fait pol\u00e9mique \u00e0 l\u2019occasion des Jeux olympiques de Paris 2024. Face au co\u00fbt, de nombreux d\u00e9partements [&hellip;]<\/p>\n","protected":false},"author":126,"featured_media":21231,"comment_status":"open","ping_status":"open","sticky":false,"template":"","format":"standard","meta":{"footnotes":""},"categories":[29,14,18],"tags":[],"class_list":["post-21230","post","type-post","status-publish","format-standard","has-post-thumbnail","hentry","category-a-la-une","category-sport","category-vosges"],"acf":[],"yoast_head":"<!-- This site is optimized with the Yoast SEO plugin v22.5 - https:\/\/yoast.com\/wordpress\/plugins\/seo\/ -->\n<title>JO 2024 \u2013 Face au co\u00fbt prohibitif, les Vosges ne veulent pas du passage de la flamme olympique - La Plaine des Vosges<\/title>\n<meta name=\"robots\" content=\"index, follow, max-snippet:-1, max-image-preview:large, max-video-preview:-1\" \/>\n<link rel=\"canonical\" href=\"https:\/\/vosgesinfo.fr\/laplainedesvosgesinfo\/2022\/02\/jo-2024-face-au-cout-prohibitif-les-vosges-ne-veulent-pas-du-passage-de-la-flamme-olympique\/\" \/>\n<meta name=\"twitter:card\" content=\"summary_large_image\" \/>\n<meta name=\"twitter:title\" content=\"JO 2024 \u2013 Face au co\u00fbt prohibitif, les Vosges ne veulent pas du passage de la flamme olympique - La Plaine des Vosges\" \/>\n<meta name=\"twitter:description\" content=\"C\u2019est une annonce qui fait pol\u00e9mique \u00e0 l\u2019occasion des Jeux olympiques de Paris 2024. Face au co\u00fbt, de nombreux d\u00e9partements [&hellip;]\" \/>\n<meta name=\"twitter:image\" content=\"https:\/\/vosgesinfo.fr\/app\/uploads\/sites\/2\/2024\/07\/202202jo-flamme-olympique.jpg\" \/>\n<meta name=\"twitter:creator\" content=\"@VosgesInfo88\" \/>\n<meta name=\"twitter:site\" content=\"@VosgesInfo88\" \/>\n<meta name=\"twitter:label1\" content=\"\u00c9crit par\" \/>\n\t<meta name=\"twitter:data1\" content=\"La R\u00e9daction\" \/>\n<script type=\"application\/ld+json\" class=\"yoast-schema-graph\">{\"@context\":\"https:\/\/schema.org\",\"@graph\":[{\"@type\":\"Article\",\"@id\":\"https:\/\/vosgesinfo.fr\/laplainedesvosgesinfo\/2022\/02\/jo-2024-face-au-cout-prohibitif-les-vosges-ne-veulent-pas-du-passage-de-la-flamme-olympique\/#article\",\"isPartOf\":{\"@id\":\"https:\/\/vosgesinfo.fr\/laplainedesvosgesinfo\/2022\/02\/jo-2024-face-au-cout-prohibitif-les-vosges-ne-veulent-pas-du-passage-de-la-flamme-olympique\/\"},\"author\":{\"name\":\"La R\u00e9daction\",\"@id\":\"https:\/\/vosgesinfo.fr\/laplainedesvosgesinfo\/#\/schema\/person\/db412391f749f1ee67e177e1dc017316\"},\"headline\":\"JO 2024 \u2013 Face au co\u00fbt prohibitif, les Vosges ne veulent pas du passage de la flamme olympique\",\"datePublished\":\"2022-02-17T12:36:40+00:00\",\"dateModified\":\"2022-02-17T12:36:40+00:00\",\"mainEntityOfPage\":{\"@id\":\"https:\/\/vosgesinfo.fr\/laplainedesvosgesinfo\/2022\/02\/jo-2024-face-au-cout-prohibitif-les-vosges-ne-veulent-pas-du-passage-de-la-flamme-olympique\/\"},\"wordCount\":74,\"commentCount\":0,\"publisher\":{\"@id\":\"https:\/\/vosgesinfo.fr\/laplainedesvosgesinfo\/#organization\"},\"image\":{\"@id\":\"https:\/\/vosgesinfo.fr\/laplainedesvosgesinfo\/2022\/02\/jo-2024-face-au-cout-prohibitif-les-vosges-ne-veulent-pas-du-passage-de-la-flamme-olympique\/#primaryimage\"},\"thumbnailUrl\":\"https:\/\/vosgesinfo.fr\/app\/uploads\/sites\/2\/2024\/07\/202202jo-flamme-olympique.jpg\",\"articleSection\":[\"A la Une\",\"Sport\",\"Vosges\"],\"inLanguage\":\"fr-FR\",\"potentialAction\":[{\"@type\":\"CommentAction\",\"name\":\"Comment\",\"target\":[\"https:\/\/vosgesinfo.fr\/laplainedesvosgesinfo\/2022\/02\/jo-2024-face-au-cout-prohibitif-les-vosges-ne-veulent-pas-du-passage-de-la-flamme-olympique\/#respond\"]}]},{\"@type\":\"WebPage\",\"@id\":\"https:\/\/vosgesinfo.fr\/laplainedesvosgesinfo\/2022\/02\/jo-2024-face-au-cout-prohibitif-les-vosges-ne-veulent-pas-du-passage-de-la-flamme-olympique\/\",\"url\":\"https:\/\/vosgesinfo.fr\/laplainedesvosgesinfo\/2022\/02\/jo-2024-face-au-cout-prohibitif-les-vosges-ne-veulent-pas-du-passage-de-la-flamme-olympique\/\",\"name\":\"JO 2024 \u2013 Face au co\u00fbt prohibitif, les Vosges ne veulent pas du passage de la flamme olympique - La Plaine des Vosges\",\"isPartOf\":{\"@id\":\"https:\/\/vosgesinfo.fr\/laplainedesvosgesinfo\/#website\"},\"primaryImageOfPage\":{\"@id\":\"https:\/\/vosgesinfo.fr\/laplainedesvosgesinfo\/2022\/02\/jo-2024-face-au-cout-prohibitif-les-vosges-ne-veulent-pas-du-passage-de-la-flamme-olympique\/#primaryimage\"},\"image\":{\"@id\":\"https:\/\/vosgesinfo.fr\/laplainedesvosgesinfo\/2022\/02\/jo-2024-face-au-cout-prohibitif-les-vosges-ne-veulent-pas-du-passage-de-la-flamme-olympique\/#primaryimage\"},\"thumbnailUrl\":\"https:\/\/vosgesinfo.fr\/app\/uploads\/sites\/2\/2024\/07\/202202jo-flamme-olympique.jpg\",\"datePublished\":\"2022-02-17T12:36:40+00:00\",\"dateModified\":\"2022-02-17T12:36:40+00:00\",\"breadcrumb\":{\"@id\":\"https:\/\/vosgesinfo.fr\/laplainedesvosgesinfo\/2022\/02\/jo-2024-face-au-cout-prohibitif-les-vosges-ne-veulent-pas-du-passage-de-la-flamme-olympique\/#breadcrumb\"},\"inLanguage\":\"fr-FR\",\"potentialAction\":[{\"@type\":\"ReadAction\",\"target\":[\"https:\/\/vosgesinfo.fr\/laplainedesvosgesinfo\/2022\/02\/jo-2024-face-au-cout-prohibitif-les-vosges-ne-veulent-pas-du-passage-de-la-flamme-olympique\/\"]}]},{\"@type\":\"ImageObject\",\"inLanguage\":\"fr-FR\",\"@id\":\"https:\/\/vosgesinfo.fr\/laplainedesvosgesinfo\/2022\/02\/jo-2024-face-au-cout-prohibitif-les-vosges-ne-veulent-pas-du-passage-de-la-flamme-olympique\/#primaryimage\",\"url\":\"https:\/\/vosgesinfo.fr\/app\/uploads\/sites\/2\/2024\/07\/202202jo-flamme-olympique.jpg\",\"contentUrl\":\"https:\/\/vosgesinfo.fr\/app\/uploads\/sites\/2\/2024\/07\/202202jo-flamme-olympique.jpg\",\"width\":533,\"height\":800},{\"@type\":\"BreadcrumbList\",\"@id\":\"https:\/\/vosgesinfo.fr\/laplainedesvosgesinfo\/2022\/02\/jo-2024-face-au-cout-prohibitif-les-vosges-ne-veulent-pas-du-passage-de-la-flamme-olympique\/#breadcrumb\",\"itemListElement\":[{\"@type\":\"ListItem\",\"position\":1,\"name\":\"Home\",\"item\":\"https:\/\/vosgesinfo.fr\/laplainedesvosgesinfo\/\"},{\"@type\":\"ListItem\",\"position\":2,\"name\":\"JO 2024 \u2013 Face au co\u00fbt prohibitif, les Vosges ne veulent pas du passage de la flamme olympique\"}]},{\"@type\":\"WebSite\",\"@id\":\"https:\/\/vosgesinfo.fr\/laplainedesvosgesinfo\/#website\",\"url\":\"https:\/\/vosgesinfo.fr\/laplainedesvosgesinfo\/\",\"name\":\"La Plaine des Vosges\",\"description\":\"Toute l&#039;actualit\u00e9 de la plaine de Vosges\",\"publisher\":{\"@id\":\"https:\/\/vosgesinfo.fr\/laplainedesvosgesinfo\/#organization\"},\"alternateName\":\"Toute l'actualit\u00e9 de la plaine des Vosges\",\"potentialAction\":[{\"@type\":\"SearchAction\",\"target\":{\"@type\":\"EntryPoint\",\"urlTemplate\":\"https:\/\/vosgesinfo.fr\/laplainedesvosgesinfo\/?s={search_term_string}\"},\"query-input\":\"required name=search_term_string\"}],\"inLanguage\":\"fr-FR\"},{\"@type\":\"Organization\",\"@id\":\"https:\/\/vosgesinfo.fr\/laplainedesvosgesinfo\/#organization\",\"name\":\"La Plaine des Vosges\",\"url\":\"https:\/\/vosgesinfo.fr\/laplainedesvosgesinfo\/\",\"logo\":{\"@type\":\"ImageObject\",\"inLanguage\":\"fr-FR\",\"@id\":\"https:\/\/vosgesinfo.fr\/laplainedesvosgesinfo\/#\/schema\/logo\/image\/\",\"url\":\"https:\/\/vosgesinfo.fr\/app\/uploads\/sites\/2\/2023\/08\/logo-laplaineinfo.svg\",\"contentUrl\":\"https:\/\/vosgesinfo.fr\/app\/uploads\/sites\/2\/2023\/08\/logo-laplaineinfo.svg\",\"width\":1,\"height\":1,\"caption\":\"La Plaine des Vosges\"},\"image\":{\"@id\":\"https:\/\/vosgesinfo.fr\/laplainedesvosgesinfo\/#\/schema\/logo\/image\/\"},\"sameAs\":[\"https:\/\/www.facebook.com\/laplainedesvosges\",\"https:\/\/x.com\/VosgesInfo88\",\"https:\/\/www.youtube.com\/@vosgesinfo\"]},{\"@type\":\"Person\",\"@id\":\"https:\/\/vosgesinfo.fr\/laplainedesvosgesinfo\/#\/schema\/person\/db412391f749f1ee67e177e1dc017316\",\"name\":\"La R\u00e9daction\",\"image\":{\"@type\":\"ImageObject\",\"inLanguage\":\"fr-FR\",\"@id\":\"https:\/\/vosgesinfo.fr\/laplainedesvosgesinfo\/#\/schema\/person\/image\/\",\"url\":\"https:\/\/secure.gravatar.com\/avatar\/d10cfbea47ec464014dd9e55d3c353f7c4017b65068eb823d0882be0ff3b0ff6?s=96&d=mm&r=g\",\"contentUrl\":\"https:\/\/secure.gravatar.com\/avatar\/d10cfbea47ec464014dd9e55d3c353f7c4017b65068eb823d0882be0ff3b0ff6?s=96&d=mm&r=g\",\"caption\":\"La R\u00e9daction\"},\"url\":\"https:\/\/vosgesinfo.fr\/laplainedesvosgesinfo\/author\/redaction\/\"}]}<\/script>\n<!-- \/ Yoast SEO plugin. -->","yoast_head_json":{"title":"JO 2024 \u2013 Face au co\u00fbt prohibitif, les Vosges ne veulent pas du passage de la flamme olympique - La Plaine des Vosges","robots":{"index":"index","follow":"follow","max-snippet":"max-snippet:-1","max-image-preview":"max-image-preview:large","max-video-preview":"max-video-preview:-1"},"canonical":"https:\/\/vosgesinfo.fr\/laplainedesvosgesinfo\/2022\/02\/jo-2024-face-au-cout-prohibitif-les-vosges-ne-veulent-pas-du-passage-de-la-flamme-olympique\/","twitter_card":"summary_large_image","twitter_title":"JO 2024 \u2013 Face au co\u00fbt prohibitif, les Vosges ne veulent pas du passage de la flamme olympique - La Plaine des Vosges","twitter_description":"C\u2019est une annonce qui fait pol\u00e9mique \u00e0 l\u2019occasion des Jeux olympiques de Paris 2024. Face au co\u00fbt, de nombreux d\u00e9partements [&hellip;]","twitter_image":"https:\/\/vosgesinfo.fr\/app\/uploads\/sites\/2\/2024\/07\/202202jo-flamme-olympique.jpg","twitter_creator":"@VosgesInfo88","twitter_site":"@VosgesInfo88","twitter_misc":{"\u00c9crit par":"La R\u00e9daction"},"schema":{"@context":"https:\/\/schema.org","@graph":[{"@type":"Article","@id":"https:\/\/vosgesinfo.fr\/laplainedesvosgesinfo\/2022\/02\/jo-2024-face-au-cout-prohibitif-les-vosges-ne-veulent-pas-du-passage-de-la-flamme-olympique\/#article","isPartOf":{"@id":"https:\/\/vosgesinfo.fr\/laplainedesvosgesinfo\/2022\/02\/jo-2024-face-au-cout-prohibitif-les-vosges-ne-veulent-pas-du-passage-de-la-flamme-olympique\/"},"author":{"name":"La R\u00e9daction","@id":"https:\/\/vosgesinfo.fr\/laplainedesvosgesinfo\/#\/schema\/person\/db412391f749f1ee67e177e1dc017316"},"headline":"JO 2024 \u2013 Face au co\u00fbt prohibitif, les Vosges ne veulent pas du passage de la flamme olympique","datePublished":"2022-02-17T12:36:40+00:00","dateModified":"2022-02-17T12:36:40+00:00","mainEntityOfPage":{"@id":"https:\/\/vosgesinfo.fr\/laplainedesvosgesinfo\/2022\/02\/jo-2024-face-au-cout-prohibitif-les-vosges-ne-veulent-pas-du-passage-de-la-flamme-olympique\/"},"wordCount":74,"commentCount":0,"publisher":{"@id":"https:\/\/vosgesinfo.fr\/laplainedesvosgesinfo\/#organization"},"image":{"@id":"https:\/\/vosgesinfo.fr\/laplainedesvosgesinfo\/2022\/02\/jo-2024-face-au-cout-prohibitif-les-vosges-ne-veulent-pas-du-passage-de-la-flamme-olympique\/#primaryimage"},"thumbnailUrl":"https:\/\/vosgesinfo.fr\/app\/uploads\/sites\/2\/2024\/07\/202202jo-flamme-olympique.jpg","articleSection":["A la Une","Sport","Vosges"],"inLanguage":"fr-FR","potentialAction":[{"@type":"CommentAction","name":"Comment","target":["https:\/\/vosgesinfo.fr\/laplainedesvosgesinfo\/2022\/02\/jo-2024-face-au-cout-prohibitif-les-vosges-ne-veulent-pas-du-passage-de-la-flamme-olympique\/#respond"]}]},{"@type":"WebPage","@id":"https:\/\/vosgesinfo.fr\/laplainedesvosgesinfo\/2022\/02\/jo-2024-face-au-cout-prohibitif-les-vosges-ne-veulent-pas-du-passage-de-la-flamme-olympique\/","url":"https:\/\/vosgesinfo.fr\/laplainedesvosgesinfo\/2022\/02\/jo-2024-face-au-cout-prohibitif-les-vosges-ne-veulent-pas-du-passage-de-la-flamme-olympique\/","name":"JO 2024 \u2013 Face au co\u00fbt prohibitif, les Vosges ne veulent pas du passage de la flamme olympique - La Plaine des Vosges","isPartOf":{"@id":"https:\/\/vosgesinfo.fr\/laplainedesvosgesinfo\/#website"},"primaryImageOfPage":{"@id":"https:\/\/vosgesinfo.fr\/laplainedesvosgesinfo\/2022\/02\/jo-2024-face-au-cout-prohibitif-les-vosges-ne-veulent-pas-du-passage-de-la-flamme-olympique\/#primaryimage"},"image":{"@id":"https:\/\/vosgesinfo.fr\/laplainedesvosgesinfo\/2022\/02\/jo-2024-face-au-cout-prohibitif-les-vosges-ne-veulent-pas-du-passage-de-la-flamme-olympique\/#primaryimage"},"thumbnailUrl":"https:\/\/vosgesinfo.fr\/app\/uploads\/sites\/2\/2024\/07\/202202jo-flamme-olympique.jpg","datePublished":"2022-02-17T12:36:40+00:00","dateModified":"2022-02-17T12:36:40+00:00","breadcrumb":{"@id":"https:\/\/vosgesinfo.fr\/laplainedesvosgesinfo\/2022\/02\/jo-2024-face-au-cout-prohibitif-les-vosges-ne-veulent-pas-du-passage-de-la-flamme-olympique\/#breadcrumb"},"inLanguage":"fr-FR","potentialAction":[{"@type":"ReadAction","target":["https:\/\/vosgesinfo.fr\/laplainedesvosgesinfo\/2022\/02\/jo-2024-face-au-cout-prohibitif-les-vosges-ne-veulent-pas-du-passage-de-la-flamme-olympique\/"]}]},{"@type":"ImageObject","inLanguage":"fr-FR","@id":"https:\/\/vosgesinfo.fr\/laplainedesvosgesinfo\/2022\/02\/jo-2024-face-au-cout-prohibitif-les-vosges-ne-veulent-pas-du-passage-de-la-flamme-olympique\/#primaryimage","url":"https:\/\/vosgesinfo.fr\/app\/uploads\/sites\/2\/2024\/07\/202202jo-flamme-olympique.jpg","contentUrl":"https:\/\/vosgesinfo.fr\/app\/uploads\/sites\/2\/2024\/07\/202202jo-flamme-olympique.jpg","width":533,"height":800},{"@type":"BreadcrumbList","@id":"https:\/\/vosgesinfo.fr\/laplainedesvosgesinfo\/2022\/02\/jo-2024-face-au-cout-prohibitif-les-vosges-ne-veulent-pas-du-passage-de-la-flamme-olympique\/#breadcrumb","itemListElement":[{"@type":"ListItem","position":1,"name":"Home","item":"https:\/\/vosgesinfo.fr\/laplainedesvosgesinfo\/"},{"@type":"ListItem","position":2,"name":"JO 2024 \u2013 Face au co\u00fbt prohibitif, les Vosges ne veulent pas du passage de la flamme olympique"}]},{"@type":"WebSite","@id":"https:\/\/vosgesinfo.fr\/laplainedesvosgesinfo\/#website","url":"https:\/\/vosgesinfo.fr\/laplainedesvosgesinfo\/","name":"La Plaine des Vosges","description":"Toute l&#039;actualit\u00e9 de la plaine de Vosges","publisher":{"@id":"https:\/\/vosgesinfo.fr\/laplainedesvosgesinfo\/#organization"},"alternateName":"Toute l'actualit\u00e9 de la plaine des Vosges","potentialAction":[{"@type":"SearchAction","target":{"@type":"EntryPoint","urlTemplate":"https:\/\/vosgesinfo.fr\/laplainedesvosgesinfo\/?s={search_term_string}"},"query-input":"required name=search_term_string"}],"inLanguage":"fr-FR"},{"@type":"Organization","@id":"https:\/\/vosgesinfo.fr\/laplainedesvosgesinfo\/#organization","name":"La Plaine des Vosges","url":"https:\/\/vosgesinfo.fr\/laplainedesvosgesinfo\/","logo":{"@type":"ImageObject","inLanguage":"fr-FR","@id":"https:\/\/vosgesinfo.fr\/laplainedesvosgesinfo\/#\/schema\/logo\/image\/","url":"https:\/\/vosgesinfo.fr\/app\/uploads\/sites\/2\/2023\/08\/logo-laplaineinfo.svg","contentUrl":"https:\/\/vosgesinfo.fr\/app\/uploads\/sites\/2\/2023\/08\/logo-laplaineinfo.svg","width":1,"height":1,"caption":"La Plaine des Vosges"},"image":{"@id":"https:\/\/vosgesinfo.fr\/laplainedesvosgesinfo\/#\/schema\/logo\/image\/"},"sameAs":["https:\/\/www.facebook.com\/laplainedesvosges","https:\/\/x.com\/VosgesInfo88","https:\/\/www.youtube.com\/@vosgesinfo"]},{"@type":"Person","@id":"https:\/\/vosgesinfo.fr\/laplainedesvosgesinfo\/#\/schema\/person\/db412391f749f1ee67e177e1dc017316","name":"La R\u00e9daction","image":{"@type":"ImageObject","inLanguage":"fr-FR","@id":"https:\/\/vosgesinfo.fr\/laplainedesvosgesinfo\/#\/schema\/person\/image\/","url":"https:\/\/secure.gravatar.com\/avatar\/d10cfbea47ec464014dd9e55d3c353f7c4017b65068eb823d0882be0ff3b0ff6?s=96&d=mm&r=g","contentUrl":"https:\/\/secure.gravatar.com\/avatar\/d10cfbea47ec464014dd9e55d3c353f7c4017b65068eb823d0882be0ff3b0ff6?s=96&d=mm&r=g","caption":"La R\u00e9daction"},"url":"https:\/\/vosgesinfo.fr\/laplainedesvosgesinfo\/author\/redaction\/"}]}},"_links":{"self":[{"href":"https:\/\/vosgesinfo.fr\/laplainedesvosgesinfo\/wp-json\/wp\/v2\/posts\/21230","targetHints":{"allow":["GET"]}}],"collection":[{"href":"https:\/\/vosgesinfo.fr\/laplainedesvosgesinfo\/wp-json\/wp\/v2\/posts"}],"about":[{"href":"https:\/\/vosgesinfo.fr\/laplainedesvosgesinfo\/wp-json\/wp\/v2\/types\/post"}],"author":[{"embeddable":true,"href":"https:\/\/vosgesinfo.fr\/laplainedesvosgesinfo\/wp-json\/wp\/v2\/users\/126"}],"replies":[{"embeddable":true,"href":"https:\/\/vosgesinfo.fr\/laplainedesvosgesinfo\/wp-json\/wp\/v2\/comments?post=21230"}],"version-history":[{"count":0,"href":"https:\/\/vosgesinfo.fr\/laplainedesvosgesinfo\/wp-json\/wp\/v2\/posts\/21230\/revisions"}],"wp:featuredmedia":[{"embeddable":true,"href":"https:\/\/vosgesinfo.fr\/laplainedesvosgesinfo\/wp-json\/wp\/v2\/media\/21231"}],"wp:attachment":[{"href":"https:\/\/vosgesinfo.fr\/laplainedesvosgesinfo\/wp-json\/wp\/v2\/media?parent=21230"}],"wp:term":[{"taxonomy":"category","embeddable":true,"href":"https:\/\/vosgesinfo.fr\/laplainedesvosgesinfo\/wp-json\/wp\/v2\/categories?post=21230"},{"taxonomy":"post_tag","embeddable":true,"href":"https:\/\/vosgesinfo.fr\/laplainedesvosgesinfo\/wp-json\/wp\/v2\/tags?post=21230"}],"curies":[{"name":"wp","href":"https:\/\/api.w.org\/{rel}","templated":true}]}}