{"id":21233,"date":"2022-02-17T19:26:41","date_gmt":"2022-02-17T18:26:41","guid":{"rendered":"https:\/\/vosgesinfo.fr\/laplainedesvosgesinfo\/2022\/02\/chatenois-le-gendarme-beaugeois-ernest-gilbert-honore-par-les-siens\/"},"modified":"2022-02-17T19:26:41","modified_gmt":"2022-02-17T18:26:41","slug":"chatenois-le-gendarme-beaugeois-ernest-gilbert-honore-par-les-siens","status":"publish","type":"post","link":"https:\/\/vosgesinfo.fr\/laplainedesvosgesinfo\/2022\/02\/chatenois-le-gendarme-beaugeois-ernest-gilbert-honore-par-les-siens\/","title":{"rendered":"Ch\u00e2tenois :  le Gendarme Beaugeois Ernest Gilbert honor\u00e9 par les siens"},"content":{"rendered":"<p><a href=\"\/2022\/02\/va.jpg\"><img decoding=\"async\" class=\"alignnone size-medium wp-image-124631 aligncenter\" src=\"\/2022\/02\/va-341x255.jpg\" alt=\"va\" width=\"341\" height=\"255\" \/><\/a><\/p>\n<p><span id=\"p71\">La 509e promotion de l&rsquo;\u00e9cole de gendarmerie de Chaumont a choisi le Gendarme\u00a0<span id=\"88\" class=\"s-rg-t\">BEAUGEOIS<\/span>\u00a0Ernest Gilbert comme parrain de leur promotion.<\/span><span id=\"p72\"><\/span><br \/>\n<span id=\"p73\">Une c\u00e9r\u00e9monie a eu lieu ce jeudi apr\u00e8s-midi au monument au mort de\u00a0<span id=\"89\" class=\"s-rg-t\">Ch\u00e2tenois<\/span>\u00a0en pr\u00e9sence des 101 \u00e9l\u00e8ves, des porte-drapeaux du secteur, des autorit\u00e9s de la gendarmerie, de Ga\u00ebl Rousseau\u00a0Sous-pr\u00e9fet\u00a0et de Guy Sauvage maire de\u00a0<span id=\"91\" class=\"s-rg-t\">Ch\u00e2tenois<\/span>.<\/span><br \/>\n<span id=\"p74\">Ernest Gilbert\u00a0Beaugeois, arr\u00eat\u00e9\u00a0lors de la rafle du 12 mai 1944 \u00e0 la gendarmerie de\u00a0<span id=\"93\" class=\"s-rg-t\">Ch\u00e2tenois<\/span>\u00a0par la Gestapo, a r\u00e9sist\u00e9, avec h\u00e9ro\u00efsme, \u00e0 toutes les tentatives destin\u00e9es \u00e0 lui arracher des r\u00e9v\u00e9lations.<\/span><span id=\"p75\">\u00a0D\u00e9port\u00e9 en Allemagne, il est d\u00e9c\u00e9d\u00e9 le 1er avril 1945 \u00e0 l&rsquo;\u00e2ge de 31 ans au camp de concentration de\u00a0<span id=\"94\" class=\"s-rg-t\">Neuengamme<\/span>.<\/span><br \/>\n<span id=\"p76\">Le gendarme\u00a0<span id=\"95\" class=\"s-rg-t\">Beaugeois<\/span>\u00a0a \u00e9t\u00e9 d\u00e9cor\u00e9 de la m\u00e9daille militaire, de la m\u00e9daille de la d\u00e9portation et cit\u00e9 \u00e0 l&rsquo;ordre de la brigade \u00e0 titre posthume, il a \u00e9galement \u00e9t\u00e9 fait chevalier de l&rsquo;ordre de la L\u00e9gion d&rsquo;honneur et croix de guerre 1939\/1945 avec palme bronze le 16 septembre 1953 avec la citation suivante.<\/span><br \/>\n<span id=\"p77\">\u00ab Gendarme anim\u00e9 d&rsquo;un patriotisme ardent a adh\u00e9r\u00e9 en 1942 \u00e0 un groupement local de r\u00e9sistance\u00a0<span id=\"96\" class=\"s-ve-t\">rattach\u00e9<\/span>\u00a0\u00e0 l&rsquo;arm\u00e9e secr\u00e8te de Lorraine, a sabot\u00e9 les recherches dirig\u00e9es contre les r\u00e9fractaires du service du travail obligatoire.<\/span><span id=\"p78\">\u00a0\u00c0 travers ses actes de bravoure, il a d\u00e9fendu les valeurs de la gendarmerie pour la patrie, l&rsquo;honneur et le droit et nous lui en sommes reconnaissant.<\/span><span id=\"p79\">\u00a0\u00bb<\/span><br \/>\n<span id=\"p80\">Guy Sauvage, maire de la commune, a remerci\u00e9 tous ses militaires pour le choix de carri\u00e8re qu&rsquo;ils ont choisi.<\/span><br \/>\n<span id=\"p109\"><span id=\"111\" class=\"s-bl-t\">\u00ab En<\/span>\u00a0tant qu&rsquo;\u00e9lu du territoire, je veux ici vous assurer que les Fran\u00e7ais aiment leur gendarmerie, mais qu&rsquo;ils esp\u00e8rent aussi beaucoup de leurs gendarmes, nos concitoyens souhaitent que vous les \u00e9coutiez, que vous les entendiez, que vous puissiez les comprendre, vous incarnez pour le visage de l&rsquo;\u00e9tat, le visage rassurant de la s\u00e9curit\u00e9 partout et pour tous.<\/span><span id=\"p82\">\u00bb<\/span><br \/>\n<span id=\"p83\">Ga\u00ebl Rousseau,\u00a0Sous-pr\u00e9fet\u00a0s&rsquo;est\u00a0<span id=\"100\" class=\"s-ve-t\">adress\u00e9<\/span>\u00a0\u00e0 la 509e promotion :<\/span><br \/>\n<span id=\"p84\">\u00ab Vous avez, vous la 509e promotion d&rsquo;\u00e9l\u00e8ve gendarme d\u00e9cid\u00e9 de prendre le sous-lieutenant Ernest Gilbert\u00a0<span id=\"101\" class=\"s-rg-t\">Beaugeois<\/span>\u00a0comme parrain cela t\u00e9moigne de votre engagement profond pour nos libert\u00e9s dont la gendarmerie nationale sait \u00eatre gardien.<\/span><span id=\"p85\">\u00bb<\/span><br \/>\n<span id=\"p86\">Ga\u00ebl Rousseau a souhait\u00e9 apporter une pens\u00e9e pour trois gendarmes d\u00e9c\u00e9d\u00e9s en service ces derniers mois, Jennifer\u00a0<span id=\"102\" class=\"s-rg-t\">Benet<\/span>\u00a0mar\u00e9chal des logis-chef\u00a0affect\u00e9e \u00e0\u00a0la compagnie d&rsquo;Hy\u00e8res, Claude\u00a0<span id=\"103\" class=\"s-rg-t\">Ruocco<\/span>\u00a0mar\u00e9chal des logis-chef du Peloton de surveillance et d&rsquo;intervention de la Gendarmerie de\u00a0<span id=\"104\" class=\"s-rg-t\">Dardilly<\/span>,\u00a0<span id=\"105\" class=\"s-rg-t\">Ga\u00ebtan<\/span>\u00a0Binet gendarme \u00e0 la brigade de proximit\u00e9 de\u00a0<span id=\"106\" class=\"s-rg-t\">Port-J\u00e9rome<\/span>\u00a0sur Seine.<\/span><br \/>\n<span id=\"p87\">La c\u00e9r\u00e9monie s&rsquo;est cl\u00f4tur\u00e9e par la remise d&rsquo;une plaque comm\u00e9morative par l&rsquo;\u00e9cole de gendarmerie et diff\u00e9rents d\u00e9p\u00f4ts de gerbe de fleurs.<\/span><\/p>\n\n<div class=\"cxmmr5t8 oygrvhab hcukyx3x c1et5uql o9v6fnle ii04i59q\"><\/div>\n<div class=\"cxmmr5t8 oygrvhab hcukyx3x c1et5uql o9v6fnle ii04i59q\"><\/div>\n","protected":false},"excerpt":{"rendered":"<p>La 509e promotion de l&rsquo;\u00e9cole de gendarmerie de Chaumont a choisi le Gendarme\u00a0BEAUGEOIS\u00a0Ernest Gilbert comme parrain de leur promotion. Une [&hellip;]<\/p>\n","protected":false},"author":1,"featured_media":21234,"comment_status":"open","ping_status":"open","sticky":false,"template":"","format":"standard","meta":{"footnotes":""},"categories":[29,120,197],"tags":[1658,198],"class_list":["post-21233","post","type-post","status-publish","format-standard","has-post-thumbnail","hentry","category-a-la-une","category-ceremonie-commemorative","category-chatenois","tag-ceremonie-commemorative","tag-chatenois"],"acf":[],"yoast_head":"<!-- This site is optimized with the Yoast SEO plugin v22.5 - https:\/\/yoast.com\/wordpress\/plugins\/seo\/ -->\n<title>Ch\u00e2tenois : le Gendarme Beaugeois Ernest Gilbert honor\u00e9 par les siens - La Plaine des Vosges<\/title>\n<meta name=\"robots\" content=\"index, follow, max-snippet:-1, max-image-preview:large, max-video-preview:-1\" \/>\n<link rel=\"canonical\" href=\"https:\/\/vosgesinfo.fr\/laplainedesvosgesinfo\/2022\/02\/chatenois-le-gendarme-beaugeois-ernest-gilbert-honore-par-les-siens\/\" \/>\n<meta name=\"twitter:card\" content=\"summary_large_image\" \/>\n<meta name=\"twitter:title\" content=\"Ch\u00e2tenois : le Gendarme Beaugeois Ernest Gilbert honor\u00e9 par les siens - La Plaine des Vosges\" \/>\n<meta name=\"twitter:description\" content=\"La 509e promotion de l&rsquo;\u00e9cole de gendarmerie de Chaumont a choisi le Gendarme\u00a0BEAUGEOIS\u00a0Ernest Gilbert comme parrain de leur promotion. Une [&hellip;]\" \/>\n<meta name=\"twitter:image\" content=\"https:\/\/vosgesinfo.fr\/app\/uploads\/sites\/2\/2024\/07\/202202va.jpg\" \/>\n<meta name=\"twitter:creator\" content=\"@VosgesInfo88\" \/>\n<meta name=\"twitter:site\" content=\"@VosgesInfo88\" \/>\n<meta name=\"twitter:label1\" content=\"\u00c9crit par\" \/>\n\t<meta name=\"twitter:data1\" content=\"qs_admin\" \/>\n\t<meta name=\"twitter:label2\" content=\"Dur\u00e9e de lecture estim\u00e9e\" \/>\n\t<meta name=\"twitter:data2\" content=\"2 minutes\" \/>\n<script type=\"application\/ld+json\" class=\"yoast-schema-graph\">{\"@context\":\"https:\/\/schema.org\",\"@graph\":[{\"@type\":\"Article\",\"@id\":\"https:\/\/vosgesinfo.fr\/laplainedesvosgesinfo\/2022\/02\/chatenois-le-gendarme-beaugeois-ernest-gilbert-honore-par-les-siens\/#article\",\"isPartOf\":{\"@id\":\"https:\/\/vosgesinfo.fr\/laplainedesvosgesinfo\/2022\/02\/chatenois-le-gendarme-beaugeois-ernest-gilbert-honore-par-les-siens\/\"},\"author\":{\"name\":\"qs_admin\",\"@id\":\"https:\/\/vosgesinfo.fr\/laplainedesvosgesinfo\/#\/schema\/person\/bc5d02d71e6932e81b6dadb7386667b1\"},\"headline\":\"Ch\u00e2tenois : le Gendarme Beaugeois Ernest Gilbert honor\u00e9 par les siens\",\"datePublished\":\"2022-02-17T18:26:41+00:00\",\"dateModified\":\"2022-02-17T18:26:41+00:00\",\"mainEntityOfPage\":{\"@id\":\"https:\/\/vosgesinfo.fr\/laplainedesvosgesinfo\/2022\/02\/chatenois-le-gendarme-beaugeois-ernest-gilbert-honore-par-les-siens\/\"},\"wordCount\":501,\"commentCount\":0,\"publisher\":{\"@id\":\"https:\/\/vosgesinfo.fr\/laplainedesvosgesinfo\/#organization\"},\"image\":{\"@id\":\"https:\/\/vosgesinfo.fr\/laplainedesvosgesinfo\/2022\/02\/chatenois-le-gendarme-beaugeois-ernest-gilbert-honore-par-les-siens\/#primaryimage\"},\"thumbnailUrl\":\"https:\/\/vosgesinfo.fr\/app\/uploads\/sites\/2\/2024\/07\/202202va.jpg\",\"keywords\":[\"c\u00e9r\u00e9monie comm\u00e9morative\",\"Ch\u00e2tenois\"],\"articleSection\":[\"A la Une\",\"C\u00e9r\u00e9monie comm\u00e9morative\",\"Ch\u00e2tenois\"],\"inLanguage\":\"fr-FR\",\"potentialAction\":[{\"@type\":\"CommentAction\",\"name\":\"Comment\",\"target\":[\"https:\/\/vosgesinfo.fr\/laplainedesvosgesinfo\/2022\/02\/chatenois-le-gendarme-beaugeois-ernest-gilbert-honore-par-les-siens\/#respond\"]}]},{\"@type\":\"WebPage\",\"@id\":\"https:\/\/vosgesinfo.fr\/laplainedesvosgesinfo\/2022\/02\/chatenois-le-gendarme-beaugeois-ernest-gilbert-honore-par-les-siens\/\",\"url\":\"https:\/\/vosgesinfo.fr\/laplainedesvosgesinfo\/2022\/02\/chatenois-le-gendarme-beaugeois-ernest-gilbert-honore-par-les-siens\/\",\"name\":\"Ch\u00e2tenois : le Gendarme Beaugeois Ernest Gilbert honor\u00e9 par les siens - La Plaine des Vosges\",\"isPartOf\":{\"@id\":\"https:\/\/vosgesinfo.fr\/laplainedesvosgesinfo\/#website\"},\"primaryImageOfPage\":{\"@id\":\"https:\/\/vosgesinfo.fr\/laplainedesvosgesinfo\/2022\/02\/chatenois-le-gendarme-beaugeois-ernest-gilbert-honore-par-les-siens\/#primaryimage\"},\"image\":{\"@id\":\"https:\/\/vosgesinfo.fr\/laplainedesvosgesinfo\/2022\/02\/chatenois-le-gendarme-beaugeois-ernest-gilbert-honore-par-les-siens\/#primaryimage\"},\"thumbnailUrl\":\"https:\/\/vosgesinfo.fr\/app\/uploads\/sites\/2\/2024\/07\/202202va.jpg\",\"datePublished\":\"2022-02-17T18:26:41+00:00\",\"dateModified\":\"2022-02-17T18:26:41+00:00\",\"breadcrumb\":{\"@id\":\"https:\/\/vosgesinfo.fr\/laplainedesvosgesinfo\/2022\/02\/chatenois-le-gendarme-beaugeois-ernest-gilbert-honore-par-les-siens\/#breadcrumb\"},\"inLanguage\":\"fr-FR\",\"potentialAction\":[{\"@type\":\"ReadAction\",\"target\":[\"https:\/\/vosgesinfo.fr\/laplainedesvosgesinfo\/2022\/02\/chatenois-le-gendarme-beaugeois-ernest-gilbert-honore-par-les-siens\/\"]}]},{\"@type\":\"ImageObject\",\"inLanguage\":\"fr-FR\",\"@id\":\"https:\/\/vosgesinfo.fr\/laplainedesvosgesinfo\/2022\/02\/chatenois-le-gendarme-beaugeois-ernest-gilbert-honore-par-les-siens\/#primaryimage\",\"url\":\"https:\/\/vosgesinfo.fr\/app\/uploads\/sites\/2\/2024\/07\/202202va.jpg\",\"contentUrl\":\"https:\/\/vosgesinfo.fr\/app\/uploads\/sites\/2\/2024\/07\/202202va.jpg\",\"width\":800,\"height\":598},{\"@type\":\"BreadcrumbList\",\"@id\":\"https:\/\/vosgesinfo.fr\/laplainedesvosgesinfo\/2022\/02\/chatenois-le-gendarme-beaugeois-ernest-gilbert-honore-par-les-siens\/#breadcrumb\",\"itemListElement\":[{\"@type\":\"ListItem\",\"position\":1,\"name\":\"Home\",\"item\":\"https:\/\/vosgesinfo.fr\/laplainedesvosgesinfo\/\"},{\"@type\":\"ListItem\",\"position\":2,\"name\":\"Ch\u00e2tenois : le Gendarme Beaugeois Ernest Gilbert honor\u00e9 par les siens\"}]},{\"@type\":\"WebSite\",\"@id\":\"https:\/\/vosgesinfo.fr\/laplainedesvosgesinfo\/#website\",\"url\":\"https:\/\/vosgesinfo.fr\/laplainedesvosgesinfo\/\",\"name\":\"La Plaine des Vosges\",\"description\":\"Toute l&#039;actualit\u00e9 de la plaine de Vosges\",\"publisher\":{\"@id\":\"https:\/\/vosgesinfo.fr\/laplainedesvosgesinfo\/#organization\"},\"alternateName\":\"Toute l'actualit\u00e9 de la plaine des Vosges\",\"potentialAction\":[{\"@type\":\"SearchAction\",\"target\":{\"@type\":\"EntryPoint\",\"urlTemplate\":\"https:\/\/vosgesinfo.fr\/laplainedesvosgesinfo\/?s={search_term_string}\"},\"query-input\":\"required name=search_term_string\"}],\"inLanguage\":\"fr-FR\"},{\"@type\":\"Organization\",\"@id\":\"https:\/\/vosgesinfo.fr\/laplainedesvosgesinfo\/#organization\",\"name\":\"La Plaine des Vosges\",\"url\":\"https:\/\/vosgesinfo.fr\/laplainedesvosgesinfo\/\",\"logo\":{\"@type\":\"ImageObject\",\"inLanguage\":\"fr-FR\",\"@id\":\"https:\/\/vosgesinfo.fr\/laplainedesvosgesinfo\/#\/schema\/logo\/image\/\",\"url\":\"https:\/\/vosgesinfo.fr\/app\/uploads\/sites\/2\/2023\/08\/logo-laplaineinfo.svg\",\"contentUrl\":\"https:\/\/vosgesinfo.fr\/app\/uploads\/sites\/2\/2023\/08\/logo-laplaineinfo.svg\",\"width\":1,\"height\":1,\"caption\":\"La Plaine des Vosges\"},\"image\":{\"@id\":\"https:\/\/vosgesinfo.fr\/laplainedesvosgesinfo\/#\/schema\/logo\/image\/\"},\"sameAs\":[\"https:\/\/www.facebook.com\/laplainedesvosges\",\"https:\/\/x.com\/VosgesInfo88\",\"https:\/\/www.youtube.com\/@vosgesinfo\"]},{\"@type\":\"Person\",\"@id\":\"https:\/\/vosgesinfo.fr\/laplainedesvosgesinfo\/#\/schema\/person\/bc5d02d71e6932e81b6dadb7386667b1\",\"name\":\"qs_admin\",\"image\":{\"@type\":\"ImageObject\",\"inLanguage\":\"fr-FR\",\"@id\":\"https:\/\/vosgesinfo.fr\/laplainedesvosgesinfo\/#\/schema\/person\/image\/\",\"url\":\"https:\/\/secure.gravatar.com\/avatar\/94b18ee0ed79e4a42ea2f2931277b6841a8999fc6fde214600c78057cf1fe1de?s=96&d=mm&r=g\",\"contentUrl\":\"https:\/\/secure.gravatar.com\/avatar\/94b18ee0ed79e4a42ea2f2931277b6841a8999fc6fde214600c78057cf1fe1de?s=96&d=mm&r=g\",\"caption\":\"qs_admin\"},\"sameAs\":[\"https:\/\/vosgesinfo.fr\/wp\"],\"url\":\"https:\/\/vosgesinfo.fr\/laplainedesvosgesinfo\/author\/qs_admin\/\"}]}<\/script>\n<!-- \/ Yoast SEO plugin. -->","yoast_head_json":{"title":"Ch\u00e2tenois : le Gendarme Beaugeois Ernest Gilbert honor\u00e9 par les siens - La Plaine des Vosges","robots":{"index":"index","follow":"follow","max-snippet":"max-snippet:-1","max-image-preview":"max-image-preview:large","max-video-preview":"max-video-preview:-1"},"canonical":"https:\/\/vosgesinfo.fr\/laplainedesvosgesinfo\/2022\/02\/chatenois-le-gendarme-beaugeois-ernest-gilbert-honore-par-les-siens\/","twitter_card":"summary_large_image","twitter_title":"Ch\u00e2tenois : le Gendarme Beaugeois Ernest Gilbert honor\u00e9 par les siens - La Plaine des Vosges","twitter_description":"La 509e promotion de l&rsquo;\u00e9cole de gendarmerie de Chaumont a choisi le Gendarme\u00a0BEAUGEOIS\u00a0Ernest Gilbert comme parrain de leur promotion. Une [&hellip;]","twitter_image":"https:\/\/vosgesinfo.fr\/app\/uploads\/sites\/2\/2024\/07\/202202va.jpg","twitter_creator":"@VosgesInfo88","twitter_site":"@VosgesInfo88","twitter_misc":{"\u00c9crit par":"qs_admin","Dur\u00e9e de lecture estim\u00e9e":"2 minutes"},"schema":{"@context":"https:\/\/schema.org","@graph":[{"@type":"Article","@id":"https:\/\/vosgesinfo.fr\/laplainedesvosgesinfo\/2022\/02\/chatenois-le-gendarme-beaugeois-ernest-gilbert-honore-par-les-siens\/#article","isPartOf":{"@id":"https:\/\/vosgesinfo.fr\/laplainedesvosgesinfo\/2022\/02\/chatenois-le-gendarme-beaugeois-ernest-gilbert-honore-par-les-siens\/"},"author":{"name":"qs_admin","@id":"https:\/\/vosgesinfo.fr\/laplainedesvosgesinfo\/#\/schema\/person\/bc5d02d71e6932e81b6dadb7386667b1"},"headline":"Ch\u00e2tenois : le Gendarme Beaugeois Ernest Gilbert honor\u00e9 par les siens","datePublished":"2022-02-17T18:26:41+00:00","dateModified":"2022-02-17T18:26:41+00:00","mainEntityOfPage":{"@id":"https:\/\/vosgesinfo.fr\/laplainedesvosgesinfo\/2022\/02\/chatenois-le-gendarme-beaugeois-ernest-gilbert-honore-par-les-siens\/"},"wordCount":501,"commentCount":0,"publisher":{"@id":"https:\/\/vosgesinfo.fr\/laplainedesvosgesinfo\/#organization"},"image":{"@id":"https:\/\/vosgesinfo.fr\/laplainedesvosgesinfo\/2022\/02\/chatenois-le-gendarme-beaugeois-ernest-gilbert-honore-par-les-siens\/#primaryimage"},"thumbnailUrl":"https:\/\/vosgesinfo.fr\/app\/uploads\/sites\/2\/2024\/07\/202202va.jpg","keywords":["c\u00e9r\u00e9monie comm\u00e9morative","Ch\u00e2tenois"],"articleSection":["A la Une","C\u00e9r\u00e9monie comm\u00e9morative","Ch\u00e2tenois"],"inLanguage":"fr-FR","potentialAction":[{"@type":"CommentAction","name":"Comment","target":["https:\/\/vosgesinfo.fr\/laplainedesvosgesinfo\/2022\/02\/chatenois-le-gendarme-beaugeois-ernest-gilbert-honore-par-les-siens\/#respond"]}]},{"@type":"WebPage","@id":"https:\/\/vosgesinfo.fr\/laplainedesvosgesinfo\/2022\/02\/chatenois-le-gendarme-beaugeois-ernest-gilbert-honore-par-les-siens\/","url":"https:\/\/vosgesinfo.fr\/laplainedesvosgesinfo\/2022\/02\/chatenois-le-gendarme-beaugeois-ernest-gilbert-honore-par-les-siens\/","name":"Ch\u00e2tenois : le Gendarme Beaugeois Ernest Gilbert honor\u00e9 par les siens - La Plaine des Vosges","isPartOf":{"@id":"https:\/\/vosgesinfo.fr\/laplainedesvosgesinfo\/#website"},"primaryImageOfPage":{"@id":"https:\/\/vosgesinfo.fr\/laplainedesvosgesinfo\/2022\/02\/chatenois-le-gendarme-beaugeois-ernest-gilbert-honore-par-les-siens\/#primaryimage"},"image":{"@id":"https:\/\/vosgesinfo.fr\/laplainedesvosgesinfo\/2022\/02\/chatenois-le-gendarme-beaugeois-ernest-gilbert-honore-par-les-siens\/#primaryimage"},"thumbnailUrl":"https:\/\/vosgesinfo.fr\/app\/uploads\/sites\/2\/2024\/07\/202202va.jpg","datePublished":"2022-02-17T18:26:41+00:00","dateModified":"2022-02-17T18:26:41+00:00","breadcrumb":{"@id":"https:\/\/vosgesinfo.fr\/laplainedesvosgesinfo\/2022\/02\/chatenois-le-gendarme-beaugeois-ernest-gilbert-honore-par-les-siens\/#breadcrumb"},"inLanguage":"fr-FR","potentialAction":[{"@type":"ReadAction","target":["https:\/\/vosgesinfo.fr\/laplainedesvosgesinfo\/2022\/02\/chatenois-le-gendarme-beaugeois-ernest-gilbert-honore-par-les-siens\/"]}]},{"@type":"ImageObject","inLanguage":"fr-FR","@id":"https:\/\/vosgesinfo.fr\/laplainedesvosgesinfo\/2022\/02\/chatenois-le-gendarme-beaugeois-ernest-gilbert-honore-par-les-siens\/#primaryimage","url":"https:\/\/vosgesinfo.fr\/app\/uploads\/sites\/2\/2024\/07\/202202va.jpg","contentUrl":"https:\/\/vosgesinfo.fr\/app\/uploads\/sites\/2\/2024\/07\/202202va.jpg","width":800,"height":598},{"@type":"BreadcrumbList","@id":"https:\/\/vosgesinfo.fr\/laplainedesvosgesinfo\/2022\/02\/chatenois-le-gendarme-beaugeois-ernest-gilbert-honore-par-les-siens\/#breadcrumb","itemListElement":[{"@type":"ListItem","position":1,"name":"Home","item":"https:\/\/vosgesinfo.fr\/laplainedesvosgesinfo\/"},{"@type":"ListItem","position":2,"name":"Ch\u00e2tenois : le Gendarme Beaugeois Ernest Gilbert honor\u00e9 par les siens"}]},{"@type":"WebSite","@id":"https:\/\/vosgesinfo.fr\/laplainedesvosgesinfo\/#website","url":"https:\/\/vosgesinfo.fr\/laplainedesvosgesinfo\/","name":"La Plaine des Vosges","description":"Toute l&#039;actualit\u00e9 de la plaine de Vosges","publisher":{"@id":"https:\/\/vosgesinfo.fr\/laplainedesvosgesinfo\/#organization"},"alternateName":"Toute l'actualit\u00e9 de la plaine des Vosges","potentialAction":[{"@type":"SearchAction","target":{"@type":"EntryPoint","urlTemplate":"https:\/\/vosgesinfo.fr\/laplainedesvosgesinfo\/?s={search_term_string}"},"query-input":"required name=search_term_string"}],"inLanguage":"fr-FR"},{"@type":"Organization","@id":"https:\/\/vosgesinfo.fr\/laplainedesvosgesinfo\/#organization","name":"La Plaine des Vosges","url":"https:\/\/vosgesinfo.fr\/laplainedesvosgesinfo\/","logo":{"@type":"ImageObject","inLanguage":"fr-FR","@id":"https:\/\/vosgesinfo.fr\/laplainedesvosgesinfo\/#\/schema\/logo\/image\/","url":"https:\/\/vosgesinfo.fr\/app\/uploads\/sites\/2\/2023\/08\/logo-laplaineinfo.svg","contentUrl":"https:\/\/vosgesinfo.fr\/app\/uploads\/sites\/2\/2023\/08\/logo-laplaineinfo.svg","width":1,"height":1,"caption":"La Plaine des Vosges"},"image":{"@id":"https:\/\/vosgesinfo.fr\/laplainedesvosgesinfo\/#\/schema\/logo\/image\/"},"sameAs":["https:\/\/www.facebook.com\/laplainedesvosges","https:\/\/x.com\/VosgesInfo88","https:\/\/www.youtube.com\/@vosgesinfo"]},{"@type":"Person","@id":"https:\/\/vosgesinfo.fr\/laplainedesvosgesinfo\/#\/schema\/person\/bc5d02d71e6932e81b6dadb7386667b1","name":"qs_admin","image":{"@type":"ImageObject","inLanguage":"fr-FR","@id":"https:\/\/vosgesinfo.fr\/laplainedesvosgesinfo\/#\/schema\/person\/image\/","url":"https:\/\/secure.gravatar.com\/avatar\/94b18ee0ed79e4a42ea2f2931277b6841a8999fc6fde214600c78057cf1fe1de?s=96&d=mm&r=g","contentUrl":"https:\/\/secure.gravatar.com\/avatar\/94b18ee0ed79e4a42ea2f2931277b6841a8999fc6fde214600c78057cf1fe1de?s=96&d=mm&r=g","caption":"qs_admin"},"sameAs":["https:\/\/vosgesinfo.fr\/wp"],"url":"https:\/\/vosgesinfo.fr\/laplainedesvosgesinfo\/author\/qs_admin\/"}]}},"_links":{"self":[{"href":"https:\/\/vosgesinfo.fr\/laplainedesvosgesinfo\/wp-json\/wp\/v2\/posts\/21233","targetHints":{"allow":["GET"]}}],"collection":[{"href":"https:\/\/vosgesinfo.fr\/laplainedesvosgesinfo\/wp-json\/wp\/v2\/posts"}],"about":[{"href":"https:\/\/vosgesinfo.fr\/laplainedesvosgesinfo\/wp-json\/wp\/v2\/types\/post"}],"author":[{"embeddable":true,"href":"https:\/\/vosgesinfo.fr\/laplainedesvosgesinfo\/wp-json\/wp\/v2\/users\/1"}],"replies":[{"embeddable":true,"href":"https:\/\/vosgesinfo.fr\/laplainedesvosgesinfo\/wp-json\/wp\/v2\/comments?post=21233"}],"version-history":[{"count":0,"href":"https:\/\/vosgesinfo.fr\/laplainedesvosgesinfo\/wp-json\/wp\/v2\/posts\/21233\/revisions"}],"wp:featuredmedia":[{"embeddable":true,"href":"https:\/\/vosgesinfo.fr\/laplainedesvosgesinfo\/wp-json\/wp\/v2\/media\/21234"}],"wp:attachment":[{"href":"https:\/\/vosgesinfo.fr\/laplainedesvosgesinfo\/wp-json\/wp\/v2\/media?parent=21233"}],"wp:term":[{"taxonomy":"category","embeddable":true,"href":"https:\/\/vosgesinfo.fr\/laplainedesvosgesinfo\/wp-json\/wp\/v2\/categories?post=21233"},{"taxonomy":"post_tag","embeddable":true,"href":"https:\/\/vosgesinfo.fr\/laplainedesvosgesinfo\/wp-json\/wp\/v2\/tags?post=21233"}],"curies":[{"name":"wp","href":"https:\/\/api.w.org\/{rel}","templated":true}]}}