{"id":213,"date":"2023-08-07T09:58:30","date_gmt":"2023-08-07T07:58:30","guid":{"rendered":"https:\/\/vosgesinfo.fr\/laplainedesvosgesinfo\/2023\/08\/5-ans-et-10-mois-de-prison-pour-lautomobiliste-qui-avait-force-le-barrage-du-13-juillet-a-epinal\/"},"modified":"2023-08-07T09:58:30","modified_gmt":"2023-08-07T07:58:30","slug":"5-ans-et-10-mois-de-prison-pour-lautomobiliste-qui-avait-force-le-barrage-du-13-juillet-a-epinal","status":"publish","type":"post","link":"https:\/\/vosgesinfo.fr\/laplainedesvosgesinfo\/2023\/08\/5-ans-et-10-mois-de-prison-pour-lautomobiliste-qui-avait-force-le-barrage-du-13-juillet-a-epinal\/","title":{"rendered":"5 ans et 10 mois de prison pour l\u2019automobiliste qui avait forc\u00e9 le barrage du 13 juillet \u00e0 \u00c9pinal"},"content":{"rendered":"<h2>L\u2019automobiliste qui avait forc\u00e9 le barrage du 13 juillet, \u00e0 Epinal, pendant les festivit\u00e9s de la F\u00eate nationale, est pass\u00e9 devant le tribunal. L\u2019homme de 36 ans roulait sans permis de conduire, sans assurance, et en \u00e9tat d\u2019ivresse. R\u00e9cidiviste, il \u00e9cope de 5 ans et 10 mois ferme de prison.<\/h2>\n<p>L\u2019homme qui avait forc\u00e9 les barrages lors du 13 juillet \u00e0 Epinal,\u00a0pendant les festivit\u00e9s de la F\u00eate nationale, a \u00e9t\u00e9 condamn\u00e9 par le tribunal. Alcoolis\u00e9 aux moments des faits, il avait fonc\u00e9 dans la foule pr\u00e9sente sur la Place des Vosges.<\/p>\n","protected":false},"excerpt":{"rendered":"<p>L\u2019automobiliste qui avait forc\u00e9 le barrage du 13 juillet, \u00e0 Epinal, pendant les festivit\u00e9s de la F\u00eate nationale, est pass\u00e9 [&hellip;]<\/p>\n","protected":false},"author":42,"featured_media":214,"comment_status":"open","ping_status":"open","sticky":false,"template":"","format":"standard","meta":{"footnotes":""},"categories":[29,8,48],"tags":[],"class_list":["post-213","post","type-post","status-publish","format-standard","has-post-thumbnail","hentry","category-a-la-une","category-faits-divers","category-justice"],"acf":[],"yoast_head":"<!-- This site is optimized with the Yoast SEO plugin v22.5 - https:\/\/yoast.com\/wordpress\/plugins\/seo\/ -->\n<title>5 ans et 10 mois de prison pour l\u2019automobiliste qui avait forc\u00e9 le barrage du 13 juillet \u00e0 \u00c9pinal - La Plaine des Vosges<\/title>\n<meta name=\"robots\" content=\"index, follow, max-snippet:-1, max-image-preview:large, max-video-preview:-1\" \/>\n<link rel=\"canonical\" href=\"https:\/\/vosgesinfo.fr\/laplainedesvosgesinfo\/2023\/08\/5-ans-et-10-mois-de-prison-pour-lautomobiliste-qui-avait-force-le-barrage-du-13-juillet-a-epinal\/\" \/>\n<meta name=\"twitter:card\" content=\"summary_large_image\" \/>\n<meta name=\"twitter:title\" content=\"5 ans et 10 mois de prison pour l\u2019automobiliste qui avait forc\u00e9 le barrage du 13 juillet \u00e0 \u00c9pinal - La Plaine des Vosges\" \/>\n<meta name=\"twitter:description\" content=\"L\u2019automobiliste qui avait forc\u00e9 le barrage du 13 juillet, \u00e0 Epinal, pendant les festivit\u00e9s de la F\u00eate nationale, est pass\u00e9 [&hellip;]\" \/>\n<meta name=\"twitter:image\" content=\"https:\/\/vosgesinfo.fr\/app\/uploads\/sites\/2\/2023\/07\/police-2.jpg\" \/>\n<meta name=\"twitter:creator\" content=\"@VosgesInfo88\" \/>\n<meta name=\"twitter:site\" content=\"@VosgesInfo88\" \/>\n<meta name=\"twitter:label1\" content=\"\u00c9crit par\" \/>\n\t<meta name=\"twitter:data1\" content=\"QG\" \/>\n<script type=\"application\/ld+json\" class=\"yoast-schema-graph\">{\"@context\":\"https:\/\/schema.org\",\"@graph\":[{\"@type\":\"Article\",\"@id\":\"https:\/\/vosgesinfo.fr\/laplainedesvosgesinfo\/2023\/08\/5-ans-et-10-mois-de-prison-pour-lautomobiliste-qui-avait-force-le-barrage-du-13-juillet-a-epinal\/#article\",\"isPartOf\":{\"@id\":\"https:\/\/vosgesinfo.fr\/laplainedesvosgesinfo\/2023\/08\/5-ans-et-10-mois-de-prison-pour-lautomobiliste-qui-avait-force-le-barrage-du-13-juillet-a-epinal\/\"},\"author\":{\"name\":\"QG\",\"@id\":\"https:\/\/vosgesinfo.fr\/laplainedesvosgesinfo\/#\/schema\/person\/db5605779a843dad16b5368f3e7613a5\"},\"headline\":\"5 ans et 10 mois de prison pour l\u2019automobiliste qui avait forc\u00e9 le barrage du 13 juillet \u00e0 \u00c9pinal\",\"datePublished\":\"2023-08-07T07:58:30+00:00\",\"dateModified\":\"2023-08-07T07:58:30+00:00\",\"mainEntityOfPage\":{\"@id\":\"https:\/\/vosgesinfo.fr\/laplainedesvosgesinfo\/2023\/08\/5-ans-et-10-mois-de-prison-pour-lautomobiliste-qui-avait-force-le-barrage-du-13-juillet-a-epinal\/\"},\"wordCount\":111,\"commentCount\":0,\"publisher\":{\"@id\":\"https:\/\/vosgesinfo.fr\/laplainedesvosgesinfo\/#organization\"},\"image\":{\"@id\":\"https:\/\/vosgesinfo.fr\/laplainedesvosgesinfo\/2023\/08\/5-ans-et-10-mois-de-prison-pour-lautomobiliste-qui-avait-force-le-barrage-du-13-juillet-a-epinal\/#primaryimage\"},\"thumbnailUrl\":\"https:\/\/vosgesinfo.fr\/app\/uploads\/sites\/2\/2023\/07\/police-2.jpg\",\"articleSection\":[\"A la Une\",\"Faits-divers\",\"Justice\"],\"inLanguage\":\"fr-FR\",\"potentialAction\":[{\"@type\":\"CommentAction\",\"name\":\"Comment\",\"target\":[\"https:\/\/vosgesinfo.fr\/laplainedesvosgesinfo\/2023\/08\/5-ans-et-10-mois-de-prison-pour-lautomobiliste-qui-avait-force-le-barrage-du-13-juillet-a-epinal\/#respond\"]}]},{\"@type\":\"WebPage\",\"@id\":\"https:\/\/vosgesinfo.fr\/laplainedesvosgesinfo\/2023\/08\/5-ans-et-10-mois-de-prison-pour-lautomobiliste-qui-avait-force-le-barrage-du-13-juillet-a-epinal\/\",\"url\":\"https:\/\/vosgesinfo.fr\/laplainedesvosgesinfo\/2023\/08\/5-ans-et-10-mois-de-prison-pour-lautomobiliste-qui-avait-force-le-barrage-du-13-juillet-a-epinal\/\",\"name\":\"5 ans et 10 mois de prison pour l\u2019automobiliste qui avait forc\u00e9 le barrage du 13 juillet \u00e0 \u00c9pinal - La Plaine des Vosges\",\"isPartOf\":{\"@id\":\"https:\/\/vosgesinfo.fr\/laplainedesvosgesinfo\/#website\"},\"primaryImageOfPage\":{\"@id\":\"https:\/\/vosgesinfo.fr\/laplainedesvosgesinfo\/2023\/08\/5-ans-et-10-mois-de-prison-pour-lautomobiliste-qui-avait-force-le-barrage-du-13-juillet-a-epinal\/#primaryimage\"},\"image\":{\"@id\":\"https:\/\/vosgesinfo.fr\/laplainedesvosgesinfo\/2023\/08\/5-ans-et-10-mois-de-prison-pour-lautomobiliste-qui-avait-force-le-barrage-du-13-juillet-a-epinal\/#primaryimage\"},\"thumbnailUrl\":\"https:\/\/vosgesinfo.fr\/app\/uploads\/sites\/2\/2023\/07\/police-2.jpg\",\"datePublished\":\"2023-08-07T07:58:30+00:00\",\"dateModified\":\"2023-08-07T07:58:30+00:00\",\"breadcrumb\":{\"@id\":\"https:\/\/vosgesinfo.fr\/laplainedesvosgesinfo\/2023\/08\/5-ans-et-10-mois-de-prison-pour-lautomobiliste-qui-avait-force-le-barrage-du-13-juillet-a-epinal\/#breadcrumb\"},\"inLanguage\":\"fr-FR\",\"potentialAction\":[{\"@type\":\"ReadAction\",\"target\":[\"https:\/\/vosgesinfo.fr\/laplainedesvosgesinfo\/2023\/08\/5-ans-et-10-mois-de-prison-pour-lautomobiliste-qui-avait-force-le-barrage-du-13-juillet-a-epinal\/\"]}]},{\"@type\":\"ImageObject\",\"inLanguage\":\"fr-FR\",\"@id\":\"https:\/\/vosgesinfo.fr\/laplainedesvosgesinfo\/2023\/08\/5-ans-et-10-mois-de-prison-pour-lautomobiliste-qui-avait-force-le-barrage-du-13-juillet-a-epinal\/#primaryimage\",\"url\":\"https:\/\/vosgesinfo.fr\/app\/uploads\/sites\/2\/2023\/07\/police-2.jpg\",\"contentUrl\":\"https:\/\/vosgesinfo.fr\/app\/uploads\/sites\/2\/2023\/07\/police-2.jpg\",\"width\":800,\"height\":533},{\"@type\":\"BreadcrumbList\",\"@id\":\"https:\/\/vosgesinfo.fr\/laplainedesvosgesinfo\/2023\/08\/5-ans-et-10-mois-de-prison-pour-lautomobiliste-qui-avait-force-le-barrage-du-13-juillet-a-epinal\/#breadcrumb\",\"itemListElement\":[{\"@type\":\"ListItem\",\"position\":1,\"name\":\"Home\",\"item\":\"https:\/\/vosgesinfo.fr\/laplainedesvosgesinfo\/\"},{\"@type\":\"ListItem\",\"position\":2,\"name\":\"5 ans et 10 mois de prison pour l\u2019automobiliste qui avait forc\u00e9 le barrage du 13 juillet \u00e0 \u00c9pinal\"}]},{\"@type\":\"WebSite\",\"@id\":\"https:\/\/vosgesinfo.fr\/laplainedesvosgesinfo\/#website\",\"url\":\"https:\/\/vosgesinfo.fr\/laplainedesvosgesinfo\/\",\"name\":\"La Plaine des Vosges\",\"description\":\"Toute l&#039;actualit\u00e9 de la plaine de Vosges\",\"publisher\":{\"@id\":\"https:\/\/vosgesinfo.fr\/laplainedesvosgesinfo\/#organization\"},\"alternateName\":\"Toute l'actualit\u00e9 de la plaine des Vosges\",\"potentialAction\":[{\"@type\":\"SearchAction\",\"target\":{\"@type\":\"EntryPoint\",\"urlTemplate\":\"https:\/\/vosgesinfo.fr\/laplainedesvosgesinfo\/?s={search_term_string}\"},\"query-input\":\"required name=search_term_string\"}],\"inLanguage\":\"fr-FR\"},{\"@type\":\"Organization\",\"@id\":\"https:\/\/vosgesinfo.fr\/laplainedesvosgesinfo\/#organization\",\"name\":\"La Plaine des Vosges\",\"url\":\"https:\/\/vosgesinfo.fr\/laplainedesvosgesinfo\/\",\"logo\":{\"@type\":\"ImageObject\",\"inLanguage\":\"fr-FR\",\"@id\":\"https:\/\/vosgesinfo.fr\/laplainedesvosgesinfo\/#\/schema\/logo\/image\/\",\"url\":\"https:\/\/vosgesinfo.fr\/app\/uploads\/sites\/2\/2023\/08\/logo-laplaineinfo.svg\",\"contentUrl\":\"https:\/\/vosgesinfo.fr\/app\/uploads\/sites\/2\/2023\/08\/logo-laplaineinfo.svg\",\"width\":1,\"height\":1,\"caption\":\"La Plaine des Vosges\"},\"image\":{\"@id\":\"https:\/\/vosgesinfo.fr\/laplainedesvosgesinfo\/#\/schema\/logo\/image\/\"},\"sameAs\":[\"https:\/\/www.facebook.com\/laplainedesvosges\",\"https:\/\/x.com\/VosgesInfo88\",\"https:\/\/www.youtube.com\/@vosgesinfo\"]},{\"@type\":\"Person\",\"@id\":\"https:\/\/vosgesinfo.fr\/laplainedesvosgesinfo\/#\/schema\/person\/db5605779a843dad16b5368f3e7613a5\",\"name\":\"QG\",\"image\":{\"@type\":\"ImageObject\",\"inLanguage\":\"fr-FR\",\"@id\":\"https:\/\/vosgesinfo.fr\/laplainedesvosgesinfo\/#\/schema\/person\/image\/\",\"url\":\"https:\/\/secure.gravatar.com\/avatar\/ea80c42c204b534408512832fde52504ecabb9706bcb6151cf6175e5b64e6793?s=96&d=mm&r=g\",\"contentUrl\":\"https:\/\/secure.gravatar.com\/avatar\/ea80c42c204b534408512832fde52504ecabb9706bcb6151cf6175e5b64e6793?s=96&d=mm&r=g\",\"caption\":\"QG\"},\"url\":\"https:\/\/vosgesinfo.fr\/laplainedesvosgesinfo\/author\/quentin88\/\"}]}<\/script>\n<!-- \/ Yoast SEO plugin. -->","yoast_head_json":{"title":"5 ans et 10 mois de prison pour l\u2019automobiliste qui avait forc\u00e9 le barrage du 13 juillet \u00e0 \u00c9pinal - La Plaine des Vosges","robots":{"index":"index","follow":"follow","max-snippet":"max-snippet:-1","max-image-preview":"max-image-preview:large","max-video-preview":"max-video-preview:-1"},"canonical":"https:\/\/vosgesinfo.fr\/laplainedesvosgesinfo\/2023\/08\/5-ans-et-10-mois-de-prison-pour-lautomobiliste-qui-avait-force-le-barrage-du-13-juillet-a-epinal\/","twitter_card":"summary_large_image","twitter_title":"5 ans et 10 mois de prison pour l\u2019automobiliste qui avait forc\u00e9 le barrage du 13 juillet \u00e0 \u00c9pinal - La Plaine des Vosges","twitter_description":"L\u2019automobiliste qui avait forc\u00e9 le barrage du 13 juillet, \u00e0 Epinal, pendant les festivit\u00e9s de la F\u00eate nationale, est pass\u00e9 [&hellip;]","twitter_image":"https:\/\/vosgesinfo.fr\/app\/uploads\/sites\/2\/2023\/07\/police-2.jpg","twitter_creator":"@VosgesInfo88","twitter_site":"@VosgesInfo88","twitter_misc":{"\u00c9crit par":"QG"},"schema":{"@context":"https:\/\/schema.org","@graph":[{"@type":"Article","@id":"https:\/\/vosgesinfo.fr\/laplainedesvosgesinfo\/2023\/08\/5-ans-et-10-mois-de-prison-pour-lautomobiliste-qui-avait-force-le-barrage-du-13-juillet-a-epinal\/#article","isPartOf":{"@id":"https:\/\/vosgesinfo.fr\/laplainedesvosgesinfo\/2023\/08\/5-ans-et-10-mois-de-prison-pour-lautomobiliste-qui-avait-force-le-barrage-du-13-juillet-a-epinal\/"},"author":{"name":"QG","@id":"https:\/\/vosgesinfo.fr\/laplainedesvosgesinfo\/#\/schema\/person\/db5605779a843dad16b5368f3e7613a5"},"headline":"5 ans et 10 mois de prison pour l\u2019automobiliste qui avait forc\u00e9 le barrage du 13 juillet \u00e0 \u00c9pinal","datePublished":"2023-08-07T07:58:30+00:00","dateModified":"2023-08-07T07:58:30+00:00","mainEntityOfPage":{"@id":"https:\/\/vosgesinfo.fr\/laplainedesvosgesinfo\/2023\/08\/5-ans-et-10-mois-de-prison-pour-lautomobiliste-qui-avait-force-le-barrage-du-13-juillet-a-epinal\/"},"wordCount":111,"commentCount":0,"publisher":{"@id":"https:\/\/vosgesinfo.fr\/laplainedesvosgesinfo\/#organization"},"image":{"@id":"https:\/\/vosgesinfo.fr\/laplainedesvosgesinfo\/2023\/08\/5-ans-et-10-mois-de-prison-pour-lautomobiliste-qui-avait-force-le-barrage-du-13-juillet-a-epinal\/#primaryimage"},"thumbnailUrl":"https:\/\/vosgesinfo.fr\/app\/uploads\/sites\/2\/2023\/07\/police-2.jpg","articleSection":["A la Une","Faits-divers","Justice"],"inLanguage":"fr-FR","potentialAction":[{"@type":"CommentAction","name":"Comment","target":["https:\/\/vosgesinfo.fr\/laplainedesvosgesinfo\/2023\/08\/5-ans-et-10-mois-de-prison-pour-lautomobiliste-qui-avait-force-le-barrage-du-13-juillet-a-epinal\/#respond"]}]},{"@type":"WebPage","@id":"https:\/\/vosgesinfo.fr\/laplainedesvosgesinfo\/2023\/08\/5-ans-et-10-mois-de-prison-pour-lautomobiliste-qui-avait-force-le-barrage-du-13-juillet-a-epinal\/","url":"https:\/\/vosgesinfo.fr\/laplainedesvosgesinfo\/2023\/08\/5-ans-et-10-mois-de-prison-pour-lautomobiliste-qui-avait-force-le-barrage-du-13-juillet-a-epinal\/","name":"5 ans et 10 mois de prison pour l\u2019automobiliste qui avait forc\u00e9 le barrage du 13 juillet \u00e0 \u00c9pinal - La Plaine des Vosges","isPartOf":{"@id":"https:\/\/vosgesinfo.fr\/laplainedesvosgesinfo\/#website"},"primaryImageOfPage":{"@id":"https:\/\/vosgesinfo.fr\/laplainedesvosgesinfo\/2023\/08\/5-ans-et-10-mois-de-prison-pour-lautomobiliste-qui-avait-force-le-barrage-du-13-juillet-a-epinal\/#primaryimage"},"image":{"@id":"https:\/\/vosgesinfo.fr\/laplainedesvosgesinfo\/2023\/08\/5-ans-et-10-mois-de-prison-pour-lautomobiliste-qui-avait-force-le-barrage-du-13-juillet-a-epinal\/#primaryimage"},"thumbnailUrl":"https:\/\/vosgesinfo.fr\/app\/uploads\/sites\/2\/2023\/07\/police-2.jpg","datePublished":"2023-08-07T07:58:30+00:00","dateModified":"2023-08-07T07:58:30+00:00","breadcrumb":{"@id":"https:\/\/vosgesinfo.fr\/laplainedesvosgesinfo\/2023\/08\/5-ans-et-10-mois-de-prison-pour-lautomobiliste-qui-avait-force-le-barrage-du-13-juillet-a-epinal\/#breadcrumb"},"inLanguage":"fr-FR","potentialAction":[{"@type":"ReadAction","target":["https:\/\/vosgesinfo.fr\/laplainedesvosgesinfo\/2023\/08\/5-ans-et-10-mois-de-prison-pour-lautomobiliste-qui-avait-force-le-barrage-du-13-juillet-a-epinal\/"]}]},{"@type":"ImageObject","inLanguage":"fr-FR","@id":"https:\/\/vosgesinfo.fr\/laplainedesvosgesinfo\/2023\/08\/5-ans-et-10-mois-de-prison-pour-lautomobiliste-qui-avait-force-le-barrage-du-13-juillet-a-epinal\/#primaryimage","url":"https:\/\/vosgesinfo.fr\/app\/uploads\/sites\/2\/2023\/07\/police-2.jpg","contentUrl":"https:\/\/vosgesinfo.fr\/app\/uploads\/sites\/2\/2023\/07\/police-2.jpg","width":800,"height":533},{"@type":"BreadcrumbList","@id":"https:\/\/vosgesinfo.fr\/laplainedesvosgesinfo\/2023\/08\/5-ans-et-10-mois-de-prison-pour-lautomobiliste-qui-avait-force-le-barrage-du-13-juillet-a-epinal\/#breadcrumb","itemListElement":[{"@type":"ListItem","position":1,"name":"Home","item":"https:\/\/vosgesinfo.fr\/laplainedesvosgesinfo\/"},{"@type":"ListItem","position":2,"name":"5 ans et 10 mois de prison pour l\u2019automobiliste qui avait forc\u00e9 le barrage du 13 juillet \u00e0 \u00c9pinal"}]},{"@type":"WebSite","@id":"https:\/\/vosgesinfo.fr\/laplainedesvosgesinfo\/#website","url":"https:\/\/vosgesinfo.fr\/laplainedesvosgesinfo\/","name":"La Plaine des Vosges","description":"Toute l&#039;actualit\u00e9 de la plaine de Vosges","publisher":{"@id":"https:\/\/vosgesinfo.fr\/laplainedesvosgesinfo\/#organization"},"alternateName":"Toute l'actualit\u00e9 de la plaine des Vosges","potentialAction":[{"@type":"SearchAction","target":{"@type":"EntryPoint","urlTemplate":"https:\/\/vosgesinfo.fr\/laplainedesvosgesinfo\/?s={search_term_string}"},"query-input":"required name=search_term_string"}],"inLanguage":"fr-FR"},{"@type":"Organization","@id":"https:\/\/vosgesinfo.fr\/laplainedesvosgesinfo\/#organization","name":"La Plaine des Vosges","url":"https:\/\/vosgesinfo.fr\/laplainedesvosgesinfo\/","logo":{"@type":"ImageObject","inLanguage":"fr-FR","@id":"https:\/\/vosgesinfo.fr\/laplainedesvosgesinfo\/#\/schema\/logo\/image\/","url":"https:\/\/vosgesinfo.fr\/app\/uploads\/sites\/2\/2023\/08\/logo-laplaineinfo.svg","contentUrl":"https:\/\/vosgesinfo.fr\/app\/uploads\/sites\/2\/2023\/08\/logo-laplaineinfo.svg","width":1,"height":1,"caption":"La Plaine des Vosges"},"image":{"@id":"https:\/\/vosgesinfo.fr\/laplainedesvosgesinfo\/#\/schema\/logo\/image\/"},"sameAs":["https:\/\/www.facebook.com\/laplainedesvosges","https:\/\/x.com\/VosgesInfo88","https:\/\/www.youtube.com\/@vosgesinfo"]},{"@type":"Person","@id":"https:\/\/vosgesinfo.fr\/laplainedesvosgesinfo\/#\/schema\/person\/db5605779a843dad16b5368f3e7613a5","name":"QG","image":{"@type":"ImageObject","inLanguage":"fr-FR","@id":"https:\/\/vosgesinfo.fr\/laplainedesvosgesinfo\/#\/schema\/person\/image\/","url":"https:\/\/secure.gravatar.com\/avatar\/ea80c42c204b534408512832fde52504ecabb9706bcb6151cf6175e5b64e6793?s=96&d=mm&r=g","contentUrl":"https:\/\/secure.gravatar.com\/avatar\/ea80c42c204b534408512832fde52504ecabb9706bcb6151cf6175e5b64e6793?s=96&d=mm&r=g","caption":"QG"},"url":"https:\/\/vosgesinfo.fr\/laplainedesvosgesinfo\/author\/quentin88\/"}]}},"_links":{"self":[{"href":"https:\/\/vosgesinfo.fr\/laplainedesvosgesinfo\/wp-json\/wp\/v2\/posts\/213","targetHints":{"allow":["GET"]}}],"collection":[{"href":"https:\/\/vosgesinfo.fr\/laplainedesvosgesinfo\/wp-json\/wp\/v2\/posts"}],"about":[{"href":"https:\/\/vosgesinfo.fr\/laplainedesvosgesinfo\/wp-json\/wp\/v2\/types\/post"}],"author":[{"embeddable":true,"href":"https:\/\/vosgesinfo.fr\/laplainedesvosgesinfo\/wp-json\/wp\/v2\/users\/42"}],"replies":[{"embeddable":true,"href":"https:\/\/vosgesinfo.fr\/laplainedesvosgesinfo\/wp-json\/wp\/v2\/comments?post=213"}],"version-history":[{"count":0,"href":"https:\/\/vosgesinfo.fr\/laplainedesvosgesinfo\/wp-json\/wp\/v2\/posts\/213\/revisions"}],"wp:featuredmedia":[{"embeddable":true,"href":"https:\/\/vosgesinfo.fr\/laplainedesvosgesinfo\/wp-json\/wp\/v2\/media\/214"}],"wp:attachment":[{"href":"https:\/\/vosgesinfo.fr\/laplainedesvosgesinfo\/wp-json\/wp\/v2\/media?parent=213"}],"wp:term":[{"taxonomy":"category","embeddable":true,"href":"https:\/\/vosgesinfo.fr\/laplainedesvosgesinfo\/wp-json\/wp\/v2\/categories?post=213"},{"taxonomy":"post_tag","embeddable":true,"href":"https:\/\/vosgesinfo.fr\/laplainedesvosgesinfo\/wp-json\/wp\/v2\/tags?post=213"}],"curies":[{"name":"wp","href":"https:\/\/api.w.org\/{rel}","templated":true}]}}