{"id":21410,"date":"2022-03-02T18:20:12","date_gmt":"2022-03-02T17:20:12","guid":{"rendered":"https:\/\/vosgesinfo.fr\/laplainedesvosgesinfo\/2022\/03\/le-tir-sur-cible-subaquatique-la-nouveaute-du-subaqua-vittel\/"},"modified":"2022-03-02T18:20:12","modified_gmt":"2022-03-02T17:20:12","slug":"le-tir-sur-cible-subaquatique-la-nouveaute-du-subaqua-vittel","status":"publish","type":"post","link":"https:\/\/vosgesinfo.fr\/laplainedesvosgesinfo\/2022\/03\/le-tir-sur-cible-subaquatique-la-nouveaute-du-subaqua-vittel\/","title":{"rendered":"Le tir sur cible subaquatique, la nouveaut\u00e9 du SUBAQUA Vittel"},"content":{"rendered":"<p>&nbsp;<\/p>\n<p><a href=\"\/2022\/03\/24E5FC82-ED0E-4448-92C1-C687A8539B14.jpeg\"><img decoding=\"async\" class=\"aligncenter size-full wp-image-125248\" src=\"\/2022\/03\/24E5FC82-ED0E-4448-92C1-C687A8539B14.jpeg\" alt=\"L'\u00e9quipe du SUBAQUA de Vittel\" width=\"800\" height=\"461\" \/><\/a><\/p>\n<p>\u00ab\u00a0<em>Sans cesse sur le m\u00e9tier, remettre son ouvrage<\/em>\u00ab\u00a0. Telle pourrait \u00eatre la devise de Muriel Lav\u00e9 pr\u00e9sidente du SUBAQUA Vittel. En fin d&rsquo;ann\u00e9e derni\u00e8re, l&rsquo;id\u00e9e est venue de chercher une nouvelle activit\u00e9 pour le club vittellois. Le SUBAQUA a donc fait tester une nouvelle activit\u00e9 \u00e0 ses membres : Le tir sur cible subaquatique. Cette nouvelle activit\u00e9 propos\u00e9e \u00e0 l&rsquo;ensemble des adh\u00e9rents est tout simplement un d\u00e9riv\u00e9 de la p\u00eache sous marine au harpon, qui se pratique de fa\u00e7on ludique en piscine. Il consiste en un m\u00e9lange de performances en apn\u00e9e, une discipline que le club pratique d\u00e9j\u00e0 avec une \u00e9preuve d&rsquo;adresse au tir. Toute la difficult\u00e9\u00a0 de l&rsquo;exercice consiste \u00e0 viser juste car la cible a un petit diam\u00e8tre de 5 centim\u00e8tres. \u00c0 l&rsquo;annonce du projet et vu l&rsquo;engouement g\u00e9n\u00e9ral des membres du club sportif, Muriel Lav\u00e9 a d\u00e9cid\u00e9 de former des encadrants \u00e0 cette nouvelle discipline.\u00a0Une session de formation r\u00e9gionale sera donc re\u00e7ue par le club local ce week-end.<\/p>\n","protected":false},"excerpt":{"rendered":"<p>&nbsp; \u00ab\u00a0Sans cesse sur le m\u00e9tier, remettre son ouvrage\u00ab\u00a0. Telle pourrait \u00eatre la devise de Muriel Lav\u00e9 pr\u00e9sidente du SUBAQUA [&hellip;]<\/p>\n","protected":false},"author":128,"featured_media":21411,"comment_status":"open","ping_status":"open","sticky":false,"template":"","format":"standard","meta":{"footnotes":""},"categories":[29,37,25,14,17,38],"tags":[6228,6317,6318,1317,36],"class_list":["post-21410","post","type-post","status-publish","format-standard","has-post-thumbnail","hentry","category-a-la-une","category-la-plaine","category-loisirs","category-sport","category-vie-associative","category-vittel-la-plaine","tag-cpo-de-vittel","tag-muriel-lave","tag-piscine-vittel","tag-subaqua","tag-ville-de-vittel"],"acf":[],"yoast_head":"<!-- This site is optimized with the Yoast SEO plugin v22.5 - https:\/\/yoast.com\/wordpress\/plugins\/seo\/ -->\n<title>Le tir sur cible subaquatique, la nouveaut\u00e9 du SUBAQUA Vittel - La Plaine des Vosges<\/title>\n<meta name=\"robots\" content=\"index, follow, max-snippet:-1, max-image-preview:large, max-video-preview:-1\" \/>\n<link rel=\"canonical\" href=\"https:\/\/vosgesinfo.fr\/laplainedesvosgesinfo\/2022\/03\/le-tir-sur-cible-subaquatique-la-nouveaute-du-subaqua-vittel\/\" \/>\n<meta name=\"twitter:card\" content=\"summary_large_image\" \/>\n<meta name=\"twitter:title\" content=\"Le tir sur cible subaquatique, la nouveaut\u00e9 du SUBAQUA Vittel - La Plaine des Vosges\" \/>\n<meta name=\"twitter:description\" content=\"&nbsp; \u00ab\u00a0Sans cesse sur le m\u00e9tier, remettre son ouvrage\u00ab\u00a0. Telle pourrait \u00eatre la devise de Muriel Lav\u00e9 pr\u00e9sidente du SUBAQUA [&hellip;]\" \/>\n<meta name=\"twitter:image\" content=\"https:\/\/vosgesinfo.fr\/app\/uploads\/sites\/2\/2024\/07\/20220324e5fc82-ed0e-4448-92c1-c687a8539b14.jpeg\" \/>\n<meta name=\"twitter:creator\" content=\"@VosgesInfo88\" \/>\n<meta name=\"twitter:site\" content=\"@VosgesInfo88\" \/>\n<meta name=\"twitter:label1\" content=\"\u00c9crit par\" \/>\n\t<meta name=\"twitter:data1\" content=\"F L\" \/>\n\t<meta name=\"twitter:label2\" content=\"Dur\u00e9e de lecture estim\u00e9e\" \/>\n\t<meta name=\"twitter:data2\" content=\"1 minute\" \/>\n<script type=\"application\/ld+json\" class=\"yoast-schema-graph\">{\"@context\":\"https:\/\/schema.org\",\"@graph\":[{\"@type\":\"Article\",\"@id\":\"https:\/\/vosgesinfo.fr\/laplainedesvosgesinfo\/2022\/03\/le-tir-sur-cible-subaquatique-la-nouveaute-du-subaqua-vittel\/#article\",\"isPartOf\":{\"@id\":\"https:\/\/vosgesinfo.fr\/laplainedesvosgesinfo\/2022\/03\/le-tir-sur-cible-subaquatique-la-nouveaute-du-subaqua-vittel\/\"},\"author\":{\"name\":\"F L\",\"@id\":\"https:\/\/vosgesinfo.fr\/laplainedesvosgesinfo\/#\/schema\/person\/79e32bebcee803e323d575130a214cb1\"},\"headline\":\"Le tir sur cible subaquatique, la nouveaut\u00e9 du SUBAQUA Vittel\",\"datePublished\":\"2022-03-02T17:20:12+00:00\",\"dateModified\":\"2022-03-02T17:20:12+00:00\",\"mainEntityOfPage\":{\"@id\":\"https:\/\/vosgesinfo.fr\/laplainedesvosgesinfo\/2022\/03\/le-tir-sur-cible-subaquatique-la-nouveaute-du-subaqua-vittel\/\"},\"wordCount\":193,\"commentCount\":0,\"publisher\":{\"@id\":\"https:\/\/vosgesinfo.fr\/laplainedesvosgesinfo\/#organization\"},\"image\":{\"@id\":\"https:\/\/vosgesinfo.fr\/laplainedesvosgesinfo\/2022\/03\/le-tir-sur-cible-subaquatique-la-nouveaute-du-subaqua-vittel\/#primaryimage\"},\"thumbnailUrl\":\"https:\/\/vosgesinfo.fr\/app\/uploads\/sites\/2\/2024\/07\/20220324e5fc82-ed0e-4448-92c1-c687a8539b14.jpeg\",\"keywords\":[\"CPO de Vittel\",\"Muriel Lav\u00e9\",\"Piscine Vittel\",\"subaqua\",\"Ville de Vittel\"],\"articleSection\":[\"A la Une\",\"La Plaine\",\"Loisirs\",\"Sport\",\"Vie Associative\",\"Vittel\"],\"inLanguage\":\"fr-FR\",\"potentialAction\":[{\"@type\":\"CommentAction\",\"name\":\"Comment\",\"target\":[\"https:\/\/vosgesinfo.fr\/laplainedesvosgesinfo\/2022\/03\/le-tir-sur-cible-subaquatique-la-nouveaute-du-subaqua-vittel\/#respond\"]}]},{\"@type\":\"WebPage\",\"@id\":\"https:\/\/vosgesinfo.fr\/laplainedesvosgesinfo\/2022\/03\/le-tir-sur-cible-subaquatique-la-nouveaute-du-subaqua-vittel\/\",\"url\":\"https:\/\/vosgesinfo.fr\/laplainedesvosgesinfo\/2022\/03\/le-tir-sur-cible-subaquatique-la-nouveaute-du-subaqua-vittel\/\",\"name\":\"Le tir sur cible subaquatique, la nouveaut\u00e9 du SUBAQUA Vittel - La Plaine des Vosges\",\"isPartOf\":{\"@id\":\"https:\/\/vosgesinfo.fr\/laplainedesvosgesinfo\/#website\"},\"primaryImageOfPage\":{\"@id\":\"https:\/\/vosgesinfo.fr\/laplainedesvosgesinfo\/2022\/03\/le-tir-sur-cible-subaquatique-la-nouveaute-du-subaqua-vittel\/#primaryimage\"},\"image\":{\"@id\":\"https:\/\/vosgesinfo.fr\/laplainedesvosgesinfo\/2022\/03\/le-tir-sur-cible-subaquatique-la-nouveaute-du-subaqua-vittel\/#primaryimage\"},\"thumbnailUrl\":\"https:\/\/vosgesinfo.fr\/app\/uploads\/sites\/2\/2024\/07\/20220324e5fc82-ed0e-4448-92c1-c687a8539b14.jpeg\",\"datePublished\":\"2022-03-02T17:20:12+00:00\",\"dateModified\":\"2022-03-02T17:20:12+00:00\",\"breadcrumb\":{\"@id\":\"https:\/\/vosgesinfo.fr\/laplainedesvosgesinfo\/2022\/03\/le-tir-sur-cible-subaquatique-la-nouveaute-du-subaqua-vittel\/#breadcrumb\"},\"inLanguage\":\"fr-FR\",\"potentialAction\":[{\"@type\":\"ReadAction\",\"target\":[\"https:\/\/vosgesinfo.fr\/laplainedesvosgesinfo\/2022\/03\/le-tir-sur-cible-subaquatique-la-nouveaute-du-subaqua-vittel\/\"]}]},{\"@type\":\"ImageObject\",\"inLanguage\":\"fr-FR\",\"@id\":\"https:\/\/vosgesinfo.fr\/laplainedesvosgesinfo\/2022\/03\/le-tir-sur-cible-subaquatique-la-nouveaute-du-subaqua-vittel\/#primaryimage\",\"url\":\"https:\/\/vosgesinfo.fr\/app\/uploads\/sites\/2\/2024\/07\/20220324e5fc82-ed0e-4448-92c1-c687a8539b14.jpeg\",\"contentUrl\":\"https:\/\/vosgesinfo.fr\/app\/uploads\/sites\/2\/2024\/07\/20220324e5fc82-ed0e-4448-92c1-c687a8539b14.jpeg\",\"width\":800,\"height\":461},{\"@type\":\"BreadcrumbList\",\"@id\":\"https:\/\/vosgesinfo.fr\/laplainedesvosgesinfo\/2022\/03\/le-tir-sur-cible-subaquatique-la-nouveaute-du-subaqua-vittel\/#breadcrumb\",\"itemListElement\":[{\"@type\":\"ListItem\",\"position\":1,\"name\":\"Home\",\"item\":\"https:\/\/vosgesinfo.fr\/laplainedesvosgesinfo\/\"},{\"@type\":\"ListItem\",\"position\":2,\"name\":\"Le tir sur cible subaquatique, la nouveaut\u00e9 du SUBAQUA Vittel\"}]},{\"@type\":\"WebSite\",\"@id\":\"https:\/\/vosgesinfo.fr\/laplainedesvosgesinfo\/#website\",\"url\":\"https:\/\/vosgesinfo.fr\/laplainedesvosgesinfo\/\",\"name\":\"La Plaine des Vosges\",\"description\":\"Toute l&#039;actualit\u00e9 de la plaine de Vosges\",\"publisher\":{\"@id\":\"https:\/\/vosgesinfo.fr\/laplainedesvosgesinfo\/#organization\"},\"alternateName\":\"Toute l'actualit\u00e9 de la plaine des Vosges\",\"potentialAction\":[{\"@type\":\"SearchAction\",\"target\":{\"@type\":\"EntryPoint\",\"urlTemplate\":\"https:\/\/vosgesinfo.fr\/laplainedesvosgesinfo\/?s={search_term_string}\"},\"query-input\":\"required name=search_term_string\"}],\"inLanguage\":\"fr-FR\"},{\"@type\":\"Organization\",\"@id\":\"https:\/\/vosgesinfo.fr\/laplainedesvosgesinfo\/#organization\",\"name\":\"La Plaine des Vosges\",\"url\":\"https:\/\/vosgesinfo.fr\/laplainedesvosgesinfo\/\",\"logo\":{\"@type\":\"ImageObject\",\"inLanguage\":\"fr-FR\",\"@id\":\"https:\/\/vosgesinfo.fr\/laplainedesvosgesinfo\/#\/schema\/logo\/image\/\",\"url\":\"https:\/\/vosgesinfo.fr\/app\/uploads\/sites\/2\/2023\/08\/logo-laplaineinfo.svg\",\"contentUrl\":\"https:\/\/vosgesinfo.fr\/app\/uploads\/sites\/2\/2023\/08\/logo-laplaineinfo.svg\",\"width\":1,\"height\":1,\"caption\":\"La Plaine des Vosges\"},\"image\":{\"@id\":\"https:\/\/vosgesinfo.fr\/laplainedesvosgesinfo\/#\/schema\/logo\/image\/\"},\"sameAs\":[\"https:\/\/www.facebook.com\/laplainedesvosges\",\"https:\/\/x.com\/VosgesInfo88\",\"https:\/\/www.youtube.com\/@vosgesinfo\"]},{\"@type\":\"Person\",\"@id\":\"https:\/\/vosgesinfo.fr\/laplainedesvosgesinfo\/#\/schema\/person\/79e32bebcee803e323d575130a214cb1\",\"name\":\"F L\",\"image\":{\"@type\":\"ImageObject\",\"inLanguage\":\"fr-FR\",\"@id\":\"https:\/\/vosgesinfo.fr\/laplainedesvosgesinfo\/#\/schema\/person\/image\/\",\"url\":\"https:\/\/secure.gravatar.com\/avatar\/d357c72e152089867fde6ef62184057ee532a6f21b254c937a932e835554cfb3?s=96&d=mm&r=g\",\"contentUrl\":\"https:\/\/secure.gravatar.com\/avatar\/d357c72e152089867fde6ef62184057ee532a6f21b254c937a932e835554cfb3?s=96&d=mm&r=g\",\"caption\":\"F L\"},\"url\":\"https:\/\/vosgesinfo.fr\/laplainedesvosgesinfo\/author\/frlevyp88\/\"}]}<\/script>\n<!-- \/ Yoast SEO plugin. -->","yoast_head_json":{"title":"Le tir sur cible subaquatique, la nouveaut\u00e9 du SUBAQUA Vittel - La Plaine des Vosges","robots":{"index":"index","follow":"follow","max-snippet":"max-snippet:-1","max-image-preview":"max-image-preview:large","max-video-preview":"max-video-preview:-1"},"canonical":"https:\/\/vosgesinfo.fr\/laplainedesvosgesinfo\/2022\/03\/le-tir-sur-cible-subaquatique-la-nouveaute-du-subaqua-vittel\/","twitter_card":"summary_large_image","twitter_title":"Le tir sur cible subaquatique, la nouveaut\u00e9 du SUBAQUA Vittel - La Plaine des Vosges","twitter_description":"&nbsp; \u00ab\u00a0Sans cesse sur le m\u00e9tier, remettre son ouvrage\u00ab\u00a0. Telle pourrait \u00eatre la devise de Muriel Lav\u00e9 pr\u00e9sidente du SUBAQUA [&hellip;]","twitter_image":"https:\/\/vosgesinfo.fr\/app\/uploads\/sites\/2\/2024\/07\/20220324e5fc82-ed0e-4448-92c1-c687a8539b14.jpeg","twitter_creator":"@VosgesInfo88","twitter_site":"@VosgesInfo88","twitter_misc":{"\u00c9crit par":"F L","Dur\u00e9e de lecture estim\u00e9e":"1 minute"},"schema":{"@context":"https:\/\/schema.org","@graph":[{"@type":"Article","@id":"https:\/\/vosgesinfo.fr\/laplainedesvosgesinfo\/2022\/03\/le-tir-sur-cible-subaquatique-la-nouveaute-du-subaqua-vittel\/#article","isPartOf":{"@id":"https:\/\/vosgesinfo.fr\/laplainedesvosgesinfo\/2022\/03\/le-tir-sur-cible-subaquatique-la-nouveaute-du-subaqua-vittel\/"},"author":{"name":"F L","@id":"https:\/\/vosgesinfo.fr\/laplainedesvosgesinfo\/#\/schema\/person\/79e32bebcee803e323d575130a214cb1"},"headline":"Le tir sur cible subaquatique, la nouveaut\u00e9 du SUBAQUA Vittel","datePublished":"2022-03-02T17:20:12+00:00","dateModified":"2022-03-02T17:20:12+00:00","mainEntityOfPage":{"@id":"https:\/\/vosgesinfo.fr\/laplainedesvosgesinfo\/2022\/03\/le-tir-sur-cible-subaquatique-la-nouveaute-du-subaqua-vittel\/"},"wordCount":193,"commentCount":0,"publisher":{"@id":"https:\/\/vosgesinfo.fr\/laplainedesvosgesinfo\/#organization"},"image":{"@id":"https:\/\/vosgesinfo.fr\/laplainedesvosgesinfo\/2022\/03\/le-tir-sur-cible-subaquatique-la-nouveaute-du-subaqua-vittel\/#primaryimage"},"thumbnailUrl":"https:\/\/vosgesinfo.fr\/app\/uploads\/sites\/2\/2024\/07\/20220324e5fc82-ed0e-4448-92c1-c687a8539b14.jpeg","keywords":["CPO de Vittel","Muriel Lav\u00e9","Piscine Vittel","subaqua","Ville de Vittel"],"articleSection":["A la Une","La Plaine","Loisirs","Sport","Vie Associative","Vittel"],"inLanguage":"fr-FR","potentialAction":[{"@type":"CommentAction","name":"Comment","target":["https:\/\/vosgesinfo.fr\/laplainedesvosgesinfo\/2022\/03\/le-tir-sur-cible-subaquatique-la-nouveaute-du-subaqua-vittel\/#respond"]}]},{"@type":"WebPage","@id":"https:\/\/vosgesinfo.fr\/laplainedesvosgesinfo\/2022\/03\/le-tir-sur-cible-subaquatique-la-nouveaute-du-subaqua-vittel\/","url":"https:\/\/vosgesinfo.fr\/laplainedesvosgesinfo\/2022\/03\/le-tir-sur-cible-subaquatique-la-nouveaute-du-subaqua-vittel\/","name":"Le tir sur cible subaquatique, la nouveaut\u00e9 du SUBAQUA Vittel - La Plaine des Vosges","isPartOf":{"@id":"https:\/\/vosgesinfo.fr\/laplainedesvosgesinfo\/#website"},"primaryImageOfPage":{"@id":"https:\/\/vosgesinfo.fr\/laplainedesvosgesinfo\/2022\/03\/le-tir-sur-cible-subaquatique-la-nouveaute-du-subaqua-vittel\/#primaryimage"},"image":{"@id":"https:\/\/vosgesinfo.fr\/laplainedesvosgesinfo\/2022\/03\/le-tir-sur-cible-subaquatique-la-nouveaute-du-subaqua-vittel\/#primaryimage"},"thumbnailUrl":"https:\/\/vosgesinfo.fr\/app\/uploads\/sites\/2\/2024\/07\/20220324e5fc82-ed0e-4448-92c1-c687a8539b14.jpeg","datePublished":"2022-03-02T17:20:12+00:00","dateModified":"2022-03-02T17:20:12+00:00","breadcrumb":{"@id":"https:\/\/vosgesinfo.fr\/laplainedesvosgesinfo\/2022\/03\/le-tir-sur-cible-subaquatique-la-nouveaute-du-subaqua-vittel\/#breadcrumb"},"inLanguage":"fr-FR","potentialAction":[{"@type":"ReadAction","target":["https:\/\/vosgesinfo.fr\/laplainedesvosgesinfo\/2022\/03\/le-tir-sur-cible-subaquatique-la-nouveaute-du-subaqua-vittel\/"]}]},{"@type":"ImageObject","inLanguage":"fr-FR","@id":"https:\/\/vosgesinfo.fr\/laplainedesvosgesinfo\/2022\/03\/le-tir-sur-cible-subaquatique-la-nouveaute-du-subaqua-vittel\/#primaryimage","url":"https:\/\/vosgesinfo.fr\/app\/uploads\/sites\/2\/2024\/07\/20220324e5fc82-ed0e-4448-92c1-c687a8539b14.jpeg","contentUrl":"https:\/\/vosgesinfo.fr\/app\/uploads\/sites\/2\/2024\/07\/20220324e5fc82-ed0e-4448-92c1-c687a8539b14.jpeg","width":800,"height":461},{"@type":"BreadcrumbList","@id":"https:\/\/vosgesinfo.fr\/laplainedesvosgesinfo\/2022\/03\/le-tir-sur-cible-subaquatique-la-nouveaute-du-subaqua-vittel\/#breadcrumb","itemListElement":[{"@type":"ListItem","position":1,"name":"Home","item":"https:\/\/vosgesinfo.fr\/laplainedesvosgesinfo\/"},{"@type":"ListItem","position":2,"name":"Le tir sur cible subaquatique, la nouveaut\u00e9 du SUBAQUA Vittel"}]},{"@type":"WebSite","@id":"https:\/\/vosgesinfo.fr\/laplainedesvosgesinfo\/#website","url":"https:\/\/vosgesinfo.fr\/laplainedesvosgesinfo\/","name":"La Plaine des Vosges","description":"Toute l&#039;actualit\u00e9 de la plaine de Vosges","publisher":{"@id":"https:\/\/vosgesinfo.fr\/laplainedesvosgesinfo\/#organization"},"alternateName":"Toute l'actualit\u00e9 de la plaine des Vosges","potentialAction":[{"@type":"SearchAction","target":{"@type":"EntryPoint","urlTemplate":"https:\/\/vosgesinfo.fr\/laplainedesvosgesinfo\/?s={search_term_string}"},"query-input":"required name=search_term_string"}],"inLanguage":"fr-FR"},{"@type":"Organization","@id":"https:\/\/vosgesinfo.fr\/laplainedesvosgesinfo\/#organization","name":"La Plaine des Vosges","url":"https:\/\/vosgesinfo.fr\/laplainedesvosgesinfo\/","logo":{"@type":"ImageObject","inLanguage":"fr-FR","@id":"https:\/\/vosgesinfo.fr\/laplainedesvosgesinfo\/#\/schema\/logo\/image\/","url":"https:\/\/vosgesinfo.fr\/app\/uploads\/sites\/2\/2023\/08\/logo-laplaineinfo.svg","contentUrl":"https:\/\/vosgesinfo.fr\/app\/uploads\/sites\/2\/2023\/08\/logo-laplaineinfo.svg","width":1,"height":1,"caption":"La Plaine des Vosges"},"image":{"@id":"https:\/\/vosgesinfo.fr\/laplainedesvosgesinfo\/#\/schema\/logo\/image\/"},"sameAs":["https:\/\/www.facebook.com\/laplainedesvosges","https:\/\/x.com\/VosgesInfo88","https:\/\/www.youtube.com\/@vosgesinfo"]},{"@type":"Person","@id":"https:\/\/vosgesinfo.fr\/laplainedesvosgesinfo\/#\/schema\/person\/79e32bebcee803e323d575130a214cb1","name":"F L","image":{"@type":"ImageObject","inLanguage":"fr-FR","@id":"https:\/\/vosgesinfo.fr\/laplainedesvosgesinfo\/#\/schema\/person\/image\/","url":"https:\/\/secure.gravatar.com\/avatar\/d357c72e152089867fde6ef62184057ee532a6f21b254c937a932e835554cfb3?s=96&d=mm&r=g","contentUrl":"https:\/\/secure.gravatar.com\/avatar\/d357c72e152089867fde6ef62184057ee532a6f21b254c937a932e835554cfb3?s=96&d=mm&r=g","caption":"F L"},"url":"https:\/\/vosgesinfo.fr\/laplainedesvosgesinfo\/author\/frlevyp88\/"}]}},"_links":{"self":[{"href":"https:\/\/vosgesinfo.fr\/laplainedesvosgesinfo\/wp-json\/wp\/v2\/posts\/21410","targetHints":{"allow":["GET"]}}],"collection":[{"href":"https:\/\/vosgesinfo.fr\/laplainedesvosgesinfo\/wp-json\/wp\/v2\/posts"}],"about":[{"href":"https:\/\/vosgesinfo.fr\/laplainedesvosgesinfo\/wp-json\/wp\/v2\/types\/post"}],"author":[{"embeddable":true,"href":"https:\/\/vosgesinfo.fr\/laplainedesvosgesinfo\/wp-json\/wp\/v2\/users\/128"}],"replies":[{"embeddable":true,"href":"https:\/\/vosgesinfo.fr\/laplainedesvosgesinfo\/wp-json\/wp\/v2\/comments?post=21410"}],"version-history":[{"count":0,"href":"https:\/\/vosgesinfo.fr\/laplainedesvosgesinfo\/wp-json\/wp\/v2\/posts\/21410\/revisions"}],"wp:featuredmedia":[{"embeddable":true,"href":"https:\/\/vosgesinfo.fr\/laplainedesvosgesinfo\/wp-json\/wp\/v2\/media\/21411"}],"wp:attachment":[{"href":"https:\/\/vosgesinfo.fr\/laplainedesvosgesinfo\/wp-json\/wp\/v2\/media?parent=21410"}],"wp:term":[{"taxonomy":"category","embeddable":true,"href":"https:\/\/vosgesinfo.fr\/laplainedesvosgesinfo\/wp-json\/wp\/v2\/categories?post=21410"},{"taxonomy":"post_tag","embeddable":true,"href":"https:\/\/vosgesinfo.fr\/laplainedesvosgesinfo\/wp-json\/wp\/v2\/tags?post=21410"}],"curies":[{"name":"wp","href":"https:\/\/api.w.org\/{rel}","templated":true}]}}