{"id":215,"date":"2023-08-07T11:05:13","date_gmt":"2023-08-07T09:05:13","guid":{"rendered":"https:\/\/vosgesinfo.fr\/laplainedesvosgesinfo\/2023\/08\/plainfaing-la-confiserie-des-hautes-vosges-est-la-troisieme-entreprise-la-plus-visitee-de-france\/"},"modified":"2023-08-07T11:05:13","modified_gmt":"2023-08-07T09:05:13","slug":"plainfaing-la-confiserie-des-hautes-vosges-est-la-troisieme-entreprise-la-plus-visitee-de-france","status":"publish","type":"post","link":"https:\/\/vosgesinfo.fr\/laplainedesvosgesinfo\/2023\/08\/plainfaing-la-confiserie-des-hautes-vosges-est-la-troisieme-entreprise-la-plus-visitee-de-france\/","title":{"rendered":"Plainfaing \u2013 La Confiserie des Hautes-Vosges est la troisi\u00e8me entreprise la plus visit\u00e9e de France"},"content":{"rendered":"<h2><strong><a href=\"https:\/\/www.entrepriseetdecouverte.fr\/\" target=\"_blank\" rel=\"noopener\">L\u2019association Entreprise et D\u00e9couverte<\/a>, qui vise \u00e0 promouvoir la visite d\u2019entreprises, a r\u00e9cemment publi\u00e9 les r\u00e9sultats de son observatoire 2023 des visites d\u2019entreprises.<\/strong><\/h2>\n<p>De ces r\u00e9sultats, il en ressort notamment que la Confiserie des Hautes-Vosges est l\u2019entreprise agroalimentaire la plus visit\u00e9e de France. Toutes cat\u00e9gories confondues, la confiserie plainfinoise est m\u00eame la troisi\u00e8me entreprise la plus visit\u00e9e du pays, derri\u00e8re les sites EDF et la verrerie de Biot. Selon les donn\u00e9es de 2022, la CDHV a accueilli pas moins de 260 000 visiteurs cette ann\u00e9e l\u00e0<\/p>\n","protected":false},"excerpt":{"rendered":"<p>L\u2019association Entreprise et D\u00e9couverte, qui vise \u00e0 promouvoir la visite d\u2019entreprises, a r\u00e9cemment publi\u00e9 les r\u00e9sultats de son observatoire 2023 [&hellip;]<\/p>\n","protected":false},"author":42,"featured_media":216,"comment_status":"open","ping_status":"open","sticky":false,"template":"","format":"standard","meta":{"footnotes":""},"categories":[29,15,18],"tags":[],"class_list":["post-215","post","type-post","status-publish","format-standard","has-post-thumbnail","hentry","category-a-la-une","category-tourisme","category-vosges"],"acf":[],"yoast_head":"<!-- This site is optimized with the Yoast SEO plugin v22.5 - https:\/\/yoast.com\/wordpress\/plugins\/seo\/ -->\n<title>Plainfaing \u2013 La Confiserie des Hautes-Vosges est la troisi\u00e8me entreprise la plus visit\u00e9e de France - La Plaine des Vosges<\/title>\n<meta name=\"robots\" content=\"index, follow, max-snippet:-1, max-image-preview:large, max-video-preview:-1\" \/>\n<link rel=\"canonical\" href=\"https:\/\/vosgesinfo.fr\/laplainedesvosgesinfo\/2023\/08\/plainfaing-la-confiserie-des-hautes-vosges-est-la-troisieme-entreprise-la-plus-visitee-de-france\/\" \/>\n<meta name=\"twitter:card\" content=\"summary_large_image\" \/>\n<meta name=\"twitter:title\" content=\"Plainfaing \u2013 La Confiserie des Hautes-Vosges est la troisi\u00e8me entreprise la plus visit\u00e9e de France - La Plaine des Vosges\" \/>\n<meta name=\"twitter:description\" content=\"L\u2019association Entreprise et D\u00e9couverte, qui vise \u00e0 promouvoir la visite d\u2019entreprises, a r\u00e9cemment publi\u00e9 les r\u00e9sultats de son observatoire 2023 [&hellip;]\" \/>\n<meta name=\"twitter:image\" content=\"https:\/\/vosgesinfo.fr\/app\/uploads\/sites\/2\/2023\/08\/cdhv-sommets-ete-2020-17.jpg\" \/>\n<meta name=\"twitter:creator\" content=\"@VosgesInfo88\" \/>\n<meta name=\"twitter:site\" content=\"@VosgesInfo88\" \/>\n<meta name=\"twitter:label1\" content=\"\u00c9crit par\" \/>\n\t<meta name=\"twitter:data1\" content=\"QG\" \/>\n<script type=\"application\/ld+json\" class=\"yoast-schema-graph\">{\"@context\":\"https:\/\/schema.org\",\"@graph\":[{\"@type\":\"Article\",\"@id\":\"https:\/\/vosgesinfo.fr\/laplainedesvosgesinfo\/2023\/08\/plainfaing-la-confiserie-des-hautes-vosges-est-la-troisieme-entreprise-la-plus-visitee-de-france\/#article\",\"isPartOf\":{\"@id\":\"https:\/\/vosgesinfo.fr\/laplainedesvosgesinfo\/2023\/08\/plainfaing-la-confiserie-des-hautes-vosges-est-la-troisieme-entreprise-la-plus-visitee-de-france\/\"},\"author\":{\"name\":\"QG\",\"@id\":\"https:\/\/vosgesinfo.fr\/laplainedesvosgesinfo\/#\/schema\/person\/db5605779a843dad16b5368f3e7613a5\"},\"headline\":\"Plainfaing \u2013 La Confiserie des Hautes-Vosges est la troisi\u00e8me entreprise la plus visit\u00e9e de France\",\"datePublished\":\"2023-08-07T09:05:13+00:00\",\"dateModified\":\"2023-08-07T09:05:13+00:00\",\"mainEntityOfPage\":{\"@id\":\"https:\/\/vosgesinfo.fr\/laplainedesvosgesinfo\/2023\/08\/plainfaing-la-confiserie-des-hautes-vosges-est-la-troisieme-entreprise-la-plus-visitee-de-france\/\"},\"wordCount\":113,\"commentCount\":0,\"publisher\":{\"@id\":\"https:\/\/vosgesinfo.fr\/laplainedesvosgesinfo\/#organization\"},\"image\":{\"@id\":\"https:\/\/vosgesinfo.fr\/laplainedesvosgesinfo\/2023\/08\/plainfaing-la-confiserie-des-hautes-vosges-est-la-troisieme-entreprise-la-plus-visitee-de-france\/#primaryimage\"},\"thumbnailUrl\":\"https:\/\/vosgesinfo.fr\/app\/uploads\/sites\/2\/2023\/08\/cdhv-sommets-ete-2020-17.jpg\",\"articleSection\":[\"A la Une\",\"Tourisme\",\"Vosges\"],\"inLanguage\":\"fr-FR\",\"potentialAction\":[{\"@type\":\"CommentAction\",\"name\":\"Comment\",\"target\":[\"https:\/\/vosgesinfo.fr\/laplainedesvosgesinfo\/2023\/08\/plainfaing-la-confiserie-des-hautes-vosges-est-la-troisieme-entreprise-la-plus-visitee-de-france\/#respond\"]}]},{\"@type\":\"WebPage\",\"@id\":\"https:\/\/vosgesinfo.fr\/laplainedesvosgesinfo\/2023\/08\/plainfaing-la-confiserie-des-hautes-vosges-est-la-troisieme-entreprise-la-plus-visitee-de-france\/\",\"url\":\"https:\/\/vosgesinfo.fr\/laplainedesvosgesinfo\/2023\/08\/plainfaing-la-confiserie-des-hautes-vosges-est-la-troisieme-entreprise-la-plus-visitee-de-france\/\",\"name\":\"Plainfaing \u2013 La Confiserie des Hautes-Vosges est la troisi\u00e8me entreprise la plus visit\u00e9e de France - La Plaine des Vosges\",\"isPartOf\":{\"@id\":\"https:\/\/vosgesinfo.fr\/laplainedesvosgesinfo\/#website\"},\"primaryImageOfPage\":{\"@id\":\"https:\/\/vosgesinfo.fr\/laplainedesvosgesinfo\/2023\/08\/plainfaing-la-confiserie-des-hautes-vosges-est-la-troisieme-entreprise-la-plus-visitee-de-france\/#primaryimage\"},\"image\":{\"@id\":\"https:\/\/vosgesinfo.fr\/laplainedesvosgesinfo\/2023\/08\/plainfaing-la-confiserie-des-hautes-vosges-est-la-troisieme-entreprise-la-plus-visitee-de-france\/#primaryimage\"},\"thumbnailUrl\":\"https:\/\/vosgesinfo.fr\/app\/uploads\/sites\/2\/2023\/08\/cdhv-sommets-ete-2020-17.jpg\",\"datePublished\":\"2023-08-07T09:05:13+00:00\",\"dateModified\":\"2023-08-07T09:05:13+00:00\",\"breadcrumb\":{\"@id\":\"https:\/\/vosgesinfo.fr\/laplainedesvosgesinfo\/2023\/08\/plainfaing-la-confiserie-des-hautes-vosges-est-la-troisieme-entreprise-la-plus-visitee-de-france\/#breadcrumb\"},\"inLanguage\":\"fr-FR\",\"potentialAction\":[{\"@type\":\"ReadAction\",\"target\":[\"https:\/\/vosgesinfo.fr\/laplainedesvosgesinfo\/2023\/08\/plainfaing-la-confiserie-des-hautes-vosges-est-la-troisieme-entreprise-la-plus-visitee-de-france\/\"]}]},{\"@type\":\"ImageObject\",\"inLanguage\":\"fr-FR\",\"@id\":\"https:\/\/vosgesinfo.fr\/laplainedesvosgesinfo\/2023\/08\/plainfaing-la-confiserie-des-hautes-vosges-est-la-troisieme-entreprise-la-plus-visitee-de-france\/#primaryimage\",\"url\":\"https:\/\/vosgesinfo.fr\/app\/uploads\/sites\/2\/2023\/08\/cdhv-sommets-ete-2020-17.jpg\",\"contentUrl\":\"https:\/\/vosgesinfo.fr\/app\/uploads\/sites\/2\/2023\/08\/cdhv-sommets-ete-2020-17.jpg\",\"width\":800,\"height\":534},{\"@type\":\"BreadcrumbList\",\"@id\":\"https:\/\/vosgesinfo.fr\/laplainedesvosgesinfo\/2023\/08\/plainfaing-la-confiserie-des-hautes-vosges-est-la-troisieme-entreprise-la-plus-visitee-de-france\/#breadcrumb\",\"itemListElement\":[{\"@type\":\"ListItem\",\"position\":1,\"name\":\"Home\",\"item\":\"https:\/\/vosgesinfo.fr\/laplainedesvosgesinfo\/\"},{\"@type\":\"ListItem\",\"position\":2,\"name\":\"Plainfaing \u2013 La Confiserie des Hautes-Vosges est la troisi\u00e8me entreprise la plus visit\u00e9e de France\"}]},{\"@type\":\"WebSite\",\"@id\":\"https:\/\/vosgesinfo.fr\/laplainedesvosgesinfo\/#website\",\"url\":\"https:\/\/vosgesinfo.fr\/laplainedesvosgesinfo\/\",\"name\":\"La Plaine des Vosges\",\"description\":\"Toute l&#039;actualit\u00e9 de la plaine de Vosges\",\"publisher\":{\"@id\":\"https:\/\/vosgesinfo.fr\/laplainedesvosgesinfo\/#organization\"},\"alternateName\":\"Toute l'actualit\u00e9 de la plaine des Vosges\",\"potentialAction\":[{\"@type\":\"SearchAction\",\"target\":{\"@type\":\"EntryPoint\",\"urlTemplate\":\"https:\/\/vosgesinfo.fr\/laplainedesvosgesinfo\/?s={search_term_string}\"},\"query-input\":\"required name=search_term_string\"}],\"inLanguage\":\"fr-FR\"},{\"@type\":\"Organization\",\"@id\":\"https:\/\/vosgesinfo.fr\/laplainedesvosgesinfo\/#organization\",\"name\":\"La Plaine des Vosges\",\"url\":\"https:\/\/vosgesinfo.fr\/laplainedesvosgesinfo\/\",\"logo\":{\"@type\":\"ImageObject\",\"inLanguage\":\"fr-FR\",\"@id\":\"https:\/\/vosgesinfo.fr\/laplainedesvosgesinfo\/#\/schema\/logo\/image\/\",\"url\":\"https:\/\/vosgesinfo.fr\/app\/uploads\/sites\/2\/2023\/08\/logo-laplaineinfo.svg\",\"contentUrl\":\"https:\/\/vosgesinfo.fr\/app\/uploads\/sites\/2\/2023\/08\/logo-laplaineinfo.svg\",\"width\":1,\"height\":1,\"caption\":\"La Plaine des Vosges\"},\"image\":{\"@id\":\"https:\/\/vosgesinfo.fr\/laplainedesvosgesinfo\/#\/schema\/logo\/image\/\"},\"sameAs\":[\"https:\/\/www.facebook.com\/laplainedesvosges\",\"https:\/\/x.com\/VosgesInfo88\",\"https:\/\/www.youtube.com\/@vosgesinfo\"]},{\"@type\":\"Person\",\"@id\":\"https:\/\/vosgesinfo.fr\/laplainedesvosgesinfo\/#\/schema\/person\/db5605779a843dad16b5368f3e7613a5\",\"name\":\"QG\",\"image\":{\"@type\":\"ImageObject\",\"inLanguage\":\"fr-FR\",\"@id\":\"https:\/\/vosgesinfo.fr\/laplainedesvosgesinfo\/#\/schema\/person\/image\/\",\"url\":\"https:\/\/secure.gravatar.com\/avatar\/ea80c42c204b534408512832fde52504ecabb9706bcb6151cf6175e5b64e6793?s=96&d=mm&r=g\",\"contentUrl\":\"https:\/\/secure.gravatar.com\/avatar\/ea80c42c204b534408512832fde52504ecabb9706bcb6151cf6175e5b64e6793?s=96&d=mm&r=g\",\"caption\":\"QG\"},\"url\":\"https:\/\/vosgesinfo.fr\/laplainedesvosgesinfo\/author\/quentin88\/\"}]}<\/script>\n<!-- \/ Yoast SEO plugin. -->","yoast_head_json":{"title":"Plainfaing \u2013 La Confiserie des Hautes-Vosges est la troisi\u00e8me entreprise la plus visit\u00e9e de France - La Plaine des Vosges","robots":{"index":"index","follow":"follow","max-snippet":"max-snippet:-1","max-image-preview":"max-image-preview:large","max-video-preview":"max-video-preview:-1"},"canonical":"https:\/\/vosgesinfo.fr\/laplainedesvosgesinfo\/2023\/08\/plainfaing-la-confiserie-des-hautes-vosges-est-la-troisieme-entreprise-la-plus-visitee-de-france\/","twitter_card":"summary_large_image","twitter_title":"Plainfaing \u2013 La Confiserie des Hautes-Vosges est la troisi\u00e8me entreprise la plus visit\u00e9e de France - La Plaine des Vosges","twitter_description":"L\u2019association Entreprise et D\u00e9couverte, qui vise \u00e0 promouvoir la visite d\u2019entreprises, a r\u00e9cemment publi\u00e9 les r\u00e9sultats de son observatoire 2023 [&hellip;]","twitter_image":"https:\/\/vosgesinfo.fr\/app\/uploads\/sites\/2\/2023\/08\/cdhv-sommets-ete-2020-17.jpg","twitter_creator":"@VosgesInfo88","twitter_site":"@VosgesInfo88","twitter_misc":{"\u00c9crit par":"QG"},"schema":{"@context":"https:\/\/schema.org","@graph":[{"@type":"Article","@id":"https:\/\/vosgesinfo.fr\/laplainedesvosgesinfo\/2023\/08\/plainfaing-la-confiserie-des-hautes-vosges-est-la-troisieme-entreprise-la-plus-visitee-de-france\/#article","isPartOf":{"@id":"https:\/\/vosgesinfo.fr\/laplainedesvosgesinfo\/2023\/08\/plainfaing-la-confiserie-des-hautes-vosges-est-la-troisieme-entreprise-la-plus-visitee-de-france\/"},"author":{"name":"QG","@id":"https:\/\/vosgesinfo.fr\/laplainedesvosgesinfo\/#\/schema\/person\/db5605779a843dad16b5368f3e7613a5"},"headline":"Plainfaing \u2013 La Confiserie des Hautes-Vosges est la troisi\u00e8me entreprise la plus visit\u00e9e de France","datePublished":"2023-08-07T09:05:13+00:00","dateModified":"2023-08-07T09:05:13+00:00","mainEntityOfPage":{"@id":"https:\/\/vosgesinfo.fr\/laplainedesvosgesinfo\/2023\/08\/plainfaing-la-confiserie-des-hautes-vosges-est-la-troisieme-entreprise-la-plus-visitee-de-france\/"},"wordCount":113,"commentCount":0,"publisher":{"@id":"https:\/\/vosgesinfo.fr\/laplainedesvosgesinfo\/#organization"},"image":{"@id":"https:\/\/vosgesinfo.fr\/laplainedesvosgesinfo\/2023\/08\/plainfaing-la-confiserie-des-hautes-vosges-est-la-troisieme-entreprise-la-plus-visitee-de-france\/#primaryimage"},"thumbnailUrl":"https:\/\/vosgesinfo.fr\/app\/uploads\/sites\/2\/2023\/08\/cdhv-sommets-ete-2020-17.jpg","articleSection":["A la Une","Tourisme","Vosges"],"inLanguage":"fr-FR","potentialAction":[{"@type":"CommentAction","name":"Comment","target":["https:\/\/vosgesinfo.fr\/laplainedesvosgesinfo\/2023\/08\/plainfaing-la-confiserie-des-hautes-vosges-est-la-troisieme-entreprise-la-plus-visitee-de-france\/#respond"]}]},{"@type":"WebPage","@id":"https:\/\/vosgesinfo.fr\/laplainedesvosgesinfo\/2023\/08\/plainfaing-la-confiserie-des-hautes-vosges-est-la-troisieme-entreprise-la-plus-visitee-de-france\/","url":"https:\/\/vosgesinfo.fr\/laplainedesvosgesinfo\/2023\/08\/plainfaing-la-confiserie-des-hautes-vosges-est-la-troisieme-entreprise-la-plus-visitee-de-france\/","name":"Plainfaing \u2013 La Confiserie des Hautes-Vosges est la troisi\u00e8me entreprise la plus visit\u00e9e de France - La Plaine des Vosges","isPartOf":{"@id":"https:\/\/vosgesinfo.fr\/laplainedesvosgesinfo\/#website"},"primaryImageOfPage":{"@id":"https:\/\/vosgesinfo.fr\/laplainedesvosgesinfo\/2023\/08\/plainfaing-la-confiserie-des-hautes-vosges-est-la-troisieme-entreprise-la-plus-visitee-de-france\/#primaryimage"},"image":{"@id":"https:\/\/vosgesinfo.fr\/laplainedesvosgesinfo\/2023\/08\/plainfaing-la-confiserie-des-hautes-vosges-est-la-troisieme-entreprise-la-plus-visitee-de-france\/#primaryimage"},"thumbnailUrl":"https:\/\/vosgesinfo.fr\/app\/uploads\/sites\/2\/2023\/08\/cdhv-sommets-ete-2020-17.jpg","datePublished":"2023-08-07T09:05:13+00:00","dateModified":"2023-08-07T09:05:13+00:00","breadcrumb":{"@id":"https:\/\/vosgesinfo.fr\/laplainedesvosgesinfo\/2023\/08\/plainfaing-la-confiserie-des-hautes-vosges-est-la-troisieme-entreprise-la-plus-visitee-de-france\/#breadcrumb"},"inLanguage":"fr-FR","potentialAction":[{"@type":"ReadAction","target":["https:\/\/vosgesinfo.fr\/laplainedesvosgesinfo\/2023\/08\/plainfaing-la-confiserie-des-hautes-vosges-est-la-troisieme-entreprise-la-plus-visitee-de-france\/"]}]},{"@type":"ImageObject","inLanguage":"fr-FR","@id":"https:\/\/vosgesinfo.fr\/laplainedesvosgesinfo\/2023\/08\/plainfaing-la-confiserie-des-hautes-vosges-est-la-troisieme-entreprise-la-plus-visitee-de-france\/#primaryimage","url":"https:\/\/vosgesinfo.fr\/app\/uploads\/sites\/2\/2023\/08\/cdhv-sommets-ete-2020-17.jpg","contentUrl":"https:\/\/vosgesinfo.fr\/app\/uploads\/sites\/2\/2023\/08\/cdhv-sommets-ete-2020-17.jpg","width":800,"height":534},{"@type":"BreadcrumbList","@id":"https:\/\/vosgesinfo.fr\/laplainedesvosgesinfo\/2023\/08\/plainfaing-la-confiserie-des-hautes-vosges-est-la-troisieme-entreprise-la-plus-visitee-de-france\/#breadcrumb","itemListElement":[{"@type":"ListItem","position":1,"name":"Home","item":"https:\/\/vosgesinfo.fr\/laplainedesvosgesinfo\/"},{"@type":"ListItem","position":2,"name":"Plainfaing \u2013 La Confiserie des Hautes-Vosges est la troisi\u00e8me entreprise la plus visit\u00e9e de France"}]},{"@type":"WebSite","@id":"https:\/\/vosgesinfo.fr\/laplainedesvosgesinfo\/#website","url":"https:\/\/vosgesinfo.fr\/laplainedesvosgesinfo\/","name":"La Plaine des Vosges","description":"Toute l&#039;actualit\u00e9 de la plaine de Vosges","publisher":{"@id":"https:\/\/vosgesinfo.fr\/laplainedesvosgesinfo\/#organization"},"alternateName":"Toute l'actualit\u00e9 de la plaine des Vosges","potentialAction":[{"@type":"SearchAction","target":{"@type":"EntryPoint","urlTemplate":"https:\/\/vosgesinfo.fr\/laplainedesvosgesinfo\/?s={search_term_string}"},"query-input":"required name=search_term_string"}],"inLanguage":"fr-FR"},{"@type":"Organization","@id":"https:\/\/vosgesinfo.fr\/laplainedesvosgesinfo\/#organization","name":"La Plaine des Vosges","url":"https:\/\/vosgesinfo.fr\/laplainedesvosgesinfo\/","logo":{"@type":"ImageObject","inLanguage":"fr-FR","@id":"https:\/\/vosgesinfo.fr\/laplainedesvosgesinfo\/#\/schema\/logo\/image\/","url":"https:\/\/vosgesinfo.fr\/app\/uploads\/sites\/2\/2023\/08\/logo-laplaineinfo.svg","contentUrl":"https:\/\/vosgesinfo.fr\/app\/uploads\/sites\/2\/2023\/08\/logo-laplaineinfo.svg","width":1,"height":1,"caption":"La Plaine des Vosges"},"image":{"@id":"https:\/\/vosgesinfo.fr\/laplainedesvosgesinfo\/#\/schema\/logo\/image\/"},"sameAs":["https:\/\/www.facebook.com\/laplainedesvosges","https:\/\/x.com\/VosgesInfo88","https:\/\/www.youtube.com\/@vosgesinfo"]},{"@type":"Person","@id":"https:\/\/vosgesinfo.fr\/laplainedesvosgesinfo\/#\/schema\/person\/db5605779a843dad16b5368f3e7613a5","name":"QG","image":{"@type":"ImageObject","inLanguage":"fr-FR","@id":"https:\/\/vosgesinfo.fr\/laplainedesvosgesinfo\/#\/schema\/person\/image\/","url":"https:\/\/secure.gravatar.com\/avatar\/ea80c42c204b534408512832fde52504ecabb9706bcb6151cf6175e5b64e6793?s=96&d=mm&r=g","contentUrl":"https:\/\/secure.gravatar.com\/avatar\/ea80c42c204b534408512832fde52504ecabb9706bcb6151cf6175e5b64e6793?s=96&d=mm&r=g","caption":"QG"},"url":"https:\/\/vosgesinfo.fr\/laplainedesvosgesinfo\/author\/quentin88\/"}]}},"_links":{"self":[{"href":"https:\/\/vosgesinfo.fr\/laplainedesvosgesinfo\/wp-json\/wp\/v2\/posts\/215","targetHints":{"allow":["GET"]}}],"collection":[{"href":"https:\/\/vosgesinfo.fr\/laplainedesvosgesinfo\/wp-json\/wp\/v2\/posts"}],"about":[{"href":"https:\/\/vosgesinfo.fr\/laplainedesvosgesinfo\/wp-json\/wp\/v2\/types\/post"}],"author":[{"embeddable":true,"href":"https:\/\/vosgesinfo.fr\/laplainedesvosgesinfo\/wp-json\/wp\/v2\/users\/42"}],"replies":[{"embeddable":true,"href":"https:\/\/vosgesinfo.fr\/laplainedesvosgesinfo\/wp-json\/wp\/v2\/comments?post=215"}],"version-history":[{"count":0,"href":"https:\/\/vosgesinfo.fr\/laplainedesvosgesinfo\/wp-json\/wp\/v2\/posts\/215\/revisions"}],"wp:featuredmedia":[{"embeddable":true,"href":"https:\/\/vosgesinfo.fr\/laplainedesvosgesinfo\/wp-json\/wp\/v2\/media\/216"}],"wp:attachment":[{"href":"https:\/\/vosgesinfo.fr\/laplainedesvosgesinfo\/wp-json\/wp\/v2\/media?parent=215"}],"wp:term":[{"taxonomy":"category","embeddable":true,"href":"https:\/\/vosgesinfo.fr\/laplainedesvosgesinfo\/wp-json\/wp\/v2\/categories?post=215"},{"taxonomy":"post_tag","embeddable":true,"href":"https:\/\/vosgesinfo.fr\/laplainedesvosgesinfo\/wp-json\/wp\/v2\/tags?post=215"}],"curies":[{"name":"wp","href":"https:\/\/api.w.org\/{rel}","templated":true}]}}